{"id":5011,"date":"2012-07-03T17:31:34","date_gmt":"2012-07-03T15:31:34","guid":{"rendered":"http:\/\/blog.zeit.de\/herdentrieb\/?p=5011"},"modified":"2012-07-12T15:14:22","modified_gmt":"2012-07-12T13:14:22","slug":"was-ist-fur-jakob-augstein-links","status":"publish","type":"post","link":"https:\/\/blog.zeit.de\/herdentrieb\/2012\/07\/03\/was-ist-fur-jakob-augstein-links_5011","title":{"rendered":"Was ist f\u00fcr Jakob Augstein links?"},"content":{"rendered":"<p>Ich sch\u00e4tze die Kolumne von Jakob Augstein sehr und ich bin nicht unbedingt als Anh\u00e4nger der Regierungspolitik bekannt, aber was er diese Woche <a href=\"http:\/\/www.spiegel.de\/politik\/deutschland\/mehr-sozialstaat-und-weniger-nationalstaat-hilft-gegen-die-euro-krise-a-842044.html\" target=\"_blank\">geschrieben hat<\/a>, kann man so nicht stehen lassen<\/p>\n<p style=\"padding-left: 30px;\"><em>Am S\u00fcden ist Merkels Austerit\u00e4tspolitik in der vergangenen Woche gescheitert. Im S\u00fcden liegt das soziale Korrektiv des Kontinents. Und wenn schon die Deutschen linke Politik verlernt haben, im S\u00fcden beherrscht man sie noch.<\/em><\/p>\n<p>Ist es links, wenn wie in Griechenland die Reichen keine Steuern bezahlen? Ist es links, wenn der Arbeitsmarkt wie in Spanien den Jugendlichen auch in guten Zeiten praktisch keine Chance gibt? \u00a0Ist es links, wenn wie in Italien bis zum Regierungswechsel ein halbseidener Medienzar das Land beherrscht?<!--more--><\/p>\n<p>Wenn man unter Links soziale Gerechtigkeit und einem einigerma\u00dfen funktionierenden Wohlfahrtsstaat versteht, dann ist Deutschland weit linker als die meisten S\u00fcdl\u00e4nder. Das ist ja gerade das bemerkenswerte, dass die Krise eben nicht in erster Linie die L\u00e4nder mit den hohen Staatsquoten trifft, sondern die mit den niedrigen, wie diese <a href=\"http:\/\/krugman.blogs.nytimes.com\/2012\/06\/16\/death-throes\/\" target=\"_blank\">sch\u00f6ne Grafik<\/a> von Paul Krugman zeigt. Deshalb ist die konservative Interpretation dieser Krise als Krise des Sozialstaats auch so komplett falsch.<\/p>\n<p><a href=\"https:\/\/blog.zeit.de\/herdentrieb\/files\/2012\/07\/krugmanwelfare.png\"><img loading=\"lazy\" decoding=\"async\" class=\"alignleft size-medium wp-image-5012\" title=\"krugmanwelfare\" src=\"https:\/\/blog.zeit.de\/herdentrieb\/files\/2012\/07\/krugmanwelfare-300x180.png\" alt=\"\" width=\"300\" height=\"180\" srcset=\"https:\/\/blog.zeit.de\/herdentrieb\/files\/2012\/07\/krugmanwelfare-300x180.png 300w, https:\/\/blog.zeit.de\/herdentrieb\/files\/2012\/07\/krugmanwelfare.png 476w\" sizes=\"auto, (max-width: 300px) 100vw, 300px\" \/><\/a><\/p>\n<p>&nbsp;<\/p>\n<p>&nbsp;<\/p>\n<p>&nbsp;<\/p>\n<p>&nbsp;<\/p>\n<p>&nbsp;<\/p>\n<p>&nbsp;<\/p>\n<p>Man kann und muss die Kanzlerin kritisieren \u2013 aber mit den richtigen Argumenten.<\/p>\n","protected":false},"excerpt":{"rendered":"<p>Ich sch\u00e4tze die Kolumne von Jakob Augstein sehr und ich bin nicht unbedingt als Anh\u00e4nger der Regierungspolitik bekannt, aber was er diese Woche geschrieben hat, kann man so nicht stehen lassen Am S\u00fcden ist Merkels Austerit\u00e4tspolitik in der vergangenen Woche gescheitert. Im S\u00fcden liegt das soziale Korrektiv des Kontinents. Und wenn schon die Deutschen linke [&hellip;]<\/p>\n","protected":false},"author":215,"featured_media":0,"comment_status":"open","ping_status":"closed","sticky":false,"template":"","format":"standard","meta":{"_jetpack_memberships_contains_paid_content":false,"footnotes":""},"categories":[3,1259],"tags":[],"class_list":["post-5011","post","type-post","status-publish","format-standard","hentry","category-der-aktuelle-rand","category-der-zeitungsleser"],"yoast_head":"<!-- This site is optimized with the Yoast SEO plugin v21.0 - https:\/\/yoast.com\/wordpress\/plugins\/seo\/ -->\n<title>Was ist f\u00fcr Jakob Augstein links? - Herdentrieb<\/title>\n<meta name=\"robots\" content=\"index, follow, max-snippet:-1, max-image-preview:large, max-video-preview:-1\" \/>\n<link rel=\"canonical\" href=\"https:\/\/blog.zeit.de\/herdentrieb\/2012\/07\/03\/was-ist-fur-jakob-augstein-links_5011\" \/>\n<meta property=\"og:locale\" content=\"de_DE\" \/>\n<meta property=\"og:type\" content=\"article\" \/>\n<meta property=\"og:title\" content=\"Was ist f\u00fcr Jakob Augstein links? - Herdentrieb\" \/>\n<meta property=\"og:description\" content=\"Ich sch\u00e4tze die Kolumne von Jakob Augstein sehr und ich bin nicht unbedingt als Anh\u00e4nger der Regierungspolitik bekannt, aber was er diese Woche geschrieben hat, kann man so nicht stehen lassen Am S\u00fcden ist Merkels Austerit\u00e4tspolitik in der vergangenen Woche gescheitert. Im S\u00fcden liegt das soziale Korrektiv des Kontinents. Und wenn schon die Deutschen linke [&hellip;]\" \/>\n<meta property=\"og:url\" content=\"https:\/\/blog.zeit.de\/herdentrieb\/2012\/07\/03\/was-ist-fur-jakob-augstein-links_5011\" \/>\n<meta property=\"og:site_name\" content=\"Herdentrieb\" \/>\n<meta property=\"article:published_time\" content=\"2012-07-03T15:31:34+00:00\" \/>\n<meta property=\"article:modified_time\" content=\"2012-07-12T13:14:22+00:00\" \/>\n<meta property=\"og:image\" content=\"https:\/\/blog.zeit.de\/herdentrieb\/files\/2012\/07\/krugmanwelfare-300x180.png\" \/>\n<meta name=\"author\" content=\"Mark Schieritz\" \/>\n<meta name=\"twitter:card\" content=\"summary_large_image\" \/>\n<meta name=\"twitter:creator\" content=\"@zeitonline\" \/>\n<meta name=\"twitter:site\" content=\"@zeitonline\" \/>\n<meta name=\"twitter:label1\" content=\"Geschrieben von\" \/>\n\t<meta name=\"twitter:data1\" content=\"Mark Schieritz\" \/>\n\t<meta name=\"twitter:label2\" content=\"Gesch\u00e4tzte Lesezeit\" \/>\n\t<meta name=\"twitter:data2\" content=\"1\u00a0Minute\" \/>\n<script type=\"application\/ld+json\" class=\"yoast-schema-graph\">{\"@context\":\"https:\/\/schema.org\",\"@graph\":[{\"@type\":\"WebPage\",\"@id\":\"https:\/\/blog.zeit.de\/herdentrieb\/2012\/07\/03\/was-ist-fur-jakob-augstein-links_5011\",\"url\":\"https:\/\/blog.zeit.de\/herdentrieb\/2012\/07\/03\/was-ist-fur-jakob-augstein-links_5011\",\"name\":\"Was ist f\u00fcr Jakob Augstein links? - Herdentrieb\",\"isPartOf\":{\"@id\":\"https:\/\/blog.zeit.de\/herdentrieb\/#website\"},\"datePublished\":\"2012-07-03T15:31:34+00:00\",\"dateModified\":\"2012-07-12T13:14:22+00:00\",\"author\":{\"@id\":\"https:\/\/blog.zeit.de\/herdentrieb\/#\/schema\/person\/a2dfa95bbd4de7e06edc88db4e3d3871\"},\"breadcrumb\":{\"@id\":\"https:\/\/blog.zeit.de\/herdentrieb\/2012\/07\/03\/was-ist-fur-jakob-augstein-links_5011#breadcrumb\"},\"inLanguage\":\"de\",\"potentialAction\":[{\"@type\":\"ReadAction\",\"target\":[\"https:\/\/blog.zeit.de\/herdentrieb\/2012\/07\/03\/was-ist-fur-jakob-augstein-links_5011\"]}]},{\"@type\":\"BreadcrumbList\",\"@id\":\"https:\/\/blog.zeit.de\/herdentrieb\/2012\/07\/03\/was-ist-fur-jakob-augstein-links_5011#breadcrumb\",\"itemListElement\":[{\"@type\":\"ListItem\",\"position\":1,\"name\":\"Startseite\",\"item\":\"https:\/\/blog.zeit.de\/herdentrieb\"},{\"@type\":\"ListItem\",\"position\":2,\"name\":\"Was ist f\u00fcr Jakob Augstein links?\"}]},{\"@type\":\"WebSite\",\"@id\":\"https:\/\/blog.zeit.de\/herdentrieb\/#website\",\"url\":\"https:\/\/blog.zeit.de\/herdentrieb\/\",\"name\":\"Herdentrieb\",\"description\":\"So funktioniert Kapitalismus. Ein Blog\",\"potentialAction\":[{\"@type\":\"SearchAction\",\"target\":{\"@type\":\"EntryPoint\",\"urlTemplate\":\"https:\/\/blog.zeit.de\/herdentrieb\/?s={search_term_string}\"},\"query-input\":\"required name=search_term_string\"}],\"inLanguage\":\"de\"},{\"@type\":\"Person\",\"@id\":\"https:\/\/blog.zeit.de\/herdentrieb\/#\/schema\/person\/a2dfa95bbd4de7e06edc88db4e3d3871\",\"name\":\"Mark Schieritz\",\"image\":{\"@type\":\"ImageObject\",\"inLanguage\":\"de\",\"@id\":\"https:\/\/blog.zeit.de\/herdentrieb\/#\/schema\/person\/image\/\",\"url\":\"https:\/\/secure.gravatar.com\/avatar\/66e072b8ecaf6d851921c0577ca78c8c9a24223a3c3cb6df48c5d839d1b622e0?s=96&d=mm&r=g\",\"contentUrl\":\"https:\/\/secure.gravatar.com\/avatar\/66e072b8ecaf6d851921c0577ca78c8c9a24223a3c3cb6df48c5d839d1b622e0?s=96&d=mm&r=g\",\"caption\":\"Mark Schieritz\"},\"url\":\"https:\/\/blog.zeit.de\/herdentrieb\/author\/mark-schieritz\"}]}<\/script>\n<!-- \/ Yoast SEO plugin. -->","yoast_head_json":{"title":"Was ist f\u00fcr Jakob Augstein links? - Herdentrieb","robots":{"index":"index","follow":"follow","max-snippet":"max-snippet:-1","max-image-preview":"max-image-preview:large","max-video-preview":"max-video-preview:-1"},"canonical":"https:\/\/blog.zeit.de\/herdentrieb\/2012\/07\/03\/was-ist-fur-jakob-augstein-links_5011","og_locale":"de_DE","og_type":"article","og_title":"Was ist f\u00fcr Jakob Augstein links? - Herdentrieb","og_description":"Ich sch\u00e4tze die Kolumne von Jakob Augstein sehr und ich bin nicht unbedingt als Anh\u00e4nger der Regierungspolitik bekannt, aber was er diese Woche geschrieben hat, kann man so nicht stehen lassen Am S\u00fcden ist Merkels Austerit\u00e4tspolitik in der vergangenen Woche gescheitert. Im S\u00fcden liegt das soziale Korrektiv des Kontinents. Und wenn schon die Deutschen linke [&hellip;]","og_url":"https:\/\/blog.zeit.de\/herdentrieb\/2012\/07\/03\/was-ist-fur-jakob-augstein-links_5011","og_site_name":"Herdentrieb","article_published_time":"2012-07-03T15:31:34+00:00","article_modified_time":"2012-07-12T13:14:22+00:00","og_image":[{"url":"https:\/\/blog.zeit.de\/herdentrieb\/files\/2012\/07\/krugmanwelfare-300x180.png"}],"author":"Mark Schieritz","twitter_card":"summary_large_image","twitter_creator":"@zeitonline","twitter_site":"@zeitonline","twitter_misc":{"Geschrieben von":"Mark Schieritz","Gesch\u00e4tzte Lesezeit":"1\u00a0Minute"},"schema":{"@context":"https:\/\/schema.org","@graph":[{"@type":"WebPage","@id":"https:\/\/blog.zeit.de\/herdentrieb\/2012\/07\/03\/was-ist-fur-jakob-augstein-links_5011","url":"https:\/\/blog.zeit.de\/herdentrieb\/2012\/07\/03\/was-ist-fur-jakob-augstein-links_5011","name":"Was ist f\u00fcr Jakob Augstein links? - Herdentrieb","isPartOf":{"@id":"https:\/\/blog.zeit.de\/herdentrieb\/#website"},"datePublished":"2012-07-03T15:31:34+00:00","dateModified":"2012-07-12T13:14:22+00:00","author":{"@id":"https:\/\/blog.zeit.de\/herdentrieb\/#\/schema\/person\/a2dfa95bbd4de7e06edc88db4e3d3871"},"breadcrumb":{"@id":"https:\/\/blog.zeit.de\/herdentrieb\/2012\/07\/03\/was-ist-fur-jakob-augstein-links_5011#breadcrumb"},"inLanguage":"de","potentialAction":[{"@type":"ReadAction","target":["https:\/\/blog.zeit.de\/herdentrieb\/2012\/07\/03\/was-ist-fur-jakob-augstein-links_5011"]}]},{"@type":"BreadcrumbList","@id":"https:\/\/blog.zeit.de\/herdentrieb\/2012\/07\/03\/was-ist-fur-jakob-augstein-links_5011#breadcrumb","itemListElement":[{"@type":"ListItem","position":1,"name":"Startseite","item":"https:\/\/blog.zeit.de\/herdentrieb"},{"@type":"ListItem","position":2,"name":"Was ist f\u00fcr Jakob Augstein links?"}]},{"@type":"WebSite","@id":"https:\/\/blog.zeit.de\/herdentrieb\/#website","url":"https:\/\/blog.zeit.de\/herdentrieb\/","name":"Herdentrieb","description":"So funktioniert Kapitalismus. Ein Blog","potentialAction":[{"@type":"SearchAction","target":{"@type":"EntryPoint","urlTemplate":"https:\/\/blog.zeit.de\/herdentrieb\/?s={search_term_string}"},"query-input":"required name=search_term_string"}],"inLanguage":"de"},{"@type":"Person","@id":"https:\/\/blog.zeit.de\/herdentrieb\/#\/schema\/person\/a2dfa95bbd4de7e06edc88db4e3d3871","name":"Mark Schieritz","image":{"@type":"ImageObject","inLanguage":"de","@id":"https:\/\/blog.zeit.de\/herdentrieb\/#\/schema\/person\/image\/","url":"https:\/\/secure.gravatar.com\/avatar\/66e072b8ecaf6d851921c0577ca78c8c9a24223a3c3cb6df48c5d839d1b622e0?s=96&d=mm&r=g","contentUrl":"https:\/\/secure.gravatar.com\/avatar\/66e072b8ecaf6d851921c0577ca78c8c9a24223a3c3cb6df48c5d839d1b622e0?s=96&d=mm&r=g","caption":"Mark Schieritz"},"url":"https:\/\/blog.zeit.de\/herdentrieb\/author\/mark-schieritz"}]}},"jetpack_featured_media_url":"","jetpack_sharing_enabled":true,"_links":{"self":[{"href":"https:\/\/blog.zeit.de\/herdentrieb\/wp-json\/wp\/v2\/posts\/5011","targetHints":{"allow":["GET"]}}],"collection":[{"href":"https:\/\/blog.zeit.de\/herdentrieb\/wp-json\/wp\/v2\/posts"}],"about":[{"href":"https:\/\/blog.zeit.de\/herdentrieb\/wp-json\/wp\/v2\/types\/post"}],"author":[{"embeddable":true,"href":"https:\/\/blog.zeit.de\/herdentrieb\/wp-json\/wp\/v2\/users\/215"}],"replies":[{"embeddable":true,"href":"https:\/\/blog.zeit.de\/herdentrieb\/wp-json\/wp\/v2\/comments?post=5011"}],"version-history":[{"count":5,"href":"https:\/\/blog.zeit.de\/herdentrieb\/wp-json\/wp\/v2\/posts\/5011\/revisions"}],"predecessor-version":[{"id":5057,"href":"https:\/\/blog.zeit.de\/herdentrieb\/wp-json\/wp\/v2\/posts\/5011\/revisions\/5057"}],"wp:attachment":[{"href":"https:\/\/blog.zeit.de\/herdentrieb\/wp-json\/wp\/v2\/media?parent=5011"}],"wp:term":[{"taxonomy":"category","embeddable":true,"href":"https:\/\/blog.zeit.de\/herdentrieb\/wp-json\/wp\/v2\/categories?post=5011"},{"taxonomy":"post_tag","embeddable":true,"href":"https:\/\/blog.zeit.de\/herdentrieb\/wp-json\/wp\/v2\/tags?post=5011"}],"curies":[{"name":"wp","href":"https:\/\/api.w.org\/{rel}","templated":true}]}}