{"id":5050,"date":"2012-07-12T00:12:36","date_gmt":"2012-07-11T22:12:36","guid":{"rendered":"http:\/\/blog.zeit.de\/herdentrieb\/?p=5050"},"modified":"2012-07-12T15:17:17","modified_gmt":"2012-07-12T13:17:17","slug":"wer-muss-fur-die-spanischen-banken-bluten","status":"publish","type":"post","link":"https:\/\/blog.zeit.de\/herdentrieb\/2012\/07\/12\/wer-muss-fur-die-spanischen-banken-bluten_5050","title":{"rendered":"Wer muss f\u00fcr die spanischen Banken bluten?"},"content":{"rendered":"<p>Das <a href=\"http:\/\/economia.elpais.com\/economia\/2012\/07\/10\/actualidad\/1341932165_331354.html\" target=\"_blank\">Memorandum of Understanding f\u00fcr das spanische Rettungspaket<\/a> ist inzwischen\u00a0<em>all over the place<\/em>. Die Beteiligung von Gl\u00e4ubigern und Aktion\u00e4ren der Banken soll sicherstellen, dass nicht der Steuerzahler alleine f\u00fcr den Schaden aufkommt. Die Frage ist nur, wer genau alles beteiligt werden soll? Nur die Kapitalgeber? Oder auch die Gl\u00e4ubiger?<!--more--><\/p>\n<p>Im Fall Spaniens hat man sich f\u00fcr einen Mittelweg entschieden.<\/p>\n<p style=\"padding-left: 30px;\"><em>After allocating losses to equity holders, the Spanish authorities will require burden sharing measures from hybrid capital holders and subordinated debt holders in banks receiving public capital, including by implementing both voluntary and, where necessary, mandatory Subordinated \u00a0Liability Exercises (SLEs).<\/em><\/p>\n<p>Rasiert werden also in erster Linie die Halter von Nachrangkapital, w\u00e4hrend die unbesicherten Gl\u00e4ubiger au\u00dfen vor bleiben. Der Grund ist wie in Irland wohl die Furcht vor neuen Verwerfungen an den M\u00e4rkten f\u00fcr die Refinanzierung von Banken bei einer weiter gehenden Beteiligung (das Dumme ist allerdings, dass in Spanien vielen Kleinanlegern solche Hybridstrukturen angedreht wurden). Und wahrscheinlich auch, weil viele Versicherungen und Banken im Ausland \u2013 auch in Deutschland \u2013 zu den Anleihegl\u00e4ubigern geh\u00f6ren. Die Forderungen deutscher Banken an spanische Institute belaufen sich laut Bundesbank auf 38 Milliarden Euro. In den Worten von BNP Paribas.<\/p>\n<p style=\"padding-left: 30px;\"><em>We have long said that we expected burden-sharing of \u00a0subordinated debt including LT2 in the case of Spanish banks requiring state aid, and the news so far confirm \u00a0this and our view that there will not be burden-sharing of senior for obvious reasons of potential contagion to other European banks<\/em><\/p>\n<p>Diese Bedenken sind nachvollziehbar, allerdings argumentiert der <a href=\"http:\/\/www.imf.org\/external\/pubs\/ft\/sdn\/2012\/sdn1203.pdf\" target=\"_blank\">IWF<\/a>:<\/p>\n<p style=\"padding-left: 30px;\"><em>The scope of the statutory power should be limited to (i) eliminating or diluting \u00a0existing shareholders; and (ii) writing down or converting, in the following order, any \u00a0contractual contingent capital instruments, subordinated debt, and unsecured senior \u00a0debt, accompanied by the power of the resolution authority to change bank management.<\/em><\/p>\n<p>Es passt nat\u00fcrlich nie, aber irgendwann muss man einmal anfangen.<\/p>\n","protected":false},"excerpt":{"rendered":"<p>Das Memorandum of Understanding f\u00fcr das spanische Rettungspaket ist inzwischen\u00a0all over the place. Die Beteiligung von Gl\u00e4ubigern und Aktion\u00e4ren der Banken soll sicherstellen, dass nicht der Steuerzahler alleine f\u00fcr den Schaden aufkommt. Die Frage ist nur, wer genau alles beteiligt werden soll? Nur die Kapitalgeber? Oder auch die Gl\u00e4ubiger?<\/p>\n","protected":false},"author":215,"featured_media":0,"comment_status":"open","ping_status":"closed","sticky":false,"template":"","format":"standard","meta":{"_jetpack_memberships_contains_paid_content":false,"footnotes":""},"categories":[3],"tags":[],"class_list":["post-5050","post","type-post","status-publish","format-standard","hentry","category-der-aktuelle-rand"],"yoast_head":"<!-- This site is optimized with the Yoast SEO plugin v21.0 - https:\/\/yoast.com\/wordpress\/plugins\/seo\/ -->\n<title>Wer muss f\u00fcr die spanischen Banken bluten?  - Herdentrieb<\/title>\n<meta name=\"robots\" content=\"index, follow, max-snippet:-1, max-image-preview:large, max-video-preview:-1\" \/>\n<link rel=\"canonical\" href=\"https:\/\/blog.zeit.de\/herdentrieb\/2012\/07\/12\/wer-muss-fur-die-spanischen-banken-bluten_5050\" \/>\n<meta property=\"og:locale\" content=\"de_DE\" \/>\n<meta property=\"og:type\" content=\"article\" \/>\n<meta property=\"og:title\" content=\"Wer muss f\u00fcr die spanischen Banken bluten?  - Herdentrieb\" \/>\n<meta property=\"og:description\" content=\"Das Memorandum of Understanding f\u00fcr das spanische Rettungspaket ist inzwischen\u00a0all over the place. Die Beteiligung von Gl\u00e4ubigern und Aktion\u00e4ren der Banken soll sicherstellen, dass nicht der Steuerzahler alleine f\u00fcr den Schaden aufkommt. Die Frage ist nur, wer genau alles beteiligt werden soll? Nur die Kapitalgeber? Oder auch die Gl\u00e4ubiger?\" \/>\n<meta property=\"og:url\" content=\"https:\/\/blog.zeit.de\/herdentrieb\/2012\/07\/12\/wer-muss-fur-die-spanischen-banken-bluten_5050\" \/>\n<meta property=\"og:site_name\" content=\"Herdentrieb\" \/>\n<meta property=\"article:published_time\" content=\"2012-07-11T22:12:36+00:00\" \/>\n<meta property=\"article:modified_time\" content=\"2012-07-12T13:17:17+00:00\" \/>\n<meta name=\"author\" content=\"Mark Schieritz\" \/>\n<meta name=\"twitter:card\" content=\"summary_large_image\" \/>\n<meta name=\"twitter:creator\" content=\"@zeitonline\" \/>\n<meta name=\"twitter:site\" content=\"@zeitonline\" \/>\n<meta name=\"twitter:label1\" content=\"Geschrieben von\" \/>\n\t<meta name=\"twitter:data1\" content=\"Mark Schieritz\" \/>\n\t<meta name=\"twitter:label2\" content=\"Gesch\u00e4tzte Lesezeit\" \/>\n\t<meta name=\"twitter:data2\" content=\"2\u00a0Minuten\" \/>\n<script type=\"application\/ld+json\" class=\"yoast-schema-graph\">{\"@context\":\"https:\/\/schema.org\",\"@graph\":[{\"@type\":\"WebPage\",\"@id\":\"https:\/\/blog.zeit.de\/herdentrieb\/2012\/07\/12\/wer-muss-fur-die-spanischen-banken-bluten_5050\",\"url\":\"https:\/\/blog.zeit.de\/herdentrieb\/2012\/07\/12\/wer-muss-fur-die-spanischen-banken-bluten_5050\",\"name\":\"Wer muss f\u00fcr die spanischen Banken bluten? - Herdentrieb\",\"isPartOf\":{\"@id\":\"https:\/\/blog.zeit.de\/herdentrieb\/#website\"},\"datePublished\":\"2012-07-11T22:12:36+00:00\",\"dateModified\":\"2012-07-12T13:17:17+00:00\",\"author\":{\"@id\":\"https:\/\/blog.zeit.de\/herdentrieb\/#\/schema\/person\/a2dfa95bbd4de7e06edc88db4e3d3871\"},\"breadcrumb\":{\"@id\":\"https:\/\/blog.zeit.de\/herdentrieb\/2012\/07\/12\/wer-muss-fur-die-spanischen-banken-bluten_5050#breadcrumb\"},\"inLanguage\":\"de\",\"potentialAction\":[{\"@type\":\"ReadAction\",\"target\":[\"https:\/\/blog.zeit.de\/herdentrieb\/2012\/07\/12\/wer-muss-fur-die-spanischen-banken-bluten_5050\"]}]},{\"@type\":\"BreadcrumbList\",\"@id\":\"https:\/\/blog.zeit.de\/herdentrieb\/2012\/07\/12\/wer-muss-fur-die-spanischen-banken-bluten_5050#breadcrumb\",\"itemListElement\":[{\"@type\":\"ListItem\",\"position\":1,\"name\":\"Startseite\",\"item\":\"https:\/\/blog.zeit.de\/herdentrieb\"},{\"@type\":\"ListItem\",\"position\":2,\"name\":\"Wer muss f\u00fcr die spanischen Banken bluten?\"}]},{\"@type\":\"WebSite\",\"@id\":\"https:\/\/blog.zeit.de\/herdentrieb\/#website\",\"url\":\"https:\/\/blog.zeit.de\/herdentrieb\/\",\"name\":\"Herdentrieb\",\"description\":\"So funktioniert Kapitalismus. Ein Blog\",\"potentialAction\":[{\"@type\":\"SearchAction\",\"target\":{\"@type\":\"EntryPoint\",\"urlTemplate\":\"https:\/\/blog.zeit.de\/herdentrieb\/?s={search_term_string}\"},\"query-input\":\"required name=search_term_string\"}],\"inLanguage\":\"de\"},{\"@type\":\"Person\",\"@id\":\"https:\/\/blog.zeit.de\/herdentrieb\/#\/schema\/person\/a2dfa95bbd4de7e06edc88db4e3d3871\",\"name\":\"Mark Schieritz\",\"image\":{\"@type\":\"ImageObject\",\"inLanguage\":\"de\",\"@id\":\"https:\/\/blog.zeit.de\/herdentrieb\/#\/schema\/person\/image\/\",\"url\":\"https:\/\/secure.gravatar.com\/avatar\/66e072b8ecaf6d851921c0577ca78c8c9a24223a3c3cb6df48c5d839d1b622e0?s=96&d=mm&r=g\",\"contentUrl\":\"https:\/\/secure.gravatar.com\/avatar\/66e072b8ecaf6d851921c0577ca78c8c9a24223a3c3cb6df48c5d839d1b622e0?s=96&d=mm&r=g\",\"caption\":\"Mark Schieritz\"},\"url\":\"https:\/\/blog.zeit.de\/herdentrieb\/author\/mark-schieritz\"}]}<\/script>\n<!-- \/ Yoast SEO plugin. -->","yoast_head_json":{"title":"Wer muss f\u00fcr die spanischen Banken bluten?  - Herdentrieb","robots":{"index":"index","follow":"follow","max-snippet":"max-snippet:-1","max-image-preview":"max-image-preview:large","max-video-preview":"max-video-preview:-1"},"canonical":"https:\/\/blog.zeit.de\/herdentrieb\/2012\/07\/12\/wer-muss-fur-die-spanischen-banken-bluten_5050","og_locale":"de_DE","og_type":"article","og_title":"Wer muss f\u00fcr die spanischen Banken bluten?  - Herdentrieb","og_description":"Das Memorandum of Understanding f\u00fcr das spanische Rettungspaket ist inzwischen\u00a0all over the place. Die Beteiligung von Gl\u00e4ubigern und Aktion\u00e4ren der Banken soll sicherstellen, dass nicht der Steuerzahler alleine f\u00fcr den Schaden aufkommt. Die Frage ist nur, wer genau alles beteiligt werden soll? Nur die Kapitalgeber? Oder auch die Gl\u00e4ubiger?","og_url":"https:\/\/blog.zeit.de\/herdentrieb\/2012\/07\/12\/wer-muss-fur-die-spanischen-banken-bluten_5050","og_site_name":"Herdentrieb","article_published_time":"2012-07-11T22:12:36+00:00","article_modified_time":"2012-07-12T13:17:17+00:00","author":"Mark Schieritz","twitter_card":"summary_large_image","twitter_creator":"@zeitonline","twitter_site":"@zeitonline","twitter_misc":{"Geschrieben von":"Mark Schieritz","Gesch\u00e4tzte Lesezeit":"2\u00a0Minuten"},"schema":{"@context":"https:\/\/schema.org","@graph":[{"@type":"WebPage","@id":"https:\/\/blog.zeit.de\/herdentrieb\/2012\/07\/12\/wer-muss-fur-die-spanischen-banken-bluten_5050","url":"https:\/\/blog.zeit.de\/herdentrieb\/2012\/07\/12\/wer-muss-fur-die-spanischen-banken-bluten_5050","name":"Wer muss f\u00fcr die spanischen Banken bluten? - Herdentrieb","isPartOf":{"@id":"https:\/\/blog.zeit.de\/herdentrieb\/#website"},"datePublished":"2012-07-11T22:12:36+00:00","dateModified":"2012-07-12T13:17:17+00:00","author":{"@id":"https:\/\/blog.zeit.de\/herdentrieb\/#\/schema\/person\/a2dfa95bbd4de7e06edc88db4e3d3871"},"breadcrumb":{"@id":"https:\/\/blog.zeit.de\/herdentrieb\/2012\/07\/12\/wer-muss-fur-die-spanischen-banken-bluten_5050#breadcrumb"},"inLanguage":"de","potentialAction":[{"@type":"ReadAction","target":["https:\/\/blog.zeit.de\/herdentrieb\/2012\/07\/12\/wer-muss-fur-die-spanischen-banken-bluten_5050"]}]},{"@type":"BreadcrumbList","@id":"https:\/\/blog.zeit.de\/herdentrieb\/2012\/07\/12\/wer-muss-fur-die-spanischen-banken-bluten_5050#breadcrumb","itemListElement":[{"@type":"ListItem","position":1,"name":"Startseite","item":"https:\/\/blog.zeit.de\/herdentrieb"},{"@type":"ListItem","position":2,"name":"Wer muss f\u00fcr die spanischen Banken bluten?"}]},{"@type":"WebSite","@id":"https:\/\/blog.zeit.de\/herdentrieb\/#website","url":"https:\/\/blog.zeit.de\/herdentrieb\/","name":"Herdentrieb","description":"So funktioniert Kapitalismus. Ein Blog","potentialAction":[{"@type":"SearchAction","target":{"@type":"EntryPoint","urlTemplate":"https:\/\/blog.zeit.de\/herdentrieb\/?s={search_term_string}"},"query-input":"required name=search_term_string"}],"inLanguage":"de"},{"@type":"Person","@id":"https:\/\/blog.zeit.de\/herdentrieb\/#\/schema\/person\/a2dfa95bbd4de7e06edc88db4e3d3871","name":"Mark Schieritz","image":{"@type":"ImageObject","inLanguage":"de","@id":"https:\/\/blog.zeit.de\/herdentrieb\/#\/schema\/person\/image\/","url":"https:\/\/secure.gravatar.com\/avatar\/66e072b8ecaf6d851921c0577ca78c8c9a24223a3c3cb6df48c5d839d1b622e0?s=96&d=mm&r=g","contentUrl":"https:\/\/secure.gravatar.com\/avatar\/66e072b8ecaf6d851921c0577ca78c8c9a24223a3c3cb6df48c5d839d1b622e0?s=96&d=mm&r=g","caption":"Mark Schieritz"},"url":"https:\/\/blog.zeit.de\/herdentrieb\/author\/mark-schieritz"}]}},"jetpack_featured_media_url":"","jetpack_sharing_enabled":true,"_links":{"self":[{"href":"https:\/\/blog.zeit.de\/herdentrieb\/wp-json\/wp\/v2\/posts\/5050","targetHints":{"allow":["GET"]}}],"collection":[{"href":"https:\/\/blog.zeit.de\/herdentrieb\/wp-json\/wp\/v2\/posts"}],"about":[{"href":"https:\/\/blog.zeit.de\/herdentrieb\/wp-json\/wp\/v2\/types\/post"}],"author":[{"embeddable":true,"href":"https:\/\/blog.zeit.de\/herdentrieb\/wp-json\/wp\/v2\/users\/215"}],"replies":[{"embeddable":true,"href":"https:\/\/blog.zeit.de\/herdentrieb\/wp-json\/wp\/v2\/comments?post=5050"}],"version-history":[{"count":6,"href":"https:\/\/blog.zeit.de\/herdentrieb\/wp-json\/wp\/v2\/posts\/5050\/revisions"}],"predecessor-version":[{"id":5062,"href":"https:\/\/blog.zeit.de\/herdentrieb\/wp-json\/wp\/v2\/posts\/5050\/revisions\/5062"}],"wp:attachment":[{"href":"https:\/\/blog.zeit.de\/herdentrieb\/wp-json\/wp\/v2\/media?parent=5050"}],"wp:term":[{"taxonomy":"category","embeddable":true,"href":"https:\/\/blog.zeit.de\/herdentrieb\/wp-json\/wp\/v2\/categories?post=5050"},{"taxonomy":"post_tag","embeddable":true,"href":"https:\/\/blog.zeit.de\/herdentrieb\/wp-json\/wp\/v2\/tags?post=5050"}],"curies":[{"name":"wp","href":"https:\/\/api.w.org\/{rel}","templated":true}]}}