{"id":5063,"date":"2012-07-12T17:22:06","date_gmt":"2012-07-12T15:22:06","guid":{"rendered":"http:\/\/blog.zeit.de\/herdentrieb\/?p=5063"},"modified":"2012-07-13T09:26:53","modified_gmt":"2012-07-13T07:26:53","slug":"die-ignoranz-des-paul-kirchhoff","status":"publish","type":"post","link":"https:\/\/blog.zeit.de\/herdentrieb\/2012\/07\/12\/die-ignoranz-des-paul-kirchhoff_5063","title":{"rendered":"Die Ignoranz des Paul Kirchhoff"},"content":{"rendered":"<p>Paul Kirchhoff mag ein guter Jurist sein, aber \u2013 wie <a href=\"http:\/\/www.wiesaussieht.de\/2012\/07\/12\/uber-die-ohnmacht-des-rechts\/\" target=\"_blank\">Hans Huett<\/a> treffend fest stellt \u2013 vielleicht sollte er sich mit Kommentaren zu <a href=\"http:\/\/www.faz.net\/aktuell\/feuilleton\/debatten\/europas-zukunft\/paul-kirchhof-zur-krise-der-eu-verfassungsnot-11817188.html\" target=\"_blank\">fachfremden Gebieten<\/a> eher zur\u00fcckhalten.<\/p>\n<p style=\"padding-left: 30px;\"><em>H\u00e4tten die Staaten das Recht zur Begrenzung der Staatsschulden beachtet, g\u00e4be es diese Schuldenkrise nicht.<\/em><\/p>\n<p>Irland hat das Recht zur Begrenzung der Staatsschulden beachtet, Spanien ebenfalls. Und selbst die Italiener haben vor Ausbruch der Krise ihre Schulden allm\u00e4hlich zur\u00fcckgefahren. Die Krise ist in erster Linie eine Krise exzessiver Privatverschuldung und makro-\u00f6konomischer Ungleichgewichte. Und dazu sagte das Recht leider nichts.<\/p>\n<p>Keine Frage, Recht ist die Grundlage von staatlicher Ordnung. Ohne Recht w\u00fcrden wir uns im Naturzustand gegenseitig an die Gurgel gehen. Aber ein Recht, das offenbar mit der Regelung der Wirklichkeit \u00fcberfordert ist, darf erstens nicht unantastbar sein \u2013 und das hat nichts mit Staatsstreich zu tun, solange die Anpassung prozedurale Anforderungen erf\u00fcllt. Der Vertrag von Maastricht war offenbar einfach nicht zu Ende gedacht. Wie lange wollen wir uns also noch dar\u00fcber beklagen, dass man sich nicht an ihn h\u00e4lt? Und ein Rechtsprofessor, der sich von seinen eigenen inhaltlichen Pr\u00e4ferenzen (wirtschaftliche Freiheit) leiten l\u00e4sst und dabei die \u00f6konomische Realit\u00e4t ignoriert, sollte sich zweitens nicht zum Interpreten der Verfassung aufschwingen.<\/p>\n","protected":false},"excerpt":{"rendered":"<p>Paul Kirchhoff mag ein guter Jurist sein, aber \u2013 wie Hans Huett treffend fest stellt \u2013 vielleicht sollte er sich mit Kommentaren zu fachfremden Gebieten eher zur\u00fcckhalten. H\u00e4tten die Staaten das Recht zur Begrenzung der Staatsschulden beachtet, g\u00e4be es diese Schuldenkrise nicht. Irland hat das Recht zur Begrenzung der Staatsschulden beachtet, Spanien ebenfalls. Und selbst [&hellip;]<\/p>\n","protected":false},"author":215,"featured_media":0,"comment_status":"open","ping_status":"closed","sticky":false,"template":"","format":"standard","meta":{"_jetpack_memberships_contains_paid_content":false,"footnotes":""},"categories":[3],"tags":[],"class_list":["post-5063","post","type-post","status-publish","format-standard","hentry","category-der-aktuelle-rand"],"yoast_head":"<!-- This site is optimized with the Yoast SEO plugin v21.0 - https:\/\/yoast.com\/wordpress\/plugins\/seo\/ -->\n<title>Die Ignoranz des Paul Kirchhoff - Herdentrieb<\/title>\n<meta name=\"robots\" content=\"index, follow, max-snippet:-1, max-image-preview:large, max-video-preview:-1\" \/>\n<link rel=\"canonical\" href=\"https:\/\/blog.zeit.de\/herdentrieb\/2012\/07\/12\/die-ignoranz-des-paul-kirchhoff_5063\" \/>\n<meta property=\"og:locale\" content=\"de_DE\" \/>\n<meta property=\"og:type\" content=\"article\" \/>\n<meta property=\"og:title\" content=\"Die Ignoranz des Paul Kirchhoff - Herdentrieb\" \/>\n<meta property=\"og:description\" content=\"Paul Kirchhoff mag ein guter Jurist sein, aber \u2013 wie Hans Huett treffend fest stellt \u2013 vielleicht sollte er sich mit Kommentaren zu fachfremden Gebieten eher zur\u00fcckhalten. H\u00e4tten die Staaten das Recht zur Begrenzung der Staatsschulden beachtet, g\u00e4be es diese Schuldenkrise nicht. Irland hat das Recht zur Begrenzung der Staatsschulden beachtet, Spanien ebenfalls. Und selbst [&hellip;]\" \/>\n<meta property=\"og:url\" content=\"https:\/\/blog.zeit.de\/herdentrieb\/2012\/07\/12\/die-ignoranz-des-paul-kirchhoff_5063\" \/>\n<meta property=\"og:site_name\" content=\"Herdentrieb\" \/>\n<meta property=\"article:published_time\" content=\"2012-07-12T15:22:06+00:00\" \/>\n<meta property=\"article:modified_time\" content=\"2012-07-13T07:26:53+00:00\" \/>\n<meta name=\"author\" content=\"Mark Schieritz\" \/>\n<meta name=\"twitter:card\" content=\"summary_large_image\" \/>\n<meta name=\"twitter:creator\" content=\"@zeitonline\" \/>\n<meta name=\"twitter:site\" content=\"@zeitonline\" \/>\n<meta name=\"twitter:label1\" content=\"Geschrieben von\" \/>\n\t<meta name=\"twitter:data1\" content=\"Mark Schieritz\" \/>\n\t<meta name=\"twitter:label2\" content=\"Gesch\u00e4tzte Lesezeit\" \/>\n\t<meta name=\"twitter:data2\" content=\"1\u00a0Minute\" \/>\n<script type=\"application\/ld+json\" class=\"yoast-schema-graph\">{\"@context\":\"https:\/\/schema.org\",\"@graph\":[{\"@type\":\"WebPage\",\"@id\":\"https:\/\/blog.zeit.de\/herdentrieb\/2012\/07\/12\/die-ignoranz-des-paul-kirchhoff_5063\",\"url\":\"https:\/\/blog.zeit.de\/herdentrieb\/2012\/07\/12\/die-ignoranz-des-paul-kirchhoff_5063\",\"name\":\"Die Ignoranz des Paul Kirchhoff - Herdentrieb\",\"isPartOf\":{\"@id\":\"https:\/\/blog.zeit.de\/herdentrieb\/#website\"},\"datePublished\":\"2012-07-12T15:22:06+00:00\",\"dateModified\":\"2012-07-13T07:26:53+00:00\",\"author\":{\"@id\":\"https:\/\/blog.zeit.de\/herdentrieb\/#\/schema\/person\/a2dfa95bbd4de7e06edc88db4e3d3871\"},\"breadcrumb\":{\"@id\":\"https:\/\/blog.zeit.de\/herdentrieb\/2012\/07\/12\/die-ignoranz-des-paul-kirchhoff_5063#breadcrumb\"},\"inLanguage\":\"de\",\"potentialAction\":[{\"@type\":\"ReadAction\",\"target\":[\"https:\/\/blog.zeit.de\/herdentrieb\/2012\/07\/12\/die-ignoranz-des-paul-kirchhoff_5063\"]}]},{\"@type\":\"BreadcrumbList\",\"@id\":\"https:\/\/blog.zeit.de\/herdentrieb\/2012\/07\/12\/die-ignoranz-des-paul-kirchhoff_5063#breadcrumb\",\"itemListElement\":[{\"@type\":\"ListItem\",\"position\":1,\"name\":\"Startseite\",\"item\":\"https:\/\/blog.zeit.de\/herdentrieb\"},{\"@type\":\"ListItem\",\"position\":2,\"name\":\"Die Ignoranz des Paul Kirchhoff\"}]},{\"@type\":\"WebSite\",\"@id\":\"https:\/\/blog.zeit.de\/herdentrieb\/#website\",\"url\":\"https:\/\/blog.zeit.de\/herdentrieb\/\",\"name\":\"Herdentrieb\",\"description\":\"So funktioniert Kapitalismus. Ein Blog\",\"potentialAction\":[{\"@type\":\"SearchAction\",\"target\":{\"@type\":\"EntryPoint\",\"urlTemplate\":\"https:\/\/blog.zeit.de\/herdentrieb\/?s={search_term_string}\"},\"query-input\":\"required name=search_term_string\"}],\"inLanguage\":\"de\"},{\"@type\":\"Person\",\"@id\":\"https:\/\/blog.zeit.de\/herdentrieb\/#\/schema\/person\/a2dfa95bbd4de7e06edc88db4e3d3871\",\"name\":\"Mark Schieritz\",\"image\":{\"@type\":\"ImageObject\",\"inLanguage\":\"de\",\"@id\":\"https:\/\/blog.zeit.de\/herdentrieb\/#\/schema\/person\/image\/\",\"url\":\"https:\/\/secure.gravatar.com\/avatar\/66e072b8ecaf6d851921c0577ca78c8c9a24223a3c3cb6df48c5d839d1b622e0?s=96&d=mm&r=g\",\"contentUrl\":\"https:\/\/secure.gravatar.com\/avatar\/66e072b8ecaf6d851921c0577ca78c8c9a24223a3c3cb6df48c5d839d1b622e0?s=96&d=mm&r=g\",\"caption\":\"Mark Schieritz\"},\"url\":\"https:\/\/blog.zeit.de\/herdentrieb\/author\/mark-schieritz\"}]}<\/script>\n<!-- \/ Yoast SEO plugin. -->","yoast_head_json":{"title":"Die Ignoranz des Paul Kirchhoff - Herdentrieb","robots":{"index":"index","follow":"follow","max-snippet":"max-snippet:-1","max-image-preview":"max-image-preview:large","max-video-preview":"max-video-preview:-1"},"canonical":"https:\/\/blog.zeit.de\/herdentrieb\/2012\/07\/12\/die-ignoranz-des-paul-kirchhoff_5063","og_locale":"de_DE","og_type":"article","og_title":"Die Ignoranz des Paul Kirchhoff - Herdentrieb","og_description":"Paul Kirchhoff mag ein guter Jurist sein, aber \u2013 wie Hans Huett treffend fest stellt \u2013 vielleicht sollte er sich mit Kommentaren zu fachfremden Gebieten eher zur\u00fcckhalten. H\u00e4tten die Staaten das Recht zur Begrenzung der Staatsschulden beachtet, g\u00e4be es diese Schuldenkrise nicht. Irland hat das Recht zur Begrenzung der Staatsschulden beachtet, Spanien ebenfalls. Und selbst [&hellip;]","og_url":"https:\/\/blog.zeit.de\/herdentrieb\/2012\/07\/12\/die-ignoranz-des-paul-kirchhoff_5063","og_site_name":"Herdentrieb","article_published_time":"2012-07-12T15:22:06+00:00","article_modified_time":"2012-07-13T07:26:53+00:00","author":"Mark Schieritz","twitter_card":"summary_large_image","twitter_creator":"@zeitonline","twitter_site":"@zeitonline","twitter_misc":{"Geschrieben von":"Mark Schieritz","Gesch\u00e4tzte Lesezeit":"1\u00a0Minute"},"schema":{"@context":"https:\/\/schema.org","@graph":[{"@type":"WebPage","@id":"https:\/\/blog.zeit.de\/herdentrieb\/2012\/07\/12\/die-ignoranz-des-paul-kirchhoff_5063","url":"https:\/\/blog.zeit.de\/herdentrieb\/2012\/07\/12\/die-ignoranz-des-paul-kirchhoff_5063","name":"Die Ignoranz des Paul Kirchhoff - Herdentrieb","isPartOf":{"@id":"https:\/\/blog.zeit.de\/herdentrieb\/#website"},"datePublished":"2012-07-12T15:22:06+00:00","dateModified":"2012-07-13T07:26:53+00:00","author":{"@id":"https:\/\/blog.zeit.de\/herdentrieb\/#\/schema\/person\/a2dfa95bbd4de7e06edc88db4e3d3871"},"breadcrumb":{"@id":"https:\/\/blog.zeit.de\/herdentrieb\/2012\/07\/12\/die-ignoranz-des-paul-kirchhoff_5063#breadcrumb"},"inLanguage":"de","potentialAction":[{"@type":"ReadAction","target":["https:\/\/blog.zeit.de\/herdentrieb\/2012\/07\/12\/die-ignoranz-des-paul-kirchhoff_5063"]}]},{"@type":"BreadcrumbList","@id":"https:\/\/blog.zeit.de\/herdentrieb\/2012\/07\/12\/die-ignoranz-des-paul-kirchhoff_5063#breadcrumb","itemListElement":[{"@type":"ListItem","position":1,"name":"Startseite","item":"https:\/\/blog.zeit.de\/herdentrieb"},{"@type":"ListItem","position":2,"name":"Die Ignoranz des Paul Kirchhoff"}]},{"@type":"WebSite","@id":"https:\/\/blog.zeit.de\/herdentrieb\/#website","url":"https:\/\/blog.zeit.de\/herdentrieb\/","name":"Herdentrieb","description":"So funktioniert Kapitalismus. Ein Blog","potentialAction":[{"@type":"SearchAction","target":{"@type":"EntryPoint","urlTemplate":"https:\/\/blog.zeit.de\/herdentrieb\/?s={search_term_string}"},"query-input":"required name=search_term_string"}],"inLanguage":"de"},{"@type":"Person","@id":"https:\/\/blog.zeit.de\/herdentrieb\/#\/schema\/person\/a2dfa95bbd4de7e06edc88db4e3d3871","name":"Mark Schieritz","image":{"@type":"ImageObject","inLanguage":"de","@id":"https:\/\/blog.zeit.de\/herdentrieb\/#\/schema\/person\/image\/","url":"https:\/\/secure.gravatar.com\/avatar\/66e072b8ecaf6d851921c0577ca78c8c9a24223a3c3cb6df48c5d839d1b622e0?s=96&d=mm&r=g","contentUrl":"https:\/\/secure.gravatar.com\/avatar\/66e072b8ecaf6d851921c0577ca78c8c9a24223a3c3cb6df48c5d839d1b622e0?s=96&d=mm&r=g","caption":"Mark Schieritz"},"url":"https:\/\/blog.zeit.de\/herdentrieb\/author\/mark-schieritz"}]}},"jetpack_featured_media_url":"","jetpack_sharing_enabled":true,"_links":{"self":[{"href":"https:\/\/blog.zeit.de\/herdentrieb\/wp-json\/wp\/v2\/posts\/5063","targetHints":{"allow":["GET"]}}],"collection":[{"href":"https:\/\/blog.zeit.de\/herdentrieb\/wp-json\/wp\/v2\/posts"}],"about":[{"href":"https:\/\/blog.zeit.de\/herdentrieb\/wp-json\/wp\/v2\/types\/post"}],"author":[{"embeddable":true,"href":"https:\/\/blog.zeit.de\/herdentrieb\/wp-json\/wp\/v2\/users\/215"}],"replies":[{"embeddable":true,"href":"https:\/\/blog.zeit.de\/herdentrieb\/wp-json\/wp\/v2\/comments?post=5063"}],"version-history":[{"count":5,"href":"https:\/\/blog.zeit.de\/herdentrieb\/wp-json\/wp\/v2\/posts\/5063\/revisions"}],"predecessor-version":[{"id":5065,"href":"https:\/\/blog.zeit.de\/herdentrieb\/wp-json\/wp\/v2\/posts\/5063\/revisions\/5065"}],"wp:attachment":[{"href":"https:\/\/blog.zeit.de\/herdentrieb\/wp-json\/wp\/v2\/media?parent=5063"}],"wp:term":[{"taxonomy":"category","embeddable":true,"href":"https:\/\/blog.zeit.de\/herdentrieb\/wp-json\/wp\/v2\/categories?post=5063"},{"taxonomy":"post_tag","embeddable":true,"href":"https:\/\/blog.zeit.de\/herdentrieb\/wp-json\/wp\/v2\/tags?post=5063"}],"curies":[{"name":"wp","href":"https:\/\/api.w.org\/{rel}","templated":true}]}}