{"id":5078,"date":"2012-07-17T15:23:24","date_gmt":"2012-07-17T13:23:24","guid":{"rendered":"http:\/\/blog.zeit.de\/herdentrieb\/?p=5078"},"modified":"2012-08-01T14:28:40","modified_gmt":"2012-08-01T12:28:40","slug":"wo-sarrazin-recht-hat-hat-er-recht","status":"publish","type":"post","link":"https:\/\/blog.zeit.de\/herdentrieb\/2012\/07\/17\/wo-sarrazin-recht-hat-hat-er-recht_5078","title":{"rendered":"Wo Sarrazin recht hat, hat er recht"},"content":{"rendered":"<p>Es gibt erste <a href=\"http:\/\/www.wiesaussieht.de\/2012\/07\/17\/scheideweg-oder-irrweg\/\" target=\"_blank\">kritische Kommentare<\/a> zur Thilo Sarrazins <a href=\"http:\/\/www.faz.net\/aktuell\/feuilleton\/debatten\/europas-zukunft\/zukunft-europas-geburtsfehler-maastricht-11822292.html\"  target=\"_blank\">Text<\/a> heute in der <em>FAZ<\/em>. Und in der Tat ist seine Analyse nicht immer auf der H\u00f6he der Zeit. So schreibt er etwa \u00fcber die Korrektur von \u00f6konomischen Ungleichgewichten:<\/p>\n<p style=\"padding-left: 30px;\"><em>Das ist v\u00f6llig normal, in sich auch gar nicht katastrophal und zudem unvermeidlich, da das Ventil der Wechselkurse ja nicht mehr besteht. Die betroffenen L\u00e4nder verf\u00fcgen zudem intern \u00fcber alle Instrumente, um durch eine entsprechende Reformpolitik gegenzusteuern. Tun sie das nicht, ist das Ausfluss ihrer gesellschaftlichen Priorit\u00e4ten und politischen Entscheidungen.\u00a0<\/em><\/p>\n<p>Damit verkennt er die sich selbst verst\u00e4rkende Dynamik, die entstehen kann, wenn halbsouver\u00e4ne Staaten ohne eigene Zentralbank einer Panik an den M\u00e4rkten ausgesetzt sind.<!--more--> Man muss schon sehr hohe Anforderungen an das Rationalit\u00e4tsniveau der Finanzm\u00e4rkte stellen, um zu argumentieren, wer es nicht aus der Krise schaffe, der sei eben selbst schuld. Und wer bei der Genese des Euro wen \u00fcber den Tisch gezogen hat, auch dar\u00fcber kann man streiten.<\/p>\n<p>Aber Sarrazin macht auf\u00a0einige sehr zentrale Defizite der W\u00e4hrungsunion aufmerksam:<\/p>\n<p style=\"padding-left: 30px;\"><em>Unhistorisch ist auch die immer wieder angedeutete Verkn\u00fcpfung der gemeinsamen W\u00e4hrung mit der Frage von Krieg und Frieden in Europa. Europa war im August 1914, als mit Beginn des Ersten Weltkrieges die Lichter ausgingen,\u00a0de facto\u00a0ein gemeinsamer W\u00e4hrungsraum, verbunden durch den Goldstandard, der die W\u00e4hrungen Europas verl\u00e4sslich verkn\u00fcpfte. Wenn eine stabile spannungsfreie W\u00e4hrungsordnung eine notwendige oder gar hinreichende Bedingung f\u00fcr Frieden w\u00e4re, dann h\u00e4tte der Erste Weltkrieg nie ausbrechen d\u00fcrfen.<\/em><\/p>\n<p>Tats\u00e4chlich sch\u00fctzt eine gemeinsame W\u00e4hrung erst einmal vor \u00fcberhaupt nichts. Wenn sie schlecht gemanagt wird, dann kann sie sogar zur Gefahr f\u00fcr den Frieden werden, weil sie Leid statt Wohlstand bringt und fatale Abh\u00e4ngigkeitsbeziehungen etabliert. Genau in dieser Situation sind wir ja gerade.<\/p>\n<p>Und man mag sich an seinem dezisionistischen Verst\u00e4ndnis des Kampfs um die Lastenverteilung im W\u00e4hrungsraum als existentielles Ringen zwischen Schuldner und Gl\u00e4ubiger st\u00f6ren, aber nat\u00fcrlich geht es hier um die Frage, wer am Ende welche Rechnung bezahlt und dabei wird mit harten Bandagen gek\u00e4mpft. \u00a0Seine Schlussfolgerung lautet, wenn man nicht bereit sei, den Euro in letzter Konsequenz auch in Frage zu stellen k\u00f6nnte die Bundesregierung:<\/p>\n<p style=\"padding-left: 30px;\"><em>in Br\u00fcssel den Verfassungsentwurf f\u00fcr einen europ\u00e4ischen Bundesstaat auf den Tisch legen und diesen zur Voraussetzung f\u00fcr alle weiteren finanziellen Bindungen im Rahmen der W\u00e4hrungsunion machen. Damit w\u00fcrde die Debatte wieder vom Kopf auf die F\u00fc\u00dfe gestellt und die Konsequenz aus dem Geburtsfehler des Maastricht-Vertrages gezogen.<\/em><\/p>\n<p>Das unterscheidet sich wohltuend von der Analyse eines Paul Kirchhofs, der den Vertrag f\u00fcr sakrosankt erkl\u00e4rt, auch wenn er sich erkennbar in der Realit\u00e4t nicht bew\u00e4hrt hat.<\/p>\n","protected":false},"excerpt":{"rendered":"<p>Es gibt erste kritische Kommentare zur Thilo Sarrazins Text heute in der FAZ. Und in der Tat ist seine Analyse nicht immer auf der H\u00f6he der Zeit. So schreibt er etwa \u00fcber die Korrektur von \u00f6konomischen Ungleichgewichten: Das ist v\u00f6llig normal, in sich auch gar nicht katastrophal und zudem unvermeidlich, da das Ventil der Wechselkurse [&hellip;]<\/p>\n","protected":false},"author":215,"featured_media":0,"comment_status":"open","ping_status":"closed","sticky":false,"template":"","format":"standard","meta":{"_jetpack_memberships_contains_paid_content":false,"footnotes":""},"categories":[3],"tags":[],"class_list":["post-5078","post","type-post","status-publish","format-standard","hentry","category-der-aktuelle-rand"],"yoast_head":"<!-- This site is optimized with the Yoast SEO plugin v21.0 - https:\/\/yoast.com\/wordpress\/plugins\/seo\/ -->\n<title>Wo Sarrazin recht hat, hat er recht - Herdentrieb<\/title>\n<meta name=\"robots\" content=\"index, follow, max-snippet:-1, max-image-preview:large, max-video-preview:-1\" \/>\n<link rel=\"canonical\" href=\"https:\/\/blog.zeit.de\/herdentrieb\/2012\/07\/17\/wo-sarrazin-recht-hat-hat-er-recht_5078\" \/>\n<meta property=\"og:locale\" content=\"de_DE\" \/>\n<meta property=\"og:type\" content=\"article\" \/>\n<meta property=\"og:title\" content=\"Wo Sarrazin recht hat, hat er recht - Herdentrieb\" \/>\n<meta property=\"og:description\" content=\"Es gibt erste kritische Kommentare zur Thilo Sarrazins Text heute in der FAZ. Und in der Tat ist seine Analyse nicht immer auf der H\u00f6he der Zeit. So schreibt er etwa \u00fcber die Korrektur von \u00f6konomischen Ungleichgewichten: Das ist v\u00f6llig normal, in sich auch gar nicht katastrophal und zudem unvermeidlich, da das Ventil der Wechselkurse [&hellip;]\" \/>\n<meta property=\"og:url\" content=\"https:\/\/blog.zeit.de\/herdentrieb\/2012\/07\/17\/wo-sarrazin-recht-hat-hat-er-recht_5078\" \/>\n<meta property=\"og:site_name\" content=\"Herdentrieb\" \/>\n<meta property=\"article:published_time\" content=\"2012-07-17T13:23:24+00:00\" \/>\n<meta property=\"article:modified_time\" content=\"2012-08-01T12:28:40+00:00\" \/>\n<meta name=\"author\" content=\"Mark Schieritz\" \/>\n<meta name=\"twitter:card\" content=\"summary_large_image\" \/>\n<meta name=\"twitter:creator\" content=\"@zeitonline\" \/>\n<meta name=\"twitter:site\" content=\"@zeitonline\" \/>\n<meta name=\"twitter:label1\" content=\"Geschrieben von\" \/>\n\t<meta name=\"twitter:data1\" content=\"Mark Schieritz\" \/>\n\t<meta name=\"twitter:label2\" content=\"Gesch\u00e4tzte Lesezeit\" \/>\n\t<meta name=\"twitter:data2\" content=\"2\u00a0Minuten\" \/>\n<script type=\"application\/ld+json\" class=\"yoast-schema-graph\">{\"@context\":\"https:\/\/schema.org\",\"@graph\":[{\"@type\":\"WebPage\",\"@id\":\"https:\/\/blog.zeit.de\/herdentrieb\/2012\/07\/17\/wo-sarrazin-recht-hat-hat-er-recht_5078\",\"url\":\"https:\/\/blog.zeit.de\/herdentrieb\/2012\/07\/17\/wo-sarrazin-recht-hat-hat-er-recht_5078\",\"name\":\"Wo Sarrazin recht hat, hat er recht - Herdentrieb\",\"isPartOf\":{\"@id\":\"https:\/\/blog.zeit.de\/herdentrieb\/#website\"},\"datePublished\":\"2012-07-17T13:23:24+00:00\",\"dateModified\":\"2012-08-01T12:28:40+00:00\",\"author\":{\"@id\":\"https:\/\/blog.zeit.de\/herdentrieb\/#\/schema\/person\/a2dfa95bbd4de7e06edc88db4e3d3871\"},\"breadcrumb\":{\"@id\":\"https:\/\/blog.zeit.de\/herdentrieb\/2012\/07\/17\/wo-sarrazin-recht-hat-hat-er-recht_5078#breadcrumb\"},\"inLanguage\":\"de\",\"potentialAction\":[{\"@type\":\"ReadAction\",\"target\":[\"https:\/\/blog.zeit.de\/herdentrieb\/2012\/07\/17\/wo-sarrazin-recht-hat-hat-er-recht_5078\"]}]},{\"@type\":\"BreadcrumbList\",\"@id\":\"https:\/\/blog.zeit.de\/herdentrieb\/2012\/07\/17\/wo-sarrazin-recht-hat-hat-er-recht_5078#breadcrumb\",\"itemListElement\":[{\"@type\":\"ListItem\",\"position\":1,\"name\":\"Startseite\",\"item\":\"https:\/\/blog.zeit.de\/herdentrieb\"},{\"@type\":\"ListItem\",\"position\":2,\"name\":\"Wo Sarrazin recht hat, hat er recht\"}]},{\"@type\":\"WebSite\",\"@id\":\"https:\/\/blog.zeit.de\/herdentrieb\/#website\",\"url\":\"https:\/\/blog.zeit.de\/herdentrieb\/\",\"name\":\"Herdentrieb\",\"description\":\"So funktioniert Kapitalismus. Ein Blog\",\"potentialAction\":[{\"@type\":\"SearchAction\",\"target\":{\"@type\":\"EntryPoint\",\"urlTemplate\":\"https:\/\/blog.zeit.de\/herdentrieb\/?s={search_term_string}\"},\"query-input\":\"required name=search_term_string\"}],\"inLanguage\":\"de\"},{\"@type\":\"Person\",\"@id\":\"https:\/\/blog.zeit.de\/herdentrieb\/#\/schema\/person\/a2dfa95bbd4de7e06edc88db4e3d3871\",\"name\":\"Mark Schieritz\",\"image\":{\"@type\":\"ImageObject\",\"inLanguage\":\"de\",\"@id\":\"https:\/\/blog.zeit.de\/herdentrieb\/#\/schema\/person\/image\/\",\"url\":\"https:\/\/secure.gravatar.com\/avatar\/66e072b8ecaf6d851921c0577ca78c8c9a24223a3c3cb6df48c5d839d1b622e0?s=96&d=mm&r=g\",\"contentUrl\":\"https:\/\/secure.gravatar.com\/avatar\/66e072b8ecaf6d851921c0577ca78c8c9a24223a3c3cb6df48c5d839d1b622e0?s=96&d=mm&r=g\",\"caption\":\"Mark Schieritz\"},\"url\":\"https:\/\/blog.zeit.de\/herdentrieb\/author\/mark-schieritz\"}]}<\/script>\n<!-- \/ Yoast SEO plugin. -->","yoast_head_json":{"title":"Wo Sarrazin recht hat, hat er recht - Herdentrieb","robots":{"index":"index","follow":"follow","max-snippet":"max-snippet:-1","max-image-preview":"max-image-preview:large","max-video-preview":"max-video-preview:-1"},"canonical":"https:\/\/blog.zeit.de\/herdentrieb\/2012\/07\/17\/wo-sarrazin-recht-hat-hat-er-recht_5078","og_locale":"de_DE","og_type":"article","og_title":"Wo Sarrazin recht hat, hat er recht - Herdentrieb","og_description":"Es gibt erste kritische Kommentare zur Thilo Sarrazins Text heute in der FAZ. Und in der Tat ist seine Analyse nicht immer auf der H\u00f6he der Zeit. So schreibt er etwa \u00fcber die Korrektur von \u00f6konomischen Ungleichgewichten: Das ist v\u00f6llig normal, in sich auch gar nicht katastrophal und zudem unvermeidlich, da das Ventil der Wechselkurse [&hellip;]","og_url":"https:\/\/blog.zeit.de\/herdentrieb\/2012\/07\/17\/wo-sarrazin-recht-hat-hat-er-recht_5078","og_site_name":"Herdentrieb","article_published_time":"2012-07-17T13:23:24+00:00","article_modified_time":"2012-08-01T12:28:40+00:00","author":"Mark Schieritz","twitter_card":"summary_large_image","twitter_creator":"@zeitonline","twitter_site":"@zeitonline","twitter_misc":{"Geschrieben von":"Mark Schieritz","Gesch\u00e4tzte Lesezeit":"2\u00a0Minuten"},"schema":{"@context":"https:\/\/schema.org","@graph":[{"@type":"WebPage","@id":"https:\/\/blog.zeit.de\/herdentrieb\/2012\/07\/17\/wo-sarrazin-recht-hat-hat-er-recht_5078","url":"https:\/\/blog.zeit.de\/herdentrieb\/2012\/07\/17\/wo-sarrazin-recht-hat-hat-er-recht_5078","name":"Wo Sarrazin recht hat, hat er recht - Herdentrieb","isPartOf":{"@id":"https:\/\/blog.zeit.de\/herdentrieb\/#website"},"datePublished":"2012-07-17T13:23:24+00:00","dateModified":"2012-08-01T12:28:40+00:00","author":{"@id":"https:\/\/blog.zeit.de\/herdentrieb\/#\/schema\/person\/a2dfa95bbd4de7e06edc88db4e3d3871"},"breadcrumb":{"@id":"https:\/\/blog.zeit.de\/herdentrieb\/2012\/07\/17\/wo-sarrazin-recht-hat-hat-er-recht_5078#breadcrumb"},"inLanguage":"de","potentialAction":[{"@type":"ReadAction","target":["https:\/\/blog.zeit.de\/herdentrieb\/2012\/07\/17\/wo-sarrazin-recht-hat-hat-er-recht_5078"]}]},{"@type":"BreadcrumbList","@id":"https:\/\/blog.zeit.de\/herdentrieb\/2012\/07\/17\/wo-sarrazin-recht-hat-hat-er-recht_5078#breadcrumb","itemListElement":[{"@type":"ListItem","position":1,"name":"Startseite","item":"https:\/\/blog.zeit.de\/herdentrieb"},{"@type":"ListItem","position":2,"name":"Wo Sarrazin recht hat, hat er recht"}]},{"@type":"WebSite","@id":"https:\/\/blog.zeit.de\/herdentrieb\/#website","url":"https:\/\/blog.zeit.de\/herdentrieb\/","name":"Herdentrieb","description":"So funktioniert Kapitalismus. Ein Blog","potentialAction":[{"@type":"SearchAction","target":{"@type":"EntryPoint","urlTemplate":"https:\/\/blog.zeit.de\/herdentrieb\/?s={search_term_string}"},"query-input":"required name=search_term_string"}],"inLanguage":"de"},{"@type":"Person","@id":"https:\/\/blog.zeit.de\/herdentrieb\/#\/schema\/person\/a2dfa95bbd4de7e06edc88db4e3d3871","name":"Mark Schieritz","image":{"@type":"ImageObject","inLanguage":"de","@id":"https:\/\/blog.zeit.de\/herdentrieb\/#\/schema\/person\/image\/","url":"https:\/\/secure.gravatar.com\/avatar\/66e072b8ecaf6d851921c0577ca78c8c9a24223a3c3cb6df48c5d839d1b622e0?s=96&d=mm&r=g","contentUrl":"https:\/\/secure.gravatar.com\/avatar\/66e072b8ecaf6d851921c0577ca78c8c9a24223a3c3cb6df48c5d839d1b622e0?s=96&d=mm&r=g","caption":"Mark Schieritz"},"url":"https:\/\/blog.zeit.de\/herdentrieb\/author\/mark-schieritz"}]}},"jetpack_featured_media_url":"","jetpack_sharing_enabled":true,"_links":{"self":[{"href":"https:\/\/blog.zeit.de\/herdentrieb\/wp-json\/wp\/v2\/posts\/5078","targetHints":{"allow":["GET"]}}],"collection":[{"href":"https:\/\/blog.zeit.de\/herdentrieb\/wp-json\/wp\/v2\/posts"}],"about":[{"href":"https:\/\/blog.zeit.de\/herdentrieb\/wp-json\/wp\/v2\/types\/post"}],"author":[{"embeddable":true,"href":"https:\/\/blog.zeit.de\/herdentrieb\/wp-json\/wp\/v2\/users\/215"}],"replies":[{"embeddable":true,"href":"https:\/\/blog.zeit.de\/herdentrieb\/wp-json\/wp\/v2\/comments?post=5078"}],"version-history":[{"count":5,"href":"https:\/\/blog.zeit.de\/herdentrieb\/wp-json\/wp\/v2\/posts\/5078\/revisions"}],"predecessor-version":[{"id":5117,"href":"https:\/\/blog.zeit.de\/herdentrieb\/wp-json\/wp\/v2\/posts\/5078\/revisions\/5117"}],"wp:attachment":[{"href":"https:\/\/blog.zeit.de\/herdentrieb\/wp-json\/wp\/v2\/media?parent=5078"}],"wp:term":[{"taxonomy":"category","embeddable":true,"href":"https:\/\/blog.zeit.de\/herdentrieb\/wp-json\/wp\/v2\/categories?post=5078"},{"taxonomy":"post_tag","embeddable":true,"href":"https:\/\/blog.zeit.de\/herdentrieb\/wp-json\/wp\/v2\/tags?post=5078"}],"curies":[{"name":"wp","href":"https:\/\/api.w.org\/{rel}","templated":true}]}}