{"id":5220,"date":"2012-09-24T10:26:12","date_gmt":"2012-09-24T08:26:12","guid":{"rendered":"http:\/\/blog.zeit.de\/herdentrieb\/?p=5220"},"modified":"2012-09-25T10:43:33","modified_gmt":"2012-09-25T08:43:33","slug":"hohe-staatliche-haushaltsdefizite-niedrige-inflation","status":"publish","type":"post","link":"https:\/\/blog.zeit.de\/herdentrieb\/2012\/09\/24\/hohe-staatliche-haushaltsdefizite-niedrige-inflation_5220","title":{"rendered":"Hohe staatliche Haushaltsdefizite, niedrige Inflation"},"content":{"rendered":"<p>In der <em>Frankfurter Allgemeinen Sonntagszeitung<\/em> <a href=\"http:\/\/www.faz.net\/aktuell\/wirtschaft\/europas-schuldenkrise\/schuldenkrise-die-angst-vor-der-inflation-11899733.html\">setzt sich<\/a> <a>Christian Siedenbiedel<\/a> mit der Angst der deutschen Sparer auseinander, dass hohe Haushaltsdefizite und forciertes Gelddrucken durch die Notenbank unweigerlich zu einem Kaufkraftverlust des Geldes f\u00fchren. Vor allem Jens Weidmann und dessen Doktorvater Manfred Neumann werden als wichtige Warner zitiert, aber im Grunde glauben auch die meisten deutschen \u00d6konomen und die von ihnen dominierten Medien an diesen Zusammenhang.<\/p>\n<p>Ich meine hingegen: Es kann so kommen, es muss aber nicht. Augenblicklich spricht wenig f\u00fcr eine beschleunigte Geldentwertung, und zwar nicht nur in der nahen Zukunft, sondern auf Jahre hinaus.<!--more--><\/p>\n<p>Zun\u00e4chst einmal ein Faktencheck: Im August waren die Verbraucherpreise hierzulande um zwei Prozent h\u00f6her als vor einem Jahr. Aktuell gibt es daher keinen Anlass zur Sorge. Ohne den volatilen Faktor &#8222;Energie&#8220; betrug die Inflationsrate sogar nur 1,4 Prozent. Die &#8222;Erzeugerpreise gewerblicher Produkte&#8220; sind in den vergangenen sechs Monaten mit einer auf das Jahr hochgerechneten Rate von 0,3 Prozent gestiegen. Ohne die Ausgaben f\u00fcr Energie waren es ebenfalls 0,3 Prozent. In der Pipeline staut sich bisher kein Inflationsdruck auf.<\/p>\n<p><figure id=\"attachment_5222\" aria-describedby=\"caption-attachment-5222\" style=\"width: 485px\" class=\"wp-caption alignnone\"><img loading=\"lazy\" decoding=\"async\" class=\"size-full wp-image-5222\" title=\"Deutschland - Verbraucherpreisinflation\" src=\"https:\/\/blog.zeit.de\/herdentrieb\/files\/2012\/09\/DE_Verbraucherpreisinflation.gif\" alt=\"Grafik: Deutschland - Verbraucherpreisinflation\" width=\"485\" height=\"290\" srcset=\"https:\/\/blog.zeit.de\/herdentrieb\/files\/2012\/09\/DE_Verbraucherpreisinflation.gif 485w, https:\/\/blog.zeit.de\/herdentrieb\/files\/2012\/09\/DE_Verbraucherpreisinflation-300x179.gif 300w\" sizes=\"auto, (max-width: 485px) 100vw, 485px\" \/><figcaption id=\"caption-attachment-5222\" class=\"wp-caption-text\">Deutschland - Verbraucherpreisinflation<\/figcaption><\/figure><\/p>\n<p>Ich weise zudem darauf hin, dass es in diesem Jahr trotz des sehr schwachen Wirtschaftswachstums vermutlich <a href=\"https:\/\/blog.zeit.de\/herdentrieb\/2012\/08\/24\/wirtschaft-wachst-staatsfinanzen-im-plus-dem-euro-sei-dank_5154\">einen kleinen \u00dcberschuss im gesamtstaatlichen Haushalt geben wird<\/a>. Die Schulden werden also um diesen Betrag sinken. Nach Abzug der Geldentwertung, also real, werden sie sogar um etwa 2 Prozent schrumpfen.<\/p>\n<p>Das bedeutet zwar nicht, dass es so weitergehen wird. Es spricht aber Einiges daf\u00fcr. Erstens wird die deutsche Wirtschaft in den kommenden Quartalen langsamer expandieren als ihr sogenanntes Produktionspotenzial, so dass die Outputl\u00fccke gr\u00f6\u00dfer wird. Die Arbeitslosigkeit zieht bereits seit einigen Monaten leicht an. Wenn die Kapazit\u00e4tsauslastung sinkt, f\u00e4llt es den Unternehmen schwer, ihre Preise anzuheben. Auch Lohnerh\u00f6hungen lassen sich nicht so leicht durchsetzen. Zudem vergr\u00f6\u00dfert sich die Outputl\u00fccke nicht nur, sie ist auch absolut gesehen seit der Rezession 2008\/2009 nach wie vor sehr gro\u00df. Das ist der Grund, warum es auch vor der j\u00fcngsten Konjunkturschw\u00e4che keine wirklichen Inflationssorgen gab, nicht zuletzt ablesbar an dem stetigen R\u00fcckgang der Bondrenditen. Diese bewegen sich mehr oder weniger im Gleichschritt mit den Inflationserwartungen. Es handelt sich dabei \u00fcbrigens um ein globales Ph\u00e4nomen.<\/p>\n<p>Zweitens ist damit zu rechnen, dass der Euro aufwerten wird. Ich nehme an, dass es im Verlauf des Winters gelingen wird, die Gemeinschaftsw\u00e4hrung auf ein solides institutionelles Fundament zu stellen, mit zentraler Bankenaufsicht und Einlagensicherung. Dann wird nicht mehr die Unsicherheit \u00fcber die Zukunft der W\u00e4hrungsunion den Wechselkurs des Euro bestimmen, sondern deren (kleiner) \u00dcberschuss in der Leistungsbilanz sowie das relativ geringe aggregierte Budgetdefizit. Ein aufwertender Euro d\u00e4mpft die Inflation zus\u00e4tzlich.<\/p>\n<p>Drittens gehe ich davon aus, dass die Verbindung zwischen Zentralbankbilanz und Kreditvergabe an Haushalte, Nicht-Banken und Staat gest\u00f6rt bleiben wird. Das Gelddrucken der EZB wird also nicht zu steigenden Inflationsraten f\u00fchren. Wenn die potenziellen Kreditnehmer im Gefolge geplatzter Immobilienblasen \u00fcberschuldet sind, k\u00f6nnen sie weder mit einem gro\u00dfz\u00fcgigen Geldangebot noch mit rekordniedrigen Zinsen zum Schuldenmachen und Geldausgeben bewegt werden. Auch viele staatliche Schuldner in der Peripherie der Euro-Zone sehen sich gezwungen, erst einmal ihre Haushalte durch Sparma\u00dfnahmen (und h\u00f6here Steuern) in Ordnung zu bringen. All das wirkt pro-zyklisch, schw\u00e4cht also die Nachfrage nach G\u00fctern und Dienstleistungen, und vermindert damit die Inflationsrisiken.<\/p>\n<p><figure id=\"attachment_5247\" aria-describedby=\"caption-attachment-5247\" style=\"width: 476px\" class=\"wp-caption alignnone\"><img loading=\"lazy\" decoding=\"async\" src=\"https:\/\/blog.zeit.de\/herdentrieb\/files\/2012\/09\/EA_Geldbasis_M3_Kredite_skaliert.gif\" alt=\"Grafik: Zentralbankgeldmenge, M3 und Kredite im Euroraum\" title=\"Zentralbankgeldmenge, M3 und Kredite im Euroraum\" width=\"476\" height=\"331\" class=\"size-full wp-image-5247\" srcset=\"https:\/\/blog.zeit.de\/herdentrieb\/files\/2012\/09\/EA_Geldbasis_M3_Kredite_skaliert.gif 476w, https:\/\/blog.zeit.de\/herdentrieb\/files\/2012\/09\/EA_Geldbasis_M3_Kredite_skaliert-300x208.gif 300w\" sizes=\"auto, (max-width: 476px) 100vw, 476px\" \/><figcaption id=\"caption-attachment-5247\" class=\"wp-caption-text\">Zentralbankgeldmenge, M3 und Kredite im Euroraum<\/figcaption><\/figure><\/p>\n<p>Viertens sind in den entwickelten L\u00e4ndern hohe staatliche Haushaltsdefizite und Schulden in Friedenszeiten oft lediglich ein Zeichen daf\u00fcr, dass die Nachfrage des privaten Sektors so schwach ist, dass der Staat einspringen muss, wenn er einen scharfen Anstieg er Arbeitslosigkeit verhindern will. Am Beispiel Japans l\u00e4sst sich das sehr eindrucksvoll zeigen. Weil die Konsumenten nach dem Platzen der Immobilien- und Aktienblasen der achtziger Jahre total \u00fcberschuldet waren, kannten sie sp\u00e4testens seit 1993 nur Eins: ihre Schulden zu verringern. Die Unternehmen wiederum waren in den neunziger Jahren mit einer gewaltigen Aufwertung des Yen konfrontiert (teilweise Folge der inl\u00e4ndischen Sparexzesse und des daraus resultierenden \u00dcberschusses im Au\u00dfenhandel). Dadurch waren sie gezwungen, zunehmend im immer billigeren Ausland zu investieren, zulasten der inl\u00e4ndischen Ausgaben. Die Outputl\u00fccke, die dadurch nach den goldenen achtziger Jahren entstanden war, ist bis heute noch nicht geschlossen.<\/p>\n<p>Inzwischen hat der japanische Staat durch sein st\u00e4ndiges L\u00fcckenf\u00fcllen seinen Schuldenstand auf rund 250 Prozent des Sozialprodukts erh\u00f6ht. Dennoch ist es bislang noch nicht zu einem Anziehen der Inflation gekommen. In diesem Jahr d\u00fcrften die Verbraucherpreise im Durchschnitt um 0,1 Prozent h\u00f6her sein als 2011, w\u00e4hrend das gesamtstaatliche Defizit erneut knapp 10 Prozent des Sozialprodukts erreichen wird. Mit anderen Worten: Hohe Budgetdefizite sind keineswegs gleichzusetzen mit einer leichtfertigen oder unverantwortlichen Finanzpolitik. Vor allem sind sie weder ein Fr\u00fchindikator daf\u00fcr, dass Inflation \u00fcber kurz oder lang aus dem Ruder laufen, noch daf\u00fcr, dass der Wert der Ersparnisse sinken muss. Schlie\u00dflich herrschen solche Verh\u00e4ltnisse in Japan schon seit bald 20 Jahren. Das folgende Schaubild belegt, dass der Zusammenhang zwischen steigenden Staatsschulden (sprich negativen Finanzierungssalden des Staates) und Inflation nicht existiert. Eher ist das Gegenteil der Fall. Ich w\u00e4re nicht \u00fcberrascht, wenn es in den USA, in Gro\u00dfbritannien und in den Staaten in der Peripherie Eurolands \u00e4hnlich ablaufen wird. Der bef\u00fcrchtete Zusammenhang mag in Nachkriegszeiten existieren, nicht aber in Zeiten struktureller Nachfrageschw\u00e4che.<\/p>\n<p><figure id=\"attachment_5223\" aria-describedby=\"caption-attachment-5223\" style=\"width: 482px\" class=\"wp-caption alignnone\"><img loading=\"lazy\" decoding=\"async\" class=\"size-full wp-image-5223\" title=\"Japan - Budgetdefizite und Inflation\" src=\"https:\/\/blog.zeit.de\/herdentrieb\/files\/2012\/09\/Japan_Defizite_und_Inflation.gif\" alt=\"Grafik: Japan - Budgetdefizite und Inflation\" width=\"482\" height=\"321\" srcset=\"https:\/\/blog.zeit.de\/herdentrieb\/files\/2012\/09\/Japan_Defizite_und_Inflation.gif 482w, https:\/\/blog.zeit.de\/herdentrieb\/files\/2012\/09\/Japan_Defizite_und_Inflation-300x199.gif 300w\" sizes=\"auto, (max-width: 482px) 100vw, 482px\" \/><figcaption id=\"caption-attachment-5223\" class=\"wp-caption-text\">Japan - Budgetdefizite und Inflation<\/figcaption><\/figure><\/p>\n","protected":false},"excerpt":{"rendered":"<p>In der Frankfurter Allgemeinen Sonntagszeitung setzt sich Christian Siedenbiedel mit der Angst der deutschen Sparer auseinander, dass hohe Haushaltsdefizite und forciertes Gelddrucken durch die Notenbank unweigerlich zu einem Kaufkraftverlust des Geldes f\u00fchren. Vor allem Jens Weidmann und dessen Doktorvater Manfred Neumann werden als wichtige Warner zitiert, aber im Grunde glauben auch die meisten deutschen \u00d6konomen [&hellip;]<\/p>\n","protected":false},"author":61,"featured_media":0,"comment_status":"open","ping_status":"closed","sticky":false,"template":"","format":"standard","meta":{"_jetpack_memberships_contains_paid_content":false,"footnotes":""},"categories":[10],"tags":[],"class_list":["post-5220","post","type-post","status-publish","format-standard","hentry","category-leitwahrungswatch"],"yoast_head":"<!-- This site is optimized with the Yoast SEO plugin v21.0 - https:\/\/yoast.com\/wordpress\/plugins\/seo\/ -->\n<title>Hohe staatliche Haushaltsdefizite, niedrige Inflation - Herdentrieb<\/title>\n<meta name=\"robots\" content=\"index, follow, max-snippet:-1, max-image-preview:large, max-video-preview:-1\" \/>\n<link rel=\"canonical\" href=\"https:\/\/blog.zeit.de\/herdentrieb\/2012\/09\/24\/hohe-staatliche-haushaltsdefizite-niedrige-inflation_5220\" \/>\n<meta property=\"og:locale\" content=\"de_DE\" \/>\n<meta property=\"og:type\" content=\"article\" \/>\n<meta property=\"og:title\" content=\"Hohe staatliche Haushaltsdefizite, niedrige Inflation - Herdentrieb\" \/>\n<meta property=\"og:description\" content=\"In der Frankfurter Allgemeinen Sonntagszeitung setzt sich Christian Siedenbiedel mit der Angst der deutschen Sparer auseinander, dass hohe Haushaltsdefizite und forciertes Gelddrucken durch die Notenbank unweigerlich zu einem Kaufkraftverlust des Geldes f\u00fchren. Vor allem Jens Weidmann und dessen Doktorvater Manfred Neumann werden als wichtige Warner zitiert, aber im Grunde glauben auch die meisten deutschen \u00d6konomen [&hellip;]\" \/>\n<meta property=\"og:url\" content=\"https:\/\/blog.zeit.de\/herdentrieb\/2012\/09\/24\/hohe-staatliche-haushaltsdefizite-niedrige-inflation_5220\" \/>\n<meta property=\"og:site_name\" content=\"Herdentrieb\" \/>\n<meta property=\"article:published_time\" content=\"2012-09-24T08:26:12+00:00\" \/>\n<meta property=\"article:modified_time\" content=\"2012-09-25T08:43:33+00:00\" \/>\n<meta property=\"og:image\" content=\"https:\/\/blog.zeit.de\/herdentrieb\/files\/2012\/09\/DE_Verbraucherpreisinflation.gif\" \/>\n<meta name=\"author\" content=\"Dieter Wermuth\" \/>\n<meta name=\"twitter:card\" content=\"summary_large_image\" \/>\n<meta name=\"twitter:creator\" content=\"@zeitonline\" \/>\n<meta name=\"twitter:site\" content=\"@zeitonline\" \/>\n<meta name=\"twitter:label1\" content=\"Geschrieben von\" \/>\n\t<meta name=\"twitter:data1\" content=\"Dieter Wermuth\" \/>\n\t<meta name=\"twitter:label2\" content=\"Gesch\u00e4tzte Lesezeit\" \/>\n\t<meta name=\"twitter:data2\" content=\"5\u00a0Minuten\" \/>\n<script type=\"application\/ld+json\" class=\"yoast-schema-graph\">{\"@context\":\"https:\/\/schema.org\",\"@graph\":[{\"@type\":\"WebPage\",\"@id\":\"https:\/\/blog.zeit.de\/herdentrieb\/2012\/09\/24\/hohe-staatliche-haushaltsdefizite-niedrige-inflation_5220\",\"url\":\"https:\/\/blog.zeit.de\/herdentrieb\/2012\/09\/24\/hohe-staatliche-haushaltsdefizite-niedrige-inflation_5220\",\"name\":\"Hohe staatliche Haushaltsdefizite, niedrige Inflation - Herdentrieb\",\"isPartOf\":{\"@id\":\"https:\/\/blog.zeit.de\/herdentrieb\/#website\"},\"datePublished\":\"2012-09-24T08:26:12+00:00\",\"dateModified\":\"2012-09-25T08:43:33+00:00\",\"author\":{\"@id\":\"https:\/\/blog.zeit.de\/herdentrieb\/#\/schema\/person\/cded255e8a7893fa16565de10e59b891\"},\"breadcrumb\":{\"@id\":\"https:\/\/blog.zeit.de\/herdentrieb\/2012\/09\/24\/hohe-staatliche-haushaltsdefizite-niedrige-inflation_5220#breadcrumb\"},\"inLanguage\":\"de\",\"potentialAction\":[{\"@type\":\"ReadAction\",\"target\":[\"https:\/\/blog.zeit.de\/herdentrieb\/2012\/09\/24\/hohe-staatliche-haushaltsdefizite-niedrige-inflation_5220\"]}]},{\"@type\":\"BreadcrumbList\",\"@id\":\"https:\/\/blog.zeit.de\/herdentrieb\/2012\/09\/24\/hohe-staatliche-haushaltsdefizite-niedrige-inflation_5220#breadcrumb\",\"itemListElement\":[{\"@type\":\"ListItem\",\"position\":1,\"name\":\"Startseite\",\"item\":\"https:\/\/blog.zeit.de\/herdentrieb\"},{\"@type\":\"ListItem\",\"position\":2,\"name\":\"Hohe staatliche Haushaltsdefizite, niedrige Inflation\"}]},{\"@type\":\"WebSite\",\"@id\":\"https:\/\/blog.zeit.de\/herdentrieb\/#website\",\"url\":\"https:\/\/blog.zeit.de\/herdentrieb\/\",\"name\":\"Herdentrieb\",\"description\":\"So funktioniert Kapitalismus. Ein Blog\",\"potentialAction\":[{\"@type\":\"SearchAction\",\"target\":{\"@type\":\"EntryPoint\",\"urlTemplate\":\"https:\/\/blog.zeit.de\/herdentrieb\/?s={search_term_string}\"},\"query-input\":\"required name=search_term_string\"}],\"inLanguage\":\"de\"},{\"@type\":\"Person\",\"@id\":\"https:\/\/blog.zeit.de\/herdentrieb\/#\/schema\/person\/cded255e8a7893fa16565de10e59b891\",\"name\":\"Dieter Wermuth\",\"image\":{\"@type\":\"ImageObject\",\"inLanguage\":\"de\",\"@id\":\"https:\/\/blog.zeit.de\/herdentrieb\/#\/schema\/person\/image\/\",\"url\":\"https:\/\/secure.gravatar.com\/avatar\/17b936dcdfff00d08ede21a6c8044f16e55bc8832ed4a15d30fdb3dcfd0adec3?s=96&d=mm&r=g\",\"contentUrl\":\"https:\/\/secure.gravatar.com\/avatar\/17b936dcdfff00d08ede21a6c8044f16e55bc8832ed4a15d30fdb3dcfd0adec3?s=96&d=mm&r=g\",\"caption\":\"Dieter Wermuth\"},\"url\":\"https:\/\/blog.zeit.de\/herdentrieb\/author\/dieter-wermuth\"}]}<\/script>\n<!-- \/ Yoast SEO plugin. -->","yoast_head_json":{"title":"Hohe staatliche Haushaltsdefizite, niedrige Inflation - Herdentrieb","robots":{"index":"index","follow":"follow","max-snippet":"max-snippet:-1","max-image-preview":"max-image-preview:large","max-video-preview":"max-video-preview:-1"},"canonical":"https:\/\/blog.zeit.de\/herdentrieb\/2012\/09\/24\/hohe-staatliche-haushaltsdefizite-niedrige-inflation_5220","og_locale":"de_DE","og_type":"article","og_title":"Hohe staatliche Haushaltsdefizite, niedrige Inflation - Herdentrieb","og_description":"In der Frankfurter Allgemeinen Sonntagszeitung setzt sich Christian Siedenbiedel mit der Angst der deutschen Sparer auseinander, dass hohe Haushaltsdefizite und forciertes Gelddrucken durch die Notenbank unweigerlich zu einem Kaufkraftverlust des Geldes f\u00fchren. Vor allem Jens Weidmann und dessen Doktorvater Manfred Neumann werden als wichtige Warner zitiert, aber im Grunde glauben auch die meisten deutschen \u00d6konomen [&hellip;]","og_url":"https:\/\/blog.zeit.de\/herdentrieb\/2012\/09\/24\/hohe-staatliche-haushaltsdefizite-niedrige-inflation_5220","og_site_name":"Herdentrieb","article_published_time":"2012-09-24T08:26:12+00:00","article_modified_time":"2012-09-25T08:43:33+00:00","og_image":[{"url":"https:\/\/blog.zeit.de\/herdentrieb\/files\/2012\/09\/DE_Verbraucherpreisinflation.gif"}],"author":"Dieter Wermuth","twitter_card":"summary_large_image","twitter_creator":"@zeitonline","twitter_site":"@zeitonline","twitter_misc":{"Geschrieben von":"Dieter Wermuth","Gesch\u00e4tzte Lesezeit":"5\u00a0Minuten"},"schema":{"@context":"https:\/\/schema.org","@graph":[{"@type":"WebPage","@id":"https:\/\/blog.zeit.de\/herdentrieb\/2012\/09\/24\/hohe-staatliche-haushaltsdefizite-niedrige-inflation_5220","url":"https:\/\/blog.zeit.de\/herdentrieb\/2012\/09\/24\/hohe-staatliche-haushaltsdefizite-niedrige-inflation_5220","name":"Hohe staatliche Haushaltsdefizite, niedrige Inflation - Herdentrieb","isPartOf":{"@id":"https:\/\/blog.zeit.de\/herdentrieb\/#website"},"datePublished":"2012-09-24T08:26:12+00:00","dateModified":"2012-09-25T08:43:33+00:00","author":{"@id":"https:\/\/blog.zeit.de\/herdentrieb\/#\/schema\/person\/cded255e8a7893fa16565de10e59b891"},"breadcrumb":{"@id":"https:\/\/blog.zeit.de\/herdentrieb\/2012\/09\/24\/hohe-staatliche-haushaltsdefizite-niedrige-inflation_5220#breadcrumb"},"inLanguage":"de","potentialAction":[{"@type":"ReadAction","target":["https:\/\/blog.zeit.de\/herdentrieb\/2012\/09\/24\/hohe-staatliche-haushaltsdefizite-niedrige-inflation_5220"]}]},{"@type":"BreadcrumbList","@id":"https:\/\/blog.zeit.de\/herdentrieb\/2012\/09\/24\/hohe-staatliche-haushaltsdefizite-niedrige-inflation_5220#breadcrumb","itemListElement":[{"@type":"ListItem","position":1,"name":"Startseite","item":"https:\/\/blog.zeit.de\/herdentrieb"},{"@type":"ListItem","position":2,"name":"Hohe staatliche Haushaltsdefizite, niedrige Inflation"}]},{"@type":"WebSite","@id":"https:\/\/blog.zeit.de\/herdentrieb\/#website","url":"https:\/\/blog.zeit.de\/herdentrieb\/","name":"Herdentrieb","description":"So funktioniert Kapitalismus. Ein Blog","potentialAction":[{"@type":"SearchAction","target":{"@type":"EntryPoint","urlTemplate":"https:\/\/blog.zeit.de\/herdentrieb\/?s={search_term_string}"},"query-input":"required name=search_term_string"}],"inLanguage":"de"},{"@type":"Person","@id":"https:\/\/blog.zeit.de\/herdentrieb\/#\/schema\/person\/cded255e8a7893fa16565de10e59b891","name":"Dieter Wermuth","image":{"@type":"ImageObject","inLanguage":"de","@id":"https:\/\/blog.zeit.de\/herdentrieb\/#\/schema\/person\/image\/","url":"https:\/\/secure.gravatar.com\/avatar\/17b936dcdfff00d08ede21a6c8044f16e55bc8832ed4a15d30fdb3dcfd0adec3?s=96&d=mm&r=g","contentUrl":"https:\/\/secure.gravatar.com\/avatar\/17b936dcdfff00d08ede21a6c8044f16e55bc8832ed4a15d30fdb3dcfd0adec3?s=96&d=mm&r=g","caption":"Dieter Wermuth"},"url":"https:\/\/blog.zeit.de\/herdentrieb\/author\/dieter-wermuth"}]}},"jetpack_featured_media_url":"","jetpack_sharing_enabled":true,"_links":{"self":[{"href":"https:\/\/blog.zeit.de\/herdentrieb\/wp-json\/wp\/v2\/posts\/5220","targetHints":{"allow":["GET"]}}],"collection":[{"href":"https:\/\/blog.zeit.de\/herdentrieb\/wp-json\/wp\/v2\/posts"}],"about":[{"href":"https:\/\/blog.zeit.de\/herdentrieb\/wp-json\/wp\/v2\/types\/post"}],"author":[{"embeddable":true,"href":"https:\/\/blog.zeit.de\/herdentrieb\/wp-json\/wp\/v2\/users\/61"}],"replies":[{"embeddable":true,"href":"https:\/\/blog.zeit.de\/herdentrieb\/wp-json\/wp\/v2\/comments?post=5220"}],"version-history":[{"count":11,"href":"https:\/\/blog.zeit.de\/herdentrieb\/wp-json\/wp\/v2\/posts\/5220\/revisions"}],"predecessor-version":[{"id":5232,"href":"https:\/\/blog.zeit.de\/herdentrieb\/wp-json\/wp\/v2\/posts\/5220\/revisions\/5232"}],"wp:attachment":[{"href":"https:\/\/blog.zeit.de\/herdentrieb\/wp-json\/wp\/v2\/media?parent=5220"}],"wp:term":[{"taxonomy":"category","embeddable":true,"href":"https:\/\/blog.zeit.de\/herdentrieb\/wp-json\/wp\/v2\/categories?post=5220"},{"taxonomy":"post_tag","embeddable":true,"href":"https:\/\/blog.zeit.de\/herdentrieb\/wp-json\/wp\/v2\/tags?post=5220"}],"curies":[{"name":"wp","href":"https:\/\/api.w.org\/{rel}","templated":true}]}}