{"id":5243,"date":"2012-09-24T21:12:31","date_gmt":"2012-09-24T19:12:31","guid":{"rendered":"http:\/\/blog.zeit.de\/herdentrieb\/?p=5243"},"modified":"2012-09-25T00:18:58","modified_gmt":"2012-09-24T22:18:58","slug":"was-waren-wir-ohne-die-inflation","status":"publish","type":"post","link":"https:\/\/blog.zeit.de\/herdentrieb\/2012\/09\/24\/was-waren-wir-ohne-die-inflation_5243","title":{"rendered":"Was w\u00e4ren wir ohne die Inflation"},"content":{"rendered":"<p>Die <a href=\"http:\/\/www.wiwo.de\/politik\/europa\/esm-willkommen-in-der-inflationsgemeinschaft\/7174930.html\" target=\"_blank\"><em>Wirtschaftswoche<\/em><\/a> zur neuen Hebel-Idee:<\/p>\n<p style=\"padding-left: 30px;\"><em>Mittelfristig wird die von der EZB ausgel\u00f6ste Geldschwemme zu mehr Inflation f\u00fchren. Die Anleger wissen das. Statt Haircuts droht ihnen die Enteignung durch Inflation und negative Realzinsen. Daher d\u00fcrften sie wenig geneigt sein, mehr Geld in ESM-gehebelte Staatsanleihen der S\u00fcdl\u00e4nder zu investieren<\/em>.<\/p>\n<p>Inwieweit die Politik der EZB dazu beigetragen hat, die Zinsen in den s\u00fcdeurop\u00e4ischen L\u00e4ndern zu dr\u00fccken und neue Investoren anzulocken, ist in der Tat umstritten. Dass aber die Ma\u00dfnahmen der EZB die Anleger verschreckt, ist mir zumindest neu. Vielleicht ist es so, dann m\u00fcsste es einen Anstieg in den Renditen langfristiger Anleihen geben. Bislang sehe ich das nicht.<\/p>\n<p>Ich halte auch nicht so viel vom Hebel, aber manchmal frage ich, was Deutschlands \u00d6konomen wohl noch zu debattieren h\u00e4tten, wenn man ihnen die Inflationsangst nehmen w\u00fcrde.<\/p>\n","protected":false},"excerpt":{"rendered":"<p>Die Wirtschaftswoche zur neuen Hebel-Idee: Mittelfristig wird die von der EZB ausgel\u00f6ste Geldschwemme zu mehr Inflation f\u00fchren. Die Anleger wissen das. Statt Haircuts droht ihnen die Enteignung durch Inflation und negative Realzinsen. Daher d\u00fcrften sie wenig geneigt sein, mehr Geld in ESM-gehebelte Staatsanleihen der S\u00fcdl\u00e4nder zu investieren. Inwieweit die Politik der EZB dazu beigetragen hat, [&hellip;]<\/p>\n","protected":false},"author":215,"featured_media":0,"comment_status":"open","ping_status":"closed","sticky":false,"template":"","format":"standard","meta":{"_jetpack_memberships_contains_paid_content":false,"footnotes":""},"categories":[3],"tags":[],"class_list":["post-5243","post","type-post","status-publish","format-standard","hentry","category-der-aktuelle-rand"],"yoast_head":"<!-- This site is optimized with the Yoast SEO plugin v21.0 - https:\/\/yoast.com\/wordpress\/plugins\/seo\/ -->\n<title>Was w\u00e4ren wir ohne die Inflation - Herdentrieb<\/title>\n<meta name=\"robots\" content=\"index, follow, max-snippet:-1, max-image-preview:large, max-video-preview:-1\" \/>\n<link rel=\"canonical\" href=\"https:\/\/blog.zeit.de\/herdentrieb\/2012\/09\/24\/was-waren-wir-ohne-die-inflation_5243\" \/>\n<meta property=\"og:locale\" content=\"de_DE\" \/>\n<meta property=\"og:type\" content=\"article\" \/>\n<meta property=\"og:title\" content=\"Was w\u00e4ren wir ohne die Inflation - Herdentrieb\" \/>\n<meta property=\"og:description\" content=\"Die Wirtschaftswoche zur neuen Hebel-Idee: Mittelfristig wird die von der EZB ausgel\u00f6ste Geldschwemme zu mehr Inflation f\u00fchren. Die Anleger wissen das. Statt Haircuts droht ihnen die Enteignung durch Inflation und negative Realzinsen. Daher d\u00fcrften sie wenig geneigt sein, mehr Geld in ESM-gehebelte Staatsanleihen der S\u00fcdl\u00e4nder zu investieren. Inwieweit die Politik der EZB dazu beigetragen hat, [&hellip;]\" \/>\n<meta property=\"og:url\" content=\"https:\/\/blog.zeit.de\/herdentrieb\/2012\/09\/24\/was-waren-wir-ohne-die-inflation_5243\" \/>\n<meta property=\"og:site_name\" content=\"Herdentrieb\" \/>\n<meta property=\"article:published_time\" content=\"2012-09-24T19:12:31+00:00\" \/>\n<meta property=\"article:modified_time\" content=\"2012-09-24T22:18:58+00:00\" \/>\n<meta name=\"author\" content=\"Mark Schieritz\" \/>\n<meta name=\"twitter:card\" content=\"summary_large_image\" \/>\n<meta name=\"twitter:creator\" content=\"@zeitonline\" \/>\n<meta name=\"twitter:site\" content=\"@zeitonline\" \/>\n<meta name=\"twitter:label1\" content=\"Geschrieben von\" \/>\n\t<meta name=\"twitter:data1\" content=\"Mark Schieritz\" \/>\n\t<meta name=\"twitter:label2\" content=\"Gesch\u00e4tzte Lesezeit\" \/>\n\t<meta name=\"twitter:data2\" content=\"1\u00a0Minute\" \/>\n<script type=\"application\/ld+json\" class=\"yoast-schema-graph\">{\"@context\":\"https:\/\/schema.org\",\"@graph\":[{\"@type\":\"WebPage\",\"@id\":\"https:\/\/blog.zeit.de\/herdentrieb\/2012\/09\/24\/was-waren-wir-ohne-die-inflation_5243\",\"url\":\"https:\/\/blog.zeit.de\/herdentrieb\/2012\/09\/24\/was-waren-wir-ohne-die-inflation_5243\",\"name\":\"Was w\u00e4ren wir ohne die Inflation - Herdentrieb\",\"isPartOf\":{\"@id\":\"https:\/\/blog.zeit.de\/herdentrieb\/#website\"},\"datePublished\":\"2012-09-24T19:12:31+00:00\",\"dateModified\":\"2012-09-24T22:18:58+00:00\",\"author\":{\"@id\":\"https:\/\/blog.zeit.de\/herdentrieb\/#\/schema\/person\/a2dfa95bbd4de7e06edc88db4e3d3871\"},\"breadcrumb\":{\"@id\":\"https:\/\/blog.zeit.de\/herdentrieb\/2012\/09\/24\/was-waren-wir-ohne-die-inflation_5243#breadcrumb\"},\"inLanguage\":\"de\",\"potentialAction\":[{\"@type\":\"ReadAction\",\"target\":[\"https:\/\/blog.zeit.de\/herdentrieb\/2012\/09\/24\/was-waren-wir-ohne-die-inflation_5243\"]}]},{\"@type\":\"BreadcrumbList\",\"@id\":\"https:\/\/blog.zeit.de\/herdentrieb\/2012\/09\/24\/was-waren-wir-ohne-die-inflation_5243#breadcrumb\",\"itemListElement\":[{\"@type\":\"ListItem\",\"position\":1,\"name\":\"Startseite\",\"item\":\"https:\/\/blog.zeit.de\/herdentrieb\"},{\"@type\":\"ListItem\",\"position\":2,\"name\":\"Was w\u00e4ren wir ohne die Inflation\"}]},{\"@type\":\"WebSite\",\"@id\":\"https:\/\/blog.zeit.de\/herdentrieb\/#website\",\"url\":\"https:\/\/blog.zeit.de\/herdentrieb\/\",\"name\":\"Herdentrieb\",\"description\":\"So funktioniert Kapitalismus. Ein Blog\",\"potentialAction\":[{\"@type\":\"SearchAction\",\"target\":{\"@type\":\"EntryPoint\",\"urlTemplate\":\"https:\/\/blog.zeit.de\/herdentrieb\/?s={search_term_string}\"},\"query-input\":\"required name=search_term_string\"}],\"inLanguage\":\"de\"},{\"@type\":\"Person\",\"@id\":\"https:\/\/blog.zeit.de\/herdentrieb\/#\/schema\/person\/a2dfa95bbd4de7e06edc88db4e3d3871\",\"name\":\"Mark Schieritz\",\"image\":{\"@type\":\"ImageObject\",\"inLanguage\":\"de\",\"@id\":\"https:\/\/blog.zeit.de\/herdentrieb\/#\/schema\/person\/image\/\",\"url\":\"https:\/\/secure.gravatar.com\/avatar\/66e072b8ecaf6d851921c0577ca78c8c9a24223a3c3cb6df48c5d839d1b622e0?s=96&d=mm&r=g\",\"contentUrl\":\"https:\/\/secure.gravatar.com\/avatar\/66e072b8ecaf6d851921c0577ca78c8c9a24223a3c3cb6df48c5d839d1b622e0?s=96&d=mm&r=g\",\"caption\":\"Mark Schieritz\"},\"url\":\"https:\/\/blog.zeit.de\/herdentrieb\/author\/mark-schieritz\"}]}<\/script>\n<!-- \/ Yoast SEO plugin. -->","yoast_head_json":{"title":"Was w\u00e4ren wir ohne die Inflation - Herdentrieb","robots":{"index":"index","follow":"follow","max-snippet":"max-snippet:-1","max-image-preview":"max-image-preview:large","max-video-preview":"max-video-preview:-1"},"canonical":"https:\/\/blog.zeit.de\/herdentrieb\/2012\/09\/24\/was-waren-wir-ohne-die-inflation_5243","og_locale":"de_DE","og_type":"article","og_title":"Was w\u00e4ren wir ohne die Inflation - Herdentrieb","og_description":"Die Wirtschaftswoche zur neuen Hebel-Idee: Mittelfristig wird die von der EZB ausgel\u00f6ste Geldschwemme zu mehr Inflation f\u00fchren. Die Anleger wissen das. Statt Haircuts droht ihnen die Enteignung durch Inflation und negative Realzinsen. Daher d\u00fcrften sie wenig geneigt sein, mehr Geld in ESM-gehebelte Staatsanleihen der S\u00fcdl\u00e4nder zu investieren. Inwieweit die Politik der EZB dazu beigetragen hat, [&hellip;]","og_url":"https:\/\/blog.zeit.de\/herdentrieb\/2012\/09\/24\/was-waren-wir-ohne-die-inflation_5243","og_site_name":"Herdentrieb","article_published_time":"2012-09-24T19:12:31+00:00","article_modified_time":"2012-09-24T22:18:58+00:00","author":"Mark Schieritz","twitter_card":"summary_large_image","twitter_creator":"@zeitonline","twitter_site":"@zeitonline","twitter_misc":{"Geschrieben von":"Mark Schieritz","Gesch\u00e4tzte Lesezeit":"1\u00a0Minute"},"schema":{"@context":"https:\/\/schema.org","@graph":[{"@type":"WebPage","@id":"https:\/\/blog.zeit.de\/herdentrieb\/2012\/09\/24\/was-waren-wir-ohne-die-inflation_5243","url":"https:\/\/blog.zeit.de\/herdentrieb\/2012\/09\/24\/was-waren-wir-ohne-die-inflation_5243","name":"Was w\u00e4ren wir ohne die Inflation - Herdentrieb","isPartOf":{"@id":"https:\/\/blog.zeit.de\/herdentrieb\/#website"},"datePublished":"2012-09-24T19:12:31+00:00","dateModified":"2012-09-24T22:18:58+00:00","author":{"@id":"https:\/\/blog.zeit.de\/herdentrieb\/#\/schema\/person\/a2dfa95bbd4de7e06edc88db4e3d3871"},"breadcrumb":{"@id":"https:\/\/blog.zeit.de\/herdentrieb\/2012\/09\/24\/was-waren-wir-ohne-die-inflation_5243#breadcrumb"},"inLanguage":"de","potentialAction":[{"@type":"ReadAction","target":["https:\/\/blog.zeit.de\/herdentrieb\/2012\/09\/24\/was-waren-wir-ohne-die-inflation_5243"]}]},{"@type":"BreadcrumbList","@id":"https:\/\/blog.zeit.de\/herdentrieb\/2012\/09\/24\/was-waren-wir-ohne-die-inflation_5243#breadcrumb","itemListElement":[{"@type":"ListItem","position":1,"name":"Startseite","item":"https:\/\/blog.zeit.de\/herdentrieb"},{"@type":"ListItem","position":2,"name":"Was w\u00e4ren wir ohne die Inflation"}]},{"@type":"WebSite","@id":"https:\/\/blog.zeit.de\/herdentrieb\/#website","url":"https:\/\/blog.zeit.de\/herdentrieb\/","name":"Herdentrieb","description":"So funktioniert Kapitalismus. Ein Blog","potentialAction":[{"@type":"SearchAction","target":{"@type":"EntryPoint","urlTemplate":"https:\/\/blog.zeit.de\/herdentrieb\/?s={search_term_string}"},"query-input":"required name=search_term_string"}],"inLanguage":"de"},{"@type":"Person","@id":"https:\/\/blog.zeit.de\/herdentrieb\/#\/schema\/person\/a2dfa95bbd4de7e06edc88db4e3d3871","name":"Mark Schieritz","image":{"@type":"ImageObject","inLanguage":"de","@id":"https:\/\/blog.zeit.de\/herdentrieb\/#\/schema\/person\/image\/","url":"https:\/\/secure.gravatar.com\/avatar\/66e072b8ecaf6d851921c0577ca78c8c9a24223a3c3cb6df48c5d839d1b622e0?s=96&d=mm&r=g","contentUrl":"https:\/\/secure.gravatar.com\/avatar\/66e072b8ecaf6d851921c0577ca78c8c9a24223a3c3cb6df48c5d839d1b622e0?s=96&d=mm&r=g","caption":"Mark Schieritz"},"url":"https:\/\/blog.zeit.de\/herdentrieb\/author\/mark-schieritz"}]}},"jetpack_featured_media_url":"","jetpack_sharing_enabled":true,"_links":{"self":[{"href":"https:\/\/blog.zeit.de\/herdentrieb\/wp-json\/wp\/v2\/posts\/5243","targetHints":{"allow":["GET"]}}],"collection":[{"href":"https:\/\/blog.zeit.de\/herdentrieb\/wp-json\/wp\/v2\/posts"}],"about":[{"href":"https:\/\/blog.zeit.de\/herdentrieb\/wp-json\/wp\/v2\/types\/post"}],"author":[{"embeddable":true,"href":"https:\/\/blog.zeit.de\/herdentrieb\/wp-json\/wp\/v2\/users\/215"}],"replies":[{"embeddable":true,"href":"https:\/\/blog.zeit.de\/herdentrieb\/wp-json\/wp\/v2\/comments?post=5243"}],"version-history":[{"count":3,"href":"https:\/\/blog.zeit.de\/herdentrieb\/wp-json\/wp\/v2\/posts\/5243\/revisions"}],"predecessor-version":[{"id":5245,"href":"https:\/\/blog.zeit.de\/herdentrieb\/wp-json\/wp\/v2\/posts\/5243\/revisions\/5245"}],"wp:attachment":[{"href":"https:\/\/blog.zeit.de\/herdentrieb\/wp-json\/wp\/v2\/media?parent=5243"}],"wp:term":[{"taxonomy":"category","embeddable":true,"href":"https:\/\/blog.zeit.de\/herdentrieb\/wp-json\/wp\/v2\/categories?post=5243"},{"taxonomy":"post_tag","embeddable":true,"href":"https:\/\/blog.zeit.de\/herdentrieb\/wp-json\/wp\/v2\/tags?post=5243"}],"curies":[{"name":"wp","href":"https:\/\/api.w.org\/{rel}","templated":true}]}}