{"id":5249,"date":"2012-09-25T13:47:49","date_gmt":"2012-09-25T11:47:49","guid":{"rendered":"http:\/\/blog.zeit.de\/herdentrieb\/?p=5249"},"modified":"2020-06-09T19:35:56","modified_gmt":"2020-06-09T17:35:56","slug":"private-vorsorge-furs-alter-ein-irrweg","status":"publish","type":"post","link":"https:\/\/blog.zeit.de\/herdentrieb\/2012\/09\/25\/private-vorsorge-furs-alter-ein-irrweg_5249","title":{"rendered":"Private Vorsorge f\u00fcrs Alter \u2013 ein Irrweg"},"content":{"rendered":"<p>Bei der Allianz werden die Sektkorken knallen. Die Bundeskanzlerin hat ein Konzept zur Bek\u00e4mpfung der Altersarmut angek\u00fcndigt \u2013 und setzt dabei auf die <a href=\"http:\/\/www.spiegel.de\/politik\/deutschland\/kampf-gegen-altersarmut-merkel-will-private-vorsorge-foerdern-a-857821.html\" target=\"_blank\" rel=\"noopener noreferrer\">private Vorsorge<\/a>.<\/p>\n<p style=\"padding-left: 30px\"><em>In ihrem Konzept werde die Regierung nicht an die Rentenbeitr\u00e4ge oder die Renteneinnahmen herangehen. Vielmehr gehe es um Anreize, sich privat zu versichern, und Anreize, damit die gesetzliche Rentenversicherung nicht ihre Akzeptanz verliere.<\/em><\/p>\n<p><a href=\"http:\/\/www.wiesaussieht.de\/2012\/03\/15\/uber-jens-spahns-demographiereserve\/\" target=\"_blank\" rel=\"noopener noreferrer\">Frank L\u00fcbberding<\/a> hat neulich an die Machenroth-These erinnert, die im Grunde f\u00fcr eine geschlossene Volkswirtschaft kein seri\u00f6ser \u00d6konom bestreitet (f\u00fcr eine kritische Betrachtung von konservativer Seite, die aber auch keinen grunds\u00e4tzlichen Zweifel anmeldet, <a href=\"https:\/\/www.eucken.de\/wp-content\/uploads\/07_3bw.pdf\" target=\"_blank\" rel=\"noopener noreferrer\">siehe Clemens Fuest\u00a0hier<\/a>).<\/p>\n<p>Zur Erinnerung:<!--more--><\/p>\n<p style=\"padding-left: 30px\"><em>Nun gilt der einfache und klare Satz, da\u00df aller Sozialaufwand immer aus dem Volkseinkommen der laufenden Periode gedeckt werden mu\u00df. Es gibt gar keine andere Quelle und hat nie eine andere Quelle gegeben, aus der Sozialaufwand flie\u00dfen k\u00f6nnte, es gibt keine Ansammlung von Periode zu Periode, kein \u201aSparen\u2018 im privatwirtschaftlichen Sinne, es gibt einfach gar nichts anderes als das laufende Volkseinkommen als Quelle f\u00fcr den Sozialaufwand&#8230; Kapitalansammlungsverfahren und Umlageverfahren sind also der Sache nach gar nicht wesentlich verschieden. Volkswirtschaftlich gibt es immer nur ein Umlageverfahren.<\/em><\/p>\n<p>Im Klartext: Jedes Br\u00f6tchen, das die Alten essen wollen, muss von den Jungen gebacken werden. Ganz egal, wie die Rente finanziert ist. Entscheidend f\u00fcr den Wohlstand in zwanzig Jahren ist der Kapitalstock \u2013 also die Produktionsm\u00f6glichkeiten \u2013 in zwanzig Jahren. Eine private Zusatzvorsorge bringt f\u00fcr sich genommen also keine zus\u00e4tzlichen Ressourcen in das System. Geld kann man nicht essen, es ist ein Koordinationsinstrument \u2013 nicht mehr und nicht weniger. Mehr Ersparnis bedeutet nicht automatisch ein h\u00f6heres Wohlstandsniveau in der Zukunft.<\/p>\n<p>Wenn das gekl\u00e4rt ist, kann man sich dar\u00fcber unterhalten, ob die private Vorsorge vielleicht eine effizientere Allokation des Kapitals der Sparer erm\u00f6glicht als die staatliche Vorsorge und damit einen gr\u00f6\u00dferen Kapitalstock.<\/p>\n<p>Nun sind die Verwaltungskosten eines staatlichen Systems in der Regel geringer als die eines privaten. Es ist \u2013 Stichwort Gr\u00f6\u00dfenvorteile \u2013 schlicht billiger, die Rentenversicherung dem Bund zu \u00fcberlassen, als sie auf Tausende Banken und Fondsgesellschaften zu \u00fcbertragen. Nach meiner Kenntnis der Literatur ist das auch unbestritten. Bleibt die Frage, ob die Banken besonders gut darin sind, produktive Investitionsm\u00f6glichkeiten zu identifizieren, sodass die Wirtschaft einen Wachstumsschub erhielte, wenn man ihnen mehr Kapital zum verteilen gibt. Daran kann man glauben, aber nach einer durch massiven Fehlinvestments ausgel\u00f6sten Jahrhundertkrise auch zweifeln.<\/p>\n<p>Moment, werfen jetzt die Schlaumeier ein \u2013 wir leben \u00fcberhaupt nicht in einer geschlossenen Volkswirtschaft. Der Vorteil der privaten Vorsorge liegt darin, dass die Banken das Kapital im Ausland anlegen k\u00f6nnen. Da gibt es schlie\u00dflich viele junge und erfolgshungrige Menschen, die noch viele Br\u00f6tchen backen k\u00f6nnen, wenn hier der letzte B\u00e4cker wegen \u00dcberalterung aufgeben muss. Und indem wir den jungen Auslandsb\u00e4ckern heute Geld leihen, erwerben wir Anspruch auf ihre zuk\u00fcnftige Produktion. Wir erh\u00f6hen also unseren Kapitalstock durch demographische Arbitrage.<\/p>\n<p>Das kann nat\u00fcrlich funktionieren. Aber erst einmal altern die Menschen auch im Rest der Welt \u2013 und dann endete der letzte Versuch, deutsches Kapital gewinnbringend im Ausland anzulegen bekanntlich in einer spanischen Immobilienkrise und wertlosen Investmentzertifikaten von Lehman Brothers. Ganz allgemein: Wer auf das Ausland vertraut, muss mit dem Risiko leben, dass Schulden nicht zur\u00fcckbezahlt werden.<\/p>\n<p>Die private Vorsorge war und ist eine Schnapsidee \u2013 und der SPD hat die Kanzlerin hier ein Feld ge\u00f6ffnet, um sich zu profilieren.<\/p>\n","protected":false},"excerpt":{"rendered":"<p>Bei der Allianz werden die Sektkorken knallen. Die Bundeskanzlerin hat ein Konzept zur Bek\u00e4mpfung der Altersarmut angek\u00fcndigt \u2013 und setzt dabei auf die private Vorsorge. In ihrem Konzept werde die Regierung nicht an die Rentenbeitr\u00e4ge oder die Renteneinnahmen herangehen. Vielmehr gehe es um Anreize, sich privat zu versichern, und Anreize, damit die gesetzliche Rentenversicherung nicht [&hellip;]<\/p>\n","protected":false},"author":215,"featured_media":0,"comment_status":"open","ping_status":"closed","sticky":false,"template":"","format":"standard","meta":{"_jetpack_memberships_contains_paid_content":false,"footnotes":""},"categories":[3],"tags":[],"class_list":["post-5249","post","type-post","status-publish","format-standard","hentry","category-der-aktuelle-rand"],"yoast_head":"<!-- This site is optimized with the Yoast SEO plugin v21.0 - https:\/\/yoast.com\/wordpress\/plugins\/seo\/ -->\n<title>Private Vorsorge f\u00fcrs Alter \u2013 ein Irrweg - Herdentrieb<\/title>\n<meta name=\"robots\" content=\"index, follow, max-snippet:-1, max-image-preview:large, max-video-preview:-1\" \/>\n<link rel=\"canonical\" href=\"https:\/\/blog.zeit.de\/herdentrieb\/2012\/09\/25\/private-vorsorge-furs-alter-ein-irrweg_5249\" \/>\n<meta property=\"og:locale\" content=\"de_DE\" \/>\n<meta property=\"og:type\" content=\"article\" \/>\n<meta property=\"og:title\" content=\"Private Vorsorge f\u00fcrs Alter \u2013 ein Irrweg - Herdentrieb\" \/>\n<meta property=\"og:description\" content=\"Bei der Allianz werden die Sektkorken knallen. Die Bundeskanzlerin hat ein Konzept zur Bek\u00e4mpfung der Altersarmut angek\u00fcndigt \u2013 und setzt dabei auf die private Vorsorge. In ihrem Konzept werde die Regierung nicht an die Rentenbeitr\u00e4ge oder die Renteneinnahmen herangehen. Vielmehr gehe es um Anreize, sich privat zu versichern, und Anreize, damit die gesetzliche Rentenversicherung nicht [&hellip;]\" \/>\n<meta property=\"og:url\" content=\"https:\/\/blog.zeit.de\/herdentrieb\/2012\/09\/25\/private-vorsorge-furs-alter-ein-irrweg_5249\" \/>\n<meta property=\"og:site_name\" content=\"Herdentrieb\" \/>\n<meta property=\"article:published_time\" content=\"2012-09-25T11:47:49+00:00\" \/>\n<meta property=\"article:modified_time\" content=\"2020-06-09T17:35:56+00:00\" \/>\n<meta name=\"author\" content=\"Mark Schieritz\" \/>\n<meta name=\"twitter:card\" content=\"summary_large_image\" \/>\n<meta name=\"twitter:creator\" content=\"@zeitonline\" \/>\n<meta name=\"twitter:site\" content=\"@zeitonline\" \/>\n<meta name=\"twitter:label1\" content=\"Geschrieben von\" \/>\n\t<meta name=\"twitter:data1\" content=\"Mark Schieritz\" \/>\n\t<meta name=\"twitter:label2\" content=\"Gesch\u00e4tzte Lesezeit\" \/>\n\t<meta name=\"twitter:data2\" content=\"3\u00a0Minuten\" \/>\n<script type=\"application\/ld+json\" class=\"yoast-schema-graph\">{\"@context\":\"https:\/\/schema.org\",\"@graph\":[{\"@type\":\"WebPage\",\"@id\":\"https:\/\/blog.zeit.de\/herdentrieb\/2012\/09\/25\/private-vorsorge-furs-alter-ein-irrweg_5249\",\"url\":\"https:\/\/blog.zeit.de\/herdentrieb\/2012\/09\/25\/private-vorsorge-furs-alter-ein-irrweg_5249\",\"name\":\"Private Vorsorge f\u00fcrs Alter \u2013 ein Irrweg - Herdentrieb\",\"isPartOf\":{\"@id\":\"https:\/\/blog.zeit.de\/herdentrieb\/#website\"},\"datePublished\":\"2012-09-25T11:47:49+00:00\",\"dateModified\":\"2020-06-09T17:35:56+00:00\",\"author\":{\"@id\":\"https:\/\/blog.zeit.de\/herdentrieb\/#\/schema\/person\/a2dfa95bbd4de7e06edc88db4e3d3871\"},\"breadcrumb\":{\"@id\":\"https:\/\/blog.zeit.de\/herdentrieb\/2012\/09\/25\/private-vorsorge-furs-alter-ein-irrweg_5249#breadcrumb\"},\"inLanguage\":\"de\",\"potentialAction\":[{\"@type\":\"ReadAction\",\"target\":[\"https:\/\/blog.zeit.de\/herdentrieb\/2012\/09\/25\/private-vorsorge-furs-alter-ein-irrweg_5249\"]}]},{\"@type\":\"BreadcrumbList\",\"@id\":\"https:\/\/blog.zeit.de\/herdentrieb\/2012\/09\/25\/private-vorsorge-furs-alter-ein-irrweg_5249#breadcrumb\",\"itemListElement\":[{\"@type\":\"ListItem\",\"position\":1,\"name\":\"Startseite\",\"item\":\"https:\/\/blog.zeit.de\/herdentrieb\"},{\"@type\":\"ListItem\",\"position\":2,\"name\":\"Private Vorsorge f\u00fcrs Alter \u2013 ein Irrweg\"}]},{\"@type\":\"WebSite\",\"@id\":\"https:\/\/blog.zeit.de\/herdentrieb\/#website\",\"url\":\"https:\/\/blog.zeit.de\/herdentrieb\/\",\"name\":\"Herdentrieb\",\"description\":\"So funktioniert Kapitalismus. Ein Blog\",\"potentialAction\":[{\"@type\":\"SearchAction\",\"target\":{\"@type\":\"EntryPoint\",\"urlTemplate\":\"https:\/\/blog.zeit.de\/herdentrieb\/?s={search_term_string}\"},\"query-input\":\"required name=search_term_string\"}],\"inLanguage\":\"de\"},{\"@type\":\"Person\",\"@id\":\"https:\/\/blog.zeit.de\/herdentrieb\/#\/schema\/person\/a2dfa95bbd4de7e06edc88db4e3d3871\",\"name\":\"Mark Schieritz\",\"image\":{\"@type\":\"ImageObject\",\"inLanguage\":\"de\",\"@id\":\"https:\/\/blog.zeit.de\/herdentrieb\/#\/schema\/person\/image\/\",\"url\":\"https:\/\/secure.gravatar.com\/avatar\/66e072b8ecaf6d851921c0577ca78c8c9a24223a3c3cb6df48c5d839d1b622e0?s=96&d=mm&r=g\",\"contentUrl\":\"https:\/\/secure.gravatar.com\/avatar\/66e072b8ecaf6d851921c0577ca78c8c9a24223a3c3cb6df48c5d839d1b622e0?s=96&d=mm&r=g\",\"caption\":\"Mark Schieritz\"},\"url\":\"https:\/\/blog.zeit.de\/herdentrieb\/author\/mark-schieritz\"}]}<\/script>\n<!-- \/ Yoast SEO plugin. -->","yoast_head_json":{"title":"Private Vorsorge f\u00fcrs Alter \u2013 ein Irrweg - Herdentrieb","robots":{"index":"index","follow":"follow","max-snippet":"max-snippet:-1","max-image-preview":"max-image-preview:large","max-video-preview":"max-video-preview:-1"},"canonical":"https:\/\/blog.zeit.de\/herdentrieb\/2012\/09\/25\/private-vorsorge-furs-alter-ein-irrweg_5249","og_locale":"de_DE","og_type":"article","og_title":"Private Vorsorge f\u00fcrs Alter \u2013 ein Irrweg - Herdentrieb","og_description":"Bei der Allianz werden die Sektkorken knallen. Die Bundeskanzlerin hat ein Konzept zur Bek\u00e4mpfung der Altersarmut angek\u00fcndigt \u2013 und setzt dabei auf die private Vorsorge. In ihrem Konzept werde die Regierung nicht an die Rentenbeitr\u00e4ge oder die Renteneinnahmen herangehen. Vielmehr gehe es um Anreize, sich privat zu versichern, und Anreize, damit die gesetzliche Rentenversicherung nicht [&hellip;]","og_url":"https:\/\/blog.zeit.de\/herdentrieb\/2012\/09\/25\/private-vorsorge-furs-alter-ein-irrweg_5249","og_site_name":"Herdentrieb","article_published_time":"2012-09-25T11:47:49+00:00","article_modified_time":"2020-06-09T17:35:56+00:00","author":"Mark Schieritz","twitter_card":"summary_large_image","twitter_creator":"@zeitonline","twitter_site":"@zeitonline","twitter_misc":{"Geschrieben von":"Mark Schieritz","Gesch\u00e4tzte Lesezeit":"3\u00a0Minuten"},"schema":{"@context":"https:\/\/schema.org","@graph":[{"@type":"WebPage","@id":"https:\/\/blog.zeit.de\/herdentrieb\/2012\/09\/25\/private-vorsorge-furs-alter-ein-irrweg_5249","url":"https:\/\/blog.zeit.de\/herdentrieb\/2012\/09\/25\/private-vorsorge-furs-alter-ein-irrweg_5249","name":"Private Vorsorge f\u00fcrs Alter \u2013 ein Irrweg - Herdentrieb","isPartOf":{"@id":"https:\/\/blog.zeit.de\/herdentrieb\/#website"},"datePublished":"2012-09-25T11:47:49+00:00","dateModified":"2020-06-09T17:35:56+00:00","author":{"@id":"https:\/\/blog.zeit.de\/herdentrieb\/#\/schema\/person\/a2dfa95bbd4de7e06edc88db4e3d3871"},"breadcrumb":{"@id":"https:\/\/blog.zeit.de\/herdentrieb\/2012\/09\/25\/private-vorsorge-furs-alter-ein-irrweg_5249#breadcrumb"},"inLanguage":"de","potentialAction":[{"@type":"ReadAction","target":["https:\/\/blog.zeit.de\/herdentrieb\/2012\/09\/25\/private-vorsorge-furs-alter-ein-irrweg_5249"]}]},{"@type":"BreadcrumbList","@id":"https:\/\/blog.zeit.de\/herdentrieb\/2012\/09\/25\/private-vorsorge-furs-alter-ein-irrweg_5249#breadcrumb","itemListElement":[{"@type":"ListItem","position":1,"name":"Startseite","item":"https:\/\/blog.zeit.de\/herdentrieb"},{"@type":"ListItem","position":2,"name":"Private Vorsorge f\u00fcrs Alter \u2013 ein Irrweg"}]},{"@type":"WebSite","@id":"https:\/\/blog.zeit.de\/herdentrieb\/#website","url":"https:\/\/blog.zeit.de\/herdentrieb\/","name":"Herdentrieb","description":"So funktioniert Kapitalismus. Ein Blog","potentialAction":[{"@type":"SearchAction","target":{"@type":"EntryPoint","urlTemplate":"https:\/\/blog.zeit.de\/herdentrieb\/?s={search_term_string}"},"query-input":"required name=search_term_string"}],"inLanguage":"de"},{"@type":"Person","@id":"https:\/\/blog.zeit.de\/herdentrieb\/#\/schema\/person\/a2dfa95bbd4de7e06edc88db4e3d3871","name":"Mark Schieritz","image":{"@type":"ImageObject","inLanguage":"de","@id":"https:\/\/blog.zeit.de\/herdentrieb\/#\/schema\/person\/image\/","url":"https:\/\/secure.gravatar.com\/avatar\/66e072b8ecaf6d851921c0577ca78c8c9a24223a3c3cb6df48c5d839d1b622e0?s=96&d=mm&r=g","contentUrl":"https:\/\/secure.gravatar.com\/avatar\/66e072b8ecaf6d851921c0577ca78c8c9a24223a3c3cb6df48c5d839d1b622e0?s=96&d=mm&r=g","caption":"Mark Schieritz"},"url":"https:\/\/blog.zeit.de\/herdentrieb\/author\/mark-schieritz"}]}},"jetpack_featured_media_url":"","jetpack_sharing_enabled":true,"_links":{"self":[{"href":"https:\/\/blog.zeit.de\/herdentrieb\/wp-json\/wp\/v2\/posts\/5249","targetHints":{"allow":["GET"]}}],"collection":[{"href":"https:\/\/blog.zeit.de\/herdentrieb\/wp-json\/wp\/v2\/posts"}],"about":[{"href":"https:\/\/blog.zeit.de\/herdentrieb\/wp-json\/wp\/v2\/types\/post"}],"author":[{"embeddable":true,"href":"https:\/\/blog.zeit.de\/herdentrieb\/wp-json\/wp\/v2\/users\/215"}],"replies":[{"embeddable":true,"href":"https:\/\/blog.zeit.de\/herdentrieb\/wp-json\/wp\/v2\/comments?post=5249"}],"version-history":[{"count":5,"href":"https:\/\/blog.zeit.de\/herdentrieb\/wp-json\/wp\/v2\/posts\/5249\/revisions"}],"predecessor-version":[{"id":11605,"href":"https:\/\/blog.zeit.de\/herdentrieb\/wp-json\/wp\/v2\/posts\/5249\/revisions\/11605"}],"wp:attachment":[{"href":"https:\/\/blog.zeit.de\/herdentrieb\/wp-json\/wp\/v2\/media?parent=5249"}],"wp:term":[{"taxonomy":"category","embeddable":true,"href":"https:\/\/blog.zeit.de\/herdentrieb\/wp-json\/wp\/v2\/categories?post=5249"},{"taxonomy":"post_tag","embeddable":true,"href":"https:\/\/blog.zeit.de\/herdentrieb\/wp-json\/wp\/v2\/tags?post=5249"}],"curies":[{"name":"wp","href":"https:\/\/api.w.org\/{rel}","templated":true}]}}