{"id":5331,"date":"2012-10-31T14:41:31","date_gmt":"2012-10-31T13:41:31","guid":{"rendered":"http:\/\/blog.zeit.de\/herdentrieb\/?p=5331"},"modified":"2017-11-17T15:09:07","modified_gmt":"2017-11-17T14:09:07","slug":"wenns-ums-geld-geht-sparkasse","status":"publish","type":"post","link":"https:\/\/blog.zeit.de\/herdentrieb\/2012\/10\/31\/wenns-ums-geld-geht-sparkasse_5331","title":{"rendered":"Wenn&#8217;s ums Geld geht, Sparkasse?"},"content":{"rendered":"<p>Eigentlich bin ich ja ein Freund des Drei-S\u00e4ulen-Modells im deutschen Finanzsektor inklusive des \u00f6ffentlich-rechtlichen Bankenlagers. Aber was Sparkassenchef Georg Fahrenschon da laut FAZ zu sagen hat, stimmt mich nachdenklich:<\/p>\n<p style=\"padding-left: 30px;\"><em>Es ist nun ganz wichtig, dass die Notenbank den Punkt erkennt, wo man die hohe Liquidit\u00e4t wieder aus dem Markt herausnimmt&#8220;, mahnte Fahrenschon im Zweiten Deutschen Fernsehen (ZDF) aus Anlass des Weltspartages. Auch m\u00fcssten die L\u00e4nder in Europa &#8222;wirklich mit dem Sparen&#8220; beginnen. &#8222;Nur dann nimmt die Geldmenge wieder ab, und die Verm\u00f6gen der Sparer nehmen wieder zu. Dann werden auch die Zinsen wieder steigen&#8220;.<\/em><\/p>\n<p>Die L\u00e4nder in Europa sollen also wirklich mit dem Sparen beginnen. Und was macht Griechenland, wo das Strukturdefizit seit 2009 laut OECD von 16,4 auf 1,8 Prozent des Bruttoinlandsprodukts gesenkt wurde? Das entspricht einer Reduktion um 16,6 Prozentpunkte und kommt wahrscheinlich der gr\u00f6\u00dften K\u00fcrzungsorgie der Wirtschaftsgeschichte gleich? Oder Spanien, mit einem R\u00fcckgang um immerhin 5,0 Punkte? Oder Irland mit 6 Punkten? Deutschland hat im Rahmen der Agenda gerade einmal 2,9 Punkte eingespart \u2013 und daf\u00fcr ein Jahr l\u00e4nger gebraucht.<\/p>\n<p>Und wenn also gespart wird, dann nimmt die Geldmenge wieder ab und dann steigen die Zinsen. Aber steigen die Zinsen nicht in der Regel, wenn Geld <em>mehr<\/em> auf Pump ausgegeben wird, weil dann der Kapitalmarkt st\u00e4rker beansprucht wird? Und welches Modell hat Fahrenschon im Kopf, wenn er sagt, dass Sparen die Geldmenge verringert?<\/p>\n<p>Wenn das die makro-\u00f6konomische Kompetenz der Sparkassen ist, dann sollte man \u00fcberlegen, sein Geld lieber zur Deutschen Bank zu bringen. Die verstehen wenigstens was davon.<\/p>\n","protected":false},"excerpt":{"rendered":"<p>Eigentlich bin ich ja ein Freund des Drei-S\u00e4ulen-Modells im deutschen Finanzsektor inklusive des \u00f6ffentlich-rechtlichen Bankenlagers. Aber was Sparkassenchef Georg Fahrenschon da laut FAZ zu sagen hat, stimmt mich nachdenklich: Es ist nun ganz wichtig, dass die Notenbank den Punkt erkennt, wo man die hohe Liquidit\u00e4t wieder aus dem Markt herausnimmt&#8220;, mahnte Fahrenschon im Zweiten Deutschen [&hellip;]<\/p>\n","protected":false},"author":215,"featured_media":0,"comment_status":"open","ping_status":"closed","sticky":false,"template":"","format":"standard","meta":{"_jetpack_memberships_contains_paid_content":false,"footnotes":""},"categories":[3],"tags":[],"class_list":["post-5331","post","type-post","status-publish","format-standard","hentry","category-der-aktuelle-rand"],"yoast_head":"<!-- This site is optimized with the Yoast SEO plugin v21.0 - https:\/\/yoast.com\/wordpress\/plugins\/seo\/ -->\n<title>Wenn&#039;s ums Geld geht, Sparkasse? - Herdentrieb<\/title>\n<meta name=\"robots\" content=\"index, follow, max-snippet:-1, max-image-preview:large, max-video-preview:-1\" \/>\n<link rel=\"canonical\" href=\"https:\/\/blog.zeit.de\/herdentrieb\/2012\/10\/31\/wenns-ums-geld-geht-sparkasse_5331\" \/>\n<meta property=\"og:locale\" content=\"de_DE\" \/>\n<meta property=\"og:type\" content=\"article\" \/>\n<meta property=\"og:title\" content=\"Wenn&#039;s ums Geld geht, Sparkasse? - Herdentrieb\" \/>\n<meta property=\"og:description\" content=\"Eigentlich bin ich ja ein Freund des Drei-S\u00e4ulen-Modells im deutschen Finanzsektor inklusive des \u00f6ffentlich-rechtlichen Bankenlagers. Aber was Sparkassenchef Georg Fahrenschon da laut FAZ zu sagen hat, stimmt mich nachdenklich: Es ist nun ganz wichtig, dass die Notenbank den Punkt erkennt, wo man die hohe Liquidit\u00e4t wieder aus dem Markt herausnimmt&#8220;, mahnte Fahrenschon im Zweiten Deutschen [&hellip;]\" \/>\n<meta property=\"og:url\" content=\"https:\/\/blog.zeit.de\/herdentrieb\/2012\/10\/31\/wenns-ums-geld-geht-sparkasse_5331\" \/>\n<meta property=\"og:site_name\" content=\"Herdentrieb\" \/>\n<meta property=\"article:published_time\" content=\"2012-10-31T13:41:31+00:00\" \/>\n<meta property=\"article:modified_time\" content=\"2017-11-17T14:09:07+00:00\" \/>\n<meta name=\"author\" content=\"Mark Schieritz\" \/>\n<meta name=\"twitter:card\" content=\"summary_large_image\" \/>\n<meta name=\"twitter:creator\" content=\"@zeitonline\" \/>\n<meta name=\"twitter:site\" content=\"@zeitonline\" \/>\n<meta name=\"twitter:label1\" content=\"Geschrieben von\" \/>\n\t<meta name=\"twitter:data1\" content=\"Mark Schieritz\" \/>\n\t<meta name=\"twitter:label2\" content=\"Gesch\u00e4tzte Lesezeit\" \/>\n\t<meta name=\"twitter:data2\" content=\"1\u00a0Minute\" \/>\n<script type=\"application\/ld+json\" class=\"yoast-schema-graph\">{\"@context\":\"https:\/\/schema.org\",\"@graph\":[{\"@type\":\"WebPage\",\"@id\":\"https:\/\/blog.zeit.de\/herdentrieb\/2012\/10\/31\/wenns-ums-geld-geht-sparkasse_5331\",\"url\":\"https:\/\/blog.zeit.de\/herdentrieb\/2012\/10\/31\/wenns-ums-geld-geht-sparkasse_5331\",\"name\":\"Wenn's ums Geld geht, Sparkasse? - Herdentrieb\",\"isPartOf\":{\"@id\":\"https:\/\/blog.zeit.de\/herdentrieb\/#website\"},\"datePublished\":\"2012-10-31T13:41:31+00:00\",\"dateModified\":\"2017-11-17T14:09:07+00:00\",\"author\":{\"@id\":\"https:\/\/blog.zeit.de\/herdentrieb\/#\/schema\/person\/a2dfa95bbd4de7e06edc88db4e3d3871\"},\"breadcrumb\":{\"@id\":\"https:\/\/blog.zeit.de\/herdentrieb\/2012\/10\/31\/wenns-ums-geld-geht-sparkasse_5331#breadcrumb\"},\"inLanguage\":\"de\",\"potentialAction\":[{\"@type\":\"ReadAction\",\"target\":[\"https:\/\/blog.zeit.de\/herdentrieb\/2012\/10\/31\/wenns-ums-geld-geht-sparkasse_5331\"]}]},{\"@type\":\"BreadcrumbList\",\"@id\":\"https:\/\/blog.zeit.de\/herdentrieb\/2012\/10\/31\/wenns-ums-geld-geht-sparkasse_5331#breadcrumb\",\"itemListElement\":[{\"@type\":\"ListItem\",\"position\":1,\"name\":\"Startseite\",\"item\":\"https:\/\/blog.zeit.de\/herdentrieb\"},{\"@type\":\"ListItem\",\"position\":2,\"name\":\"Wenn&#8217;s ums Geld geht, Sparkasse?\"}]},{\"@type\":\"WebSite\",\"@id\":\"https:\/\/blog.zeit.de\/herdentrieb\/#website\",\"url\":\"https:\/\/blog.zeit.de\/herdentrieb\/\",\"name\":\"Herdentrieb\",\"description\":\"So funktioniert Kapitalismus. Ein Blog\",\"potentialAction\":[{\"@type\":\"SearchAction\",\"target\":{\"@type\":\"EntryPoint\",\"urlTemplate\":\"https:\/\/blog.zeit.de\/herdentrieb\/?s={search_term_string}\"},\"query-input\":\"required name=search_term_string\"}],\"inLanguage\":\"de\"},{\"@type\":\"Person\",\"@id\":\"https:\/\/blog.zeit.de\/herdentrieb\/#\/schema\/person\/a2dfa95bbd4de7e06edc88db4e3d3871\",\"name\":\"Mark Schieritz\",\"image\":{\"@type\":\"ImageObject\",\"inLanguage\":\"de\",\"@id\":\"https:\/\/blog.zeit.de\/herdentrieb\/#\/schema\/person\/image\/\",\"url\":\"https:\/\/secure.gravatar.com\/avatar\/66e072b8ecaf6d851921c0577ca78c8c9a24223a3c3cb6df48c5d839d1b622e0?s=96&d=mm&r=g\",\"contentUrl\":\"https:\/\/secure.gravatar.com\/avatar\/66e072b8ecaf6d851921c0577ca78c8c9a24223a3c3cb6df48c5d839d1b622e0?s=96&d=mm&r=g\",\"caption\":\"Mark Schieritz\"},\"url\":\"https:\/\/blog.zeit.de\/herdentrieb\/author\/mark-schieritz\"}]}<\/script>\n<!-- \/ Yoast SEO plugin. -->","yoast_head_json":{"title":"Wenn's ums Geld geht, Sparkasse? - Herdentrieb","robots":{"index":"index","follow":"follow","max-snippet":"max-snippet:-1","max-image-preview":"max-image-preview:large","max-video-preview":"max-video-preview:-1"},"canonical":"https:\/\/blog.zeit.de\/herdentrieb\/2012\/10\/31\/wenns-ums-geld-geht-sparkasse_5331","og_locale":"de_DE","og_type":"article","og_title":"Wenn's ums Geld geht, Sparkasse? - Herdentrieb","og_description":"Eigentlich bin ich ja ein Freund des Drei-S\u00e4ulen-Modells im deutschen Finanzsektor inklusive des \u00f6ffentlich-rechtlichen Bankenlagers. Aber was Sparkassenchef Georg Fahrenschon da laut FAZ zu sagen hat, stimmt mich nachdenklich: Es ist nun ganz wichtig, dass die Notenbank den Punkt erkennt, wo man die hohe Liquidit\u00e4t wieder aus dem Markt herausnimmt&#8220;, mahnte Fahrenschon im Zweiten Deutschen [&hellip;]","og_url":"https:\/\/blog.zeit.de\/herdentrieb\/2012\/10\/31\/wenns-ums-geld-geht-sparkasse_5331","og_site_name":"Herdentrieb","article_published_time":"2012-10-31T13:41:31+00:00","article_modified_time":"2017-11-17T14:09:07+00:00","author":"Mark Schieritz","twitter_card":"summary_large_image","twitter_creator":"@zeitonline","twitter_site":"@zeitonline","twitter_misc":{"Geschrieben von":"Mark Schieritz","Gesch\u00e4tzte Lesezeit":"1\u00a0Minute"},"schema":{"@context":"https:\/\/schema.org","@graph":[{"@type":"WebPage","@id":"https:\/\/blog.zeit.de\/herdentrieb\/2012\/10\/31\/wenns-ums-geld-geht-sparkasse_5331","url":"https:\/\/blog.zeit.de\/herdentrieb\/2012\/10\/31\/wenns-ums-geld-geht-sparkasse_5331","name":"Wenn's ums Geld geht, Sparkasse? - Herdentrieb","isPartOf":{"@id":"https:\/\/blog.zeit.de\/herdentrieb\/#website"},"datePublished":"2012-10-31T13:41:31+00:00","dateModified":"2017-11-17T14:09:07+00:00","author":{"@id":"https:\/\/blog.zeit.de\/herdentrieb\/#\/schema\/person\/a2dfa95bbd4de7e06edc88db4e3d3871"},"breadcrumb":{"@id":"https:\/\/blog.zeit.de\/herdentrieb\/2012\/10\/31\/wenns-ums-geld-geht-sparkasse_5331#breadcrumb"},"inLanguage":"de","potentialAction":[{"@type":"ReadAction","target":["https:\/\/blog.zeit.de\/herdentrieb\/2012\/10\/31\/wenns-ums-geld-geht-sparkasse_5331"]}]},{"@type":"BreadcrumbList","@id":"https:\/\/blog.zeit.de\/herdentrieb\/2012\/10\/31\/wenns-ums-geld-geht-sparkasse_5331#breadcrumb","itemListElement":[{"@type":"ListItem","position":1,"name":"Startseite","item":"https:\/\/blog.zeit.de\/herdentrieb"},{"@type":"ListItem","position":2,"name":"Wenn&#8217;s ums Geld geht, Sparkasse?"}]},{"@type":"WebSite","@id":"https:\/\/blog.zeit.de\/herdentrieb\/#website","url":"https:\/\/blog.zeit.de\/herdentrieb\/","name":"Herdentrieb","description":"So funktioniert Kapitalismus. Ein Blog","potentialAction":[{"@type":"SearchAction","target":{"@type":"EntryPoint","urlTemplate":"https:\/\/blog.zeit.de\/herdentrieb\/?s={search_term_string}"},"query-input":"required name=search_term_string"}],"inLanguage":"de"},{"@type":"Person","@id":"https:\/\/blog.zeit.de\/herdentrieb\/#\/schema\/person\/a2dfa95bbd4de7e06edc88db4e3d3871","name":"Mark Schieritz","image":{"@type":"ImageObject","inLanguage":"de","@id":"https:\/\/blog.zeit.de\/herdentrieb\/#\/schema\/person\/image\/","url":"https:\/\/secure.gravatar.com\/avatar\/66e072b8ecaf6d851921c0577ca78c8c9a24223a3c3cb6df48c5d839d1b622e0?s=96&d=mm&r=g","contentUrl":"https:\/\/secure.gravatar.com\/avatar\/66e072b8ecaf6d851921c0577ca78c8c9a24223a3c3cb6df48c5d839d1b622e0?s=96&d=mm&r=g","caption":"Mark Schieritz"},"url":"https:\/\/blog.zeit.de\/herdentrieb\/author\/mark-schieritz"}]}},"jetpack_featured_media_url":"","jetpack_sharing_enabled":true,"_links":{"self":[{"href":"https:\/\/blog.zeit.de\/herdentrieb\/wp-json\/wp\/v2\/posts\/5331","targetHints":{"allow":["GET"]}}],"collection":[{"href":"https:\/\/blog.zeit.de\/herdentrieb\/wp-json\/wp\/v2\/posts"}],"about":[{"href":"https:\/\/blog.zeit.de\/herdentrieb\/wp-json\/wp\/v2\/types\/post"}],"author":[{"embeddable":true,"href":"https:\/\/blog.zeit.de\/herdentrieb\/wp-json\/wp\/v2\/users\/215"}],"replies":[{"embeddable":true,"href":"https:\/\/blog.zeit.de\/herdentrieb\/wp-json\/wp\/v2\/comments?post=5331"}],"version-history":[{"count":7,"href":"https:\/\/blog.zeit.de\/herdentrieb\/wp-json\/wp\/v2\/posts\/5331\/revisions"}],"predecessor-version":[{"id":10635,"href":"https:\/\/blog.zeit.de\/herdentrieb\/wp-json\/wp\/v2\/posts\/5331\/revisions\/10635"}],"wp:attachment":[{"href":"https:\/\/blog.zeit.de\/herdentrieb\/wp-json\/wp\/v2\/media?parent=5331"}],"wp:term":[{"taxonomy":"category","embeddable":true,"href":"https:\/\/blog.zeit.de\/herdentrieb\/wp-json\/wp\/v2\/categories?post=5331"},{"taxonomy":"post_tag","embeddable":true,"href":"https:\/\/blog.zeit.de\/herdentrieb\/wp-json\/wp\/v2\/tags?post=5331"}],"curies":[{"name":"wp","href":"https:\/\/api.w.org\/{rel}","templated":true}]}}