{"id":5438,"date":"2012-11-05T15:14:07","date_gmt":"2012-11-05T14:14:07","guid":{"rendered":"http:\/\/blog.zeit.de\/herdentrieb\/?p=5438"},"modified":"2012-11-16T00:47:11","modified_gmt":"2012-11-15T23:47:11","slug":"die-fiscal-cliff-eine-ideologische-herausforderung-fur-deutsche-okonomen","status":"publish","type":"post","link":"https:\/\/blog.zeit.de\/herdentrieb\/2012\/11\/05\/die-fiscal-cliff-eine-ideologische-herausforderung-fur-deutsche-okonomen_5438","title":{"rendered":"Die fiscal cliff \u2013 eine ideologische Herausforderung f\u00fcr deutsche \u00d6konomen"},"content":{"rendered":"<p><a href=\"http:\/\/krugman.blogs.nytimes.com\/2012\/10\/29\/cliff-confusions\/\" target=\"_blank\">Paul Krugman<\/a> hat neulich auf die Verrenkungen hingewiesen, die die Anh\u00e4nger eines Konsolidierungskurses machen m\u00fcssen, wenn das Thema auf die fiskalische Klippe in den USA kommt. <a href=\"https:\/\/blog.zeit.de\/herdentrieb\/2012\/10\/12\/die-usa-werden-nicht-von-der-klippe-springen_5279\">Wir erinnern uns<\/a>: Ohne Gegenma\u00dfnahmen treten am 31. Dezember Einsparungen und Steuererh\u00f6hungen in H\u00f6he von rund 600 Milliarden Dollar \u2013 etwa f\u00fcnf Prozent des BIP \u2013 in Kraft. Das f\u00fchrt nach allgemeiner Auffassung zu einer tiefen Rezession und sollte deshalb vermieden werden.<br \/>\n<!--more--><br \/>\nSo weit so gut \u2013 aber die Argumentation folgt nat\u00fcrlich einer keynesianischen Logik: Wenn der Staat k\u00fcrzt, leidet die Konjunktur. Es\u00a0 gibt ja nun gerade hierzulande eine ganze Reihe von \u00d6konomen, f\u00fcr die die hohen Staatsschulden das gr\u00f6\u00dfte aller Probleme sind und die deshalb einen drastischen Sparkurs in den USA eigentlich begr\u00fc\u00dfen m\u00fcssen. Weil das angeblich Vertrauen schafft und damit private Nachfrage generiert wird, die den Ausfall der staatlichen Nachfrage ersetzt.\u00a0 Auch Bundesfinanzminister Wolfgang Sch\u00e4uble erz\u00e4hlt ja gerne \u2013 zuletzt an diesem Wochenende beim G20-Gipfel in Mexiko \u2013,\u00a0 dass die Europ\u00e4er beim Schuldenabbau vorank\u00e4men und wie sehr die Amerikaner hinterherhinken.<\/p>\n<p>Die fiskalische Klippe ist deshalb ein sch\u00f6ner Test f\u00fcr die Aufrichtigkeit der hiesigen Wirtschaftsfachleute: Wer Keynes f\u00fcr einen Scharlatan h\u00e4lt und Konjunkturprogramme f\u00fcr Teufelszeug, der m\u00f6ge bitte \u00f6ffentlich erkl\u00e4ren, dass die K\u00fcrzungen in den USA kein Problem sind und die Weltfinanzm\u00e4rkte sich v\u00f6llig umsonst Sorgen machen. Oder f\u00fcr immer schweigen.<\/p>\n","protected":false},"excerpt":{"rendered":"<p>Paul Krugman hat neulich auf die Verrenkungen hingewiesen, die die Anh\u00e4nger eines Konsolidierungskurses machen m\u00fcssen, wenn das Thema auf die fiskalische Klippe in den USA kommt. Wir erinnern uns: Ohne Gegenma\u00dfnahmen treten am 31. Dezember Einsparungen und Steuererh\u00f6hungen in H\u00f6he von rund 600 Milliarden Dollar \u2013 etwa f\u00fcnf Prozent des BIP \u2013 in Kraft. Das [&hellip;]<\/p>\n","protected":false},"author":215,"featured_media":0,"comment_status":"open","ping_status":"closed","sticky":false,"template":"","format":"standard","meta":{"_jetpack_memberships_contains_paid_content":false,"footnotes":""},"categories":[3],"tags":[],"class_list":["post-5438","post","type-post","status-publish","format-standard","hentry","category-der-aktuelle-rand"],"yoast_head":"<!-- This site is optimized with the Yoast SEO plugin v21.0 - https:\/\/yoast.com\/wordpress\/plugins\/seo\/ -->\n<title>Die fiscal cliff \u2013 eine ideologische Herausforderung f\u00fcr deutsche \u00d6konomen - Herdentrieb<\/title>\n<meta name=\"robots\" content=\"index, follow, max-snippet:-1, max-image-preview:large, max-video-preview:-1\" \/>\n<link rel=\"canonical\" href=\"https:\/\/blog.zeit.de\/herdentrieb\/2012\/11\/05\/die-fiscal-cliff-eine-ideologische-herausforderung-fur-deutsche-okonomen_5438\" \/>\n<meta property=\"og:locale\" content=\"de_DE\" \/>\n<meta property=\"og:type\" content=\"article\" \/>\n<meta property=\"og:title\" content=\"Die fiscal cliff \u2013 eine ideologische Herausforderung f\u00fcr deutsche \u00d6konomen - Herdentrieb\" \/>\n<meta property=\"og:description\" content=\"Paul Krugman hat neulich auf die Verrenkungen hingewiesen, die die Anh\u00e4nger eines Konsolidierungskurses machen m\u00fcssen, wenn das Thema auf die fiskalische Klippe in den USA kommt. Wir erinnern uns: Ohne Gegenma\u00dfnahmen treten am 31. Dezember Einsparungen und Steuererh\u00f6hungen in H\u00f6he von rund 600 Milliarden Dollar \u2013 etwa f\u00fcnf Prozent des BIP \u2013 in Kraft. Das [&hellip;]\" \/>\n<meta property=\"og:url\" content=\"https:\/\/blog.zeit.de\/herdentrieb\/2012\/11\/05\/die-fiscal-cliff-eine-ideologische-herausforderung-fur-deutsche-okonomen_5438\" \/>\n<meta property=\"og:site_name\" content=\"Herdentrieb\" \/>\n<meta property=\"article:published_time\" content=\"2012-11-05T14:14:07+00:00\" \/>\n<meta property=\"article:modified_time\" content=\"2012-11-15T23:47:11+00:00\" \/>\n<meta name=\"author\" content=\"Mark Schieritz\" \/>\n<meta name=\"twitter:card\" content=\"summary_large_image\" \/>\n<meta name=\"twitter:creator\" content=\"@zeitonline\" \/>\n<meta name=\"twitter:site\" content=\"@zeitonline\" \/>\n<meta name=\"twitter:label1\" content=\"Geschrieben von\" \/>\n\t<meta name=\"twitter:data1\" content=\"Mark Schieritz\" \/>\n\t<meta name=\"twitter:label2\" content=\"Gesch\u00e4tzte Lesezeit\" \/>\n\t<meta name=\"twitter:data2\" content=\"1\u00a0Minute\" \/>\n<script type=\"application\/ld+json\" class=\"yoast-schema-graph\">{\"@context\":\"https:\/\/schema.org\",\"@graph\":[{\"@type\":\"WebPage\",\"@id\":\"https:\/\/blog.zeit.de\/herdentrieb\/2012\/11\/05\/die-fiscal-cliff-eine-ideologische-herausforderung-fur-deutsche-okonomen_5438\",\"url\":\"https:\/\/blog.zeit.de\/herdentrieb\/2012\/11\/05\/die-fiscal-cliff-eine-ideologische-herausforderung-fur-deutsche-okonomen_5438\",\"name\":\"Die fiscal cliff \u2013 eine ideologische Herausforderung f\u00fcr deutsche \u00d6konomen - Herdentrieb\",\"isPartOf\":{\"@id\":\"https:\/\/blog.zeit.de\/herdentrieb\/#website\"},\"datePublished\":\"2012-11-05T14:14:07+00:00\",\"dateModified\":\"2012-11-15T23:47:11+00:00\",\"author\":{\"@id\":\"https:\/\/blog.zeit.de\/herdentrieb\/#\/schema\/person\/a2dfa95bbd4de7e06edc88db4e3d3871\"},\"breadcrumb\":{\"@id\":\"https:\/\/blog.zeit.de\/herdentrieb\/2012\/11\/05\/die-fiscal-cliff-eine-ideologische-herausforderung-fur-deutsche-okonomen_5438#breadcrumb\"},\"inLanguage\":\"de\",\"potentialAction\":[{\"@type\":\"ReadAction\",\"target\":[\"https:\/\/blog.zeit.de\/herdentrieb\/2012\/11\/05\/die-fiscal-cliff-eine-ideologische-herausforderung-fur-deutsche-okonomen_5438\"]}]},{\"@type\":\"BreadcrumbList\",\"@id\":\"https:\/\/blog.zeit.de\/herdentrieb\/2012\/11\/05\/die-fiscal-cliff-eine-ideologische-herausforderung-fur-deutsche-okonomen_5438#breadcrumb\",\"itemListElement\":[{\"@type\":\"ListItem\",\"position\":1,\"name\":\"Startseite\",\"item\":\"https:\/\/blog.zeit.de\/herdentrieb\"},{\"@type\":\"ListItem\",\"position\":2,\"name\":\"Die fiscal cliff \u2013 eine ideologische Herausforderung f\u00fcr deutsche \u00d6konomen\"}]},{\"@type\":\"WebSite\",\"@id\":\"https:\/\/blog.zeit.de\/herdentrieb\/#website\",\"url\":\"https:\/\/blog.zeit.de\/herdentrieb\/\",\"name\":\"Herdentrieb\",\"description\":\"So funktioniert Kapitalismus. Ein Blog\",\"potentialAction\":[{\"@type\":\"SearchAction\",\"target\":{\"@type\":\"EntryPoint\",\"urlTemplate\":\"https:\/\/blog.zeit.de\/herdentrieb\/?s={search_term_string}\"},\"query-input\":\"required name=search_term_string\"}],\"inLanguage\":\"de\"},{\"@type\":\"Person\",\"@id\":\"https:\/\/blog.zeit.de\/herdentrieb\/#\/schema\/person\/a2dfa95bbd4de7e06edc88db4e3d3871\",\"name\":\"Mark Schieritz\",\"image\":{\"@type\":\"ImageObject\",\"inLanguage\":\"de\",\"@id\":\"https:\/\/blog.zeit.de\/herdentrieb\/#\/schema\/person\/image\/\",\"url\":\"https:\/\/secure.gravatar.com\/avatar\/66e072b8ecaf6d851921c0577ca78c8c9a24223a3c3cb6df48c5d839d1b622e0?s=96&d=mm&r=g\",\"contentUrl\":\"https:\/\/secure.gravatar.com\/avatar\/66e072b8ecaf6d851921c0577ca78c8c9a24223a3c3cb6df48c5d839d1b622e0?s=96&d=mm&r=g\",\"caption\":\"Mark Schieritz\"},\"url\":\"https:\/\/blog.zeit.de\/herdentrieb\/author\/mark-schieritz\"}]}<\/script>\n<!-- \/ Yoast SEO plugin. -->","yoast_head_json":{"title":"Die fiscal cliff \u2013 eine ideologische Herausforderung f\u00fcr deutsche \u00d6konomen - Herdentrieb","robots":{"index":"index","follow":"follow","max-snippet":"max-snippet:-1","max-image-preview":"max-image-preview:large","max-video-preview":"max-video-preview:-1"},"canonical":"https:\/\/blog.zeit.de\/herdentrieb\/2012\/11\/05\/die-fiscal-cliff-eine-ideologische-herausforderung-fur-deutsche-okonomen_5438","og_locale":"de_DE","og_type":"article","og_title":"Die fiscal cliff \u2013 eine ideologische Herausforderung f\u00fcr deutsche \u00d6konomen - Herdentrieb","og_description":"Paul Krugman hat neulich auf die Verrenkungen hingewiesen, die die Anh\u00e4nger eines Konsolidierungskurses machen m\u00fcssen, wenn das Thema auf die fiskalische Klippe in den USA kommt. Wir erinnern uns: Ohne Gegenma\u00dfnahmen treten am 31. Dezember Einsparungen und Steuererh\u00f6hungen in H\u00f6he von rund 600 Milliarden Dollar \u2013 etwa f\u00fcnf Prozent des BIP \u2013 in Kraft. Das [&hellip;]","og_url":"https:\/\/blog.zeit.de\/herdentrieb\/2012\/11\/05\/die-fiscal-cliff-eine-ideologische-herausforderung-fur-deutsche-okonomen_5438","og_site_name":"Herdentrieb","article_published_time":"2012-11-05T14:14:07+00:00","article_modified_time":"2012-11-15T23:47:11+00:00","author":"Mark Schieritz","twitter_card":"summary_large_image","twitter_creator":"@zeitonline","twitter_site":"@zeitonline","twitter_misc":{"Geschrieben von":"Mark Schieritz","Gesch\u00e4tzte Lesezeit":"1\u00a0Minute"},"schema":{"@context":"https:\/\/schema.org","@graph":[{"@type":"WebPage","@id":"https:\/\/blog.zeit.de\/herdentrieb\/2012\/11\/05\/die-fiscal-cliff-eine-ideologische-herausforderung-fur-deutsche-okonomen_5438","url":"https:\/\/blog.zeit.de\/herdentrieb\/2012\/11\/05\/die-fiscal-cliff-eine-ideologische-herausforderung-fur-deutsche-okonomen_5438","name":"Die fiscal cliff \u2013 eine ideologische Herausforderung f\u00fcr deutsche \u00d6konomen - Herdentrieb","isPartOf":{"@id":"https:\/\/blog.zeit.de\/herdentrieb\/#website"},"datePublished":"2012-11-05T14:14:07+00:00","dateModified":"2012-11-15T23:47:11+00:00","author":{"@id":"https:\/\/blog.zeit.de\/herdentrieb\/#\/schema\/person\/a2dfa95bbd4de7e06edc88db4e3d3871"},"breadcrumb":{"@id":"https:\/\/blog.zeit.de\/herdentrieb\/2012\/11\/05\/die-fiscal-cliff-eine-ideologische-herausforderung-fur-deutsche-okonomen_5438#breadcrumb"},"inLanguage":"de","potentialAction":[{"@type":"ReadAction","target":["https:\/\/blog.zeit.de\/herdentrieb\/2012\/11\/05\/die-fiscal-cliff-eine-ideologische-herausforderung-fur-deutsche-okonomen_5438"]}]},{"@type":"BreadcrumbList","@id":"https:\/\/blog.zeit.de\/herdentrieb\/2012\/11\/05\/die-fiscal-cliff-eine-ideologische-herausforderung-fur-deutsche-okonomen_5438#breadcrumb","itemListElement":[{"@type":"ListItem","position":1,"name":"Startseite","item":"https:\/\/blog.zeit.de\/herdentrieb"},{"@type":"ListItem","position":2,"name":"Die fiscal cliff \u2013 eine ideologische Herausforderung f\u00fcr deutsche \u00d6konomen"}]},{"@type":"WebSite","@id":"https:\/\/blog.zeit.de\/herdentrieb\/#website","url":"https:\/\/blog.zeit.de\/herdentrieb\/","name":"Herdentrieb","description":"So funktioniert Kapitalismus. Ein Blog","potentialAction":[{"@type":"SearchAction","target":{"@type":"EntryPoint","urlTemplate":"https:\/\/blog.zeit.de\/herdentrieb\/?s={search_term_string}"},"query-input":"required name=search_term_string"}],"inLanguage":"de"},{"@type":"Person","@id":"https:\/\/blog.zeit.de\/herdentrieb\/#\/schema\/person\/a2dfa95bbd4de7e06edc88db4e3d3871","name":"Mark Schieritz","image":{"@type":"ImageObject","inLanguage":"de","@id":"https:\/\/blog.zeit.de\/herdentrieb\/#\/schema\/person\/image\/","url":"https:\/\/secure.gravatar.com\/avatar\/66e072b8ecaf6d851921c0577ca78c8c9a24223a3c3cb6df48c5d839d1b622e0?s=96&d=mm&r=g","contentUrl":"https:\/\/secure.gravatar.com\/avatar\/66e072b8ecaf6d851921c0577ca78c8c9a24223a3c3cb6df48c5d839d1b622e0?s=96&d=mm&r=g","caption":"Mark Schieritz"},"url":"https:\/\/blog.zeit.de\/herdentrieb\/author\/mark-schieritz"}]}},"jetpack_featured_media_url":"","jetpack_sharing_enabled":true,"_links":{"self":[{"href":"https:\/\/blog.zeit.de\/herdentrieb\/wp-json\/wp\/v2\/posts\/5438","targetHints":{"allow":["GET"]}}],"collection":[{"href":"https:\/\/blog.zeit.de\/herdentrieb\/wp-json\/wp\/v2\/posts"}],"about":[{"href":"https:\/\/blog.zeit.de\/herdentrieb\/wp-json\/wp\/v2\/types\/post"}],"author":[{"embeddable":true,"href":"https:\/\/blog.zeit.de\/herdentrieb\/wp-json\/wp\/v2\/users\/215"}],"replies":[{"embeddable":true,"href":"https:\/\/blog.zeit.de\/herdentrieb\/wp-json\/wp\/v2\/comments?post=5438"}],"version-history":[{"count":5,"href":"https:\/\/blog.zeit.de\/herdentrieb\/wp-json\/wp\/v2\/posts\/5438\/revisions"}],"predecessor-version":[{"id":5458,"href":"https:\/\/blog.zeit.de\/herdentrieb\/wp-json\/wp\/v2\/posts\/5438\/revisions\/5458"}],"wp:attachment":[{"href":"https:\/\/blog.zeit.de\/herdentrieb\/wp-json\/wp\/v2\/media?parent=5438"}],"wp:term":[{"taxonomy":"category","embeddable":true,"href":"https:\/\/blog.zeit.de\/herdentrieb\/wp-json\/wp\/v2\/categories?post=5438"},{"taxonomy":"post_tag","embeddable":true,"href":"https:\/\/blog.zeit.de\/herdentrieb\/wp-json\/wp\/v2\/tags?post=5438"}],"curies":[{"name":"wp","href":"https:\/\/api.w.org\/{rel}","templated":true}]}}