{"id":5448,"date":"2012-11-15T23:12:09","date_gmt":"2012-11-15T22:12:09","guid":{"rendered":"http:\/\/blog.zeit.de\/herdentrieb\/?p=5448"},"modified":"2012-11-16T16:17:33","modified_gmt":"2012-11-16T15:17:33","slug":"volker-wieland-der-rat-und-die-fiskalpolitik","status":"publish","type":"post","link":"https:\/\/blog.zeit.de\/herdentrieb\/2012\/11\/15\/volker-wieland-der-rat-und-die-fiskalpolitik_5448","title":{"rendered":"Volker Wieland, der Rat und die Fiskalpolitik"},"content":{"rendered":"<p>Volker Wieland aus Frankfurt soll in den Sachverst\u00e4ndigenrat einziehen. Gl\u00fcckwunsch zun\u00e4chst, Wieland ist ein kluger Wissenschaftler, der viel f\u00fcr das Ansehen seines Fachs \u2013 gerade in Deutschland \u2013 getan hat.<\/p>\n<p>Offene Fragen aber bleiben in seinen Arbeiten zur Finanzpolitik. Er ist Co-Autor eines inzwischen recht bekannten Papiers zur Wirksamkeit von Konjunkturpolitik, das er mit <a href=\"http:\/\/www.volkerwieland.com\/docs\/CCTW%20Mar%202.pdf\" target=\"_blank\">Tobias Kwik, John Taylor und John Cogan<\/a> im Jahr 2009 verfasst hat. Alles klasse \u00d6konomen \u2013 aber trotzdem \u00fcberzeugt ihre Arbeit nicht.<br \/>\n<!--more--><br \/>\nTaylor et al schauen sich also mit Hilfe eines neukeynesianischen Modells an, wie sich kreditfinanzierte h\u00f6here Staatsausgaben auf die Konjunktur auswirken. Ergebnis:<\/p>\n<p style=\"padding-left: 30px;\"><em>The multipliers are less than one as consumption and investment are crowded out. The impact in the first year is very small. And as the government purchases decline in the later years of the simulation, the multipliers turn negative.<\/em><\/p>\n<p>Das steht im Widerspruch zu einem Papier von Christina Romer und Jared Bernstein, die viel optimistischere Ergebnisse hatten und damit Obamas Konjunkturprogramme legitimierten. Der Unterschied r\u00fchrt vor allem daher, dass Wieland et al annehmen, dass die Zinsen steigen. Konkret gehen sie davon aus, dass die Fed im Jahr 2009 schon mit Zinserh\u00f6hungen beginnt, um die Inflation unter Kontrolle zu halten (wobei sie diese Annahme teils aus der Modellstruktur ableiten).<\/p>\n<p>In einem solchen Fall ist es nat\u00fcrlich nicht verwunderlich, dass h\u00f6here Staatsausgaben andere Ausgaben verdr\u00e4ngen. Die Frage ist nur, wie realistisch das ist. In einer Situation mit stark unterausgelasteten Kapazit\u00e4ten muss die Fed so schnell nicht agieren \u2013 einmal abgesehen davon, das auch am Kapitalmarkt kein Zinsdruck entstehen sollte, weil die Investitionsbereitschaft gering ist und damit viel \u00fcbersch\u00fcssiges Geld &#8222;herumliegt&#8220; \u2013, und immerhin haben wir inzwischen fast 2013 und die Zinsen sind immer noch niedrig.<\/p>\n<p>Nun hat sich Wieland <a href=\"http:\/\/www.stanford.edu\/~johntayl\/CoganTaylorWielandWolters_120614.pdf\" target=\"_blank\">mit anderen Autoren<\/a> (Taylor ist wieder dabei) angeschaut, wie sich die Haushaltskonsolidierung auf das Wachstum auswirkt. Dabei geht er davon aus, dass die Ausgaben gek\u00fcrzt werden und sogar noch etwas \u00fcbrig bleibt, um Steuern senken zu k\u00f6nnen. \u00a0Ergebnis: Sparen kurbelt die Konjunktur an.<\/p>\n<p style=\"padding-left: 30px;\"><em>First, lower levels of government spending in the future, compared to the \u00a0baseline, imply lower tax rates which provide incentives and stimulate employment. Second, \u00a0the expectation of reduced government spending in the future lowers interest rates, which \u00a0stimulates demand today offsetting the decline in government spending in the short run. And\u00a0third, the lower interest rate reduces the exchange rate thereby increasing net exports which <\/em>\u00a0<em>also offset the decline in government spending.<\/em><\/p>\n<p>Das sind nun auch sehr gewagte Annahmen, zumal in einer Situation mit unterausgelasteten Kapazit\u00e4ten, in der die Menschen wahrscheinlich nicht\u00a0in erster Linie nicht arbeiten, weil die Einkommenssteuern zu hoch sind, sondern weil es schlicht keine Jobs gibt. Warum das Zinsargument \u2013 und damit auch das Wechselkursargument \u2013 fragw\u00fcrdig ist, wurde bereits erl\u00e4utert.<\/p>\n<p>Nun muss man fairerweise sagen, dass Wieland et al sich, wenn ich es richtig sehe, auf vorhandene und weit verbreitete makro-\u00f6konomische Modelle beziehen, die sie auf den konkreten Fall anwenden. Aber dann sind eben m\u00f6glicherweise die Modelle Schrott \u2013 oder zumindest in der aktuellen Situation nicht anwendbar.<\/p>\n<p>Jedenfalls w\u00e4re ich gerne dabei, wenn Peter Bofinger und Volker Wieland \u00fcber die Fiskalpolitik diskutieren.<\/p>\n","protected":false},"excerpt":{"rendered":"<p>Volker Wieland aus Frankfurt soll in den Sachverst\u00e4ndigenrat einziehen. Gl\u00fcckwunsch zun\u00e4chst, Wieland ist ein kluger Wissenschaftler, der viel f\u00fcr das Ansehen seines Fachs \u2013 gerade in Deutschland \u2013 getan hat. Offene Fragen aber bleiben in seinen Arbeiten zur Finanzpolitik. Er ist Co-Autor eines inzwischen recht bekannten Papiers zur Wirksamkeit von Konjunkturpolitik, das er mit Tobias [&hellip;]<\/p>\n","protected":false},"author":215,"featured_media":0,"comment_status":"open","ping_status":"closed","sticky":false,"template":"","format":"standard","meta":{"_jetpack_memberships_contains_paid_content":false,"footnotes":""},"categories":[3],"tags":[],"class_list":["post-5448","post","type-post","status-publish","format-standard","hentry","category-der-aktuelle-rand"],"yoast_head":"<!-- This site is optimized with the Yoast SEO plugin v21.0 - https:\/\/yoast.com\/wordpress\/plugins\/seo\/ -->\n<title>Volker Wieland, der Rat und die Fiskalpolitik - Herdentrieb<\/title>\n<meta name=\"robots\" content=\"index, follow, max-snippet:-1, max-image-preview:large, max-video-preview:-1\" \/>\n<link rel=\"canonical\" href=\"https:\/\/blog.zeit.de\/herdentrieb\/2012\/11\/15\/volker-wieland-der-rat-und-die-fiskalpolitik_5448\" \/>\n<meta property=\"og:locale\" content=\"de_DE\" \/>\n<meta property=\"og:type\" content=\"article\" \/>\n<meta property=\"og:title\" content=\"Volker Wieland, der Rat und die Fiskalpolitik - Herdentrieb\" \/>\n<meta property=\"og:description\" content=\"Volker Wieland aus Frankfurt soll in den Sachverst\u00e4ndigenrat einziehen. Gl\u00fcckwunsch zun\u00e4chst, Wieland ist ein kluger Wissenschaftler, der viel f\u00fcr das Ansehen seines Fachs \u2013 gerade in Deutschland \u2013 getan hat. Offene Fragen aber bleiben in seinen Arbeiten zur Finanzpolitik. Er ist Co-Autor eines inzwischen recht bekannten Papiers zur Wirksamkeit von Konjunkturpolitik, das er mit Tobias [&hellip;]\" \/>\n<meta property=\"og:url\" content=\"https:\/\/blog.zeit.de\/herdentrieb\/2012\/11\/15\/volker-wieland-der-rat-und-die-fiskalpolitik_5448\" \/>\n<meta property=\"og:site_name\" content=\"Herdentrieb\" \/>\n<meta property=\"article:published_time\" content=\"2012-11-15T22:12:09+00:00\" \/>\n<meta property=\"article:modified_time\" content=\"2012-11-16T15:17:33+00:00\" \/>\n<meta name=\"author\" content=\"Mark Schieritz\" \/>\n<meta name=\"twitter:card\" content=\"summary_large_image\" \/>\n<meta name=\"twitter:creator\" content=\"@zeitonline\" \/>\n<meta name=\"twitter:site\" content=\"@zeitonline\" \/>\n<meta name=\"twitter:label1\" content=\"Geschrieben von\" \/>\n\t<meta name=\"twitter:data1\" content=\"Mark Schieritz\" \/>\n\t<meta name=\"twitter:label2\" content=\"Gesch\u00e4tzte Lesezeit\" \/>\n\t<meta name=\"twitter:data2\" content=\"3\u00a0Minuten\" \/>\n<script type=\"application\/ld+json\" class=\"yoast-schema-graph\">{\"@context\":\"https:\/\/schema.org\",\"@graph\":[{\"@type\":\"WebPage\",\"@id\":\"https:\/\/blog.zeit.de\/herdentrieb\/2012\/11\/15\/volker-wieland-der-rat-und-die-fiskalpolitik_5448\",\"url\":\"https:\/\/blog.zeit.de\/herdentrieb\/2012\/11\/15\/volker-wieland-der-rat-und-die-fiskalpolitik_5448\",\"name\":\"Volker Wieland, der Rat und die Fiskalpolitik - Herdentrieb\",\"isPartOf\":{\"@id\":\"https:\/\/blog.zeit.de\/herdentrieb\/#website\"},\"datePublished\":\"2012-11-15T22:12:09+00:00\",\"dateModified\":\"2012-11-16T15:17:33+00:00\",\"author\":{\"@id\":\"https:\/\/blog.zeit.de\/herdentrieb\/#\/schema\/person\/a2dfa95bbd4de7e06edc88db4e3d3871\"},\"breadcrumb\":{\"@id\":\"https:\/\/blog.zeit.de\/herdentrieb\/2012\/11\/15\/volker-wieland-der-rat-und-die-fiskalpolitik_5448#breadcrumb\"},\"inLanguage\":\"de\",\"potentialAction\":[{\"@type\":\"ReadAction\",\"target\":[\"https:\/\/blog.zeit.de\/herdentrieb\/2012\/11\/15\/volker-wieland-der-rat-und-die-fiskalpolitik_5448\"]}]},{\"@type\":\"BreadcrumbList\",\"@id\":\"https:\/\/blog.zeit.de\/herdentrieb\/2012\/11\/15\/volker-wieland-der-rat-und-die-fiskalpolitik_5448#breadcrumb\",\"itemListElement\":[{\"@type\":\"ListItem\",\"position\":1,\"name\":\"Startseite\",\"item\":\"https:\/\/blog.zeit.de\/herdentrieb\"},{\"@type\":\"ListItem\",\"position\":2,\"name\":\"Volker Wieland, der Rat und die Fiskalpolitik\"}]},{\"@type\":\"WebSite\",\"@id\":\"https:\/\/blog.zeit.de\/herdentrieb\/#website\",\"url\":\"https:\/\/blog.zeit.de\/herdentrieb\/\",\"name\":\"Herdentrieb\",\"description\":\"So funktioniert Kapitalismus. Ein Blog\",\"potentialAction\":[{\"@type\":\"SearchAction\",\"target\":{\"@type\":\"EntryPoint\",\"urlTemplate\":\"https:\/\/blog.zeit.de\/herdentrieb\/?s={search_term_string}\"},\"query-input\":\"required name=search_term_string\"}],\"inLanguage\":\"de\"},{\"@type\":\"Person\",\"@id\":\"https:\/\/blog.zeit.de\/herdentrieb\/#\/schema\/person\/a2dfa95bbd4de7e06edc88db4e3d3871\",\"name\":\"Mark Schieritz\",\"image\":{\"@type\":\"ImageObject\",\"inLanguage\":\"de\",\"@id\":\"https:\/\/blog.zeit.de\/herdentrieb\/#\/schema\/person\/image\/\",\"url\":\"https:\/\/secure.gravatar.com\/avatar\/66e072b8ecaf6d851921c0577ca78c8c9a24223a3c3cb6df48c5d839d1b622e0?s=96&d=mm&r=g\",\"contentUrl\":\"https:\/\/secure.gravatar.com\/avatar\/66e072b8ecaf6d851921c0577ca78c8c9a24223a3c3cb6df48c5d839d1b622e0?s=96&d=mm&r=g\",\"caption\":\"Mark Schieritz\"},\"url\":\"https:\/\/blog.zeit.de\/herdentrieb\/author\/mark-schieritz\"}]}<\/script>\n<!-- \/ Yoast SEO plugin. -->","yoast_head_json":{"title":"Volker Wieland, der Rat und die Fiskalpolitik - Herdentrieb","robots":{"index":"index","follow":"follow","max-snippet":"max-snippet:-1","max-image-preview":"max-image-preview:large","max-video-preview":"max-video-preview:-1"},"canonical":"https:\/\/blog.zeit.de\/herdentrieb\/2012\/11\/15\/volker-wieland-der-rat-und-die-fiskalpolitik_5448","og_locale":"de_DE","og_type":"article","og_title":"Volker Wieland, der Rat und die Fiskalpolitik - Herdentrieb","og_description":"Volker Wieland aus Frankfurt soll in den Sachverst\u00e4ndigenrat einziehen. Gl\u00fcckwunsch zun\u00e4chst, Wieland ist ein kluger Wissenschaftler, der viel f\u00fcr das Ansehen seines Fachs \u2013 gerade in Deutschland \u2013 getan hat. Offene Fragen aber bleiben in seinen Arbeiten zur Finanzpolitik. Er ist Co-Autor eines inzwischen recht bekannten Papiers zur Wirksamkeit von Konjunkturpolitik, das er mit Tobias [&hellip;]","og_url":"https:\/\/blog.zeit.de\/herdentrieb\/2012\/11\/15\/volker-wieland-der-rat-und-die-fiskalpolitik_5448","og_site_name":"Herdentrieb","article_published_time":"2012-11-15T22:12:09+00:00","article_modified_time":"2012-11-16T15:17:33+00:00","author":"Mark Schieritz","twitter_card":"summary_large_image","twitter_creator":"@zeitonline","twitter_site":"@zeitonline","twitter_misc":{"Geschrieben von":"Mark Schieritz","Gesch\u00e4tzte Lesezeit":"3\u00a0Minuten"},"schema":{"@context":"https:\/\/schema.org","@graph":[{"@type":"WebPage","@id":"https:\/\/blog.zeit.de\/herdentrieb\/2012\/11\/15\/volker-wieland-der-rat-und-die-fiskalpolitik_5448","url":"https:\/\/blog.zeit.de\/herdentrieb\/2012\/11\/15\/volker-wieland-der-rat-und-die-fiskalpolitik_5448","name":"Volker Wieland, der Rat und die Fiskalpolitik - Herdentrieb","isPartOf":{"@id":"https:\/\/blog.zeit.de\/herdentrieb\/#website"},"datePublished":"2012-11-15T22:12:09+00:00","dateModified":"2012-11-16T15:17:33+00:00","author":{"@id":"https:\/\/blog.zeit.de\/herdentrieb\/#\/schema\/person\/a2dfa95bbd4de7e06edc88db4e3d3871"},"breadcrumb":{"@id":"https:\/\/blog.zeit.de\/herdentrieb\/2012\/11\/15\/volker-wieland-der-rat-und-die-fiskalpolitik_5448#breadcrumb"},"inLanguage":"de","potentialAction":[{"@type":"ReadAction","target":["https:\/\/blog.zeit.de\/herdentrieb\/2012\/11\/15\/volker-wieland-der-rat-und-die-fiskalpolitik_5448"]}]},{"@type":"BreadcrumbList","@id":"https:\/\/blog.zeit.de\/herdentrieb\/2012\/11\/15\/volker-wieland-der-rat-und-die-fiskalpolitik_5448#breadcrumb","itemListElement":[{"@type":"ListItem","position":1,"name":"Startseite","item":"https:\/\/blog.zeit.de\/herdentrieb"},{"@type":"ListItem","position":2,"name":"Volker Wieland, der Rat und die Fiskalpolitik"}]},{"@type":"WebSite","@id":"https:\/\/blog.zeit.de\/herdentrieb\/#website","url":"https:\/\/blog.zeit.de\/herdentrieb\/","name":"Herdentrieb","description":"So funktioniert Kapitalismus. Ein Blog","potentialAction":[{"@type":"SearchAction","target":{"@type":"EntryPoint","urlTemplate":"https:\/\/blog.zeit.de\/herdentrieb\/?s={search_term_string}"},"query-input":"required name=search_term_string"}],"inLanguage":"de"},{"@type":"Person","@id":"https:\/\/blog.zeit.de\/herdentrieb\/#\/schema\/person\/a2dfa95bbd4de7e06edc88db4e3d3871","name":"Mark Schieritz","image":{"@type":"ImageObject","inLanguage":"de","@id":"https:\/\/blog.zeit.de\/herdentrieb\/#\/schema\/person\/image\/","url":"https:\/\/secure.gravatar.com\/avatar\/66e072b8ecaf6d851921c0577ca78c8c9a24223a3c3cb6df48c5d839d1b622e0?s=96&d=mm&r=g","contentUrl":"https:\/\/secure.gravatar.com\/avatar\/66e072b8ecaf6d851921c0577ca78c8c9a24223a3c3cb6df48c5d839d1b622e0?s=96&d=mm&r=g","caption":"Mark Schieritz"},"url":"https:\/\/blog.zeit.de\/herdentrieb\/author\/mark-schieritz"}]}},"jetpack_featured_media_url":"","jetpack_sharing_enabled":true,"_links":{"self":[{"href":"https:\/\/blog.zeit.de\/herdentrieb\/wp-json\/wp\/v2\/posts\/5448","targetHints":{"allow":["GET"]}}],"collection":[{"href":"https:\/\/blog.zeit.de\/herdentrieb\/wp-json\/wp\/v2\/posts"}],"about":[{"href":"https:\/\/blog.zeit.de\/herdentrieb\/wp-json\/wp\/v2\/types\/post"}],"author":[{"embeddable":true,"href":"https:\/\/blog.zeit.de\/herdentrieb\/wp-json\/wp\/v2\/users\/215"}],"replies":[{"embeddable":true,"href":"https:\/\/blog.zeit.de\/herdentrieb\/wp-json\/wp\/v2\/comments?post=5448"}],"version-history":[{"count":13,"href":"https:\/\/blog.zeit.de\/herdentrieb\/wp-json\/wp\/v2\/posts\/5448\/revisions"}],"predecessor-version":[{"id":5462,"href":"https:\/\/blog.zeit.de\/herdentrieb\/wp-json\/wp\/v2\/posts\/5448\/revisions\/5462"}],"wp:attachment":[{"href":"https:\/\/blog.zeit.de\/herdentrieb\/wp-json\/wp\/v2\/media?parent=5448"}],"wp:term":[{"taxonomy":"category","embeddable":true,"href":"https:\/\/blog.zeit.de\/herdentrieb\/wp-json\/wp\/v2\/categories?post=5448"},{"taxonomy":"post_tag","embeddable":true,"href":"https:\/\/blog.zeit.de\/herdentrieb\/wp-json\/wp\/v2\/tags?post=5448"}],"curies":[{"name":"wp","href":"https:\/\/api.w.org\/{rel}","templated":true}]}}