{"id":5469,"date":"2012-11-21T23:29:34","date_gmt":"2012-11-21T22:29:34","guid":{"rendered":"http:\/\/blog.zeit.de\/herdentrieb\/?p=5469"},"modified":"2012-11-29T00:42:52","modified_gmt":"2012-11-28T23:42:52","slug":"wann-kommt-der-schuldenschnitt-in-griechenland","status":"publish","type":"post","link":"https:\/\/blog.zeit.de\/herdentrieb\/2012\/11\/21\/wann-kommt-der-schuldenschnitt-in-griechenland_5469","title":{"rendered":"Wann kommt der Schuldenschnitt in Griechenland?"},"content":{"rendered":"<p>Der Streit um eine L\u00f6sung der Griechenlandfrage h\u00e4lt an, am Dienstag dieser Woche konnte sich die Euro-Gruppe nicht auf ein Ma\u00dfnahmenpaket einigen, um die Schulden des Landes zu dr\u00fccken \u2013 vor allem weil Deutschland radikale Ma\u00dfnahmen wie einen Schuldenschnitt zum jetzigen Zeitpunkt scheut.<\/p>\n<p>Argumentierte die Bundesregierung bisher eher formaljuristisch \u2013 ein Schuldenschnitt macht aus einem Kredit einen Transfer und das ist haushaltsrechtlich und europarechtlich problematisch \u2013 so ist neuerdings auch ein \u00f6konomisches Argument aus Berlin zu h\u00f6ren.<br \/>\n<!--more--><br \/>\nDemnach w\u00fcrde ein Schuldenschnitt den Deutschen ein wichtiges Druckmittel gegen\u00fcber den Griechen aus der Hand nehmen, denn wenn die Schulden erst einmal weg seien, k\u00f6nne das Land ja machen, was es wolle. Unter anderem deshalb hat Bundesbankpr\u00e4sident Jens Weidmann vorgeschlagen, den Schuldenschnitt erst am Ende des Anpassungsprozesses zu vollziehen \u2013 quasi als Belohnung f\u00fcr die erbrachten Leistungen.<\/p>\n<p>Politisch w\u00e4re das aus Sicht der Bundesregierung charmant, weil dann die Rechnung erst nach der Bundestagswahl im September pr\u00e4sentiert w\u00fcrde. Und allen Beteiligten ist klar, dass Griechenland seine Schulden nicht tragen k\u00f6nnen wird.<\/p>\n<p>Aber w\u00fcrde der Schuldenberg die Griechen dann nicht ersticken? So einfach ist es nicht. Schulden sind vor allem ein Problem, weil die Zinsausgaben den Haushalt belasten. Der Staat hat weniger Geld, um sich um seine eigentlichen Aufgaben zu k\u00fcmmern und Investoren m\u00fcssen f\u00fcrchten, ihr Geld nicht zur\u00fcckzubekommen, weil daf\u00fcr die Ressourcen nicht da sind.<\/p>\n<p>Doch die griechischen Zinsausgaben fallen bereits, schlie\u00dflich wurden die Zinsen auf die offiziellen Kredite gesenkt und sollen noch weiter reduziert werden. Und die im Rahmen des ersten Schuldenschnitts getauschten Anleihen haben eine sehr lange Laufzeit, so dass in den kommenden Jahren keine gro\u00dfen Summen f\u00fcr die Abl\u00f6sung anstehen. Laut Kommission gibt Griechenland im kommenden Jahr 5,4 Prozent seiner Wirtschaftsleistung f\u00fcr die Zinsen aus, 2011 waren es 7,1 Prozent.<\/p>\n<p>Entscheidend f\u00fcr den idealen Zeitpunkt der Entschuldung ist deshalb, ob von einer hohen Schuldenlast per se negative Effekte ausgehen \u2013 was in der Literatur unter dem Thema <em>debt overhang<\/em> verhandelt wird. Wenn ich sie richtig \u00fcbersehe, sind die Ergebnisse da nicht so eindeutig, zumal wenn ein Schuldenschnitt sp\u00e4ter in Aussicht gestellt wird. Die Schulden m\u00fcssten dazu f\u00fchren, dass die Investoren verunsichert werden und deshalb dem Land kein frisches Geld leihen \u2013 beziehungsweise sie m\u00fcssten dazu f\u00fchren, dass in der griechischen Privatwirtschaft weniger investiert wird.<\/p>\n<p>Ich will nicht abstreiten, dass das der Fall ist und wahrscheinlich w\u00e4re es f\u00fcr Griechenland besser, wenn der Schnitt fr\u00fch k\u00e4me. Aber ganz so einfach wie die Anh\u00e4nger dieser L\u00f6sung es sich machen ist die Sache nicht.<\/p>\n","protected":false},"excerpt":{"rendered":"<p>Der Streit um eine L\u00f6sung der Griechenlandfrage h\u00e4lt an, am Dienstag dieser Woche konnte sich die Euro-Gruppe nicht auf ein Ma\u00dfnahmenpaket einigen, um die Schulden des Landes zu dr\u00fccken \u2013 vor allem weil Deutschland radikale Ma\u00dfnahmen wie einen Schuldenschnitt zum jetzigen Zeitpunkt scheut. Argumentierte die Bundesregierung bisher eher formaljuristisch \u2013 ein Schuldenschnitt macht aus einem [&hellip;]<\/p>\n","protected":false},"author":215,"featured_media":0,"comment_status":"open","ping_status":"closed","sticky":false,"template":"","format":"standard","meta":{"_jetpack_memberships_contains_paid_content":false,"footnotes":""},"categories":[3],"tags":[],"class_list":["post-5469","post","type-post","status-publish","format-standard","hentry","category-der-aktuelle-rand"],"yoast_head":"<!-- This site is optimized with the Yoast SEO plugin v21.0 - https:\/\/yoast.com\/wordpress\/plugins\/seo\/ -->\n<title>Wann kommt der Schuldenschnitt in Griechenland? - Herdentrieb<\/title>\n<meta name=\"robots\" content=\"index, follow, max-snippet:-1, max-image-preview:large, max-video-preview:-1\" \/>\n<link rel=\"canonical\" href=\"https:\/\/blog.zeit.de\/herdentrieb\/2012\/11\/21\/wann-kommt-der-schuldenschnitt-in-griechenland_5469\" \/>\n<meta property=\"og:locale\" content=\"de_DE\" \/>\n<meta property=\"og:type\" content=\"article\" \/>\n<meta property=\"og:title\" content=\"Wann kommt der Schuldenschnitt in Griechenland? - Herdentrieb\" \/>\n<meta property=\"og:description\" content=\"Der Streit um eine L\u00f6sung der Griechenlandfrage h\u00e4lt an, am Dienstag dieser Woche konnte sich die Euro-Gruppe nicht auf ein Ma\u00dfnahmenpaket einigen, um die Schulden des Landes zu dr\u00fccken \u2013 vor allem weil Deutschland radikale Ma\u00dfnahmen wie einen Schuldenschnitt zum jetzigen Zeitpunkt scheut. Argumentierte die Bundesregierung bisher eher formaljuristisch \u2013 ein Schuldenschnitt macht aus einem [&hellip;]\" \/>\n<meta property=\"og:url\" content=\"https:\/\/blog.zeit.de\/herdentrieb\/2012\/11\/21\/wann-kommt-der-schuldenschnitt-in-griechenland_5469\" \/>\n<meta property=\"og:site_name\" content=\"Herdentrieb\" \/>\n<meta property=\"article:published_time\" content=\"2012-11-21T22:29:34+00:00\" \/>\n<meta property=\"article:modified_time\" content=\"2012-11-28T23:42:52+00:00\" \/>\n<meta name=\"author\" content=\"Mark Schieritz\" \/>\n<meta name=\"twitter:card\" content=\"summary_large_image\" \/>\n<meta name=\"twitter:creator\" content=\"@zeitonline\" \/>\n<meta name=\"twitter:site\" content=\"@zeitonline\" \/>\n<meta name=\"twitter:label1\" content=\"Geschrieben von\" \/>\n\t<meta name=\"twitter:data1\" content=\"Mark Schieritz\" \/>\n\t<meta name=\"twitter:label2\" content=\"Gesch\u00e4tzte Lesezeit\" \/>\n\t<meta name=\"twitter:data2\" content=\"2\u00a0Minuten\" \/>\n<script type=\"application\/ld+json\" class=\"yoast-schema-graph\">{\"@context\":\"https:\/\/schema.org\",\"@graph\":[{\"@type\":\"WebPage\",\"@id\":\"https:\/\/blog.zeit.de\/herdentrieb\/2012\/11\/21\/wann-kommt-der-schuldenschnitt-in-griechenland_5469\",\"url\":\"https:\/\/blog.zeit.de\/herdentrieb\/2012\/11\/21\/wann-kommt-der-schuldenschnitt-in-griechenland_5469\",\"name\":\"Wann kommt der Schuldenschnitt in Griechenland? - Herdentrieb\",\"isPartOf\":{\"@id\":\"https:\/\/blog.zeit.de\/herdentrieb\/#website\"},\"datePublished\":\"2012-11-21T22:29:34+00:00\",\"dateModified\":\"2012-11-28T23:42:52+00:00\",\"author\":{\"@id\":\"https:\/\/blog.zeit.de\/herdentrieb\/#\/schema\/person\/a2dfa95bbd4de7e06edc88db4e3d3871\"},\"breadcrumb\":{\"@id\":\"https:\/\/blog.zeit.de\/herdentrieb\/2012\/11\/21\/wann-kommt-der-schuldenschnitt-in-griechenland_5469#breadcrumb\"},\"inLanguage\":\"de\",\"potentialAction\":[{\"@type\":\"ReadAction\",\"target\":[\"https:\/\/blog.zeit.de\/herdentrieb\/2012\/11\/21\/wann-kommt-der-schuldenschnitt-in-griechenland_5469\"]}]},{\"@type\":\"BreadcrumbList\",\"@id\":\"https:\/\/blog.zeit.de\/herdentrieb\/2012\/11\/21\/wann-kommt-der-schuldenschnitt-in-griechenland_5469#breadcrumb\",\"itemListElement\":[{\"@type\":\"ListItem\",\"position\":1,\"name\":\"Startseite\",\"item\":\"https:\/\/blog.zeit.de\/herdentrieb\"},{\"@type\":\"ListItem\",\"position\":2,\"name\":\"Wann kommt der Schuldenschnitt in Griechenland?\"}]},{\"@type\":\"WebSite\",\"@id\":\"https:\/\/blog.zeit.de\/herdentrieb\/#website\",\"url\":\"https:\/\/blog.zeit.de\/herdentrieb\/\",\"name\":\"Herdentrieb\",\"description\":\"So funktioniert Kapitalismus. Ein Blog\",\"potentialAction\":[{\"@type\":\"SearchAction\",\"target\":{\"@type\":\"EntryPoint\",\"urlTemplate\":\"https:\/\/blog.zeit.de\/herdentrieb\/?s={search_term_string}\"},\"query-input\":\"required name=search_term_string\"}],\"inLanguage\":\"de\"},{\"@type\":\"Person\",\"@id\":\"https:\/\/blog.zeit.de\/herdentrieb\/#\/schema\/person\/a2dfa95bbd4de7e06edc88db4e3d3871\",\"name\":\"Mark Schieritz\",\"image\":{\"@type\":\"ImageObject\",\"inLanguage\":\"de\",\"@id\":\"https:\/\/blog.zeit.de\/herdentrieb\/#\/schema\/person\/image\/\",\"url\":\"https:\/\/secure.gravatar.com\/avatar\/66e072b8ecaf6d851921c0577ca78c8c9a24223a3c3cb6df48c5d839d1b622e0?s=96&d=mm&r=g\",\"contentUrl\":\"https:\/\/secure.gravatar.com\/avatar\/66e072b8ecaf6d851921c0577ca78c8c9a24223a3c3cb6df48c5d839d1b622e0?s=96&d=mm&r=g\",\"caption\":\"Mark Schieritz\"},\"url\":\"https:\/\/blog.zeit.de\/herdentrieb\/author\/mark-schieritz\"}]}<\/script>\n<!-- \/ Yoast SEO plugin. -->","yoast_head_json":{"title":"Wann kommt der Schuldenschnitt in Griechenland? - Herdentrieb","robots":{"index":"index","follow":"follow","max-snippet":"max-snippet:-1","max-image-preview":"max-image-preview:large","max-video-preview":"max-video-preview:-1"},"canonical":"https:\/\/blog.zeit.de\/herdentrieb\/2012\/11\/21\/wann-kommt-der-schuldenschnitt-in-griechenland_5469","og_locale":"de_DE","og_type":"article","og_title":"Wann kommt der Schuldenschnitt in Griechenland? - Herdentrieb","og_description":"Der Streit um eine L\u00f6sung der Griechenlandfrage h\u00e4lt an, am Dienstag dieser Woche konnte sich die Euro-Gruppe nicht auf ein Ma\u00dfnahmenpaket einigen, um die Schulden des Landes zu dr\u00fccken \u2013 vor allem weil Deutschland radikale Ma\u00dfnahmen wie einen Schuldenschnitt zum jetzigen Zeitpunkt scheut. Argumentierte die Bundesregierung bisher eher formaljuristisch \u2013 ein Schuldenschnitt macht aus einem [&hellip;]","og_url":"https:\/\/blog.zeit.de\/herdentrieb\/2012\/11\/21\/wann-kommt-der-schuldenschnitt-in-griechenland_5469","og_site_name":"Herdentrieb","article_published_time":"2012-11-21T22:29:34+00:00","article_modified_time":"2012-11-28T23:42:52+00:00","author":"Mark Schieritz","twitter_card":"summary_large_image","twitter_creator":"@zeitonline","twitter_site":"@zeitonline","twitter_misc":{"Geschrieben von":"Mark Schieritz","Gesch\u00e4tzte Lesezeit":"2\u00a0Minuten"},"schema":{"@context":"https:\/\/schema.org","@graph":[{"@type":"WebPage","@id":"https:\/\/blog.zeit.de\/herdentrieb\/2012\/11\/21\/wann-kommt-der-schuldenschnitt-in-griechenland_5469","url":"https:\/\/blog.zeit.de\/herdentrieb\/2012\/11\/21\/wann-kommt-der-schuldenschnitt-in-griechenland_5469","name":"Wann kommt der Schuldenschnitt in Griechenland? - Herdentrieb","isPartOf":{"@id":"https:\/\/blog.zeit.de\/herdentrieb\/#website"},"datePublished":"2012-11-21T22:29:34+00:00","dateModified":"2012-11-28T23:42:52+00:00","author":{"@id":"https:\/\/blog.zeit.de\/herdentrieb\/#\/schema\/person\/a2dfa95bbd4de7e06edc88db4e3d3871"},"breadcrumb":{"@id":"https:\/\/blog.zeit.de\/herdentrieb\/2012\/11\/21\/wann-kommt-der-schuldenschnitt-in-griechenland_5469#breadcrumb"},"inLanguage":"de","potentialAction":[{"@type":"ReadAction","target":["https:\/\/blog.zeit.de\/herdentrieb\/2012\/11\/21\/wann-kommt-der-schuldenschnitt-in-griechenland_5469"]}]},{"@type":"BreadcrumbList","@id":"https:\/\/blog.zeit.de\/herdentrieb\/2012\/11\/21\/wann-kommt-der-schuldenschnitt-in-griechenland_5469#breadcrumb","itemListElement":[{"@type":"ListItem","position":1,"name":"Startseite","item":"https:\/\/blog.zeit.de\/herdentrieb"},{"@type":"ListItem","position":2,"name":"Wann kommt der Schuldenschnitt in Griechenland?"}]},{"@type":"WebSite","@id":"https:\/\/blog.zeit.de\/herdentrieb\/#website","url":"https:\/\/blog.zeit.de\/herdentrieb\/","name":"Herdentrieb","description":"So funktioniert Kapitalismus. Ein Blog","potentialAction":[{"@type":"SearchAction","target":{"@type":"EntryPoint","urlTemplate":"https:\/\/blog.zeit.de\/herdentrieb\/?s={search_term_string}"},"query-input":"required name=search_term_string"}],"inLanguage":"de"},{"@type":"Person","@id":"https:\/\/blog.zeit.de\/herdentrieb\/#\/schema\/person\/a2dfa95bbd4de7e06edc88db4e3d3871","name":"Mark Schieritz","image":{"@type":"ImageObject","inLanguage":"de","@id":"https:\/\/blog.zeit.de\/herdentrieb\/#\/schema\/person\/image\/","url":"https:\/\/secure.gravatar.com\/avatar\/66e072b8ecaf6d851921c0577ca78c8c9a24223a3c3cb6df48c5d839d1b622e0?s=96&d=mm&r=g","contentUrl":"https:\/\/secure.gravatar.com\/avatar\/66e072b8ecaf6d851921c0577ca78c8c9a24223a3c3cb6df48c5d839d1b622e0?s=96&d=mm&r=g","caption":"Mark Schieritz"},"url":"https:\/\/blog.zeit.de\/herdentrieb\/author\/mark-schieritz"}]}},"jetpack_featured_media_url":"","jetpack_sharing_enabled":true,"_links":{"self":[{"href":"https:\/\/blog.zeit.de\/herdentrieb\/wp-json\/wp\/v2\/posts\/5469","targetHints":{"allow":["GET"]}}],"collection":[{"href":"https:\/\/blog.zeit.de\/herdentrieb\/wp-json\/wp\/v2\/posts"}],"about":[{"href":"https:\/\/blog.zeit.de\/herdentrieb\/wp-json\/wp\/v2\/types\/post"}],"author":[{"embeddable":true,"href":"https:\/\/blog.zeit.de\/herdentrieb\/wp-json\/wp\/v2\/users\/215"}],"replies":[{"embeddable":true,"href":"https:\/\/blog.zeit.de\/herdentrieb\/wp-json\/wp\/v2\/comments?post=5469"}],"version-history":[{"count":5,"href":"https:\/\/blog.zeit.de\/herdentrieb\/wp-json\/wp\/v2\/posts\/5469\/revisions"}],"predecessor-version":[{"id":5485,"href":"https:\/\/blog.zeit.de\/herdentrieb\/wp-json\/wp\/v2\/posts\/5469\/revisions\/5485"}],"wp:attachment":[{"href":"https:\/\/blog.zeit.de\/herdentrieb\/wp-json\/wp\/v2\/media?parent=5469"}],"wp:term":[{"taxonomy":"category","embeddable":true,"href":"https:\/\/blog.zeit.de\/herdentrieb\/wp-json\/wp\/v2\/categories?post=5469"},{"taxonomy":"post_tag","embeddable":true,"href":"https:\/\/blog.zeit.de\/herdentrieb\/wp-json\/wp\/v2\/tags?post=5469"}],"curies":[{"name":"wp","href":"https:\/\/api.w.org\/{rel}","templated":true}]}}