{"id":5510,"date":"2012-12-13T12:22:11","date_gmt":"2012-12-13T11:22:11","guid":{"rendered":"http:\/\/blog.zeit.de\/herdentrieb\/?p=5510"},"modified":"2012-12-14T17:07:04","modified_gmt":"2012-12-14T16:07:04","slug":"bisher-keine-spekulationsblase-am-rentenmarkt","status":"publish","type":"post","link":"https:\/\/blog.zeit.de\/herdentrieb\/2012\/12\/13\/bisher-keine-spekulationsblase-am-rentenmarkt_5510","title":{"rendered":"Bisher keine Spekulationsblase am Rentenmarkt"},"content":{"rendered":"<p>Diese Woche gab es in der <em>FAZ<\/em> einen <a href=\"http:\/\/faz-community.faz.net\/blogs\/fazit\/archive\/2012\/12\/10\/xy.aspx\" target=\"_blank\">Aufsatz von Gerald Braunberger<\/a> mit der k\u00fchnen \u00dcberschrift &#8222;Niedrigrenditen k\u00f6nnen eine Spekulationsblase sein \u2013 oder auch nicht&#8220;. Ich liebe solche \u00dcberschriften \u2013 einerseits, andererseits, k\u00f6nnte so sein oder auch so, wie in der Schule bei Besinnungsaufs\u00e4tzen. F\u00fcr den Anleger, der wissen will, ob er seine Anleihen verkaufen sollte oder nicht, ist damit nicht viel gewonnen.<br \/>\n<!--more--><br \/>\nDer Fairness halber gebe ich aber zu, dass es in dem <em>FAZ<\/em>-Artikel nur um die auf die Vergangenheit gerichtete Frage geht, ob die rekordniedrigen Anleihezinsen durch einen \u00dcberschuss an Ersparnissen in den Schwellenl\u00e4ndern \u2013 <a href=\"https:\/\/blog.zeit.de\/herdentrieb\/2005\/12\/10\/auf-dem-weg-zum-dollar-crash_29\">Bernankes &#8222;savings glut&#8220;<\/a> \u2013 verursacht wurden, oder durch eine Aufbl\u00e4hung der Bankgesch\u00e4fte (&#8222;banking glut&#8220;) durch a) die weitverbreitete Politik des billigen Geldes, b) Fehler in den Aufsichtsregeln der Banken (Basel II) und c) die vermeintlich nachhaltigen Kursgewinne auf den Aktivseiten der Bankbilanzen, die zu immer weiteren Wertpapierk\u00e4ufen gef\u00fchrt hatten. Braunberger vermutet, dass beide Erkl\u00e4rungen zutreffend sind. Na ja. Die Frage, die in der \u00dcberschrift gestellt wird, ob die niedrigen Anleiherenditen denn nun eine Blase darstellen, bleibt unbeantwortet.<\/p>\n<p>Ich versuche es mal mit einer klaren Aussage: Am deutschen Rentenmarkt haben wir es zurzeit nicht mit einer Blase zu tun. Zu einer Blase geh\u00f6rt Euphorie, die weitverbreitete Zuversicht, dass Kurse und Preise nur steigen k\u00f6nnen, und dann nat\u00fcrlich Leverage, das Wetten auf Kursgewinne mit geliehenem Geld. Wenn ich mir die Zuwachsrate der Kredite an Unternehmen und Haushalte in Deutschland ansehe, ist jedenfalls nicht zu erkennen, dass sich die Leute leichtfertig verschulden.<\/p>\n<p><figure id=\"attachment_5511\" aria-describedby=\"caption-attachment-5511\" style=\"width: 485px\" class=\"wp-caption alignnone\"><img loading=\"lazy\" decoding=\"async\" src=\"https:\/\/blog.zeit.de\/herdentrieb\/files\/2012\/12\/Kredite_an_inl_U_u_HH_ggVj_seit_1992.gif\" alt=\"Grafik: Kredite an inl. Unternehmen und priv. Haushalte (ggVj) seit 1992\" title=\"Kredite an inl. Unternehmen und priv. Haushalte (ggVj) seit 1992\" width=\"485\" height=\"290\" class=\"size-full wp-image-5511\" srcset=\"https:\/\/blog.zeit.de\/herdentrieb\/files\/2012\/12\/Kredite_an_inl_U_u_HH_ggVj_seit_1992.gif 485w, https:\/\/blog.zeit.de\/herdentrieb\/files\/2012\/12\/Kredite_an_inl_U_u_HH_ggVj_seit_1992-300x179.gif 300w\" sizes=\"auto, (max-width: 485px) 100vw, 485px\" \/><figcaption id=\"caption-attachment-5511\" class=\"wp-caption-text\">Kredite an inl\u00e4ndische Unternehmen und priv. Haushalte (ggVj in Prozent) seit 1992<\/figcaption><\/figure><\/p>\n<p>Die Zuwachsraten sind nach wie vor bescheiden und eher ein Indiz daf\u00fcr, dass es um die Konjunktur, insbesondere um die Ausgaben f\u00fcr Kapitalg\u00fcter, nicht gut bestellt ist. Das bedeutet im \u00dcbrigen auch, dass keine bedeutenden negativen Effekte f\u00fcr die Gesamtwirtschaft zu erwarten sind, wenn es eines Tages bei deutschen Anleihen zu einem Einbruch der Kurse kommen sollte. Wenn wichtige Akteure nicht \u00fcberschuldet sind, kann es auch nicht zu forciertem Sparen und einem Einbruch der gesamtwirtschaftlichen Nachfrage kommen.<\/p>\n<p>Es handelt sich aus einem weiteren Grund nicht um eine Blase: Die kurzfristigen Zinsen, die wegen der Fristentransformation einen bedeutenden Teil der Refinanzierungskosten von Anleihen ausmachen, werden auf absehbare Zeit in der N\u00e4he von Null liegen. Das hei\u00dft, die Zinskurve wird in Deutschland, und erst recht im \u00fcbrigen Euroland, positiv geneigt bleiben. Daher besteht ein dauerhafter Anreiz, mit billigem Geld finanzierte festverzinsliche Papiere im Portefeuille zu halten. Sie werfen also einen laufenden Ertrag ab \u2013 auf Kursgewinne kommt es, anders als bei Blasenbildungen, nicht so sehr an.<\/p>\n<p><figure id=\"attachment_5513\" aria-describedby=\"caption-attachment-5513\" style=\"width: 483px\" class=\"wp-caption alignnone\"><img loading=\"lazy\" decoding=\"async\" src=\"https:\/\/blog.zeit.de\/herdentrieb\/files\/2012\/12\/Zinsen_am_Renten_und_Geldmarkt_seit_1991.gif\" alt=\"Grafik: Zinsen am Renten- und Geldmarkt seit 1991\" title=\"Zinsen am Renten- und Geldmarkt seit 1991\" width=\"483\" height=\"299\" class=\"size-full wp-image-5513\" srcset=\"https:\/\/blog.zeit.de\/herdentrieb\/files\/2012\/12\/Zinsen_am_Renten_und_Geldmarkt_seit_1991.gif 483w, https:\/\/blog.zeit.de\/herdentrieb\/files\/2012\/12\/Zinsen_am_Renten_und_Geldmarkt_seit_1991-300x185.gif 300w\" sizes=\"auto, (max-width: 483px) 100vw, 483px\" \/><figcaption id=\"caption-attachment-5513\" class=\"wp-caption-text\">Zinsen am Renten- und Geldmarkt seit 1991<\/figcaption><\/figure><\/p>\n<p>Es ist auch nicht zu erkennen, dass die niedrigen Leitzinsen der EZB durch die Probleme in den Krisenl\u00e4ndern verursacht wurden und h\u00f6her w\u00e4ren, wenn es die Krise nicht g\u00e4be, dass der Boom am Rentenmarkt also eine europ\u00e4ische Sonderentwicklung ist. In den USA, in Japan und in Gro\u00dfbritannien sind die Zinsen am kurzen Ende ebenso niedrig \u2013 ohne dass es dort Staatsschuldenkrisen gibt, die die Notenbanken zu Rettungsaktionen zwingt. Mit anderen Worten, die niedrigen deutschen Geldmarkts\u00e4tze und Anleiherenditen haben nichts mit einer solchen Krise zu tun.<\/p>\n<p>F\u00fcr eine Blase, also f\u00fcr \u00fcbertriebene und nicht-haltbare Kursgewinne, spricht allerdings, dass der deutsche Rentenmarkt das Ziel von Fluchtgeldern aus der Peripherie der W\u00e4hrungsunion ist, ebenso wie der Aktienmarkt und der neuerdings relativ feste Immobilienmarkt. Sollten die Pl\u00e4ne f\u00fcr eine europ\u00e4ische Bankenunion in den n\u00e4chsten Monaten weiter konkretisiert werden \u2013 ein gro\u00dfer Schritt in Richtung gemeinsame Aufsicht wurde gestern getan -, entf\u00e4llt der wichtigste Grund, sein Geld nach Deutschland zu schaffen. Wichtig w\u00e4ren insbesondere Beschl\u00fcsse \u00fcber die zentralisierte Abwicklung und  Rekapitalisierung maroder Institute sowie die Einlagensicherung. Wenn das kommt, werden die deutschen Anleiherenditen etwas steigen (oder langsamer sinken), ganz sicher aber werden die Spreads gegen\u00fcber griechischen, portugiesischen, spanischen und italienischen Anleihen enger werden. Letzteres ist bereits seit einigen Monaten im Gange. Insgesamt haben die Fluchtgelder nur der Tendenz nach zu einer Blasenbildung am deutschen Rentenmarkt beigetragen, in der Realit\u00e4t hat das nie bedrohliche Formen angenommen. <\/p>\n<p>Haben wir es dagegen am Aktienmarkt mit einer Blase zu tun? Der Anstieg des DAX um nicht weniger als 29 Prozent in diesem Jahr und um 107 Prozent seit dem Krisentief im M\u00e4rz 2009 kann nat\u00fcrlich den Verdacht nahelegen. Da das durchschnittliche Kurs-Gewinnverh\u00e4ltnis des DAX inzwischen bei 15 liegt, und das Kurs-zu-Buchwertverh\u00e4ltnis bei 1,44, sind deutsche Aktien jedenfalls nicht mehr richtig billig, aber richtig teuer sind sie ebenfalls nicht.<\/p>\n<p><figure id=\"attachment_5518\" aria-describedby=\"caption-attachment-5518\" style=\"width: 485px\" class=\"wp-caption alignnone\"><img loading=\"lazy\" decoding=\"async\" src=\"https:\/\/blog.zeit.de\/herdentrieb\/files\/2012\/12\/DAX_und_REX_ggVj_seit_1991.gif\" alt=\"Grafik: DAX und REX (ggVj in Prozent) seit 1991\" title=\"DAX und REX (ggVj in Prozent) seit 1991\" width=\"485\" height=\"290\" class=\"size-full wp-image-5518\" srcset=\"https:\/\/blog.zeit.de\/herdentrieb\/files\/2012\/12\/DAX_und_REX_ggVj_seit_1991.gif 485w, https:\/\/blog.zeit.de\/herdentrieb\/files\/2012\/12\/DAX_und_REX_ggVj_seit_1991-300x179.gif 300w\" sizes=\"auto, (max-width: 485px) 100vw, 485px\" \/><figcaption id=\"caption-attachment-5518\" class=\"wp-caption-text\">DAX und REX (ggVj in Prozent) seit 1991<\/figcaption><\/figure><\/p>\n<p>Die angesichts der miesen Konjunkturlage \u00fcberraschend freundliche Stimmung am Aktienmarkt reflektiert zwei Sondereffekte: zum Einen die erw\u00e4hnten rekordniedrigen Geldmarktzinsen und Anleiherenditen, zum Anderen die ebenfalls schon erw\u00e4hnten Fluchtgelder aus der Peripherie der W\u00e4hrungsunion. Anzeichen f\u00fcr euphorische \u00dcbertreibungen gibt es dagegen nicht.<\/p>\n<p>Im Vergleich zu den negativen nominalen Renditen von Bundesanleihen mit Laufzeiten von bis zu drei Jahren, und selbst im Vergleich zu zehnj\u00e4hrigen Bundesanleihen und Pfandbriefen von augenblicklich 1,33 und 1,78 Prozent sieht die durchschnittliche Dividendenrendite des DAX von 3,4 Prozent sehr attraktiv aus. Sie entsch\u00e4digt f\u00fcr das Risiko, dass Dividenden auch mal gesenkt werden oder ausfallen k\u00f6nnen, und dass die Kurse, wenn sie einmal fallen sollten, in der Regel viel st\u00e4rker fallen als die von festverzinslichen Wertpapieren. Aktien haben den zus\u00e4tzlichen Charme, dass sie viel besser gegen Inflation sch\u00fctzen als Bonds \u2013 sie sind ja schlie\u00dflich Unternehmensbeteiligungen und damit Sachwerte.<\/p>\n<p>Ich behaupte daher, dass wir es auch am deutschen Aktienmarkt trotz der gro\u00dfen Kursgewinne nicht mit einer Blase zu tun haben.<\/p>\n","protected":false},"excerpt":{"rendered":"<p>Diese Woche gab es in der FAZ einen Aufsatz von Gerald Braunberger mit der k\u00fchnen \u00dcberschrift &#8222;Niedrigrenditen k\u00f6nnen eine Spekulationsblase sein \u2013 oder auch nicht&#8220;. Ich liebe solche \u00dcberschriften \u2013 einerseits, andererseits, k\u00f6nnte so sein oder auch so, wie in der Schule bei Besinnungsaufs\u00e4tzen. F\u00fcr den Anleger, der wissen will, ob er seine Anleihen verkaufen [&hellip;]<\/p>\n","protected":false},"author":61,"featured_media":0,"comment_status":"open","ping_status":"closed","sticky":false,"template":"","format":"standard","meta":{"_jetpack_memberships_contains_paid_content":false,"footnotes":""},"categories":[15],"tags":[],"class_list":["post-5510","post","type-post","status-publish","format-standard","hentry","category-ja-wo-laufen-sie-denn-hin"],"yoast_head":"<!-- This site is optimized with the Yoast SEO plugin v21.0 - https:\/\/yoast.com\/wordpress\/plugins\/seo\/ -->\n<title>Bisher keine Spekulationsblase am Rentenmarkt - Herdentrieb<\/title>\n<meta name=\"robots\" content=\"index, follow, max-snippet:-1, max-image-preview:large, max-video-preview:-1\" \/>\n<link rel=\"canonical\" href=\"https:\/\/blog.zeit.de\/herdentrieb\/2012\/12\/13\/bisher-keine-spekulationsblase-am-rentenmarkt_5510\" \/>\n<meta property=\"og:locale\" content=\"de_DE\" \/>\n<meta property=\"og:type\" content=\"article\" \/>\n<meta property=\"og:title\" content=\"Bisher keine Spekulationsblase am Rentenmarkt - Herdentrieb\" \/>\n<meta property=\"og:description\" content=\"Diese Woche gab es in der FAZ einen Aufsatz von Gerald Braunberger mit der k\u00fchnen \u00dcberschrift &#8222;Niedrigrenditen k\u00f6nnen eine Spekulationsblase sein \u2013 oder auch nicht&#8220;. Ich liebe solche \u00dcberschriften \u2013 einerseits, andererseits, k\u00f6nnte so sein oder auch so, wie in der Schule bei Besinnungsaufs\u00e4tzen. F\u00fcr den Anleger, der wissen will, ob er seine Anleihen verkaufen [&hellip;]\" \/>\n<meta property=\"og:url\" content=\"https:\/\/blog.zeit.de\/herdentrieb\/2012\/12\/13\/bisher-keine-spekulationsblase-am-rentenmarkt_5510\" \/>\n<meta property=\"og:site_name\" content=\"Herdentrieb\" \/>\n<meta property=\"article:published_time\" content=\"2012-12-13T11:22:11+00:00\" \/>\n<meta property=\"article:modified_time\" content=\"2012-12-14T16:07:04+00:00\" \/>\n<meta property=\"og:image\" content=\"https:\/\/blog.zeit.de\/herdentrieb\/files\/2012\/12\/Kredite_an_inl_U_u_HH_ggVj_seit_1992.gif\" \/>\n<meta name=\"author\" content=\"Dieter Wermuth\" \/>\n<meta name=\"twitter:card\" content=\"summary_large_image\" \/>\n<meta name=\"twitter:creator\" content=\"@zeitonline\" \/>\n<meta name=\"twitter:site\" content=\"@zeitonline\" \/>\n<meta name=\"twitter:label1\" content=\"Geschrieben von\" \/>\n\t<meta name=\"twitter:data1\" content=\"Dieter Wermuth\" \/>\n\t<meta name=\"twitter:label2\" content=\"Gesch\u00e4tzte Lesezeit\" \/>\n\t<meta name=\"twitter:data2\" content=\"5\u00a0Minuten\" \/>\n<script type=\"application\/ld+json\" class=\"yoast-schema-graph\">{\"@context\":\"https:\/\/schema.org\",\"@graph\":[{\"@type\":\"WebPage\",\"@id\":\"https:\/\/blog.zeit.de\/herdentrieb\/2012\/12\/13\/bisher-keine-spekulationsblase-am-rentenmarkt_5510\",\"url\":\"https:\/\/blog.zeit.de\/herdentrieb\/2012\/12\/13\/bisher-keine-spekulationsblase-am-rentenmarkt_5510\",\"name\":\"Bisher keine Spekulationsblase am Rentenmarkt - Herdentrieb\",\"isPartOf\":{\"@id\":\"https:\/\/blog.zeit.de\/herdentrieb\/#website\"},\"datePublished\":\"2012-12-13T11:22:11+00:00\",\"dateModified\":\"2012-12-14T16:07:04+00:00\",\"author\":{\"@id\":\"https:\/\/blog.zeit.de\/herdentrieb\/#\/schema\/person\/cded255e8a7893fa16565de10e59b891\"},\"breadcrumb\":{\"@id\":\"https:\/\/blog.zeit.de\/herdentrieb\/2012\/12\/13\/bisher-keine-spekulationsblase-am-rentenmarkt_5510#breadcrumb\"},\"inLanguage\":\"de\",\"potentialAction\":[{\"@type\":\"ReadAction\",\"target\":[\"https:\/\/blog.zeit.de\/herdentrieb\/2012\/12\/13\/bisher-keine-spekulationsblase-am-rentenmarkt_5510\"]}]},{\"@type\":\"BreadcrumbList\",\"@id\":\"https:\/\/blog.zeit.de\/herdentrieb\/2012\/12\/13\/bisher-keine-spekulationsblase-am-rentenmarkt_5510#breadcrumb\",\"itemListElement\":[{\"@type\":\"ListItem\",\"position\":1,\"name\":\"Startseite\",\"item\":\"https:\/\/blog.zeit.de\/herdentrieb\"},{\"@type\":\"ListItem\",\"position\":2,\"name\":\"Bisher keine Spekulationsblase am Rentenmarkt\"}]},{\"@type\":\"WebSite\",\"@id\":\"https:\/\/blog.zeit.de\/herdentrieb\/#website\",\"url\":\"https:\/\/blog.zeit.de\/herdentrieb\/\",\"name\":\"Herdentrieb\",\"description\":\"So funktioniert Kapitalismus. Ein Blog\",\"potentialAction\":[{\"@type\":\"SearchAction\",\"target\":{\"@type\":\"EntryPoint\",\"urlTemplate\":\"https:\/\/blog.zeit.de\/herdentrieb\/?s={search_term_string}\"},\"query-input\":\"required name=search_term_string\"}],\"inLanguage\":\"de\"},{\"@type\":\"Person\",\"@id\":\"https:\/\/blog.zeit.de\/herdentrieb\/#\/schema\/person\/cded255e8a7893fa16565de10e59b891\",\"name\":\"Dieter Wermuth\",\"image\":{\"@type\":\"ImageObject\",\"inLanguage\":\"de\",\"@id\":\"https:\/\/blog.zeit.de\/herdentrieb\/#\/schema\/person\/image\/\",\"url\":\"https:\/\/secure.gravatar.com\/avatar\/17b936dcdfff00d08ede21a6c8044f16e55bc8832ed4a15d30fdb3dcfd0adec3?s=96&d=mm&r=g\",\"contentUrl\":\"https:\/\/secure.gravatar.com\/avatar\/17b936dcdfff00d08ede21a6c8044f16e55bc8832ed4a15d30fdb3dcfd0adec3?s=96&d=mm&r=g\",\"caption\":\"Dieter Wermuth\"},\"url\":\"https:\/\/blog.zeit.de\/herdentrieb\/author\/dieter-wermuth\"}]}<\/script>\n<!-- \/ Yoast SEO plugin. -->","yoast_head_json":{"title":"Bisher keine Spekulationsblase am Rentenmarkt - Herdentrieb","robots":{"index":"index","follow":"follow","max-snippet":"max-snippet:-1","max-image-preview":"max-image-preview:large","max-video-preview":"max-video-preview:-1"},"canonical":"https:\/\/blog.zeit.de\/herdentrieb\/2012\/12\/13\/bisher-keine-spekulationsblase-am-rentenmarkt_5510","og_locale":"de_DE","og_type":"article","og_title":"Bisher keine Spekulationsblase am Rentenmarkt - Herdentrieb","og_description":"Diese Woche gab es in der FAZ einen Aufsatz von Gerald Braunberger mit der k\u00fchnen \u00dcberschrift &#8222;Niedrigrenditen k\u00f6nnen eine Spekulationsblase sein \u2013 oder auch nicht&#8220;. Ich liebe solche \u00dcberschriften \u2013 einerseits, andererseits, k\u00f6nnte so sein oder auch so, wie in der Schule bei Besinnungsaufs\u00e4tzen. F\u00fcr den Anleger, der wissen will, ob er seine Anleihen verkaufen [&hellip;]","og_url":"https:\/\/blog.zeit.de\/herdentrieb\/2012\/12\/13\/bisher-keine-spekulationsblase-am-rentenmarkt_5510","og_site_name":"Herdentrieb","article_published_time":"2012-12-13T11:22:11+00:00","article_modified_time":"2012-12-14T16:07:04+00:00","og_image":[{"url":"https:\/\/blog.zeit.de\/herdentrieb\/files\/2012\/12\/Kredite_an_inl_U_u_HH_ggVj_seit_1992.gif"}],"author":"Dieter Wermuth","twitter_card":"summary_large_image","twitter_creator":"@zeitonline","twitter_site":"@zeitonline","twitter_misc":{"Geschrieben von":"Dieter Wermuth","Gesch\u00e4tzte Lesezeit":"5\u00a0Minuten"},"schema":{"@context":"https:\/\/schema.org","@graph":[{"@type":"WebPage","@id":"https:\/\/blog.zeit.de\/herdentrieb\/2012\/12\/13\/bisher-keine-spekulationsblase-am-rentenmarkt_5510","url":"https:\/\/blog.zeit.de\/herdentrieb\/2012\/12\/13\/bisher-keine-spekulationsblase-am-rentenmarkt_5510","name":"Bisher keine Spekulationsblase am Rentenmarkt - Herdentrieb","isPartOf":{"@id":"https:\/\/blog.zeit.de\/herdentrieb\/#website"},"datePublished":"2012-12-13T11:22:11+00:00","dateModified":"2012-12-14T16:07:04+00:00","author":{"@id":"https:\/\/blog.zeit.de\/herdentrieb\/#\/schema\/person\/cded255e8a7893fa16565de10e59b891"},"breadcrumb":{"@id":"https:\/\/blog.zeit.de\/herdentrieb\/2012\/12\/13\/bisher-keine-spekulationsblase-am-rentenmarkt_5510#breadcrumb"},"inLanguage":"de","potentialAction":[{"@type":"ReadAction","target":["https:\/\/blog.zeit.de\/herdentrieb\/2012\/12\/13\/bisher-keine-spekulationsblase-am-rentenmarkt_5510"]}]},{"@type":"BreadcrumbList","@id":"https:\/\/blog.zeit.de\/herdentrieb\/2012\/12\/13\/bisher-keine-spekulationsblase-am-rentenmarkt_5510#breadcrumb","itemListElement":[{"@type":"ListItem","position":1,"name":"Startseite","item":"https:\/\/blog.zeit.de\/herdentrieb"},{"@type":"ListItem","position":2,"name":"Bisher keine Spekulationsblase am Rentenmarkt"}]},{"@type":"WebSite","@id":"https:\/\/blog.zeit.de\/herdentrieb\/#website","url":"https:\/\/blog.zeit.de\/herdentrieb\/","name":"Herdentrieb","description":"So funktioniert Kapitalismus. Ein Blog","potentialAction":[{"@type":"SearchAction","target":{"@type":"EntryPoint","urlTemplate":"https:\/\/blog.zeit.de\/herdentrieb\/?s={search_term_string}"},"query-input":"required name=search_term_string"}],"inLanguage":"de"},{"@type":"Person","@id":"https:\/\/blog.zeit.de\/herdentrieb\/#\/schema\/person\/cded255e8a7893fa16565de10e59b891","name":"Dieter Wermuth","image":{"@type":"ImageObject","inLanguage":"de","@id":"https:\/\/blog.zeit.de\/herdentrieb\/#\/schema\/person\/image\/","url":"https:\/\/secure.gravatar.com\/avatar\/17b936dcdfff00d08ede21a6c8044f16e55bc8832ed4a15d30fdb3dcfd0adec3?s=96&d=mm&r=g","contentUrl":"https:\/\/secure.gravatar.com\/avatar\/17b936dcdfff00d08ede21a6c8044f16e55bc8832ed4a15d30fdb3dcfd0adec3?s=96&d=mm&r=g","caption":"Dieter Wermuth"},"url":"https:\/\/blog.zeit.de\/herdentrieb\/author\/dieter-wermuth"}]}},"jetpack_featured_media_url":"","jetpack_sharing_enabled":true,"_links":{"self":[{"href":"https:\/\/blog.zeit.de\/herdentrieb\/wp-json\/wp\/v2\/posts\/5510","targetHints":{"allow":["GET"]}}],"collection":[{"href":"https:\/\/blog.zeit.de\/herdentrieb\/wp-json\/wp\/v2\/posts"}],"about":[{"href":"https:\/\/blog.zeit.de\/herdentrieb\/wp-json\/wp\/v2\/types\/post"}],"author":[{"embeddable":true,"href":"https:\/\/blog.zeit.de\/herdentrieb\/wp-json\/wp\/v2\/users\/61"}],"replies":[{"embeddable":true,"href":"https:\/\/blog.zeit.de\/herdentrieb\/wp-json\/wp\/v2\/comments?post=5510"}],"version-history":[{"count":8,"href":"https:\/\/blog.zeit.de\/herdentrieb\/wp-json\/wp\/v2\/posts\/5510\/revisions"}],"predecessor-version":[{"id":5527,"href":"https:\/\/blog.zeit.de\/herdentrieb\/wp-json\/wp\/v2\/posts\/5510\/revisions\/5527"}],"wp:attachment":[{"href":"https:\/\/blog.zeit.de\/herdentrieb\/wp-json\/wp\/v2\/media?parent=5510"}],"wp:term":[{"taxonomy":"category","embeddable":true,"href":"https:\/\/blog.zeit.de\/herdentrieb\/wp-json\/wp\/v2\/categories?post=5510"},{"taxonomy":"post_tag","embeddable":true,"href":"https:\/\/blog.zeit.de\/herdentrieb\/wp-json\/wp\/v2\/tags?post=5510"}],"curies":[{"name":"wp","href":"https:\/\/api.w.org\/{rel}","templated":true}]}}