{"id":5799,"date":"2013-03-07T14:51:55","date_gmt":"2013-03-07T13:51:55","guid":{"rendered":"http:\/\/blog.zeit.de\/herdentrieb\/?p=5799"},"modified":"2013-03-27T14:38:26","modified_gmt":"2013-03-27T13:38:26","slug":"die-bundesbank-entdeckt-die-ungleichheit","status":"publish","type":"post","link":"https:\/\/blog.zeit.de\/herdentrieb\/2013\/03\/07\/die-bundesbank-entdeckt-die-ungleichheit_5799","title":{"rendered":"Die Bundesbank entdeckt die Ungleichheit"},"content":{"rendered":"<p>Viel Wirbel heute \u00fcber einen Artikel <a href=\"http:\/\/www.faz.net\/aktuell\/wirtschaft\/wirtschaftspolitik\/armut-und-reichtum\/verteilung-von-vermoegen-notenbanker-zoegern-bericht-ueber-ungleichheit-hinaus-12105481.html\" target=\"_blank\">in der FAZ<\/a> \u00fcber eine Studie zur Verm\u00f6gensverteilung in der Euro-Zone. Die FAZ verleiht dem Sachverhalt den Spin, die Daten w\u00fcrden zur\u00fcckgehalten, weil sonst herausk\u00e4me, dass \u00e4rmere L\u00e4nder f\u00fcr reichere bezahlen. Im Fall Zypern ist das wohl der Fall. Aus der Studie geht wohl hervor, dass das Pro-Kopf-Verm\u00f6gen in Zypern eines der h\u00f6chsten der Euro-Zone ist.<br \/>\n<!--more--><br \/>\nIm Fall der Bundesbank ist aber, wie ich es sehe, der Kontext ein anderer. Die Bundesbank h\u00e4lt die Studie nicht zur\u00fcck, sie wird im Rahmen einer <a href=\"http:\/\/www.bundesbank.de\/Redaktion\/EN\/Downloads\/Bundesbank\/Research_Centre\/conferences\/2013\/2013_03_21_eltville_programme.pdf?__blob=publicationFile\" target=\"_blank\">Konferenz<\/a> am 21. M\u00e4rz vorgestellt. Aus der Bundesbankstudie wird als wichtigste Botschaft hervorgehen, dass das Verm\u00f6gen in Deutschland extrem ungleich verteilt ist, was wohl viel mit dem Thema Immobilienbesitz zu tun hat.<\/p>\n<p>Politisch ist das f\u00fcr die innerdeutsche, nicht die innereurop\u00e4ische Debatte relevant. Denn es wird sozusagen hochoffiziell mit dem Stempel der Bundesbank best\u00e4tigt werden, dass dieses Land ungerecht ist. Man muss nicht lange \u00fcberlegen, wem das im Wahlkampf nutzen wird.<\/p>\n<p>Wenn das zur Folge hat, dass wir endlich einmal eine Debatte \u00fcber eine angemessene Erbschaftssteuer in diesem Land f\u00fchren, dann ein Hoch auf die Bundesbank!<\/p>\n","protected":false},"excerpt":{"rendered":"<p>Viel Wirbel heute \u00fcber einen Artikel in der FAZ \u00fcber eine Studie zur Verm\u00f6gensverteilung in der Euro-Zone. Die FAZ verleiht dem Sachverhalt den Spin, die Daten w\u00fcrden zur\u00fcckgehalten, weil sonst herausk\u00e4me, dass \u00e4rmere L\u00e4nder f\u00fcr reichere bezahlen. Im Fall Zypern ist das wohl der Fall. Aus der Studie geht wohl hervor, dass das Pro-Kopf-Verm\u00f6gen in [&hellip;]<\/p>\n","protected":false},"author":215,"featured_media":0,"comment_status":"open","ping_status":"closed","sticky":false,"template":"","format":"standard","meta":{"_jetpack_memberships_contains_paid_content":false,"footnotes":""},"categories":[3],"tags":[],"class_list":["post-5799","post","type-post","status-publish","format-standard","hentry","category-der-aktuelle-rand"],"yoast_head":"<!-- This site is optimized with the Yoast SEO plugin v21.0 - https:\/\/yoast.com\/wordpress\/plugins\/seo\/ -->\n<title>Die Bundesbank entdeckt die Ungleichheit - Herdentrieb<\/title>\n<meta name=\"robots\" content=\"index, follow, max-snippet:-1, max-image-preview:large, max-video-preview:-1\" \/>\n<link rel=\"canonical\" href=\"https:\/\/blog.zeit.de\/herdentrieb\/2013\/03\/07\/die-bundesbank-entdeckt-die-ungleichheit_5799\" \/>\n<meta property=\"og:locale\" content=\"de_DE\" \/>\n<meta property=\"og:type\" content=\"article\" \/>\n<meta property=\"og:title\" content=\"Die Bundesbank entdeckt die Ungleichheit - Herdentrieb\" \/>\n<meta property=\"og:description\" content=\"Viel Wirbel heute \u00fcber einen Artikel in der FAZ \u00fcber eine Studie zur Verm\u00f6gensverteilung in der Euro-Zone. Die FAZ verleiht dem Sachverhalt den Spin, die Daten w\u00fcrden zur\u00fcckgehalten, weil sonst herausk\u00e4me, dass \u00e4rmere L\u00e4nder f\u00fcr reichere bezahlen. Im Fall Zypern ist das wohl der Fall. Aus der Studie geht wohl hervor, dass das Pro-Kopf-Verm\u00f6gen in [&hellip;]\" \/>\n<meta property=\"og:url\" content=\"https:\/\/blog.zeit.de\/herdentrieb\/2013\/03\/07\/die-bundesbank-entdeckt-die-ungleichheit_5799\" \/>\n<meta property=\"og:site_name\" content=\"Herdentrieb\" \/>\n<meta property=\"article:published_time\" content=\"2013-03-07T13:51:55+00:00\" \/>\n<meta property=\"article:modified_time\" content=\"2013-03-27T13:38:26+00:00\" \/>\n<meta name=\"author\" content=\"Mark Schieritz\" \/>\n<meta name=\"twitter:card\" content=\"summary_large_image\" \/>\n<meta name=\"twitter:creator\" content=\"@zeitonline\" \/>\n<meta name=\"twitter:site\" content=\"@zeitonline\" \/>\n<meta name=\"twitter:label1\" content=\"Geschrieben von\" \/>\n\t<meta name=\"twitter:data1\" content=\"Mark Schieritz\" \/>\n\t<meta name=\"twitter:label2\" content=\"Gesch\u00e4tzte Lesezeit\" \/>\n\t<meta name=\"twitter:data2\" content=\"1\u00a0Minute\" \/>\n<script type=\"application\/ld+json\" class=\"yoast-schema-graph\">{\"@context\":\"https:\/\/schema.org\",\"@graph\":[{\"@type\":\"WebPage\",\"@id\":\"https:\/\/blog.zeit.de\/herdentrieb\/2013\/03\/07\/die-bundesbank-entdeckt-die-ungleichheit_5799\",\"url\":\"https:\/\/blog.zeit.de\/herdentrieb\/2013\/03\/07\/die-bundesbank-entdeckt-die-ungleichheit_5799\",\"name\":\"Die Bundesbank entdeckt die Ungleichheit - Herdentrieb\",\"isPartOf\":{\"@id\":\"https:\/\/blog.zeit.de\/herdentrieb\/#website\"},\"datePublished\":\"2013-03-07T13:51:55+00:00\",\"dateModified\":\"2013-03-27T13:38:26+00:00\",\"author\":{\"@id\":\"https:\/\/blog.zeit.de\/herdentrieb\/#\/schema\/person\/a2dfa95bbd4de7e06edc88db4e3d3871\"},\"breadcrumb\":{\"@id\":\"https:\/\/blog.zeit.de\/herdentrieb\/2013\/03\/07\/die-bundesbank-entdeckt-die-ungleichheit_5799#breadcrumb\"},\"inLanguage\":\"de\",\"potentialAction\":[{\"@type\":\"ReadAction\",\"target\":[\"https:\/\/blog.zeit.de\/herdentrieb\/2013\/03\/07\/die-bundesbank-entdeckt-die-ungleichheit_5799\"]}]},{\"@type\":\"BreadcrumbList\",\"@id\":\"https:\/\/blog.zeit.de\/herdentrieb\/2013\/03\/07\/die-bundesbank-entdeckt-die-ungleichheit_5799#breadcrumb\",\"itemListElement\":[{\"@type\":\"ListItem\",\"position\":1,\"name\":\"Startseite\",\"item\":\"https:\/\/blog.zeit.de\/herdentrieb\"},{\"@type\":\"ListItem\",\"position\":2,\"name\":\"Die Bundesbank entdeckt die Ungleichheit\"}]},{\"@type\":\"WebSite\",\"@id\":\"https:\/\/blog.zeit.de\/herdentrieb\/#website\",\"url\":\"https:\/\/blog.zeit.de\/herdentrieb\/\",\"name\":\"Herdentrieb\",\"description\":\"So funktioniert Kapitalismus. Ein Blog\",\"potentialAction\":[{\"@type\":\"SearchAction\",\"target\":{\"@type\":\"EntryPoint\",\"urlTemplate\":\"https:\/\/blog.zeit.de\/herdentrieb\/?s={search_term_string}\"},\"query-input\":\"required name=search_term_string\"}],\"inLanguage\":\"de\"},{\"@type\":\"Person\",\"@id\":\"https:\/\/blog.zeit.de\/herdentrieb\/#\/schema\/person\/a2dfa95bbd4de7e06edc88db4e3d3871\",\"name\":\"Mark Schieritz\",\"image\":{\"@type\":\"ImageObject\",\"inLanguage\":\"de\",\"@id\":\"https:\/\/blog.zeit.de\/herdentrieb\/#\/schema\/person\/image\/\",\"url\":\"https:\/\/secure.gravatar.com\/avatar\/66e072b8ecaf6d851921c0577ca78c8c9a24223a3c3cb6df48c5d839d1b622e0?s=96&d=mm&r=g\",\"contentUrl\":\"https:\/\/secure.gravatar.com\/avatar\/66e072b8ecaf6d851921c0577ca78c8c9a24223a3c3cb6df48c5d839d1b622e0?s=96&d=mm&r=g\",\"caption\":\"Mark Schieritz\"},\"url\":\"https:\/\/blog.zeit.de\/herdentrieb\/author\/mark-schieritz\"}]}<\/script>\n<!-- \/ Yoast SEO plugin. -->","yoast_head_json":{"title":"Die Bundesbank entdeckt die Ungleichheit - Herdentrieb","robots":{"index":"index","follow":"follow","max-snippet":"max-snippet:-1","max-image-preview":"max-image-preview:large","max-video-preview":"max-video-preview:-1"},"canonical":"https:\/\/blog.zeit.de\/herdentrieb\/2013\/03\/07\/die-bundesbank-entdeckt-die-ungleichheit_5799","og_locale":"de_DE","og_type":"article","og_title":"Die Bundesbank entdeckt die Ungleichheit - Herdentrieb","og_description":"Viel Wirbel heute \u00fcber einen Artikel in der FAZ \u00fcber eine Studie zur Verm\u00f6gensverteilung in der Euro-Zone. Die FAZ verleiht dem Sachverhalt den Spin, die Daten w\u00fcrden zur\u00fcckgehalten, weil sonst herausk\u00e4me, dass \u00e4rmere L\u00e4nder f\u00fcr reichere bezahlen. Im Fall Zypern ist das wohl der Fall. Aus der Studie geht wohl hervor, dass das Pro-Kopf-Verm\u00f6gen in [&hellip;]","og_url":"https:\/\/blog.zeit.de\/herdentrieb\/2013\/03\/07\/die-bundesbank-entdeckt-die-ungleichheit_5799","og_site_name":"Herdentrieb","article_published_time":"2013-03-07T13:51:55+00:00","article_modified_time":"2013-03-27T13:38:26+00:00","author":"Mark Schieritz","twitter_card":"summary_large_image","twitter_creator":"@zeitonline","twitter_site":"@zeitonline","twitter_misc":{"Geschrieben von":"Mark Schieritz","Gesch\u00e4tzte Lesezeit":"1\u00a0Minute"},"schema":{"@context":"https:\/\/schema.org","@graph":[{"@type":"WebPage","@id":"https:\/\/blog.zeit.de\/herdentrieb\/2013\/03\/07\/die-bundesbank-entdeckt-die-ungleichheit_5799","url":"https:\/\/blog.zeit.de\/herdentrieb\/2013\/03\/07\/die-bundesbank-entdeckt-die-ungleichheit_5799","name":"Die Bundesbank entdeckt die Ungleichheit - Herdentrieb","isPartOf":{"@id":"https:\/\/blog.zeit.de\/herdentrieb\/#website"},"datePublished":"2013-03-07T13:51:55+00:00","dateModified":"2013-03-27T13:38:26+00:00","author":{"@id":"https:\/\/blog.zeit.de\/herdentrieb\/#\/schema\/person\/a2dfa95bbd4de7e06edc88db4e3d3871"},"breadcrumb":{"@id":"https:\/\/blog.zeit.de\/herdentrieb\/2013\/03\/07\/die-bundesbank-entdeckt-die-ungleichheit_5799#breadcrumb"},"inLanguage":"de","potentialAction":[{"@type":"ReadAction","target":["https:\/\/blog.zeit.de\/herdentrieb\/2013\/03\/07\/die-bundesbank-entdeckt-die-ungleichheit_5799"]}]},{"@type":"BreadcrumbList","@id":"https:\/\/blog.zeit.de\/herdentrieb\/2013\/03\/07\/die-bundesbank-entdeckt-die-ungleichheit_5799#breadcrumb","itemListElement":[{"@type":"ListItem","position":1,"name":"Startseite","item":"https:\/\/blog.zeit.de\/herdentrieb"},{"@type":"ListItem","position":2,"name":"Die Bundesbank entdeckt die Ungleichheit"}]},{"@type":"WebSite","@id":"https:\/\/blog.zeit.de\/herdentrieb\/#website","url":"https:\/\/blog.zeit.de\/herdentrieb\/","name":"Herdentrieb","description":"So funktioniert Kapitalismus. Ein Blog","potentialAction":[{"@type":"SearchAction","target":{"@type":"EntryPoint","urlTemplate":"https:\/\/blog.zeit.de\/herdentrieb\/?s={search_term_string}"},"query-input":"required name=search_term_string"}],"inLanguage":"de"},{"@type":"Person","@id":"https:\/\/blog.zeit.de\/herdentrieb\/#\/schema\/person\/a2dfa95bbd4de7e06edc88db4e3d3871","name":"Mark Schieritz","image":{"@type":"ImageObject","inLanguage":"de","@id":"https:\/\/blog.zeit.de\/herdentrieb\/#\/schema\/person\/image\/","url":"https:\/\/secure.gravatar.com\/avatar\/66e072b8ecaf6d851921c0577ca78c8c9a24223a3c3cb6df48c5d839d1b622e0?s=96&d=mm&r=g","contentUrl":"https:\/\/secure.gravatar.com\/avatar\/66e072b8ecaf6d851921c0577ca78c8c9a24223a3c3cb6df48c5d839d1b622e0?s=96&d=mm&r=g","caption":"Mark Schieritz"},"url":"https:\/\/blog.zeit.de\/herdentrieb\/author\/mark-schieritz"}]}},"jetpack_featured_media_url":"","jetpack_sharing_enabled":true,"_links":{"self":[{"href":"https:\/\/blog.zeit.de\/herdentrieb\/wp-json\/wp\/v2\/posts\/5799","targetHints":{"allow":["GET"]}}],"collection":[{"href":"https:\/\/blog.zeit.de\/herdentrieb\/wp-json\/wp\/v2\/posts"}],"about":[{"href":"https:\/\/blog.zeit.de\/herdentrieb\/wp-json\/wp\/v2\/types\/post"}],"author":[{"embeddable":true,"href":"https:\/\/blog.zeit.de\/herdentrieb\/wp-json\/wp\/v2\/users\/215"}],"replies":[{"embeddable":true,"href":"https:\/\/blog.zeit.de\/herdentrieb\/wp-json\/wp\/v2\/comments?post=5799"}],"version-history":[{"count":8,"href":"https:\/\/blog.zeit.de\/herdentrieb\/wp-json\/wp\/v2\/posts\/5799\/revisions"}],"predecessor-version":[{"id":5869,"href":"https:\/\/blog.zeit.de\/herdentrieb\/wp-json\/wp\/v2\/posts\/5799\/revisions\/5869"}],"wp:attachment":[{"href":"https:\/\/blog.zeit.de\/herdentrieb\/wp-json\/wp\/v2\/media?parent=5799"}],"wp:term":[{"taxonomy":"category","embeddable":true,"href":"https:\/\/blog.zeit.de\/herdentrieb\/wp-json\/wp\/v2\/categories?post=5799"},{"taxonomy":"post_tag","embeddable":true,"href":"https:\/\/blog.zeit.de\/herdentrieb\/wp-json\/wp\/v2\/tags?post=5799"}],"curies":[{"name":"wp","href":"https:\/\/api.w.org\/{rel}","templated":true}]}}