{"id":5808,"date":"2013-03-07T23:28:52","date_gmt":"2013-03-07T22:28:52","guid":{"rendered":"http:\/\/blog.zeit.de\/herdentrieb\/?p=5808"},"modified":"2013-03-27T14:39:22","modified_gmt":"2013-03-27T13:39:22","slug":"ob-die-markte-maybrit-illner-schauen","status":"publish","type":"post","link":"https:\/\/blog.zeit.de\/herdentrieb\/2013\/03\/07\/ob-die-markte-maybrit-illner-schauen_5808","title":{"rendered":"Ob die M\u00e4rkte Maybrit Illner schauen?"},"content":{"rendered":"<p>Gestern war ein interessanter Tag: In Frankfurt zeichnet Mario Draghi das Bild eines Kontinents, der im Heilungsprozess begriffen ist. In Berlin diskutiert Maybrit Illner \u00fcber die Frage, ob Deutschland aus dem Euro austreten soll. Wer diese Sendung gesehen hat, der muss schwarz sehen f\u00fcr diese W\u00e4hrung.<br \/>\n<!--more--><br \/>\nOskar Lafontaine solidarisiert sich mit dem Anf\u00fchrer der Euro-Rebellen, Bernd Lucke und Mr. Dax aka Dirk M\u00fcller, der omnipr\u00e4sente &#8222;Finanz- und B\u00f6rsenexperte&#8220; stimmt in den Chor ein. Die Verteidigung des Euro \u00fcbernimmt ein unmotivierter, weil von den Rettungsma\u00dfnahmen im Grunde auch nicht \u00fcberzeugter Rainer Br\u00fcderle und ein sympathisch-nachdenklicher aber \u00f6konomisch unterbelichteter \u2013 er ist eben Au\u00dfenminister \u2013 \u00a0Jean Asselborn.<\/p>\n<p>Da best\u00e4rkte man sich eine halbe Ewigkeit darin, dass doch die Euro-Rettung in Wahrheit einer Rettung der Boni-Banker auf Kosten der deutschen Steuerzahler sei, bis Asselborn irgendwann zart einwarf, ob nicht vielleicht die deutschen Steuerzahler vielleicht ihr Geld auf den Banken liegen h\u00e4tten. Und \u00fcberhaupt finanziere ja der deutsche Steuerzahler sowieso alles, ganz so als ob nicht auch andere L\u00e4nder die Kosten tragen.<\/p>\n<p>Die M\u00e4rkte h\u00f6ren auf Draghi, das Problem ist nur, dass mehr B\u00fcrger Mybrit Illner schauen.<\/p>\n","protected":false},"excerpt":{"rendered":"<p>Gestern war ein interessanter Tag: In Frankfurt zeichnet Mario Draghi das Bild eines Kontinents, der im Heilungsprozess begriffen ist. In Berlin diskutiert Maybrit Illner \u00fcber die Frage, ob Deutschland aus dem Euro austreten soll. Wer diese Sendung gesehen hat, der muss schwarz sehen f\u00fcr diese W\u00e4hrung.<\/p>\n","protected":false},"author":215,"featured_media":0,"comment_status":"open","ping_status":"closed","sticky":false,"template":"","format":"standard","meta":{"_jetpack_memberships_contains_paid_content":false,"footnotes":""},"categories":[3],"tags":[],"class_list":["post-5808","post","type-post","status-publish","format-standard","hentry","category-der-aktuelle-rand"],"yoast_head":"<!-- This site is optimized with the Yoast SEO plugin v21.0 - https:\/\/yoast.com\/wordpress\/plugins\/seo\/ -->\n<title>Ob die M\u00e4rkte Maybrit Illner schauen?  - Herdentrieb<\/title>\n<meta name=\"robots\" content=\"index, follow, max-snippet:-1, max-image-preview:large, max-video-preview:-1\" \/>\n<link rel=\"canonical\" href=\"https:\/\/blog.zeit.de\/herdentrieb\/2013\/03\/07\/ob-die-markte-maybrit-illner-schauen_5808\" \/>\n<meta property=\"og:locale\" content=\"de_DE\" \/>\n<meta property=\"og:type\" content=\"article\" \/>\n<meta property=\"og:title\" content=\"Ob die M\u00e4rkte Maybrit Illner schauen?  - Herdentrieb\" \/>\n<meta property=\"og:description\" content=\"Gestern war ein interessanter Tag: In Frankfurt zeichnet Mario Draghi das Bild eines Kontinents, der im Heilungsprozess begriffen ist. In Berlin diskutiert Maybrit Illner \u00fcber die Frage, ob Deutschland aus dem Euro austreten soll. Wer diese Sendung gesehen hat, der muss schwarz sehen f\u00fcr diese W\u00e4hrung.\" \/>\n<meta property=\"og:url\" content=\"https:\/\/blog.zeit.de\/herdentrieb\/2013\/03\/07\/ob-die-markte-maybrit-illner-schauen_5808\" \/>\n<meta property=\"og:site_name\" content=\"Herdentrieb\" \/>\n<meta property=\"article:published_time\" content=\"2013-03-07T22:28:52+00:00\" \/>\n<meta property=\"article:modified_time\" content=\"2013-03-27T13:39:22+00:00\" \/>\n<meta name=\"author\" content=\"Mark Schieritz\" \/>\n<meta name=\"twitter:card\" content=\"summary_large_image\" \/>\n<meta name=\"twitter:creator\" content=\"@zeitonline\" \/>\n<meta name=\"twitter:site\" content=\"@zeitonline\" \/>\n<meta name=\"twitter:label1\" content=\"Geschrieben von\" \/>\n\t<meta name=\"twitter:data1\" content=\"Mark Schieritz\" \/>\n\t<meta name=\"twitter:label2\" content=\"Gesch\u00e4tzte Lesezeit\" \/>\n\t<meta name=\"twitter:data2\" content=\"1\u00a0Minute\" \/>\n<script type=\"application\/ld+json\" class=\"yoast-schema-graph\">{\"@context\":\"https:\/\/schema.org\",\"@graph\":[{\"@type\":\"WebPage\",\"@id\":\"https:\/\/blog.zeit.de\/herdentrieb\/2013\/03\/07\/ob-die-markte-maybrit-illner-schauen_5808\",\"url\":\"https:\/\/blog.zeit.de\/herdentrieb\/2013\/03\/07\/ob-die-markte-maybrit-illner-schauen_5808\",\"name\":\"Ob die M\u00e4rkte Maybrit Illner schauen? - Herdentrieb\",\"isPartOf\":{\"@id\":\"https:\/\/blog.zeit.de\/herdentrieb\/#website\"},\"datePublished\":\"2013-03-07T22:28:52+00:00\",\"dateModified\":\"2013-03-27T13:39:22+00:00\",\"author\":{\"@id\":\"https:\/\/blog.zeit.de\/herdentrieb\/#\/schema\/person\/a2dfa95bbd4de7e06edc88db4e3d3871\"},\"breadcrumb\":{\"@id\":\"https:\/\/blog.zeit.de\/herdentrieb\/2013\/03\/07\/ob-die-markte-maybrit-illner-schauen_5808#breadcrumb\"},\"inLanguage\":\"de\",\"potentialAction\":[{\"@type\":\"ReadAction\",\"target\":[\"https:\/\/blog.zeit.de\/herdentrieb\/2013\/03\/07\/ob-die-markte-maybrit-illner-schauen_5808\"]}]},{\"@type\":\"BreadcrumbList\",\"@id\":\"https:\/\/blog.zeit.de\/herdentrieb\/2013\/03\/07\/ob-die-markte-maybrit-illner-schauen_5808#breadcrumb\",\"itemListElement\":[{\"@type\":\"ListItem\",\"position\":1,\"name\":\"Startseite\",\"item\":\"https:\/\/blog.zeit.de\/herdentrieb\"},{\"@type\":\"ListItem\",\"position\":2,\"name\":\"Ob die M\u00e4rkte Maybrit Illner schauen?\"}]},{\"@type\":\"WebSite\",\"@id\":\"https:\/\/blog.zeit.de\/herdentrieb\/#website\",\"url\":\"https:\/\/blog.zeit.de\/herdentrieb\/\",\"name\":\"Herdentrieb\",\"description\":\"So funktioniert Kapitalismus. Ein Blog\",\"potentialAction\":[{\"@type\":\"SearchAction\",\"target\":{\"@type\":\"EntryPoint\",\"urlTemplate\":\"https:\/\/blog.zeit.de\/herdentrieb\/?s={search_term_string}\"},\"query-input\":\"required name=search_term_string\"}],\"inLanguage\":\"de\"},{\"@type\":\"Person\",\"@id\":\"https:\/\/blog.zeit.de\/herdentrieb\/#\/schema\/person\/a2dfa95bbd4de7e06edc88db4e3d3871\",\"name\":\"Mark Schieritz\",\"image\":{\"@type\":\"ImageObject\",\"inLanguage\":\"de\",\"@id\":\"https:\/\/blog.zeit.de\/herdentrieb\/#\/schema\/person\/image\/\",\"url\":\"https:\/\/secure.gravatar.com\/avatar\/66e072b8ecaf6d851921c0577ca78c8c9a24223a3c3cb6df48c5d839d1b622e0?s=96&d=mm&r=g\",\"contentUrl\":\"https:\/\/secure.gravatar.com\/avatar\/66e072b8ecaf6d851921c0577ca78c8c9a24223a3c3cb6df48c5d839d1b622e0?s=96&d=mm&r=g\",\"caption\":\"Mark Schieritz\"},\"url\":\"https:\/\/blog.zeit.de\/herdentrieb\/author\/mark-schieritz\"}]}<\/script>\n<!-- \/ Yoast SEO plugin. -->","yoast_head_json":{"title":"Ob die M\u00e4rkte Maybrit Illner schauen?  - Herdentrieb","robots":{"index":"index","follow":"follow","max-snippet":"max-snippet:-1","max-image-preview":"max-image-preview:large","max-video-preview":"max-video-preview:-1"},"canonical":"https:\/\/blog.zeit.de\/herdentrieb\/2013\/03\/07\/ob-die-markte-maybrit-illner-schauen_5808","og_locale":"de_DE","og_type":"article","og_title":"Ob die M\u00e4rkte Maybrit Illner schauen?  - Herdentrieb","og_description":"Gestern war ein interessanter Tag: In Frankfurt zeichnet Mario Draghi das Bild eines Kontinents, der im Heilungsprozess begriffen ist. In Berlin diskutiert Maybrit Illner \u00fcber die Frage, ob Deutschland aus dem Euro austreten soll. Wer diese Sendung gesehen hat, der muss schwarz sehen f\u00fcr diese W\u00e4hrung.","og_url":"https:\/\/blog.zeit.de\/herdentrieb\/2013\/03\/07\/ob-die-markte-maybrit-illner-schauen_5808","og_site_name":"Herdentrieb","article_published_time":"2013-03-07T22:28:52+00:00","article_modified_time":"2013-03-27T13:39:22+00:00","author":"Mark Schieritz","twitter_card":"summary_large_image","twitter_creator":"@zeitonline","twitter_site":"@zeitonline","twitter_misc":{"Geschrieben von":"Mark Schieritz","Gesch\u00e4tzte Lesezeit":"1\u00a0Minute"},"schema":{"@context":"https:\/\/schema.org","@graph":[{"@type":"WebPage","@id":"https:\/\/blog.zeit.de\/herdentrieb\/2013\/03\/07\/ob-die-markte-maybrit-illner-schauen_5808","url":"https:\/\/blog.zeit.de\/herdentrieb\/2013\/03\/07\/ob-die-markte-maybrit-illner-schauen_5808","name":"Ob die M\u00e4rkte Maybrit Illner schauen? - Herdentrieb","isPartOf":{"@id":"https:\/\/blog.zeit.de\/herdentrieb\/#website"},"datePublished":"2013-03-07T22:28:52+00:00","dateModified":"2013-03-27T13:39:22+00:00","author":{"@id":"https:\/\/blog.zeit.de\/herdentrieb\/#\/schema\/person\/a2dfa95bbd4de7e06edc88db4e3d3871"},"breadcrumb":{"@id":"https:\/\/blog.zeit.de\/herdentrieb\/2013\/03\/07\/ob-die-markte-maybrit-illner-schauen_5808#breadcrumb"},"inLanguage":"de","potentialAction":[{"@type":"ReadAction","target":["https:\/\/blog.zeit.de\/herdentrieb\/2013\/03\/07\/ob-die-markte-maybrit-illner-schauen_5808"]}]},{"@type":"BreadcrumbList","@id":"https:\/\/blog.zeit.de\/herdentrieb\/2013\/03\/07\/ob-die-markte-maybrit-illner-schauen_5808#breadcrumb","itemListElement":[{"@type":"ListItem","position":1,"name":"Startseite","item":"https:\/\/blog.zeit.de\/herdentrieb"},{"@type":"ListItem","position":2,"name":"Ob die M\u00e4rkte Maybrit Illner schauen?"}]},{"@type":"WebSite","@id":"https:\/\/blog.zeit.de\/herdentrieb\/#website","url":"https:\/\/blog.zeit.de\/herdentrieb\/","name":"Herdentrieb","description":"So funktioniert Kapitalismus. Ein Blog","potentialAction":[{"@type":"SearchAction","target":{"@type":"EntryPoint","urlTemplate":"https:\/\/blog.zeit.de\/herdentrieb\/?s={search_term_string}"},"query-input":"required name=search_term_string"}],"inLanguage":"de"},{"@type":"Person","@id":"https:\/\/blog.zeit.de\/herdentrieb\/#\/schema\/person\/a2dfa95bbd4de7e06edc88db4e3d3871","name":"Mark Schieritz","image":{"@type":"ImageObject","inLanguage":"de","@id":"https:\/\/blog.zeit.de\/herdentrieb\/#\/schema\/person\/image\/","url":"https:\/\/secure.gravatar.com\/avatar\/66e072b8ecaf6d851921c0577ca78c8c9a24223a3c3cb6df48c5d839d1b622e0?s=96&d=mm&r=g","contentUrl":"https:\/\/secure.gravatar.com\/avatar\/66e072b8ecaf6d851921c0577ca78c8c9a24223a3c3cb6df48c5d839d1b622e0?s=96&d=mm&r=g","caption":"Mark Schieritz"},"url":"https:\/\/blog.zeit.de\/herdentrieb\/author\/mark-schieritz"}]}},"jetpack_featured_media_url":"","jetpack_sharing_enabled":true,"_links":{"self":[{"href":"https:\/\/blog.zeit.de\/herdentrieb\/wp-json\/wp\/v2\/posts\/5808","targetHints":{"allow":["GET"]}}],"collection":[{"href":"https:\/\/blog.zeit.de\/herdentrieb\/wp-json\/wp\/v2\/posts"}],"about":[{"href":"https:\/\/blog.zeit.de\/herdentrieb\/wp-json\/wp\/v2\/types\/post"}],"author":[{"embeddable":true,"href":"https:\/\/blog.zeit.de\/herdentrieb\/wp-json\/wp\/v2\/users\/215"}],"replies":[{"embeddable":true,"href":"https:\/\/blog.zeit.de\/herdentrieb\/wp-json\/wp\/v2\/comments?post=5808"}],"version-history":[{"count":6,"href":"https:\/\/blog.zeit.de\/herdentrieb\/wp-json\/wp\/v2\/posts\/5808\/revisions"}],"predecessor-version":[{"id":5871,"href":"https:\/\/blog.zeit.de\/herdentrieb\/wp-json\/wp\/v2\/posts\/5808\/revisions\/5871"}],"wp:attachment":[{"href":"https:\/\/blog.zeit.de\/herdentrieb\/wp-json\/wp\/v2\/media?parent=5808"}],"wp:term":[{"taxonomy":"category","embeddable":true,"href":"https:\/\/blog.zeit.de\/herdentrieb\/wp-json\/wp\/v2\/categories?post=5808"},{"taxonomy":"post_tag","embeddable":true,"href":"https:\/\/blog.zeit.de\/herdentrieb\/wp-json\/wp\/v2\/tags?post=5808"}],"curies":[{"name":"wp","href":"https:\/\/api.w.org\/{rel}","templated":true}]}}