{"id":5886,"date":"2013-04-10T23:43:04","date_gmt":"2013-04-10T21:43:04","guid":{"rendered":"http:\/\/blog.zeit.de\/herdentrieb\/?p=5886"},"modified":"2013-04-11T10:57:26","modified_gmt":"2013-04-11T08:57:26","slug":"5886","status":"publish","type":"post","link":"https:\/\/blog.zeit.de\/herdentrieb\/2013\/04\/10\/5886_5886","title":{"rendered":"Wie arm sind wir eigentlich?"},"content":{"rendered":"<p>Holger Steltzner holt in der <a href=\"http:\/\/www.faz.net\/aktuell\/wirtschaft\/vermoegen-reiche-zyprer-arme-deutsche-12144211.html\" target=\"_blank\">FAZ<\/a> gro\u00df aus und erkl\u00e4rt, warum die Deutschen doch arm sind. Hier seine Argumente \u2013 und meine Entgegnung.<!--more--><\/p>\n<p style=\"padding-left: 30px;\"><em>Angeblich seien die Verm\u00f6gen nicht vergleichbar, weil die Immobilienwerte nicht \u00fcberall im Jahr 2010, sondern teils noch im Jahr 2008 ermittelt wurden.\u00a0Das gilt allerdings nur f\u00fcr Spanien.\u00a0<\/em><\/p>\n<p>Der entscheidende Punkt ist nicht, dass die Daten aus Spanien fr\u00fcher ermittelt wurden. Die Immobilienpreise in vielen s\u00fcdeurop\u00e4ischen L\u00e4ndern waren im Jahr 2010 nach einer jahrelangen Expansionsphase schlicht \u00fcberh\u00f6ht und sind damit als Indikator f\u00fcr die Verm\u00f6genslage problematisch. Wie Norbert H\u00e4ring im Handelsblatt schreibt \u2013 und wie jeder wei\u00df, der sich einmal angeschaut hat, wie die Menschen in Italien oder Spanien wohnen: Die Wohnungen dort sind nicht gr\u00f6\u00dfer, sch\u00f6ner oder besser, sondern waren \u00fcberteuert. Der Versuch, diesen vermeintlichen Wohlstand im gro\u00dfen Stil in Geld umzusetzen, h\u00e4tte einen Preisverfall ausgel\u00f6st. Und genau diesen Preisverfall beobachten wir ja auch. Es handelt sich um Scheinreichtum, der sich nun auch in Luft aufl\u00f6st.<\/p>\n<p style=\"padding-left: 30px;\"><em>Au\u00dferdem seien die Haushaltsgr\u00f6\u00dfen verschieden. Auch das stimmt nicht. Deutschland liegt mit etwas mehr als zwei Personen nur knapp unter dem Euro-Schnitt von 2,32.<\/em><\/p>\n<p>Immerhin. Das macht bei einem Gesamtverm\u00f6gen von 1.000 Euro einen Unterschied von 500 gegen\u00fcber 430 Euro pro Kopf aus.<\/p>\n<p style=\"padding-left: 30px;\"><em>Manche wollen die Deutschen nun sogar mit ihren angeblich \u00fcppigen Rentenanspr\u00fcchen reichrechnen. Das ist putzig. Seit wann werden in einem Umlageverfahren Verm\u00f6gen gebildet? Der heimische Rentner oder Pension\u00e4r mag einen Rechtsanspruch haben, aber aufbringen muss das Altersgeld die nachwachsende Generation aus dem laufenden Einkommen. Das ist nicht vergleichbar mit Kapitalbildung \u00fcber Lebensversicherung, Fonds oder Sparbuch.\u00a0<\/em><\/p>\n<p>Am Ende ist zumindest in einer geschlossenen Volkswirtschaft jede Form von Verm\u00f6genstitel ein Anspruch an die Produktionsleistung der kommenden Generation. Das Sparbuch kann man genau so wenig essen wie den Rentenanspruch. Der Punkt ist, dass sich das Sparverhalten und damit die von der Studie erfasste Verm\u00f6gensbildung in einem Land, dessen Bev\u00f6lkerung im Alter durch ein Umlagesystem abgesichert ist, ma\u00dfgeblich unterscheiden wird von der eines Landes, dass keine Rentenversicherung kennt.<\/p>\n<p>Niemand wird bestreiten, dass die Wohlhabenden in den Krisenl\u00e4ndern einen Beitrag zur Sanierung leisten sollen. Jederzeit mit Zwangsanleihen und<em> Bail-Ins<\/em> wie in Zypern. Aber auf Basis der Mediandaten den Eindruck zu erwecken, Deutschland sei das Armenhaus Europas, ist nicht nur eine Fehlinterpretation der Studie, sondern so weit von der Lebenswirklichkeit entfernt, wie es nur geht. Und wenn in Deutschland das Verm\u00f6gen falsch verteilt ist, dann ist das nicht die Schuld der Italiener oder Griechen.<\/p>\n<p>Ich glaube \u00fcbrigens, f\u00fcr die EZB war der wichtigste Grund, die Ver\u00f6ffentlichung der Daten zur\u00fcckzuhalten, dass man wusste, wie sie interpretiert w\u00fcrden.<\/p>\n<p><strong>Update:<\/strong> <a href=\"http:\/\/www.berliner-zeitung.de\/wirtschaft\/ezb-vermoegensbericht-traue-keiner-statistik---,10808230,22332022.html\" target=\"_blank\">Robert von Heusinger<\/a>, <a href=\"http:\/\/www.diewunderbareweltderwirtschaft.de\/2013\/04\/sind-wir-deutschen-jetzt-arm-oder-nicht.html#update_5\" target=\"_blank\">Egghat<\/a> und viele andere machen den wichtigen Punkt, dass das gesamte Verm\u00f6gen einer Volkswirtschaft \u2013 also Staat, Unternehmen und Privathaushalte \u2013 nat\u00fcrlich von der Nettoauslandsposition erfasst wird. Dabei handelt es sich sozusagen um die kumulierten Leistungsbilanzsalden, denn innerhalb eines Landes ergeben Forderungen und Verbindlichkeiten nat\u00fcrlich zusammengenommen null. Auf dieser Basis brauchen wir gar nicht lange zu reden, denn Deutschland liegt hier ganz klar meilenweit vorne und praktisch der komplette S\u00fcden ist bei uns verschuldet \u2013 was in letzter Konsequenz nat\u00fcrlich bedeutet, dass wir durch die Rettung der anderen in Wahrheit unsere Forderungen retten.<\/p>\n<p>Aber nat\u00fcrlich kann es trotzdem sinnvoll sein, sich die Verm\u00f6genslage der Haushalte anzusehen, weil am Beispiel Italien deutlich wird, dass den hohen Staatsschulden durchaus auch gro\u00dfe private Verm\u00f6gen entgegenstehen. Und weil die Haushalte im S\u00fcden ja zum Beispiel auch Forderungen aus dem Ausland halten.<\/p>\n","protected":false},"excerpt":{"rendered":"<p>Holger Steltzner holt in der FAZ gro\u00df aus und erkl\u00e4rt, warum die Deutschen doch arm sind. Hier seine Argumente \u2013 und meine Entgegnung.<\/p>\n","protected":false},"author":215,"featured_media":0,"comment_status":"open","ping_status":"closed","sticky":false,"template":"","format":"standard","meta":{"_jetpack_memberships_contains_paid_content":false,"footnotes":""},"categories":[3],"tags":[],"class_list":["post-5886","post","type-post","status-publish","format-standard","hentry","category-der-aktuelle-rand"],"yoast_head":"<!-- This site is optimized with the Yoast SEO plugin v21.0 - https:\/\/yoast.com\/wordpress\/plugins\/seo\/ -->\n<title>Wie arm sind wir eigentlich? - Herdentrieb<\/title>\n<meta name=\"robots\" content=\"index, follow, max-snippet:-1, max-image-preview:large, max-video-preview:-1\" \/>\n<link rel=\"canonical\" href=\"https:\/\/blog.zeit.de\/herdentrieb\/2013\/04\/10\/5886_5886\" \/>\n<meta property=\"og:locale\" content=\"de_DE\" \/>\n<meta property=\"og:type\" content=\"article\" \/>\n<meta property=\"og:title\" content=\"Wie arm sind wir eigentlich? - Herdentrieb\" \/>\n<meta property=\"og:description\" content=\"Holger Steltzner holt in der FAZ gro\u00df aus und erkl\u00e4rt, warum die Deutschen doch arm sind. Hier seine Argumente \u2013 und meine Entgegnung.\" \/>\n<meta property=\"og:url\" content=\"https:\/\/blog.zeit.de\/herdentrieb\/2013\/04\/10\/5886_5886\" \/>\n<meta property=\"og:site_name\" content=\"Herdentrieb\" \/>\n<meta property=\"article:published_time\" content=\"2013-04-10T21:43:04+00:00\" \/>\n<meta property=\"article:modified_time\" content=\"2013-04-11T08:57:26+00:00\" \/>\n<meta name=\"author\" content=\"Mark Schieritz\" \/>\n<meta name=\"twitter:card\" content=\"summary_large_image\" \/>\n<meta name=\"twitter:creator\" content=\"@zeitonline\" \/>\n<meta name=\"twitter:site\" content=\"@zeitonline\" \/>\n<meta name=\"twitter:label1\" content=\"Geschrieben von\" \/>\n\t<meta name=\"twitter:data1\" content=\"Mark Schieritz\" \/>\n\t<meta name=\"twitter:label2\" content=\"Gesch\u00e4tzte Lesezeit\" \/>\n\t<meta name=\"twitter:data2\" content=\"3\u00a0Minuten\" \/>\n<script type=\"application\/ld+json\" class=\"yoast-schema-graph\">{\"@context\":\"https:\/\/schema.org\",\"@graph\":[{\"@type\":\"WebPage\",\"@id\":\"https:\/\/blog.zeit.de\/herdentrieb\/2013\/04\/10\/5886_5886\",\"url\":\"https:\/\/blog.zeit.de\/herdentrieb\/2013\/04\/10\/5886_5886\",\"name\":\"Wie arm sind wir eigentlich? - Herdentrieb\",\"isPartOf\":{\"@id\":\"https:\/\/blog.zeit.de\/herdentrieb\/#website\"},\"datePublished\":\"2013-04-10T21:43:04+00:00\",\"dateModified\":\"2013-04-11T08:57:26+00:00\",\"author\":{\"@id\":\"https:\/\/blog.zeit.de\/herdentrieb\/#\/schema\/person\/a2dfa95bbd4de7e06edc88db4e3d3871\"},\"breadcrumb\":{\"@id\":\"https:\/\/blog.zeit.de\/herdentrieb\/2013\/04\/10\/5886_5886#breadcrumb\"},\"inLanguage\":\"de\",\"potentialAction\":[{\"@type\":\"ReadAction\",\"target\":[\"https:\/\/blog.zeit.de\/herdentrieb\/2013\/04\/10\/5886_5886\"]}]},{\"@type\":\"BreadcrumbList\",\"@id\":\"https:\/\/blog.zeit.de\/herdentrieb\/2013\/04\/10\/5886_5886#breadcrumb\",\"itemListElement\":[{\"@type\":\"ListItem\",\"position\":1,\"name\":\"Startseite\",\"item\":\"https:\/\/blog.zeit.de\/herdentrieb\"},{\"@type\":\"ListItem\",\"position\":2,\"name\":\"Wie arm sind wir eigentlich?\"}]},{\"@type\":\"WebSite\",\"@id\":\"https:\/\/blog.zeit.de\/herdentrieb\/#website\",\"url\":\"https:\/\/blog.zeit.de\/herdentrieb\/\",\"name\":\"Herdentrieb\",\"description\":\"So funktioniert Kapitalismus. Ein Blog\",\"potentialAction\":[{\"@type\":\"SearchAction\",\"target\":{\"@type\":\"EntryPoint\",\"urlTemplate\":\"https:\/\/blog.zeit.de\/herdentrieb\/?s={search_term_string}\"},\"query-input\":\"required name=search_term_string\"}],\"inLanguage\":\"de\"},{\"@type\":\"Person\",\"@id\":\"https:\/\/blog.zeit.de\/herdentrieb\/#\/schema\/person\/a2dfa95bbd4de7e06edc88db4e3d3871\",\"name\":\"Mark Schieritz\",\"image\":{\"@type\":\"ImageObject\",\"inLanguage\":\"de\",\"@id\":\"https:\/\/blog.zeit.de\/herdentrieb\/#\/schema\/person\/image\/\",\"url\":\"https:\/\/secure.gravatar.com\/avatar\/66e072b8ecaf6d851921c0577ca78c8c9a24223a3c3cb6df48c5d839d1b622e0?s=96&d=mm&r=g\",\"contentUrl\":\"https:\/\/secure.gravatar.com\/avatar\/66e072b8ecaf6d851921c0577ca78c8c9a24223a3c3cb6df48c5d839d1b622e0?s=96&d=mm&r=g\",\"caption\":\"Mark Schieritz\"},\"url\":\"https:\/\/blog.zeit.de\/herdentrieb\/author\/mark-schieritz\"}]}<\/script>\n<!-- \/ Yoast SEO plugin. -->","yoast_head_json":{"title":"Wie arm sind wir eigentlich? - Herdentrieb","robots":{"index":"index","follow":"follow","max-snippet":"max-snippet:-1","max-image-preview":"max-image-preview:large","max-video-preview":"max-video-preview:-1"},"canonical":"https:\/\/blog.zeit.de\/herdentrieb\/2013\/04\/10\/5886_5886","og_locale":"de_DE","og_type":"article","og_title":"Wie arm sind wir eigentlich? - Herdentrieb","og_description":"Holger Steltzner holt in der FAZ gro\u00df aus und erkl\u00e4rt, warum die Deutschen doch arm sind. Hier seine Argumente \u2013 und meine Entgegnung.","og_url":"https:\/\/blog.zeit.de\/herdentrieb\/2013\/04\/10\/5886_5886","og_site_name":"Herdentrieb","article_published_time":"2013-04-10T21:43:04+00:00","article_modified_time":"2013-04-11T08:57:26+00:00","author":"Mark Schieritz","twitter_card":"summary_large_image","twitter_creator":"@zeitonline","twitter_site":"@zeitonline","twitter_misc":{"Geschrieben von":"Mark Schieritz","Gesch\u00e4tzte Lesezeit":"3\u00a0Minuten"},"schema":{"@context":"https:\/\/schema.org","@graph":[{"@type":"WebPage","@id":"https:\/\/blog.zeit.de\/herdentrieb\/2013\/04\/10\/5886_5886","url":"https:\/\/blog.zeit.de\/herdentrieb\/2013\/04\/10\/5886_5886","name":"Wie arm sind wir eigentlich? - Herdentrieb","isPartOf":{"@id":"https:\/\/blog.zeit.de\/herdentrieb\/#website"},"datePublished":"2013-04-10T21:43:04+00:00","dateModified":"2013-04-11T08:57:26+00:00","author":{"@id":"https:\/\/blog.zeit.de\/herdentrieb\/#\/schema\/person\/a2dfa95bbd4de7e06edc88db4e3d3871"},"breadcrumb":{"@id":"https:\/\/blog.zeit.de\/herdentrieb\/2013\/04\/10\/5886_5886#breadcrumb"},"inLanguage":"de","potentialAction":[{"@type":"ReadAction","target":["https:\/\/blog.zeit.de\/herdentrieb\/2013\/04\/10\/5886_5886"]}]},{"@type":"BreadcrumbList","@id":"https:\/\/blog.zeit.de\/herdentrieb\/2013\/04\/10\/5886_5886#breadcrumb","itemListElement":[{"@type":"ListItem","position":1,"name":"Startseite","item":"https:\/\/blog.zeit.de\/herdentrieb"},{"@type":"ListItem","position":2,"name":"Wie arm sind wir eigentlich?"}]},{"@type":"WebSite","@id":"https:\/\/blog.zeit.de\/herdentrieb\/#website","url":"https:\/\/blog.zeit.de\/herdentrieb\/","name":"Herdentrieb","description":"So funktioniert Kapitalismus. Ein Blog","potentialAction":[{"@type":"SearchAction","target":{"@type":"EntryPoint","urlTemplate":"https:\/\/blog.zeit.de\/herdentrieb\/?s={search_term_string}"},"query-input":"required name=search_term_string"}],"inLanguage":"de"},{"@type":"Person","@id":"https:\/\/blog.zeit.de\/herdentrieb\/#\/schema\/person\/a2dfa95bbd4de7e06edc88db4e3d3871","name":"Mark Schieritz","image":{"@type":"ImageObject","inLanguage":"de","@id":"https:\/\/blog.zeit.de\/herdentrieb\/#\/schema\/person\/image\/","url":"https:\/\/secure.gravatar.com\/avatar\/66e072b8ecaf6d851921c0577ca78c8c9a24223a3c3cb6df48c5d839d1b622e0?s=96&d=mm&r=g","contentUrl":"https:\/\/secure.gravatar.com\/avatar\/66e072b8ecaf6d851921c0577ca78c8c9a24223a3c3cb6df48c5d839d1b622e0?s=96&d=mm&r=g","caption":"Mark Schieritz"},"url":"https:\/\/blog.zeit.de\/herdentrieb\/author\/mark-schieritz"}]}},"jetpack_featured_media_url":"","jetpack_sharing_enabled":true,"_links":{"self":[{"href":"https:\/\/blog.zeit.de\/herdentrieb\/wp-json\/wp\/v2\/posts\/5886","targetHints":{"allow":["GET"]}}],"collection":[{"href":"https:\/\/blog.zeit.de\/herdentrieb\/wp-json\/wp\/v2\/posts"}],"about":[{"href":"https:\/\/blog.zeit.de\/herdentrieb\/wp-json\/wp\/v2\/types\/post"}],"author":[{"embeddable":true,"href":"https:\/\/blog.zeit.de\/herdentrieb\/wp-json\/wp\/v2\/users\/215"}],"replies":[{"embeddable":true,"href":"https:\/\/blog.zeit.de\/herdentrieb\/wp-json\/wp\/v2\/comments?post=5886"}],"version-history":[{"count":10,"href":"https:\/\/blog.zeit.de\/herdentrieb\/wp-json\/wp\/v2\/posts\/5886\/revisions"}],"predecessor-version":[{"id":5887,"href":"https:\/\/blog.zeit.de\/herdentrieb\/wp-json\/wp\/v2\/posts\/5886\/revisions\/5887"}],"wp:attachment":[{"href":"https:\/\/blog.zeit.de\/herdentrieb\/wp-json\/wp\/v2\/media?parent=5886"}],"wp:term":[{"taxonomy":"category","embeddable":true,"href":"https:\/\/blog.zeit.de\/herdentrieb\/wp-json\/wp\/v2\/categories?post=5886"},{"taxonomy":"post_tag","embeddable":true,"href":"https:\/\/blog.zeit.de\/herdentrieb\/wp-json\/wp\/v2\/tags?post=5886"}],"curies":[{"name":"wp","href":"https:\/\/api.w.org\/{rel}","templated":true}]}}