{"id":5962,"date":"2013-04-26T08:31:44","date_gmt":"2013-04-26T06:31:44","guid":{"rendered":"http:\/\/blog.zeit.de\/herdentrieb\/?p=5962"},"modified":"2013-04-26T17:25:10","modified_gmt":"2013-04-26T15:25:10","slug":"flagranti-cura","status":"publish","type":"post","link":"https:\/\/blog.zeit.de\/herdentrieb\/2013\/04\/26\/flagranti-cura_5962","title":{"rendered":"Flagranti cura . . ."},"content":{"rendered":"<p>&#8230; daran erinnert die Schrift der Bundesbank zur Krisenpolitik der EZB, \u00fcber die das <a href=\"http:\/\/www.handelsblatt.com\/politik\/deutschland\/euro-rettung-weidmann-rechnet-mit-der-ezb-ab\/8125156.html\" target=\"_blank\">Handelsblatt<\/a> berichtet. Inhaltlich enth\u00e4lt das Dokument keine neuen Argumente. Die Kritik ist gewohnt kompetent vorgetragen und in den wesentlichen Punkten nachvollziehbar, auch wenn man \u2013 so wie ich \u2013 am Ende zu einer anderen Gewichtung der Risiken und damit auch zu anderen Schlussfolgerungen kommt.<\/p>\n<p>Entscheidend ist die politische Dimension: Dies ist keine Rede, sondern eine <a href=\"http:\/\/www.handelsblatt.com\/downloads\/8124832\/1\/stellungnahme-bundesbank_handelsblatt-online.pdf\" target=\"_blank\">Stellungnahme f\u00fcr das Bundesverfassungsgericht<\/a> \u2013 und ich halte es f\u00fcr sehr wahrscheinlich, dass die Richter am Ende den Argumenten der Bundesbank mehr Gewicht beimessen als denen der EZB.<\/p>\n<p>Das Verfahren k\u00f6nnte noch spannend werden, denn auch wenn es am Ende beim EuGH landet, der mit Sicherheit der EZB Recht geben wird, w\u00fcrde eine Ablehnung des OMT durch das deutsche Gericht die Debatte \u00fcber die Risiken der Geldpolitik hierzulande noch einmal befeuern.<\/p>\n","protected":false},"excerpt":{"rendered":"<p>&#8230; daran erinnert die Schrift der Bundesbank zur Krisenpolitik der EZB, \u00fcber die das Handelsblatt berichtet. Inhaltlich enth\u00e4lt das Dokument keine neuen Argumente. Die Kritik ist gewohnt kompetent vorgetragen und in den wesentlichen Punkten nachvollziehbar, auch wenn man \u2013 so wie ich \u2013 am Ende zu einer anderen Gewichtung der Risiken und damit auch zu [&hellip;]<\/p>\n","protected":false},"author":215,"featured_media":0,"comment_status":"open","ping_status":"closed","sticky":false,"template":"","format":"standard","meta":{"_jetpack_memberships_contains_paid_content":false,"footnotes":""},"categories":[3],"tags":[],"class_list":["post-5962","post","type-post","status-publish","format-standard","hentry","category-der-aktuelle-rand"],"yoast_head":"<!-- This site is optimized with the Yoast SEO plugin v21.0 - https:\/\/yoast.com\/wordpress\/plugins\/seo\/ -->\n<title>Flagranti cura . . . - Herdentrieb<\/title>\n<meta name=\"robots\" content=\"index, follow, max-snippet:-1, max-image-preview:large, max-video-preview:-1\" \/>\n<link rel=\"canonical\" href=\"https:\/\/blog.zeit.de\/herdentrieb\/2013\/04\/26\/flagranti-cura_5962\" \/>\n<meta property=\"og:locale\" content=\"de_DE\" \/>\n<meta property=\"og:type\" content=\"article\" \/>\n<meta property=\"og:title\" content=\"Flagranti cura . . . - Herdentrieb\" \/>\n<meta property=\"og:description\" content=\"&#8230; daran erinnert die Schrift der Bundesbank zur Krisenpolitik der EZB, \u00fcber die das Handelsblatt berichtet. Inhaltlich enth\u00e4lt das Dokument keine neuen Argumente. Die Kritik ist gewohnt kompetent vorgetragen und in den wesentlichen Punkten nachvollziehbar, auch wenn man \u2013 so wie ich \u2013 am Ende zu einer anderen Gewichtung der Risiken und damit auch zu [&hellip;]\" \/>\n<meta property=\"og:url\" content=\"https:\/\/blog.zeit.de\/herdentrieb\/2013\/04\/26\/flagranti-cura_5962\" \/>\n<meta property=\"og:site_name\" content=\"Herdentrieb\" \/>\n<meta property=\"article:published_time\" content=\"2013-04-26T06:31:44+00:00\" \/>\n<meta property=\"article:modified_time\" content=\"2013-04-26T15:25:10+00:00\" \/>\n<meta name=\"author\" content=\"Mark Schieritz\" \/>\n<meta name=\"twitter:card\" content=\"summary_large_image\" \/>\n<meta name=\"twitter:creator\" content=\"@zeitonline\" \/>\n<meta name=\"twitter:site\" content=\"@zeitonline\" \/>\n<meta name=\"twitter:label1\" content=\"Geschrieben von\" \/>\n\t<meta name=\"twitter:data1\" content=\"Mark Schieritz\" \/>\n\t<meta name=\"twitter:label2\" content=\"Gesch\u00e4tzte Lesezeit\" \/>\n\t<meta name=\"twitter:data2\" content=\"1\u00a0Minute\" \/>\n<script type=\"application\/ld+json\" class=\"yoast-schema-graph\">{\"@context\":\"https:\/\/schema.org\",\"@graph\":[{\"@type\":\"WebPage\",\"@id\":\"https:\/\/blog.zeit.de\/herdentrieb\/2013\/04\/26\/flagranti-cura_5962\",\"url\":\"https:\/\/blog.zeit.de\/herdentrieb\/2013\/04\/26\/flagranti-cura_5962\",\"name\":\"Flagranti cura . . . - Herdentrieb\",\"isPartOf\":{\"@id\":\"https:\/\/blog.zeit.de\/herdentrieb\/#website\"},\"datePublished\":\"2013-04-26T06:31:44+00:00\",\"dateModified\":\"2013-04-26T15:25:10+00:00\",\"author\":{\"@id\":\"https:\/\/blog.zeit.de\/herdentrieb\/#\/schema\/person\/a2dfa95bbd4de7e06edc88db4e3d3871\"},\"breadcrumb\":{\"@id\":\"https:\/\/blog.zeit.de\/herdentrieb\/2013\/04\/26\/flagranti-cura_5962#breadcrumb\"},\"inLanguage\":\"de\",\"potentialAction\":[{\"@type\":\"ReadAction\",\"target\":[\"https:\/\/blog.zeit.de\/herdentrieb\/2013\/04\/26\/flagranti-cura_5962\"]}]},{\"@type\":\"BreadcrumbList\",\"@id\":\"https:\/\/blog.zeit.de\/herdentrieb\/2013\/04\/26\/flagranti-cura_5962#breadcrumb\",\"itemListElement\":[{\"@type\":\"ListItem\",\"position\":1,\"name\":\"Startseite\",\"item\":\"https:\/\/blog.zeit.de\/herdentrieb\"},{\"@type\":\"ListItem\",\"position\":2,\"name\":\"Flagranti cura . . .\"}]},{\"@type\":\"WebSite\",\"@id\":\"https:\/\/blog.zeit.de\/herdentrieb\/#website\",\"url\":\"https:\/\/blog.zeit.de\/herdentrieb\/\",\"name\":\"Herdentrieb\",\"description\":\"So funktioniert Kapitalismus. Ein Blog\",\"potentialAction\":[{\"@type\":\"SearchAction\",\"target\":{\"@type\":\"EntryPoint\",\"urlTemplate\":\"https:\/\/blog.zeit.de\/herdentrieb\/?s={search_term_string}\"},\"query-input\":\"required name=search_term_string\"}],\"inLanguage\":\"de\"},{\"@type\":\"Person\",\"@id\":\"https:\/\/blog.zeit.de\/herdentrieb\/#\/schema\/person\/a2dfa95bbd4de7e06edc88db4e3d3871\",\"name\":\"Mark Schieritz\",\"image\":{\"@type\":\"ImageObject\",\"inLanguage\":\"de\",\"@id\":\"https:\/\/blog.zeit.de\/herdentrieb\/#\/schema\/person\/image\/\",\"url\":\"https:\/\/secure.gravatar.com\/avatar\/66e072b8ecaf6d851921c0577ca78c8c9a24223a3c3cb6df48c5d839d1b622e0?s=96&d=mm&r=g\",\"contentUrl\":\"https:\/\/secure.gravatar.com\/avatar\/66e072b8ecaf6d851921c0577ca78c8c9a24223a3c3cb6df48c5d839d1b622e0?s=96&d=mm&r=g\",\"caption\":\"Mark Schieritz\"},\"url\":\"https:\/\/blog.zeit.de\/herdentrieb\/author\/mark-schieritz\"}]}<\/script>\n<!-- \/ Yoast SEO plugin. -->","yoast_head_json":{"title":"Flagranti cura . . . - Herdentrieb","robots":{"index":"index","follow":"follow","max-snippet":"max-snippet:-1","max-image-preview":"max-image-preview:large","max-video-preview":"max-video-preview:-1"},"canonical":"https:\/\/blog.zeit.de\/herdentrieb\/2013\/04\/26\/flagranti-cura_5962","og_locale":"de_DE","og_type":"article","og_title":"Flagranti cura . . . - Herdentrieb","og_description":"&#8230; daran erinnert die Schrift der Bundesbank zur Krisenpolitik der EZB, \u00fcber die das Handelsblatt berichtet. Inhaltlich enth\u00e4lt das Dokument keine neuen Argumente. Die Kritik ist gewohnt kompetent vorgetragen und in den wesentlichen Punkten nachvollziehbar, auch wenn man \u2013 so wie ich \u2013 am Ende zu einer anderen Gewichtung der Risiken und damit auch zu [&hellip;]","og_url":"https:\/\/blog.zeit.de\/herdentrieb\/2013\/04\/26\/flagranti-cura_5962","og_site_name":"Herdentrieb","article_published_time":"2013-04-26T06:31:44+00:00","article_modified_time":"2013-04-26T15:25:10+00:00","author":"Mark Schieritz","twitter_card":"summary_large_image","twitter_creator":"@zeitonline","twitter_site":"@zeitonline","twitter_misc":{"Geschrieben von":"Mark Schieritz","Gesch\u00e4tzte Lesezeit":"1\u00a0Minute"},"schema":{"@context":"https:\/\/schema.org","@graph":[{"@type":"WebPage","@id":"https:\/\/blog.zeit.de\/herdentrieb\/2013\/04\/26\/flagranti-cura_5962","url":"https:\/\/blog.zeit.de\/herdentrieb\/2013\/04\/26\/flagranti-cura_5962","name":"Flagranti cura . . . - Herdentrieb","isPartOf":{"@id":"https:\/\/blog.zeit.de\/herdentrieb\/#website"},"datePublished":"2013-04-26T06:31:44+00:00","dateModified":"2013-04-26T15:25:10+00:00","author":{"@id":"https:\/\/blog.zeit.de\/herdentrieb\/#\/schema\/person\/a2dfa95bbd4de7e06edc88db4e3d3871"},"breadcrumb":{"@id":"https:\/\/blog.zeit.de\/herdentrieb\/2013\/04\/26\/flagranti-cura_5962#breadcrumb"},"inLanguage":"de","potentialAction":[{"@type":"ReadAction","target":["https:\/\/blog.zeit.de\/herdentrieb\/2013\/04\/26\/flagranti-cura_5962"]}]},{"@type":"BreadcrumbList","@id":"https:\/\/blog.zeit.de\/herdentrieb\/2013\/04\/26\/flagranti-cura_5962#breadcrumb","itemListElement":[{"@type":"ListItem","position":1,"name":"Startseite","item":"https:\/\/blog.zeit.de\/herdentrieb"},{"@type":"ListItem","position":2,"name":"Flagranti cura . . ."}]},{"@type":"WebSite","@id":"https:\/\/blog.zeit.de\/herdentrieb\/#website","url":"https:\/\/blog.zeit.de\/herdentrieb\/","name":"Herdentrieb","description":"So funktioniert Kapitalismus. Ein Blog","potentialAction":[{"@type":"SearchAction","target":{"@type":"EntryPoint","urlTemplate":"https:\/\/blog.zeit.de\/herdentrieb\/?s={search_term_string}"},"query-input":"required name=search_term_string"}],"inLanguage":"de"},{"@type":"Person","@id":"https:\/\/blog.zeit.de\/herdentrieb\/#\/schema\/person\/a2dfa95bbd4de7e06edc88db4e3d3871","name":"Mark Schieritz","image":{"@type":"ImageObject","inLanguage":"de","@id":"https:\/\/blog.zeit.de\/herdentrieb\/#\/schema\/person\/image\/","url":"https:\/\/secure.gravatar.com\/avatar\/66e072b8ecaf6d851921c0577ca78c8c9a24223a3c3cb6df48c5d839d1b622e0?s=96&d=mm&r=g","contentUrl":"https:\/\/secure.gravatar.com\/avatar\/66e072b8ecaf6d851921c0577ca78c8c9a24223a3c3cb6df48c5d839d1b622e0?s=96&d=mm&r=g","caption":"Mark Schieritz"},"url":"https:\/\/blog.zeit.de\/herdentrieb\/author\/mark-schieritz"}]}},"jetpack_featured_media_url":"","jetpack_sharing_enabled":true,"_links":{"self":[{"href":"https:\/\/blog.zeit.de\/herdentrieb\/wp-json\/wp\/v2\/posts\/5962","targetHints":{"allow":["GET"]}}],"collection":[{"href":"https:\/\/blog.zeit.de\/herdentrieb\/wp-json\/wp\/v2\/posts"}],"about":[{"href":"https:\/\/blog.zeit.de\/herdentrieb\/wp-json\/wp\/v2\/types\/post"}],"author":[{"embeddable":true,"href":"https:\/\/blog.zeit.de\/herdentrieb\/wp-json\/wp\/v2\/users\/215"}],"replies":[{"embeddable":true,"href":"https:\/\/blog.zeit.de\/herdentrieb\/wp-json\/wp\/v2\/comments?post=5962"}],"version-history":[{"count":5,"href":"https:\/\/blog.zeit.de\/herdentrieb\/wp-json\/wp\/v2\/posts\/5962\/revisions"}],"predecessor-version":[{"id":5972,"href":"https:\/\/blog.zeit.de\/herdentrieb\/wp-json\/wp\/v2\/posts\/5962\/revisions\/5972"}],"wp:attachment":[{"href":"https:\/\/blog.zeit.de\/herdentrieb\/wp-json\/wp\/v2\/media?parent=5962"}],"wp:term":[{"taxonomy":"category","embeddable":true,"href":"https:\/\/blog.zeit.de\/herdentrieb\/wp-json\/wp\/v2\/categories?post=5962"},{"taxonomy":"post_tag","embeddable":true,"href":"https:\/\/blog.zeit.de\/herdentrieb\/wp-json\/wp\/v2\/tags?post=5962"}],"curies":[{"name":"wp","href":"https:\/\/api.w.org\/{rel}","templated":true}]}}