{"id":6136,"date":"2013-05-28T23:48:35","date_gmt":"2013-05-28T21:48:35","guid":{"rendered":"http:\/\/blog.zeit.de\/herdentrieb\/?p=6136"},"modified":"2013-06-24T00:00:37","modified_gmt":"2013-06-23T22:00:37","slug":"was-kann-die-ezb-noch-tun","status":"publish","type":"post","link":"https:\/\/blog.zeit.de\/herdentrieb\/2013\/05\/28\/was-kann-die-ezb-noch-tun_6136","title":{"rendered":"Was kann die EZB noch tun?"},"content":{"rendered":"<p>Bekanntlich zahlen Unternehmen in S\u00fcdeuropa derzeit h\u00f6here Zinsen als ihre Konkurrenten in Nordeuropa, was die EZB auf den Plan gerufen hat. Die gro\u00dfe Frage ist: Woher r\u00fchren diese Zinsdifferenzen und wie soll die Staatengemeinschaft damit umgehen?<br \/>\n<!--more--><br \/>\nEine Antwort auf diese Frage \u2013 die unter anderem die Bundesbank geben w\u00fcrde \u2013 ist, dass es sich dabei um eine v\u00f6llig normale Sache handelt. Ein Kredit an ein Unternehmen in Spanien ist schlie\u00dflich angesichts der desastr\u00f6sen Lage der spanischen Wirtschaft riskanter als ein Darlehen an einen deutschen Betrieb. Die h\u00f6heren Zinsen w\u00fcrden also nur das h\u00f6here Risiko spiegeln.<\/p>\n<p>Man kann dieses Argument sogar noch weiter treiben. Die Krise ist ja letztlich eine Zahlungsbilanzkrise. Die L\u00e4nder S\u00fcdeuropas haben \u00fcber ihre Verh\u00e4ltnisse gelebt \u2013 die Investitionen waren nicht durch die inl\u00e4ndische Ersparnis gedeckt \u2013 und m\u00fcssen sich deshalb anpassen. In dieser Sichtweise w\u00e4re die schwache Kreditdynamik ein Ausdruck dieses Anpassungsprozesses und sollte nicht bek\u00e4mpft werden.<\/p>\n<p>Allerdings zeigt die Erfahrung mit Zahlungsbilanzkrisen auch, dass es in der Regel weder im Sinne der Gl\u00e4ubiger noch im Sinne der Schuldner ist, wenn diese Anpassung \u00fcber Nacht geschieht, weil dabei wirtschaftliche Substanz vernichtet wird. Man sollte sie also zeitlich strecken \u2013 und genau das ist die Legitimation f\u00fcr staatliche Eingriffe.<\/p>\n<p>Ich bin allerdings auch skeptisch, ob eine Senkung des Zinsniveaus \u2013 sei es durch die EZB oder durch eine F\u00f6rderbank \u2013 das am besten geeignete Instrument ist. Viel spricht daf\u00fcr, dass die Kreditflaute einerseits mit der geringen Nachfrage nach Krediten zu tun hat. Es w\u00e4re also n\u00f6tig, die Sparauflagen weniger restriktiv zu gestalten, sprich den L\u00e4ndern mehr Zeit zu geben.<\/p>\n<p>Und es w\u00e4re, was das Kreditangebot angeht, anderseits n\u00f6tig, die Banken in die Lage zu versetzen, mehr Kredite zu vergeben. Das Problem ist dabei nicht die mangelnde Liquidit\u00e4t, sondern erstens die mangelnde Kapitalausstattung und zweitens die Risikoaversion angesichts maroder Bankbilanzen. Man m\u00fcsste also im Bankensystem sauber machen \u2013 also Institute abwickeln oder rekapitalisieren.<\/p>\n<p>Das bedeutet nicht, dass die EZB nichts tun kann. Weitere Zinssenkungen w\u00fcrden vor allem \u00fcber den Wechselkurskanal positiv wirken und negative Einlagezinsen k\u00f6nnten die Banken dazu animieren, st\u00e4rker ins Risiko zu gehen. Aber ohne eine L\u00f6sung des Bankenproblems geht es nicht.<\/p>\n","protected":false},"excerpt":{"rendered":"<p>Bekanntlich zahlen Unternehmen in S\u00fcdeuropa derzeit h\u00f6here Zinsen als ihre Konkurrenten in Nordeuropa, was die EZB auf den Plan gerufen hat. Die gro\u00dfe Frage ist: Woher r\u00fchren diese Zinsdifferenzen und wie soll die Staatengemeinschaft damit umgehen?<\/p>\n","protected":false},"author":215,"featured_media":0,"comment_status":"open","ping_status":"closed","sticky":false,"template":"","format":"standard","meta":{"_jetpack_memberships_contains_paid_content":false,"footnotes":""},"categories":[3],"tags":[],"class_list":["post-6136","post","type-post","status-publish","format-standard","hentry","category-der-aktuelle-rand"],"yoast_head":"<!-- This site is optimized with the Yoast SEO plugin v21.0 - https:\/\/yoast.com\/wordpress\/plugins\/seo\/ -->\n<title>Was kann die EZB noch tun?  - Herdentrieb<\/title>\n<meta name=\"robots\" content=\"index, follow, max-snippet:-1, max-image-preview:large, max-video-preview:-1\" \/>\n<link rel=\"canonical\" href=\"https:\/\/blog.zeit.de\/herdentrieb\/2013\/05\/28\/was-kann-die-ezb-noch-tun_6136\" \/>\n<meta property=\"og:locale\" content=\"de_DE\" \/>\n<meta property=\"og:type\" content=\"article\" \/>\n<meta property=\"og:title\" content=\"Was kann die EZB noch tun?  - Herdentrieb\" \/>\n<meta property=\"og:description\" content=\"Bekanntlich zahlen Unternehmen in S\u00fcdeuropa derzeit h\u00f6here Zinsen als ihre Konkurrenten in Nordeuropa, was die EZB auf den Plan gerufen hat. Die gro\u00dfe Frage ist: Woher r\u00fchren diese Zinsdifferenzen und wie soll die Staatengemeinschaft damit umgehen?\" \/>\n<meta property=\"og:url\" content=\"https:\/\/blog.zeit.de\/herdentrieb\/2013\/05\/28\/was-kann-die-ezb-noch-tun_6136\" \/>\n<meta property=\"og:site_name\" content=\"Herdentrieb\" \/>\n<meta property=\"article:published_time\" content=\"2013-05-28T21:48:35+00:00\" \/>\n<meta property=\"article:modified_time\" content=\"2013-06-23T22:00:37+00:00\" \/>\n<meta name=\"author\" content=\"Mark Schieritz\" \/>\n<meta name=\"twitter:card\" content=\"summary_large_image\" \/>\n<meta name=\"twitter:creator\" content=\"@zeitonline\" \/>\n<meta name=\"twitter:site\" content=\"@zeitonline\" \/>\n<meta name=\"twitter:label1\" content=\"Geschrieben von\" \/>\n\t<meta name=\"twitter:data1\" content=\"Mark Schieritz\" \/>\n\t<meta name=\"twitter:label2\" content=\"Gesch\u00e4tzte Lesezeit\" \/>\n\t<meta name=\"twitter:data2\" content=\"2\u00a0Minuten\" \/>\n<script type=\"application\/ld+json\" class=\"yoast-schema-graph\">{\"@context\":\"https:\/\/schema.org\",\"@graph\":[{\"@type\":\"WebPage\",\"@id\":\"https:\/\/blog.zeit.de\/herdentrieb\/2013\/05\/28\/was-kann-die-ezb-noch-tun_6136\",\"url\":\"https:\/\/blog.zeit.de\/herdentrieb\/2013\/05\/28\/was-kann-die-ezb-noch-tun_6136\",\"name\":\"Was kann die EZB noch tun? - Herdentrieb\",\"isPartOf\":{\"@id\":\"https:\/\/blog.zeit.de\/herdentrieb\/#website\"},\"datePublished\":\"2013-05-28T21:48:35+00:00\",\"dateModified\":\"2013-06-23T22:00:37+00:00\",\"author\":{\"@id\":\"https:\/\/blog.zeit.de\/herdentrieb\/#\/schema\/person\/a2dfa95bbd4de7e06edc88db4e3d3871\"},\"breadcrumb\":{\"@id\":\"https:\/\/blog.zeit.de\/herdentrieb\/2013\/05\/28\/was-kann-die-ezb-noch-tun_6136#breadcrumb\"},\"inLanguage\":\"de\",\"potentialAction\":[{\"@type\":\"ReadAction\",\"target\":[\"https:\/\/blog.zeit.de\/herdentrieb\/2013\/05\/28\/was-kann-die-ezb-noch-tun_6136\"]}]},{\"@type\":\"BreadcrumbList\",\"@id\":\"https:\/\/blog.zeit.de\/herdentrieb\/2013\/05\/28\/was-kann-die-ezb-noch-tun_6136#breadcrumb\",\"itemListElement\":[{\"@type\":\"ListItem\",\"position\":1,\"name\":\"Startseite\",\"item\":\"https:\/\/blog.zeit.de\/herdentrieb\"},{\"@type\":\"ListItem\",\"position\":2,\"name\":\"Was kann die EZB noch tun?\"}]},{\"@type\":\"WebSite\",\"@id\":\"https:\/\/blog.zeit.de\/herdentrieb\/#website\",\"url\":\"https:\/\/blog.zeit.de\/herdentrieb\/\",\"name\":\"Herdentrieb\",\"description\":\"So funktioniert Kapitalismus. Ein Blog\",\"potentialAction\":[{\"@type\":\"SearchAction\",\"target\":{\"@type\":\"EntryPoint\",\"urlTemplate\":\"https:\/\/blog.zeit.de\/herdentrieb\/?s={search_term_string}\"},\"query-input\":\"required name=search_term_string\"}],\"inLanguage\":\"de\"},{\"@type\":\"Person\",\"@id\":\"https:\/\/blog.zeit.de\/herdentrieb\/#\/schema\/person\/a2dfa95bbd4de7e06edc88db4e3d3871\",\"name\":\"Mark Schieritz\",\"image\":{\"@type\":\"ImageObject\",\"inLanguage\":\"de\",\"@id\":\"https:\/\/blog.zeit.de\/herdentrieb\/#\/schema\/person\/image\/\",\"url\":\"https:\/\/secure.gravatar.com\/avatar\/66e072b8ecaf6d851921c0577ca78c8c9a24223a3c3cb6df48c5d839d1b622e0?s=96&d=mm&r=g\",\"contentUrl\":\"https:\/\/secure.gravatar.com\/avatar\/66e072b8ecaf6d851921c0577ca78c8c9a24223a3c3cb6df48c5d839d1b622e0?s=96&d=mm&r=g\",\"caption\":\"Mark Schieritz\"},\"url\":\"https:\/\/blog.zeit.de\/herdentrieb\/author\/mark-schieritz\"}]}<\/script>\n<!-- \/ Yoast SEO plugin. -->","yoast_head_json":{"title":"Was kann die EZB noch tun?  - Herdentrieb","robots":{"index":"index","follow":"follow","max-snippet":"max-snippet:-1","max-image-preview":"max-image-preview:large","max-video-preview":"max-video-preview:-1"},"canonical":"https:\/\/blog.zeit.de\/herdentrieb\/2013\/05\/28\/was-kann-die-ezb-noch-tun_6136","og_locale":"de_DE","og_type":"article","og_title":"Was kann die EZB noch tun?  - Herdentrieb","og_description":"Bekanntlich zahlen Unternehmen in S\u00fcdeuropa derzeit h\u00f6here Zinsen als ihre Konkurrenten in Nordeuropa, was die EZB auf den Plan gerufen hat. Die gro\u00dfe Frage ist: Woher r\u00fchren diese Zinsdifferenzen und wie soll die Staatengemeinschaft damit umgehen?","og_url":"https:\/\/blog.zeit.de\/herdentrieb\/2013\/05\/28\/was-kann-die-ezb-noch-tun_6136","og_site_name":"Herdentrieb","article_published_time":"2013-05-28T21:48:35+00:00","article_modified_time":"2013-06-23T22:00:37+00:00","author":"Mark Schieritz","twitter_card":"summary_large_image","twitter_creator":"@zeitonline","twitter_site":"@zeitonline","twitter_misc":{"Geschrieben von":"Mark Schieritz","Gesch\u00e4tzte Lesezeit":"2\u00a0Minuten"},"schema":{"@context":"https:\/\/schema.org","@graph":[{"@type":"WebPage","@id":"https:\/\/blog.zeit.de\/herdentrieb\/2013\/05\/28\/was-kann-die-ezb-noch-tun_6136","url":"https:\/\/blog.zeit.de\/herdentrieb\/2013\/05\/28\/was-kann-die-ezb-noch-tun_6136","name":"Was kann die EZB noch tun? - Herdentrieb","isPartOf":{"@id":"https:\/\/blog.zeit.de\/herdentrieb\/#website"},"datePublished":"2013-05-28T21:48:35+00:00","dateModified":"2013-06-23T22:00:37+00:00","author":{"@id":"https:\/\/blog.zeit.de\/herdentrieb\/#\/schema\/person\/a2dfa95bbd4de7e06edc88db4e3d3871"},"breadcrumb":{"@id":"https:\/\/blog.zeit.de\/herdentrieb\/2013\/05\/28\/was-kann-die-ezb-noch-tun_6136#breadcrumb"},"inLanguage":"de","potentialAction":[{"@type":"ReadAction","target":["https:\/\/blog.zeit.de\/herdentrieb\/2013\/05\/28\/was-kann-die-ezb-noch-tun_6136"]}]},{"@type":"BreadcrumbList","@id":"https:\/\/blog.zeit.de\/herdentrieb\/2013\/05\/28\/was-kann-die-ezb-noch-tun_6136#breadcrumb","itemListElement":[{"@type":"ListItem","position":1,"name":"Startseite","item":"https:\/\/blog.zeit.de\/herdentrieb"},{"@type":"ListItem","position":2,"name":"Was kann die EZB noch tun?"}]},{"@type":"WebSite","@id":"https:\/\/blog.zeit.de\/herdentrieb\/#website","url":"https:\/\/blog.zeit.de\/herdentrieb\/","name":"Herdentrieb","description":"So funktioniert Kapitalismus. Ein Blog","potentialAction":[{"@type":"SearchAction","target":{"@type":"EntryPoint","urlTemplate":"https:\/\/blog.zeit.de\/herdentrieb\/?s={search_term_string}"},"query-input":"required name=search_term_string"}],"inLanguage":"de"},{"@type":"Person","@id":"https:\/\/blog.zeit.de\/herdentrieb\/#\/schema\/person\/a2dfa95bbd4de7e06edc88db4e3d3871","name":"Mark Schieritz","image":{"@type":"ImageObject","inLanguage":"de","@id":"https:\/\/blog.zeit.de\/herdentrieb\/#\/schema\/person\/image\/","url":"https:\/\/secure.gravatar.com\/avatar\/66e072b8ecaf6d851921c0577ca78c8c9a24223a3c3cb6df48c5d839d1b622e0?s=96&d=mm&r=g","contentUrl":"https:\/\/secure.gravatar.com\/avatar\/66e072b8ecaf6d851921c0577ca78c8c9a24223a3c3cb6df48c5d839d1b622e0?s=96&d=mm&r=g","caption":"Mark Schieritz"},"url":"https:\/\/blog.zeit.de\/herdentrieb\/author\/mark-schieritz"}]}},"jetpack_featured_media_url":"","jetpack_sharing_enabled":true,"_links":{"self":[{"href":"https:\/\/blog.zeit.de\/herdentrieb\/wp-json\/wp\/v2\/posts\/6136","targetHints":{"allow":["GET"]}}],"collection":[{"href":"https:\/\/blog.zeit.de\/herdentrieb\/wp-json\/wp\/v2\/posts"}],"about":[{"href":"https:\/\/blog.zeit.de\/herdentrieb\/wp-json\/wp\/v2\/types\/post"}],"author":[{"embeddable":true,"href":"https:\/\/blog.zeit.de\/herdentrieb\/wp-json\/wp\/v2\/users\/215"}],"replies":[{"embeddable":true,"href":"https:\/\/blog.zeit.de\/herdentrieb\/wp-json\/wp\/v2\/comments?post=6136"}],"version-history":[{"count":6,"href":"https:\/\/blog.zeit.de\/herdentrieb\/wp-json\/wp\/v2\/posts\/6136\/revisions"}],"predecessor-version":[{"id":6219,"href":"https:\/\/blog.zeit.de\/herdentrieb\/wp-json\/wp\/v2\/posts\/6136\/revisions\/6219"}],"wp:attachment":[{"href":"https:\/\/blog.zeit.de\/herdentrieb\/wp-json\/wp\/v2\/media?parent=6136"}],"wp:term":[{"taxonomy":"category","embeddable":true,"href":"https:\/\/blog.zeit.de\/herdentrieb\/wp-json\/wp\/v2\/categories?post=6136"},{"taxonomy":"post_tag","embeddable":true,"href":"https:\/\/blog.zeit.de\/herdentrieb\/wp-json\/wp\/v2\/tags?post=6136"}],"curies":[{"name":"wp","href":"https:\/\/api.w.org\/{rel}","templated":true}]}}