{"id":6192,"date":"2013-06-19T22:44:54","date_gmt":"2013-06-19T20:44:54","guid":{"rendered":"http:\/\/blog.zeit.de\/herdentrieb\/?p=6192"},"modified":"2013-06-23T23:59:30","modified_gmt":"2013-06-23T21:59:30","slug":"die-zinsen-werden-steigen","status":"publish","type":"post","link":"https:\/\/blog.zeit.de\/herdentrieb\/2013\/06\/19\/die-zinsen-werden-steigen_6192","title":{"rendered":"Die Zinsen werden steigen"},"content":{"rendered":"<p>Wenn die <a href=\"http:\/\/www.federalreserve.gov\/newsevents\/press\/monetary\/20130619a.htm\" target=\"_blank\">Pressekonferenz von Ben Bernanke<\/a> der Versuch gewesen sein soll, die M\u00e4rkte zu beruhigen, dann ist er kl\u00e4glich gescheitert. Der amerikanische Notenbankchef erkl\u00e4rte, die Anleihem\u00e4rkte h\u00e4tten auf seine Aussage, wonach die Anleihek\u00e4ufe zur\u00fcckgefahren werden k\u00f6nnten \u00fcberreagiert. Daraufhin fallen die Renditen aber nicht etwa, sie steigen weiter.\u00a0Daf\u00fcr gibt es zwei Erkl\u00e4rungen:<!--more--><\/p>\n<p>1. Bernanke will tats\u00e4chlich in naher Zukunft die Politik des billigen Geldes beenden. Schlie\u00dflich beurteilt die Fed die wirtschaftlichen Aussichten positiver und hat der niedrigen Inflationsrate kaum Beachtung geschenkt. Die M\u00e4rkte haben sozusagen die wahren Absichten der Fed erkannt und bepreisen sie korrekt.<\/p>\n<p>2. Bernanke will sich tats\u00e4chlich mehr Zeit lassen, aber es nimmt ihm niemand mehr ab. In Folge seiner <a href=\"http:\/\/www.jec.senate.gov\/republicans\/public\/index.cfm?p=Hearings&amp;ContentRecord_id=3be8a4bb-88c0-47f2-8fec-69f3e41eb402&amp;ContentType_id=062d1525-6790-426c-801f-7edadffc127f&amp;Group_id=db519b61-34f1-44b2-9bd3-5139571a67ee\" target=\"_blank\">\u00c4u\u00dferungen vor dem Kongress<\/a> als er \u00a0eine R\u00fcckf\u00fchrung der Volumina des Anleiheprogramms in Aussicht stellte, haben sich die Markteilnehmer fundamental neu positioniert, sie sehen die Welt jetzt anders. Bernanke m\u00fcsste schon zu weit h\u00e4rteren Mitteln greifen \u2013 etwas das Programm ausweiten oder die Deflationsrisiken betonen \u2013 um diese Erwartungen zu brechen. Dazu ist er aber nicht bereit. Die Fed hat die Kontrolle \u00fcber die Finanzm\u00e4rkte verloren.<\/p>\n<p>Wie auch immer: Die Zinsen werden steigen. Keine guten Nachrichten f\u00fcr Europa.<\/p>\n<p><strong>Update:\u00a0<\/strong>Wolfgang M\u00fcnchau weist bei Eurointelligence zurecht darauf hin, dass ein Zinsanstieg in den USA auch positiv f\u00fcr Europa sein kann. Denn nat\u00fcrlich wertet dadurch der Dollar tendenziell gegen\u00fcber dem Euro auf, was den Export in Europa st\u00fctzen sollte. Die Frage ist nur, ob diese positiven Effekte nicht durch die negativen Folgen der h\u00f6heren Refinanzierungskosten wettgemacht werden. Nun k\u00f6nnte die EZB \u00a0\u2013 das war ja einer der Gr\u00fcnde f\u00fcr die Einf\u00fchrung des Euro \u2013 zwar sich gegen diese aus den USA kommenden h\u00f6heren \u00a0Finanzierungskosten stemmen. \u00a0Danach sieht es allerdings nicht aus.<\/p>\n<p>Und zur Frage des Kontrollverlusts: Nat\u00fcrlich kann die Fed die Zinsen wieder herunterpr\u00fcgeln, wenn sie ihren Mitteleinsatz erh\u00f6ht. Mein Punkt ist nur, dass wir durch die \u00c4u\u00dferungen vor dem Kongress in ein neues Regime eingetreten sind. Das m\u00f6gliche Ende der lockeren Geldpolitik ist ein Thema und damit wird es vorweggenommen. \u00a0Die Anleger haben eine neue Brille aufgesetzt, mit der sie die Wirtschaftsdaten analysieren und ihre Schl\u00fcsse ziehen. Aber wie gesagt: Vielleicht ist es genau das, was Bernanke, der alte Fuchs, will.<\/p>\n","protected":false},"excerpt":{"rendered":"<p>Wenn die Pressekonferenz von Ben Bernanke der Versuch gewesen sein soll, die M\u00e4rkte zu beruhigen, dann ist er kl\u00e4glich gescheitert. Der amerikanische Notenbankchef erkl\u00e4rte, die Anleihem\u00e4rkte h\u00e4tten auf seine Aussage, wonach die Anleihek\u00e4ufe zur\u00fcckgefahren werden k\u00f6nnten \u00fcberreagiert. Daraufhin fallen die Renditen aber nicht etwa, sie steigen weiter.\u00a0Daf\u00fcr gibt es zwei Erkl\u00e4rungen:<\/p>\n","protected":false},"author":215,"featured_media":0,"comment_status":"open","ping_status":"closed","sticky":false,"template":"","format":"standard","meta":{"_jetpack_memberships_contains_paid_content":false,"footnotes":""},"categories":[3,10],"tags":[],"class_list":["post-6192","post","type-post","status-publish","format-standard","hentry","category-der-aktuelle-rand","category-leitwahrungswatch"],"yoast_head":"<!-- This site is optimized with the Yoast SEO plugin v21.0 - https:\/\/yoast.com\/wordpress\/plugins\/seo\/ -->\n<title>Die Zinsen werden steigen  - Herdentrieb<\/title>\n<meta name=\"robots\" content=\"index, follow, max-snippet:-1, max-image-preview:large, max-video-preview:-1\" \/>\n<link rel=\"canonical\" href=\"https:\/\/blog.zeit.de\/herdentrieb\/2013\/06\/19\/die-zinsen-werden-steigen_6192\" \/>\n<meta property=\"og:locale\" content=\"de_DE\" \/>\n<meta property=\"og:type\" content=\"article\" \/>\n<meta property=\"og:title\" content=\"Die Zinsen werden steigen  - Herdentrieb\" \/>\n<meta property=\"og:description\" content=\"Wenn die Pressekonferenz von Ben Bernanke der Versuch gewesen sein soll, die M\u00e4rkte zu beruhigen, dann ist er kl\u00e4glich gescheitert. Der amerikanische Notenbankchef erkl\u00e4rte, die Anleihem\u00e4rkte h\u00e4tten auf seine Aussage, wonach die Anleihek\u00e4ufe zur\u00fcckgefahren werden k\u00f6nnten \u00fcberreagiert. Daraufhin fallen die Renditen aber nicht etwa, sie steigen weiter.\u00a0Daf\u00fcr gibt es zwei Erkl\u00e4rungen:\" \/>\n<meta property=\"og:url\" content=\"https:\/\/blog.zeit.de\/herdentrieb\/2013\/06\/19\/die-zinsen-werden-steigen_6192\" \/>\n<meta property=\"og:site_name\" content=\"Herdentrieb\" \/>\n<meta property=\"article:published_time\" content=\"2013-06-19T20:44:54+00:00\" \/>\n<meta property=\"article:modified_time\" content=\"2013-06-23T21:59:30+00:00\" \/>\n<meta name=\"author\" content=\"Mark Schieritz\" \/>\n<meta name=\"twitter:card\" content=\"summary_large_image\" \/>\n<meta name=\"twitter:creator\" content=\"@zeitonline\" \/>\n<meta name=\"twitter:site\" content=\"@zeitonline\" \/>\n<meta name=\"twitter:label1\" content=\"Geschrieben von\" \/>\n\t<meta name=\"twitter:data1\" content=\"Mark Schieritz\" \/>\n\t<meta name=\"twitter:label2\" content=\"Gesch\u00e4tzte Lesezeit\" \/>\n\t<meta name=\"twitter:data2\" content=\"2\u00a0Minuten\" \/>\n<script type=\"application\/ld+json\" class=\"yoast-schema-graph\">{\"@context\":\"https:\/\/schema.org\",\"@graph\":[{\"@type\":\"WebPage\",\"@id\":\"https:\/\/blog.zeit.de\/herdentrieb\/2013\/06\/19\/die-zinsen-werden-steigen_6192\",\"url\":\"https:\/\/blog.zeit.de\/herdentrieb\/2013\/06\/19\/die-zinsen-werden-steigen_6192\",\"name\":\"Die Zinsen werden steigen - Herdentrieb\",\"isPartOf\":{\"@id\":\"https:\/\/blog.zeit.de\/herdentrieb\/#website\"},\"datePublished\":\"2013-06-19T20:44:54+00:00\",\"dateModified\":\"2013-06-23T21:59:30+00:00\",\"author\":{\"@id\":\"https:\/\/blog.zeit.de\/herdentrieb\/#\/schema\/person\/a2dfa95bbd4de7e06edc88db4e3d3871\"},\"breadcrumb\":{\"@id\":\"https:\/\/blog.zeit.de\/herdentrieb\/2013\/06\/19\/die-zinsen-werden-steigen_6192#breadcrumb\"},\"inLanguage\":\"de\",\"potentialAction\":[{\"@type\":\"ReadAction\",\"target\":[\"https:\/\/blog.zeit.de\/herdentrieb\/2013\/06\/19\/die-zinsen-werden-steigen_6192\"]}]},{\"@type\":\"BreadcrumbList\",\"@id\":\"https:\/\/blog.zeit.de\/herdentrieb\/2013\/06\/19\/die-zinsen-werden-steigen_6192#breadcrumb\",\"itemListElement\":[{\"@type\":\"ListItem\",\"position\":1,\"name\":\"Startseite\",\"item\":\"https:\/\/blog.zeit.de\/herdentrieb\"},{\"@type\":\"ListItem\",\"position\":2,\"name\":\"Die Zinsen werden steigen\"}]},{\"@type\":\"WebSite\",\"@id\":\"https:\/\/blog.zeit.de\/herdentrieb\/#website\",\"url\":\"https:\/\/blog.zeit.de\/herdentrieb\/\",\"name\":\"Herdentrieb\",\"description\":\"So funktioniert Kapitalismus. Ein Blog\",\"potentialAction\":[{\"@type\":\"SearchAction\",\"target\":{\"@type\":\"EntryPoint\",\"urlTemplate\":\"https:\/\/blog.zeit.de\/herdentrieb\/?s={search_term_string}\"},\"query-input\":\"required name=search_term_string\"}],\"inLanguage\":\"de\"},{\"@type\":\"Person\",\"@id\":\"https:\/\/blog.zeit.de\/herdentrieb\/#\/schema\/person\/a2dfa95bbd4de7e06edc88db4e3d3871\",\"name\":\"Mark Schieritz\",\"image\":{\"@type\":\"ImageObject\",\"inLanguage\":\"de\",\"@id\":\"https:\/\/blog.zeit.de\/herdentrieb\/#\/schema\/person\/image\/\",\"url\":\"https:\/\/secure.gravatar.com\/avatar\/66e072b8ecaf6d851921c0577ca78c8c9a24223a3c3cb6df48c5d839d1b622e0?s=96&d=mm&r=g\",\"contentUrl\":\"https:\/\/secure.gravatar.com\/avatar\/66e072b8ecaf6d851921c0577ca78c8c9a24223a3c3cb6df48c5d839d1b622e0?s=96&d=mm&r=g\",\"caption\":\"Mark Schieritz\"},\"url\":\"https:\/\/blog.zeit.de\/herdentrieb\/author\/mark-schieritz\"}]}<\/script>\n<!-- \/ Yoast SEO plugin. -->","yoast_head_json":{"title":"Die Zinsen werden steigen  - Herdentrieb","robots":{"index":"index","follow":"follow","max-snippet":"max-snippet:-1","max-image-preview":"max-image-preview:large","max-video-preview":"max-video-preview:-1"},"canonical":"https:\/\/blog.zeit.de\/herdentrieb\/2013\/06\/19\/die-zinsen-werden-steigen_6192","og_locale":"de_DE","og_type":"article","og_title":"Die Zinsen werden steigen  - Herdentrieb","og_description":"Wenn die Pressekonferenz von Ben Bernanke der Versuch gewesen sein soll, die M\u00e4rkte zu beruhigen, dann ist er kl\u00e4glich gescheitert. Der amerikanische Notenbankchef erkl\u00e4rte, die Anleihem\u00e4rkte h\u00e4tten auf seine Aussage, wonach die Anleihek\u00e4ufe zur\u00fcckgefahren werden k\u00f6nnten \u00fcberreagiert. Daraufhin fallen die Renditen aber nicht etwa, sie steigen weiter.\u00a0Daf\u00fcr gibt es zwei Erkl\u00e4rungen:","og_url":"https:\/\/blog.zeit.de\/herdentrieb\/2013\/06\/19\/die-zinsen-werden-steigen_6192","og_site_name":"Herdentrieb","article_published_time":"2013-06-19T20:44:54+00:00","article_modified_time":"2013-06-23T21:59:30+00:00","author":"Mark Schieritz","twitter_card":"summary_large_image","twitter_creator":"@zeitonline","twitter_site":"@zeitonline","twitter_misc":{"Geschrieben von":"Mark Schieritz","Gesch\u00e4tzte Lesezeit":"2\u00a0Minuten"},"schema":{"@context":"https:\/\/schema.org","@graph":[{"@type":"WebPage","@id":"https:\/\/blog.zeit.de\/herdentrieb\/2013\/06\/19\/die-zinsen-werden-steigen_6192","url":"https:\/\/blog.zeit.de\/herdentrieb\/2013\/06\/19\/die-zinsen-werden-steigen_6192","name":"Die Zinsen werden steigen - Herdentrieb","isPartOf":{"@id":"https:\/\/blog.zeit.de\/herdentrieb\/#website"},"datePublished":"2013-06-19T20:44:54+00:00","dateModified":"2013-06-23T21:59:30+00:00","author":{"@id":"https:\/\/blog.zeit.de\/herdentrieb\/#\/schema\/person\/a2dfa95bbd4de7e06edc88db4e3d3871"},"breadcrumb":{"@id":"https:\/\/blog.zeit.de\/herdentrieb\/2013\/06\/19\/die-zinsen-werden-steigen_6192#breadcrumb"},"inLanguage":"de","potentialAction":[{"@type":"ReadAction","target":["https:\/\/blog.zeit.de\/herdentrieb\/2013\/06\/19\/die-zinsen-werden-steigen_6192"]}]},{"@type":"BreadcrumbList","@id":"https:\/\/blog.zeit.de\/herdentrieb\/2013\/06\/19\/die-zinsen-werden-steigen_6192#breadcrumb","itemListElement":[{"@type":"ListItem","position":1,"name":"Startseite","item":"https:\/\/blog.zeit.de\/herdentrieb"},{"@type":"ListItem","position":2,"name":"Die Zinsen werden steigen"}]},{"@type":"WebSite","@id":"https:\/\/blog.zeit.de\/herdentrieb\/#website","url":"https:\/\/blog.zeit.de\/herdentrieb\/","name":"Herdentrieb","description":"So funktioniert Kapitalismus. Ein Blog","potentialAction":[{"@type":"SearchAction","target":{"@type":"EntryPoint","urlTemplate":"https:\/\/blog.zeit.de\/herdentrieb\/?s={search_term_string}"},"query-input":"required name=search_term_string"}],"inLanguage":"de"},{"@type":"Person","@id":"https:\/\/blog.zeit.de\/herdentrieb\/#\/schema\/person\/a2dfa95bbd4de7e06edc88db4e3d3871","name":"Mark Schieritz","image":{"@type":"ImageObject","inLanguage":"de","@id":"https:\/\/blog.zeit.de\/herdentrieb\/#\/schema\/person\/image\/","url":"https:\/\/secure.gravatar.com\/avatar\/66e072b8ecaf6d851921c0577ca78c8c9a24223a3c3cb6df48c5d839d1b622e0?s=96&d=mm&r=g","contentUrl":"https:\/\/secure.gravatar.com\/avatar\/66e072b8ecaf6d851921c0577ca78c8c9a24223a3c3cb6df48c5d839d1b622e0?s=96&d=mm&r=g","caption":"Mark Schieritz"},"url":"https:\/\/blog.zeit.de\/herdentrieb\/author\/mark-schieritz"}]}},"jetpack_featured_media_url":"","jetpack_sharing_enabled":true,"_links":{"self":[{"href":"https:\/\/blog.zeit.de\/herdentrieb\/wp-json\/wp\/v2\/posts\/6192","targetHints":{"allow":["GET"]}}],"collection":[{"href":"https:\/\/blog.zeit.de\/herdentrieb\/wp-json\/wp\/v2\/posts"}],"about":[{"href":"https:\/\/blog.zeit.de\/herdentrieb\/wp-json\/wp\/v2\/types\/post"}],"author":[{"embeddable":true,"href":"https:\/\/blog.zeit.de\/herdentrieb\/wp-json\/wp\/v2\/users\/215"}],"replies":[{"embeddable":true,"href":"https:\/\/blog.zeit.de\/herdentrieb\/wp-json\/wp\/v2\/comments?post=6192"}],"version-history":[{"count":8,"href":"https:\/\/blog.zeit.de\/herdentrieb\/wp-json\/wp\/v2\/posts\/6192\/revisions"}],"predecessor-version":[{"id":6218,"href":"https:\/\/blog.zeit.de\/herdentrieb\/wp-json\/wp\/v2\/posts\/6192\/revisions\/6218"}],"wp:attachment":[{"href":"https:\/\/blog.zeit.de\/herdentrieb\/wp-json\/wp\/v2\/media?parent=6192"}],"wp:term":[{"taxonomy":"category","embeddable":true,"href":"https:\/\/blog.zeit.de\/herdentrieb\/wp-json\/wp\/v2\/categories?post=6192"},{"taxonomy":"post_tag","embeddable":true,"href":"https:\/\/blog.zeit.de\/herdentrieb\/wp-json\/wp\/v2\/tags?post=6192"}],"curies":[{"name":"wp","href":"https:\/\/api.w.org\/{rel}","templated":true}]}}