{"id":6260,"date":"2013-07-03T10:19:55","date_gmt":"2013-07-03T08:19:55","guid":{"rendered":"http:\/\/blog.zeit.de\/herdentrieb\/?p=6260"},"modified":"2013-07-03T11:45:06","modified_gmt":"2013-07-03T09:45:06","slug":"glaubigerhaftung-der-teufel-steckt-im-detail","status":"publish","type":"post","link":"https:\/\/blog.zeit.de\/herdentrieb\/2013\/07\/03\/glaubigerhaftung-der-teufel-steckt-im-detail_6260","title":{"rendered":"Gl\u00e4ubigerhaftung \u2013 der Teufel steckt im Detail"},"content":{"rendered":"<p>Die Euro-Gruppe hat sich vergangene Woche auf die Haftungsregel bei der Einbeziehung von Bankaktion\u00e4ren und Bankgl\u00e4ubigern geeinigt. Hier ein Auszug aus der offiziellen Darstellung der Einigung des BMF f\u00fcr den Finanzausschuss des Bundestags:<\/p>\n<p><img loading=\"lazy\" decoding=\"async\" class=\"size-full wp-image-6265\" alt=\"gl\u00e4ubigerhaftung\" src=\"https:\/\/blog.zeit.de\/herdentrieb\/files\/2013\/07\/gl\u00e4ubigerhaftung1.png\" width=\"634\" height=\"192\" srcset=\"https:\/\/blog.zeit.de\/herdentrieb\/files\/2013\/07\/gl\u00e4ubigerhaftung1.png 634w, https:\/\/blog.zeit.de\/herdentrieb\/files\/2013\/07\/gl\u00e4ubigerhaftung1-300x90.png 300w\" sizes=\"auto, (max-width: 634px) 100vw, 634px\" \/><\/p>\n<p>In der Regel m\u00fcssen die Aktion\u00e4re und Gl\u00e4ubiger also mit mindestens acht Prozent der Bilanzsumme beteiligt werden. Das ist die Zahl, die \u00f6ffentlich verbreitet wurde. Es gibt aber auch die M\u00f6glichkeit, auf 20 Prozent der risikogewichteten Aktiva auszuweichen. Das ist ja nach Kapitalstruktur f\u00fcr viele Banken erheblich komfortabler und wie die Aktiva gewichtet werden, berechnen die Banken selbst.<\/p>\n<p>Eine nette Ausnahme also aus Sicht der Banken und weil sie wissen, dass das nicht popul\u00e4r ist, sagen die Finanzminister, dass diese Ausnahme in der W\u00e4hrungsunion nicht zur Anwendung kommen wird. Ich frage mich aber: Warum w\u00e4hlt man den komplizierten Weg \u00fcber eine schriftliche Zusage der Kommission und ist das Ganze eigentlich rechtlich tragf\u00e4hig? Und: Wie werden die international t\u00e4tigen Banken reagieren, wenn pl\u00f6tzlich in Europa mit zweierlei Ma\u00df gemessen wird?<\/p>\n<p>Wie auch immer: Die Briten werden jedenfalls sicherlich nicht einknicken und die acht Prozent annehmen, es wird also im parlamentarischen Prozess der jetzt beginnt ein gewaltiges Lobbying geben, in der W\u00e4hrungsunion die 20 Prozent doch noch zuzulassen. Das wird noch lustig.<\/p>\n","protected":false},"excerpt":{"rendered":"<p>Die Euro-Gruppe hat sich vergangene Woche auf die Haftungsregel bei der Einbeziehung von Bankaktion\u00e4ren und Bankgl\u00e4ubigern geeinigt. Hier ein Auszug aus der offiziellen Darstellung der Einigung des BMF f\u00fcr den Finanzausschuss des Bundestags: In der Regel m\u00fcssen die Aktion\u00e4re und Gl\u00e4ubiger also mit mindestens acht Prozent der Bilanzsumme beteiligt werden. Das ist die Zahl, die [&hellip;]<\/p>\n","protected":false},"author":215,"featured_media":0,"comment_status":"open","ping_status":"closed","sticky":false,"template":"","format":"standard","meta":{"_jetpack_memberships_contains_paid_content":false,"footnotes":""},"categories":[3],"tags":[],"class_list":["post-6260","post","type-post","status-publish","format-standard","hentry","category-der-aktuelle-rand"],"yoast_head":"<!-- This site is optimized with the Yoast SEO plugin v21.0 - https:\/\/yoast.com\/wordpress\/plugins\/seo\/ -->\n<title>Gl\u00e4ubigerhaftung \u2013 der Teufel steckt im Detail - Herdentrieb<\/title>\n<meta name=\"robots\" content=\"index, follow, max-snippet:-1, max-image-preview:large, max-video-preview:-1\" \/>\n<link rel=\"canonical\" href=\"https:\/\/blog.zeit.de\/herdentrieb\/2013\/07\/03\/glaubigerhaftung-der-teufel-steckt-im-detail_6260\" \/>\n<meta property=\"og:locale\" content=\"de_DE\" \/>\n<meta property=\"og:type\" content=\"article\" \/>\n<meta property=\"og:title\" content=\"Gl\u00e4ubigerhaftung \u2013 der Teufel steckt im Detail - Herdentrieb\" \/>\n<meta property=\"og:description\" content=\"Die Euro-Gruppe hat sich vergangene Woche auf die Haftungsregel bei der Einbeziehung von Bankaktion\u00e4ren und Bankgl\u00e4ubigern geeinigt. Hier ein Auszug aus der offiziellen Darstellung der Einigung des BMF f\u00fcr den Finanzausschuss des Bundestags: In der Regel m\u00fcssen die Aktion\u00e4re und Gl\u00e4ubiger also mit mindestens acht Prozent der Bilanzsumme beteiligt werden. Das ist die Zahl, die [&hellip;]\" \/>\n<meta property=\"og:url\" content=\"https:\/\/blog.zeit.de\/herdentrieb\/2013\/07\/03\/glaubigerhaftung-der-teufel-steckt-im-detail_6260\" \/>\n<meta property=\"og:site_name\" content=\"Herdentrieb\" \/>\n<meta property=\"article:published_time\" content=\"2013-07-03T08:19:55+00:00\" \/>\n<meta property=\"article:modified_time\" content=\"2013-07-03T09:45:06+00:00\" \/>\n<meta name=\"author\" content=\"Mark Schieritz\" \/>\n<meta name=\"twitter:card\" content=\"summary_large_image\" \/>\n<meta name=\"twitter:creator\" content=\"@zeitonline\" \/>\n<meta name=\"twitter:site\" content=\"@zeitonline\" \/>\n<meta name=\"twitter:label1\" content=\"Geschrieben von\" \/>\n\t<meta name=\"twitter:data1\" content=\"Mark Schieritz\" \/>\n\t<meta name=\"twitter:label2\" content=\"Gesch\u00e4tzte Lesezeit\" \/>\n\t<meta name=\"twitter:data2\" content=\"1\u00a0Minute\" \/>\n<script type=\"application\/ld+json\" class=\"yoast-schema-graph\">{\"@context\":\"https:\/\/schema.org\",\"@graph\":[{\"@type\":\"WebPage\",\"@id\":\"https:\/\/blog.zeit.de\/herdentrieb\/2013\/07\/03\/glaubigerhaftung-der-teufel-steckt-im-detail_6260\",\"url\":\"https:\/\/blog.zeit.de\/herdentrieb\/2013\/07\/03\/glaubigerhaftung-der-teufel-steckt-im-detail_6260\",\"name\":\"Gl\u00e4ubigerhaftung \u2013 der Teufel steckt im Detail - Herdentrieb\",\"isPartOf\":{\"@id\":\"https:\/\/blog.zeit.de\/herdentrieb\/#website\"},\"datePublished\":\"2013-07-03T08:19:55+00:00\",\"dateModified\":\"2013-07-03T09:45:06+00:00\",\"author\":{\"@id\":\"https:\/\/blog.zeit.de\/herdentrieb\/#\/schema\/person\/a2dfa95bbd4de7e06edc88db4e3d3871\"},\"breadcrumb\":{\"@id\":\"https:\/\/blog.zeit.de\/herdentrieb\/2013\/07\/03\/glaubigerhaftung-der-teufel-steckt-im-detail_6260#breadcrumb\"},\"inLanguage\":\"de\",\"potentialAction\":[{\"@type\":\"ReadAction\",\"target\":[\"https:\/\/blog.zeit.de\/herdentrieb\/2013\/07\/03\/glaubigerhaftung-der-teufel-steckt-im-detail_6260\"]}]},{\"@type\":\"BreadcrumbList\",\"@id\":\"https:\/\/blog.zeit.de\/herdentrieb\/2013\/07\/03\/glaubigerhaftung-der-teufel-steckt-im-detail_6260#breadcrumb\",\"itemListElement\":[{\"@type\":\"ListItem\",\"position\":1,\"name\":\"Startseite\",\"item\":\"https:\/\/blog.zeit.de\/herdentrieb\"},{\"@type\":\"ListItem\",\"position\":2,\"name\":\"Gl\u00e4ubigerhaftung \u2013 der Teufel steckt im Detail\"}]},{\"@type\":\"WebSite\",\"@id\":\"https:\/\/blog.zeit.de\/herdentrieb\/#website\",\"url\":\"https:\/\/blog.zeit.de\/herdentrieb\/\",\"name\":\"Herdentrieb\",\"description\":\"So funktioniert Kapitalismus. Ein Blog\",\"potentialAction\":[{\"@type\":\"SearchAction\",\"target\":{\"@type\":\"EntryPoint\",\"urlTemplate\":\"https:\/\/blog.zeit.de\/herdentrieb\/?s={search_term_string}\"},\"query-input\":\"required name=search_term_string\"}],\"inLanguage\":\"de\"},{\"@type\":\"Person\",\"@id\":\"https:\/\/blog.zeit.de\/herdentrieb\/#\/schema\/person\/a2dfa95bbd4de7e06edc88db4e3d3871\",\"name\":\"Mark Schieritz\",\"image\":{\"@type\":\"ImageObject\",\"inLanguage\":\"de\",\"@id\":\"https:\/\/blog.zeit.de\/herdentrieb\/#\/schema\/person\/image\/\",\"url\":\"https:\/\/secure.gravatar.com\/avatar\/66e072b8ecaf6d851921c0577ca78c8c9a24223a3c3cb6df48c5d839d1b622e0?s=96&d=mm&r=g\",\"contentUrl\":\"https:\/\/secure.gravatar.com\/avatar\/66e072b8ecaf6d851921c0577ca78c8c9a24223a3c3cb6df48c5d839d1b622e0?s=96&d=mm&r=g\",\"caption\":\"Mark Schieritz\"},\"url\":\"https:\/\/blog.zeit.de\/herdentrieb\/author\/mark-schieritz\"}]}<\/script>\n<!-- \/ Yoast SEO plugin. -->","yoast_head_json":{"title":"Gl\u00e4ubigerhaftung \u2013 der Teufel steckt im Detail - Herdentrieb","robots":{"index":"index","follow":"follow","max-snippet":"max-snippet:-1","max-image-preview":"max-image-preview:large","max-video-preview":"max-video-preview:-1"},"canonical":"https:\/\/blog.zeit.de\/herdentrieb\/2013\/07\/03\/glaubigerhaftung-der-teufel-steckt-im-detail_6260","og_locale":"de_DE","og_type":"article","og_title":"Gl\u00e4ubigerhaftung \u2013 der Teufel steckt im Detail - Herdentrieb","og_description":"Die Euro-Gruppe hat sich vergangene Woche auf die Haftungsregel bei der Einbeziehung von Bankaktion\u00e4ren und Bankgl\u00e4ubigern geeinigt. Hier ein Auszug aus der offiziellen Darstellung der Einigung des BMF f\u00fcr den Finanzausschuss des Bundestags: In der Regel m\u00fcssen die Aktion\u00e4re und Gl\u00e4ubiger also mit mindestens acht Prozent der Bilanzsumme beteiligt werden. Das ist die Zahl, die [&hellip;]","og_url":"https:\/\/blog.zeit.de\/herdentrieb\/2013\/07\/03\/glaubigerhaftung-der-teufel-steckt-im-detail_6260","og_site_name":"Herdentrieb","article_published_time":"2013-07-03T08:19:55+00:00","article_modified_time":"2013-07-03T09:45:06+00:00","author":"Mark Schieritz","twitter_card":"summary_large_image","twitter_creator":"@zeitonline","twitter_site":"@zeitonline","twitter_misc":{"Geschrieben von":"Mark Schieritz","Gesch\u00e4tzte Lesezeit":"1\u00a0Minute"},"schema":{"@context":"https:\/\/schema.org","@graph":[{"@type":"WebPage","@id":"https:\/\/blog.zeit.de\/herdentrieb\/2013\/07\/03\/glaubigerhaftung-der-teufel-steckt-im-detail_6260","url":"https:\/\/blog.zeit.de\/herdentrieb\/2013\/07\/03\/glaubigerhaftung-der-teufel-steckt-im-detail_6260","name":"Gl\u00e4ubigerhaftung \u2013 der Teufel steckt im Detail - Herdentrieb","isPartOf":{"@id":"https:\/\/blog.zeit.de\/herdentrieb\/#website"},"datePublished":"2013-07-03T08:19:55+00:00","dateModified":"2013-07-03T09:45:06+00:00","author":{"@id":"https:\/\/blog.zeit.de\/herdentrieb\/#\/schema\/person\/a2dfa95bbd4de7e06edc88db4e3d3871"},"breadcrumb":{"@id":"https:\/\/blog.zeit.de\/herdentrieb\/2013\/07\/03\/glaubigerhaftung-der-teufel-steckt-im-detail_6260#breadcrumb"},"inLanguage":"de","potentialAction":[{"@type":"ReadAction","target":["https:\/\/blog.zeit.de\/herdentrieb\/2013\/07\/03\/glaubigerhaftung-der-teufel-steckt-im-detail_6260"]}]},{"@type":"BreadcrumbList","@id":"https:\/\/blog.zeit.de\/herdentrieb\/2013\/07\/03\/glaubigerhaftung-der-teufel-steckt-im-detail_6260#breadcrumb","itemListElement":[{"@type":"ListItem","position":1,"name":"Startseite","item":"https:\/\/blog.zeit.de\/herdentrieb"},{"@type":"ListItem","position":2,"name":"Gl\u00e4ubigerhaftung \u2013 der Teufel steckt im Detail"}]},{"@type":"WebSite","@id":"https:\/\/blog.zeit.de\/herdentrieb\/#website","url":"https:\/\/blog.zeit.de\/herdentrieb\/","name":"Herdentrieb","description":"So funktioniert Kapitalismus. Ein Blog","potentialAction":[{"@type":"SearchAction","target":{"@type":"EntryPoint","urlTemplate":"https:\/\/blog.zeit.de\/herdentrieb\/?s={search_term_string}"},"query-input":"required name=search_term_string"}],"inLanguage":"de"},{"@type":"Person","@id":"https:\/\/blog.zeit.de\/herdentrieb\/#\/schema\/person\/a2dfa95bbd4de7e06edc88db4e3d3871","name":"Mark Schieritz","image":{"@type":"ImageObject","inLanguage":"de","@id":"https:\/\/blog.zeit.de\/herdentrieb\/#\/schema\/person\/image\/","url":"https:\/\/secure.gravatar.com\/avatar\/66e072b8ecaf6d851921c0577ca78c8c9a24223a3c3cb6df48c5d839d1b622e0?s=96&d=mm&r=g","contentUrl":"https:\/\/secure.gravatar.com\/avatar\/66e072b8ecaf6d851921c0577ca78c8c9a24223a3c3cb6df48c5d839d1b622e0?s=96&d=mm&r=g","caption":"Mark Schieritz"},"url":"https:\/\/blog.zeit.de\/herdentrieb\/author\/mark-schieritz"}]}},"jetpack_featured_media_url":"","jetpack_sharing_enabled":true,"_links":{"self":[{"href":"https:\/\/blog.zeit.de\/herdentrieb\/wp-json\/wp\/v2\/posts\/6260","targetHints":{"allow":["GET"]}}],"collection":[{"href":"https:\/\/blog.zeit.de\/herdentrieb\/wp-json\/wp\/v2\/posts"}],"about":[{"href":"https:\/\/blog.zeit.de\/herdentrieb\/wp-json\/wp\/v2\/types\/post"}],"author":[{"embeddable":true,"href":"https:\/\/blog.zeit.de\/herdentrieb\/wp-json\/wp\/v2\/users\/215"}],"replies":[{"embeddable":true,"href":"https:\/\/blog.zeit.de\/herdentrieb\/wp-json\/wp\/v2\/comments?post=6260"}],"version-history":[{"count":9,"href":"https:\/\/blog.zeit.de\/herdentrieb\/wp-json\/wp\/v2\/posts\/6260\/revisions"}],"predecessor-version":[{"id":6266,"href":"https:\/\/blog.zeit.de\/herdentrieb\/wp-json\/wp\/v2\/posts\/6260\/revisions\/6266"}],"wp:attachment":[{"href":"https:\/\/blog.zeit.de\/herdentrieb\/wp-json\/wp\/v2\/media?parent=6260"}],"wp:term":[{"taxonomy":"category","embeddable":true,"href":"https:\/\/blog.zeit.de\/herdentrieb\/wp-json\/wp\/v2\/categories?post=6260"},{"taxonomy":"post_tag","embeddable":true,"href":"https:\/\/blog.zeit.de\/herdentrieb\/wp-json\/wp\/v2\/tags?post=6260"}],"curies":[{"name":"wp","href":"https:\/\/api.w.org\/{rel}","templated":true}]}}