{"id":6322,"date":"2013-07-31T14:09:15","date_gmt":"2013-07-31T12:09:15","guid":{"rendered":"http:\/\/blog.zeit.de\/herdentrieb\/?p=6322"},"modified":"2013-07-31T19:04:11","modified_gmt":"2013-07-31T17:04:11","slug":"wollen-sie-uns-verschaukeln-peer-steinbruck","status":"publish","type":"post","link":"https:\/\/blog.zeit.de\/herdentrieb\/2013\/07\/31\/wollen-sie-uns-verschaukeln-peer-steinbruck_6322","title":{"rendered":"Wollen Sie uns verschaukeln, Peer Steinbr\u00fcck?"},"content":{"rendered":"<p>Wer nach Gr\u00fcnden f\u00fcr das Elend der SPD sucht, findet sie in diesem Interview mit dem <a href=\"http:\/\/www.wsj.de\/article\/SB10001424127887324809004578638052988566418.html\" target=\"_blank\"><em>Wall Street Journal<\/em><\/a>.<\/p>\n<p style=\"padding-left: 30px;\"><em>Er als Kanzler w\u00fcrde wohl gro\u00dfz\u00fcgiger gegen\u00fcber den Krisenl\u00e4ndern sein, signalisierte der fr\u00fchere Bundesfinanzminister. Steinbr\u00fcck sprach sich daf\u00fcr aus, den Staaten notfalls mehr Zeit zur Budgetkonsolidierung zu geben, und ihnen mit wachstumsf\u00f6rdernden Ma\u00dfnahmen unter die Arme zu greifen.<\/em><\/p>\n<p>Das klingt nach Kurswechsel, nach neuer Politik, denkt man und liest interessiert weiter.<\/p>\n<p style=\"padding-left: 30px;\"><em>&#8222;Wir brauchen einen wirtschaftlichen Stimulus, von mir aus nennen Sie es einen Marshallplan B, insbesondere mit Blick auf die Jugendarbeitslosigkeit&#8220;, verlangte er. Das Geld f\u00fcr solche zus\u00e4tzlichen Ma\u00dfnahmen k\u00f6nne aus bestehenden EU-Fonds und von einer Finanztransaktionssteuer kommen.<\/em><\/p>\n<p>Der Marshallplan wird also finanziert aus einer Finanztransaktionssteuer die mangels eines europ\u00e4ischen Konsens nicht kommen wird, und Geldern, die bereits ausgegeben wurden. Mit anderen Worten: Auch Steinbr\u00fcck will nicht mehr Geld ausgeben. Diese Position kann man ja einnehmen \u2013 doch dann soll man nicht so tun, als wolle man etwas anderes als die Kanzlerin und mit Pauken und Trompeten einen Kurswechsel ank\u00fcndigen. Das ist das Grundproblem der SPD: Sie bietet in Wahrheit keine Alternative, aber sie gibt vor, eine zu haben.<\/p>\n<p>Ich finde, solche Interviews beleidigen die Intelligenz der W\u00e4hler und ich hoffe, jemand sagt das dem Kandidaten.<\/p>\n","protected":false},"excerpt":{"rendered":"<p>Wer nach Gr\u00fcnden f\u00fcr das Elend der SPD sucht, findet sie in diesem Interview mit dem Wall Street Journal. Er als Kanzler w\u00fcrde wohl gro\u00dfz\u00fcgiger gegen\u00fcber den Krisenl\u00e4ndern sein, signalisierte der fr\u00fchere Bundesfinanzminister. Steinbr\u00fcck sprach sich daf\u00fcr aus, den Staaten notfalls mehr Zeit zur Budgetkonsolidierung zu geben, und ihnen mit wachstumsf\u00f6rdernden Ma\u00dfnahmen unter die Arme [&hellip;]<\/p>\n","protected":false},"author":215,"featured_media":0,"comment_status":"open","ping_status":"closed","sticky":false,"template":"","format":"standard","meta":{"_jetpack_memberships_contains_paid_content":false,"footnotes":""},"categories":[3],"tags":[],"class_list":["post-6322","post","type-post","status-publish","format-standard","hentry","category-der-aktuelle-rand"],"yoast_head":"<!-- This site is optimized with the Yoast SEO plugin v21.0 - https:\/\/yoast.com\/wordpress\/plugins\/seo\/ -->\n<title>Wollen Sie uns verschaukeln, Peer Steinbr\u00fcck? - Herdentrieb<\/title>\n<meta name=\"robots\" content=\"index, follow, max-snippet:-1, max-image-preview:large, max-video-preview:-1\" \/>\n<link rel=\"canonical\" href=\"https:\/\/blog.zeit.de\/herdentrieb\/2013\/07\/31\/wollen-sie-uns-verschaukeln-peer-steinbruck_6322\" \/>\n<meta property=\"og:locale\" content=\"de_DE\" \/>\n<meta property=\"og:type\" content=\"article\" \/>\n<meta property=\"og:title\" content=\"Wollen Sie uns verschaukeln, Peer Steinbr\u00fcck? - Herdentrieb\" \/>\n<meta property=\"og:description\" content=\"Wer nach Gr\u00fcnden f\u00fcr das Elend der SPD sucht, findet sie in diesem Interview mit dem Wall Street Journal. Er als Kanzler w\u00fcrde wohl gro\u00dfz\u00fcgiger gegen\u00fcber den Krisenl\u00e4ndern sein, signalisierte der fr\u00fchere Bundesfinanzminister. Steinbr\u00fcck sprach sich daf\u00fcr aus, den Staaten notfalls mehr Zeit zur Budgetkonsolidierung zu geben, und ihnen mit wachstumsf\u00f6rdernden Ma\u00dfnahmen unter die Arme [&hellip;]\" \/>\n<meta property=\"og:url\" content=\"https:\/\/blog.zeit.de\/herdentrieb\/2013\/07\/31\/wollen-sie-uns-verschaukeln-peer-steinbruck_6322\" \/>\n<meta property=\"og:site_name\" content=\"Herdentrieb\" \/>\n<meta property=\"article:published_time\" content=\"2013-07-31T12:09:15+00:00\" \/>\n<meta property=\"article:modified_time\" content=\"2013-07-31T17:04:11+00:00\" \/>\n<meta name=\"author\" content=\"Mark Schieritz\" \/>\n<meta name=\"twitter:card\" content=\"summary_large_image\" \/>\n<meta name=\"twitter:creator\" content=\"@zeitonline\" \/>\n<meta name=\"twitter:site\" content=\"@zeitonline\" \/>\n<meta name=\"twitter:label1\" content=\"Geschrieben von\" \/>\n\t<meta name=\"twitter:data1\" content=\"Mark Schieritz\" \/>\n\t<meta name=\"twitter:label2\" content=\"Gesch\u00e4tzte Lesezeit\" \/>\n\t<meta name=\"twitter:data2\" content=\"1\u00a0Minute\" \/>\n<script type=\"application\/ld+json\" class=\"yoast-schema-graph\">{\"@context\":\"https:\/\/schema.org\",\"@graph\":[{\"@type\":\"WebPage\",\"@id\":\"https:\/\/blog.zeit.de\/herdentrieb\/2013\/07\/31\/wollen-sie-uns-verschaukeln-peer-steinbruck_6322\",\"url\":\"https:\/\/blog.zeit.de\/herdentrieb\/2013\/07\/31\/wollen-sie-uns-verschaukeln-peer-steinbruck_6322\",\"name\":\"Wollen Sie uns verschaukeln, Peer Steinbr\u00fcck? - Herdentrieb\",\"isPartOf\":{\"@id\":\"https:\/\/blog.zeit.de\/herdentrieb\/#website\"},\"datePublished\":\"2013-07-31T12:09:15+00:00\",\"dateModified\":\"2013-07-31T17:04:11+00:00\",\"author\":{\"@id\":\"https:\/\/blog.zeit.de\/herdentrieb\/#\/schema\/person\/a2dfa95bbd4de7e06edc88db4e3d3871\"},\"breadcrumb\":{\"@id\":\"https:\/\/blog.zeit.de\/herdentrieb\/2013\/07\/31\/wollen-sie-uns-verschaukeln-peer-steinbruck_6322#breadcrumb\"},\"inLanguage\":\"de\",\"potentialAction\":[{\"@type\":\"ReadAction\",\"target\":[\"https:\/\/blog.zeit.de\/herdentrieb\/2013\/07\/31\/wollen-sie-uns-verschaukeln-peer-steinbruck_6322\"]}]},{\"@type\":\"BreadcrumbList\",\"@id\":\"https:\/\/blog.zeit.de\/herdentrieb\/2013\/07\/31\/wollen-sie-uns-verschaukeln-peer-steinbruck_6322#breadcrumb\",\"itemListElement\":[{\"@type\":\"ListItem\",\"position\":1,\"name\":\"Startseite\",\"item\":\"https:\/\/blog.zeit.de\/herdentrieb\"},{\"@type\":\"ListItem\",\"position\":2,\"name\":\"Wollen Sie uns verschaukeln, Peer Steinbr\u00fcck?\"}]},{\"@type\":\"WebSite\",\"@id\":\"https:\/\/blog.zeit.de\/herdentrieb\/#website\",\"url\":\"https:\/\/blog.zeit.de\/herdentrieb\/\",\"name\":\"Herdentrieb\",\"description\":\"So funktioniert Kapitalismus. Ein Blog\",\"potentialAction\":[{\"@type\":\"SearchAction\",\"target\":{\"@type\":\"EntryPoint\",\"urlTemplate\":\"https:\/\/blog.zeit.de\/herdentrieb\/?s={search_term_string}\"},\"query-input\":\"required name=search_term_string\"}],\"inLanguage\":\"de\"},{\"@type\":\"Person\",\"@id\":\"https:\/\/blog.zeit.de\/herdentrieb\/#\/schema\/person\/a2dfa95bbd4de7e06edc88db4e3d3871\",\"name\":\"Mark Schieritz\",\"image\":{\"@type\":\"ImageObject\",\"inLanguage\":\"de\",\"@id\":\"https:\/\/blog.zeit.de\/herdentrieb\/#\/schema\/person\/image\/\",\"url\":\"https:\/\/secure.gravatar.com\/avatar\/66e072b8ecaf6d851921c0577ca78c8c9a24223a3c3cb6df48c5d839d1b622e0?s=96&d=mm&r=g\",\"contentUrl\":\"https:\/\/secure.gravatar.com\/avatar\/66e072b8ecaf6d851921c0577ca78c8c9a24223a3c3cb6df48c5d839d1b622e0?s=96&d=mm&r=g\",\"caption\":\"Mark Schieritz\"},\"url\":\"https:\/\/blog.zeit.de\/herdentrieb\/author\/mark-schieritz\"}]}<\/script>\n<!-- \/ Yoast SEO plugin. -->","yoast_head_json":{"title":"Wollen Sie uns verschaukeln, Peer Steinbr\u00fcck? - Herdentrieb","robots":{"index":"index","follow":"follow","max-snippet":"max-snippet:-1","max-image-preview":"max-image-preview:large","max-video-preview":"max-video-preview:-1"},"canonical":"https:\/\/blog.zeit.de\/herdentrieb\/2013\/07\/31\/wollen-sie-uns-verschaukeln-peer-steinbruck_6322","og_locale":"de_DE","og_type":"article","og_title":"Wollen Sie uns verschaukeln, Peer Steinbr\u00fcck? - Herdentrieb","og_description":"Wer nach Gr\u00fcnden f\u00fcr das Elend der SPD sucht, findet sie in diesem Interview mit dem Wall Street Journal. Er als Kanzler w\u00fcrde wohl gro\u00dfz\u00fcgiger gegen\u00fcber den Krisenl\u00e4ndern sein, signalisierte der fr\u00fchere Bundesfinanzminister. Steinbr\u00fcck sprach sich daf\u00fcr aus, den Staaten notfalls mehr Zeit zur Budgetkonsolidierung zu geben, und ihnen mit wachstumsf\u00f6rdernden Ma\u00dfnahmen unter die Arme [&hellip;]","og_url":"https:\/\/blog.zeit.de\/herdentrieb\/2013\/07\/31\/wollen-sie-uns-verschaukeln-peer-steinbruck_6322","og_site_name":"Herdentrieb","article_published_time":"2013-07-31T12:09:15+00:00","article_modified_time":"2013-07-31T17:04:11+00:00","author":"Mark Schieritz","twitter_card":"summary_large_image","twitter_creator":"@zeitonline","twitter_site":"@zeitonline","twitter_misc":{"Geschrieben von":"Mark Schieritz","Gesch\u00e4tzte Lesezeit":"1\u00a0Minute"},"schema":{"@context":"https:\/\/schema.org","@graph":[{"@type":"WebPage","@id":"https:\/\/blog.zeit.de\/herdentrieb\/2013\/07\/31\/wollen-sie-uns-verschaukeln-peer-steinbruck_6322","url":"https:\/\/blog.zeit.de\/herdentrieb\/2013\/07\/31\/wollen-sie-uns-verschaukeln-peer-steinbruck_6322","name":"Wollen Sie uns verschaukeln, Peer Steinbr\u00fcck? - Herdentrieb","isPartOf":{"@id":"https:\/\/blog.zeit.de\/herdentrieb\/#website"},"datePublished":"2013-07-31T12:09:15+00:00","dateModified":"2013-07-31T17:04:11+00:00","author":{"@id":"https:\/\/blog.zeit.de\/herdentrieb\/#\/schema\/person\/a2dfa95bbd4de7e06edc88db4e3d3871"},"breadcrumb":{"@id":"https:\/\/blog.zeit.de\/herdentrieb\/2013\/07\/31\/wollen-sie-uns-verschaukeln-peer-steinbruck_6322#breadcrumb"},"inLanguage":"de","potentialAction":[{"@type":"ReadAction","target":["https:\/\/blog.zeit.de\/herdentrieb\/2013\/07\/31\/wollen-sie-uns-verschaukeln-peer-steinbruck_6322"]}]},{"@type":"BreadcrumbList","@id":"https:\/\/blog.zeit.de\/herdentrieb\/2013\/07\/31\/wollen-sie-uns-verschaukeln-peer-steinbruck_6322#breadcrumb","itemListElement":[{"@type":"ListItem","position":1,"name":"Startseite","item":"https:\/\/blog.zeit.de\/herdentrieb"},{"@type":"ListItem","position":2,"name":"Wollen Sie uns verschaukeln, Peer Steinbr\u00fcck?"}]},{"@type":"WebSite","@id":"https:\/\/blog.zeit.de\/herdentrieb\/#website","url":"https:\/\/blog.zeit.de\/herdentrieb\/","name":"Herdentrieb","description":"So funktioniert Kapitalismus. Ein Blog","potentialAction":[{"@type":"SearchAction","target":{"@type":"EntryPoint","urlTemplate":"https:\/\/blog.zeit.de\/herdentrieb\/?s={search_term_string}"},"query-input":"required name=search_term_string"}],"inLanguage":"de"},{"@type":"Person","@id":"https:\/\/blog.zeit.de\/herdentrieb\/#\/schema\/person\/a2dfa95bbd4de7e06edc88db4e3d3871","name":"Mark Schieritz","image":{"@type":"ImageObject","inLanguage":"de","@id":"https:\/\/blog.zeit.de\/herdentrieb\/#\/schema\/person\/image\/","url":"https:\/\/secure.gravatar.com\/avatar\/66e072b8ecaf6d851921c0577ca78c8c9a24223a3c3cb6df48c5d839d1b622e0?s=96&d=mm&r=g","contentUrl":"https:\/\/secure.gravatar.com\/avatar\/66e072b8ecaf6d851921c0577ca78c8c9a24223a3c3cb6df48c5d839d1b622e0?s=96&d=mm&r=g","caption":"Mark Schieritz"},"url":"https:\/\/blog.zeit.de\/herdentrieb\/author\/mark-schieritz"}]}},"jetpack_featured_media_url":"","jetpack_sharing_enabled":true,"_links":{"self":[{"href":"https:\/\/blog.zeit.de\/herdentrieb\/wp-json\/wp\/v2\/posts\/6322","targetHints":{"allow":["GET"]}}],"collection":[{"href":"https:\/\/blog.zeit.de\/herdentrieb\/wp-json\/wp\/v2\/posts"}],"about":[{"href":"https:\/\/blog.zeit.de\/herdentrieb\/wp-json\/wp\/v2\/types\/post"}],"author":[{"embeddable":true,"href":"https:\/\/blog.zeit.de\/herdentrieb\/wp-json\/wp\/v2\/users\/215"}],"replies":[{"embeddable":true,"href":"https:\/\/blog.zeit.de\/herdentrieb\/wp-json\/wp\/v2\/comments?post=6322"}],"version-history":[{"count":4,"href":"https:\/\/blog.zeit.de\/herdentrieb\/wp-json\/wp\/v2\/posts\/6322\/revisions"}],"predecessor-version":[{"id":6326,"href":"https:\/\/blog.zeit.de\/herdentrieb\/wp-json\/wp\/v2\/posts\/6322\/revisions\/6326"}],"wp:attachment":[{"href":"https:\/\/blog.zeit.de\/herdentrieb\/wp-json\/wp\/v2\/media?parent=6322"}],"wp:term":[{"taxonomy":"category","embeddable":true,"href":"https:\/\/blog.zeit.de\/herdentrieb\/wp-json\/wp\/v2\/categories?post=6322"},{"taxonomy":"post_tag","embeddable":true,"href":"https:\/\/blog.zeit.de\/herdentrieb\/wp-json\/wp\/v2\/tags?post=6322"}],"curies":[{"name":"wp","href":"https:\/\/api.w.org\/{rel}","templated":true}]}}