{"id":6344,"date":"2013-08-02T16:15:22","date_gmt":"2013-08-02T14:15:22","guid":{"rendered":"http:\/\/blog.zeit.de\/herdentrieb\/?p=6344"},"modified":"2013-08-02T17:20:26","modified_gmt":"2013-08-02T15:20:26","slug":"timothy-garton-ash-und-die-inflationsluge","status":"publish","type":"post","link":"https:\/\/blog.zeit.de\/herdentrieb\/2013\/08\/02\/timothy-garton-ash-und-die-inflationsluge_6344","title":{"rendered":"Timothy Garton Ash und die Inflationsl\u00fcge"},"content":{"rendered":"<p>Ich bin ein gro\u00dfer Fan von Timothy Garton Ash, deshalb habe ich mich sehr gefreut, dass er in seinem neuen <a href=\"http:\/\/www.nybooks.com\/articles\/archives\/2013\/aug\/15\/new-german-question\/?pagination=false\" target=\"_blank\">Essay<\/a> \u00fcber Deutschland in der <em>New York Review of Books<\/em> die <a href=\"http:\/\/www.amazon.de\/b%C3%BCcher\/dp\/3426786338\" target=\"_blank\">Inflationsl\u00fcge<\/a> zitiert.<\/p>\n<p style=\"padding-left: 30px;\"><em>They are also obsessed with the danger of inflation. One poll found that Germans fear inflation more than they fear getting cancer.\u00a0The shadow of history again: in this case, the trauma of two dramatic inflations, after the first and after the second world war. Yet as the economic policy correspondent of the liberal weekly Die Zeit\u00a0argues in a spirited polemic, they misunderstand both the past\u2014it was deflation, not inflation, that immediately preceded Hitler\u2019s rise to power\u2014and the present reality of that danger.<sup id=\"fnr-13\"><a href=\"http:\/\/www.nybooks.com\/articles\/archives\/2013\/aug\/15\/new-german-question\/?pagination=false#fn-13\"><br \/>\n<\/a><\/sup><\/em><\/p>\n<p>Der Aufsatz ist sehr lesenswert.<\/p>\n","protected":false},"excerpt":{"rendered":"<p>Ich bin ein gro\u00dfer Fan von Timothy Garton Ash, deshalb habe ich mich sehr gefreut, dass er in seinem neuen Essay \u00fcber Deutschland in der New York Review of Books die Inflationsl\u00fcge zitiert. They are also obsessed with the danger of inflation. One poll found that Germans fear inflation more than they fear getting cancer.\u00a0The [&hellip;]<\/p>\n","protected":false},"author":215,"featured_media":0,"comment_status":"open","ping_status":"closed","sticky":false,"template":"","format":"standard","meta":{"_jetpack_memberships_contains_paid_content":false,"footnotes":""},"categories":[3,7],"tags":[],"class_list":["post-6344","post","type-post","status-publish","format-standard","hentry","category-der-aktuelle-rand","category-in-eigener-sache"],"yoast_head":"<!-- This site is optimized with the Yoast SEO plugin v21.0 - https:\/\/yoast.com\/wordpress\/plugins\/seo\/ -->\n<title>Timothy Garton Ash und die Inflationsl\u00fcge - Herdentrieb<\/title>\n<meta name=\"robots\" content=\"index, follow, max-snippet:-1, max-image-preview:large, max-video-preview:-1\" \/>\n<link rel=\"canonical\" href=\"https:\/\/blog.zeit.de\/herdentrieb\/2013\/08\/02\/timothy-garton-ash-und-die-inflationsluge_6344\" \/>\n<meta property=\"og:locale\" content=\"de_DE\" \/>\n<meta property=\"og:type\" content=\"article\" \/>\n<meta property=\"og:title\" content=\"Timothy Garton Ash und die Inflationsl\u00fcge - Herdentrieb\" \/>\n<meta property=\"og:description\" content=\"Ich bin ein gro\u00dfer Fan von Timothy Garton Ash, deshalb habe ich mich sehr gefreut, dass er in seinem neuen Essay \u00fcber Deutschland in der New York Review of Books die Inflationsl\u00fcge zitiert. They are also obsessed with the danger of inflation. One poll found that Germans fear inflation more than they fear getting cancer.\u00a0The [&hellip;]\" \/>\n<meta property=\"og:url\" content=\"https:\/\/blog.zeit.de\/herdentrieb\/2013\/08\/02\/timothy-garton-ash-und-die-inflationsluge_6344\" \/>\n<meta property=\"og:site_name\" content=\"Herdentrieb\" \/>\n<meta property=\"article:published_time\" content=\"2013-08-02T14:15:22+00:00\" \/>\n<meta property=\"article:modified_time\" content=\"2013-08-02T15:20:26+00:00\" \/>\n<meta name=\"author\" content=\"Mark Schieritz\" \/>\n<meta name=\"twitter:card\" content=\"summary_large_image\" \/>\n<meta name=\"twitter:creator\" content=\"@zeitonline\" \/>\n<meta name=\"twitter:site\" content=\"@zeitonline\" \/>\n<meta name=\"twitter:label1\" content=\"Geschrieben von\" \/>\n\t<meta name=\"twitter:data1\" content=\"Mark Schieritz\" \/>\n\t<meta name=\"twitter:label2\" content=\"Gesch\u00e4tzte Lesezeit\" \/>\n\t<meta name=\"twitter:data2\" content=\"1\u00a0Minute\" \/>\n<script type=\"application\/ld+json\" class=\"yoast-schema-graph\">{\"@context\":\"https:\/\/schema.org\",\"@graph\":[{\"@type\":\"WebPage\",\"@id\":\"https:\/\/blog.zeit.de\/herdentrieb\/2013\/08\/02\/timothy-garton-ash-und-die-inflationsluge_6344\",\"url\":\"https:\/\/blog.zeit.de\/herdentrieb\/2013\/08\/02\/timothy-garton-ash-und-die-inflationsluge_6344\",\"name\":\"Timothy Garton Ash und die Inflationsl\u00fcge - Herdentrieb\",\"isPartOf\":{\"@id\":\"https:\/\/blog.zeit.de\/herdentrieb\/#website\"},\"datePublished\":\"2013-08-02T14:15:22+00:00\",\"dateModified\":\"2013-08-02T15:20:26+00:00\",\"author\":{\"@id\":\"https:\/\/blog.zeit.de\/herdentrieb\/#\/schema\/person\/a2dfa95bbd4de7e06edc88db4e3d3871\"},\"breadcrumb\":{\"@id\":\"https:\/\/blog.zeit.de\/herdentrieb\/2013\/08\/02\/timothy-garton-ash-und-die-inflationsluge_6344#breadcrumb\"},\"inLanguage\":\"de\",\"potentialAction\":[{\"@type\":\"ReadAction\",\"target\":[\"https:\/\/blog.zeit.de\/herdentrieb\/2013\/08\/02\/timothy-garton-ash-und-die-inflationsluge_6344\"]}]},{\"@type\":\"BreadcrumbList\",\"@id\":\"https:\/\/blog.zeit.de\/herdentrieb\/2013\/08\/02\/timothy-garton-ash-und-die-inflationsluge_6344#breadcrumb\",\"itemListElement\":[{\"@type\":\"ListItem\",\"position\":1,\"name\":\"Startseite\",\"item\":\"https:\/\/blog.zeit.de\/herdentrieb\"},{\"@type\":\"ListItem\",\"position\":2,\"name\":\"Timothy Garton Ash und die Inflationsl\u00fcge\"}]},{\"@type\":\"WebSite\",\"@id\":\"https:\/\/blog.zeit.de\/herdentrieb\/#website\",\"url\":\"https:\/\/blog.zeit.de\/herdentrieb\/\",\"name\":\"Herdentrieb\",\"description\":\"So funktioniert Kapitalismus. Ein Blog\",\"potentialAction\":[{\"@type\":\"SearchAction\",\"target\":{\"@type\":\"EntryPoint\",\"urlTemplate\":\"https:\/\/blog.zeit.de\/herdentrieb\/?s={search_term_string}\"},\"query-input\":\"required name=search_term_string\"}],\"inLanguage\":\"de\"},{\"@type\":\"Person\",\"@id\":\"https:\/\/blog.zeit.de\/herdentrieb\/#\/schema\/person\/a2dfa95bbd4de7e06edc88db4e3d3871\",\"name\":\"Mark Schieritz\",\"image\":{\"@type\":\"ImageObject\",\"inLanguage\":\"de\",\"@id\":\"https:\/\/blog.zeit.de\/herdentrieb\/#\/schema\/person\/image\/\",\"url\":\"https:\/\/secure.gravatar.com\/avatar\/66e072b8ecaf6d851921c0577ca78c8c9a24223a3c3cb6df48c5d839d1b622e0?s=96&d=mm&r=g\",\"contentUrl\":\"https:\/\/secure.gravatar.com\/avatar\/66e072b8ecaf6d851921c0577ca78c8c9a24223a3c3cb6df48c5d839d1b622e0?s=96&d=mm&r=g\",\"caption\":\"Mark Schieritz\"},\"url\":\"https:\/\/blog.zeit.de\/herdentrieb\/author\/mark-schieritz\"}]}<\/script>\n<!-- \/ Yoast SEO plugin. -->","yoast_head_json":{"title":"Timothy Garton Ash und die Inflationsl\u00fcge - Herdentrieb","robots":{"index":"index","follow":"follow","max-snippet":"max-snippet:-1","max-image-preview":"max-image-preview:large","max-video-preview":"max-video-preview:-1"},"canonical":"https:\/\/blog.zeit.de\/herdentrieb\/2013\/08\/02\/timothy-garton-ash-und-die-inflationsluge_6344","og_locale":"de_DE","og_type":"article","og_title":"Timothy Garton Ash und die Inflationsl\u00fcge - Herdentrieb","og_description":"Ich bin ein gro\u00dfer Fan von Timothy Garton Ash, deshalb habe ich mich sehr gefreut, dass er in seinem neuen Essay \u00fcber Deutschland in der New York Review of Books die Inflationsl\u00fcge zitiert. They are also obsessed with the danger of inflation. One poll found that Germans fear inflation more than they fear getting cancer.\u00a0The [&hellip;]","og_url":"https:\/\/blog.zeit.de\/herdentrieb\/2013\/08\/02\/timothy-garton-ash-und-die-inflationsluge_6344","og_site_name":"Herdentrieb","article_published_time":"2013-08-02T14:15:22+00:00","article_modified_time":"2013-08-02T15:20:26+00:00","author":"Mark Schieritz","twitter_card":"summary_large_image","twitter_creator":"@zeitonline","twitter_site":"@zeitonline","twitter_misc":{"Geschrieben von":"Mark Schieritz","Gesch\u00e4tzte Lesezeit":"1\u00a0Minute"},"schema":{"@context":"https:\/\/schema.org","@graph":[{"@type":"WebPage","@id":"https:\/\/blog.zeit.de\/herdentrieb\/2013\/08\/02\/timothy-garton-ash-und-die-inflationsluge_6344","url":"https:\/\/blog.zeit.de\/herdentrieb\/2013\/08\/02\/timothy-garton-ash-und-die-inflationsluge_6344","name":"Timothy Garton Ash und die Inflationsl\u00fcge - Herdentrieb","isPartOf":{"@id":"https:\/\/blog.zeit.de\/herdentrieb\/#website"},"datePublished":"2013-08-02T14:15:22+00:00","dateModified":"2013-08-02T15:20:26+00:00","author":{"@id":"https:\/\/blog.zeit.de\/herdentrieb\/#\/schema\/person\/a2dfa95bbd4de7e06edc88db4e3d3871"},"breadcrumb":{"@id":"https:\/\/blog.zeit.de\/herdentrieb\/2013\/08\/02\/timothy-garton-ash-und-die-inflationsluge_6344#breadcrumb"},"inLanguage":"de","potentialAction":[{"@type":"ReadAction","target":["https:\/\/blog.zeit.de\/herdentrieb\/2013\/08\/02\/timothy-garton-ash-und-die-inflationsluge_6344"]}]},{"@type":"BreadcrumbList","@id":"https:\/\/blog.zeit.de\/herdentrieb\/2013\/08\/02\/timothy-garton-ash-und-die-inflationsluge_6344#breadcrumb","itemListElement":[{"@type":"ListItem","position":1,"name":"Startseite","item":"https:\/\/blog.zeit.de\/herdentrieb"},{"@type":"ListItem","position":2,"name":"Timothy Garton Ash und die Inflationsl\u00fcge"}]},{"@type":"WebSite","@id":"https:\/\/blog.zeit.de\/herdentrieb\/#website","url":"https:\/\/blog.zeit.de\/herdentrieb\/","name":"Herdentrieb","description":"So funktioniert Kapitalismus. Ein Blog","potentialAction":[{"@type":"SearchAction","target":{"@type":"EntryPoint","urlTemplate":"https:\/\/blog.zeit.de\/herdentrieb\/?s={search_term_string}"},"query-input":"required name=search_term_string"}],"inLanguage":"de"},{"@type":"Person","@id":"https:\/\/blog.zeit.de\/herdentrieb\/#\/schema\/person\/a2dfa95bbd4de7e06edc88db4e3d3871","name":"Mark Schieritz","image":{"@type":"ImageObject","inLanguage":"de","@id":"https:\/\/blog.zeit.de\/herdentrieb\/#\/schema\/person\/image\/","url":"https:\/\/secure.gravatar.com\/avatar\/66e072b8ecaf6d851921c0577ca78c8c9a24223a3c3cb6df48c5d839d1b622e0?s=96&d=mm&r=g","contentUrl":"https:\/\/secure.gravatar.com\/avatar\/66e072b8ecaf6d851921c0577ca78c8c9a24223a3c3cb6df48c5d839d1b622e0?s=96&d=mm&r=g","caption":"Mark Schieritz"},"url":"https:\/\/blog.zeit.de\/herdentrieb\/author\/mark-schieritz"}]}},"jetpack_featured_media_url":"","jetpack_sharing_enabled":true,"_links":{"self":[{"href":"https:\/\/blog.zeit.de\/herdentrieb\/wp-json\/wp\/v2\/posts\/6344","targetHints":{"allow":["GET"]}}],"collection":[{"href":"https:\/\/blog.zeit.de\/herdentrieb\/wp-json\/wp\/v2\/posts"}],"about":[{"href":"https:\/\/blog.zeit.de\/herdentrieb\/wp-json\/wp\/v2\/types\/post"}],"author":[{"embeddable":true,"href":"https:\/\/blog.zeit.de\/herdentrieb\/wp-json\/wp\/v2\/users\/215"}],"replies":[{"embeddable":true,"href":"https:\/\/blog.zeit.de\/herdentrieb\/wp-json\/wp\/v2\/comments?post=6344"}],"version-history":[{"count":4,"href":"https:\/\/blog.zeit.de\/herdentrieb\/wp-json\/wp\/v2\/posts\/6344\/revisions"}],"predecessor-version":[{"id":6348,"href":"https:\/\/blog.zeit.de\/herdentrieb\/wp-json\/wp\/v2\/posts\/6344\/revisions\/6348"}],"wp:attachment":[{"href":"https:\/\/blog.zeit.de\/herdentrieb\/wp-json\/wp\/v2\/media?parent=6344"}],"wp:term":[{"taxonomy":"category","embeddable":true,"href":"https:\/\/blog.zeit.de\/herdentrieb\/wp-json\/wp\/v2\/categories?post=6344"},{"taxonomy":"post_tag","embeddable":true,"href":"https:\/\/blog.zeit.de\/herdentrieb\/wp-json\/wp\/v2\/tags?post=6344"}],"curies":[{"name":"wp","href":"https:\/\/api.w.org\/{rel}","templated":true}]}}