{"id":6442,"date":"2013-08-28T23:18:48","date_gmt":"2013-08-28T21:18:48","guid":{"rendered":"http:\/\/blog.zeit.de\/herdentrieb\/?p=6442"},"modified":"2013-09-06T09:55:41","modified_gmt":"2013-09-06T07:55:41","slug":"braucht-griechenland-einen-schuldenschnitt","status":"publish","type":"post","link":"https:\/\/blog.zeit.de\/herdentrieb\/2013\/08\/28\/braucht-griechenland-einen-schuldenschnitt_6442","title":{"rendered":"Braucht Griechenland einen Schuldenschnitt?"},"content":{"rendered":"<p>In einem Artikel f\u00fcr die Printausgabe der ZEIT befasse ich mich noch einmal mit der Lage in Griechenland. Die Horrorzahlen \u00fcber die Staatsverschuldung dort sind bekannt. Nach der j\u00fcngsten Schuldentragf\u00e4higkeitsanalyse des <a href=\"http:\/\/www.imf.org\/external\/pubs\/ft\/scr\/2013\/cr13241.pdf\" title=\"IMF Country Report No. 13\/241, July 2013\" target=\"_blank\">IWF<\/a> wird die Verschuldung in diesem Jahr stolze 175,5 Prozent des BIP betragen.<\/p>\n<p>Ich bin wie so viele Experten der Meinung, dass es ohne einen Schuldenschnitt im Sinne einer Reduzierung des Barwerts der Forderungen \u2013 sei es durch eine Verringerung der Zinsen und eine Verl\u00e4ngerung der Laufzeiten oder eine Verringerung des Nominalwerts \u2013 nicht gehen wird.<\/p>\n<p>Was mir aber in der Debatte bisher nicht ausreichend beachtet zu sein scheint ist, wie sehr sich die schon vereinbarten Zinssenkungen und Laufzeitverl\u00e4ngerungen auf die Schuldentragf\u00e4higkeit auswirken.<br \/>\n<!--more--><br \/>\nMein Punkt ist:\u00a0Eine Verschuldung von 175,5 Prozent des BIP ist enorm, aber f\u00fcr die Tragf\u00e4higkeit im engeren Sinn z\u00e4hlt, ob der Schuldendienst das Land \u00fcberfordert.\u00a0Und wenn der Schuldendienst durch Zinssenkungen und Laufzeitverl\u00e4ngerungen minimiert wird, dann sind auch sehr hohe Schulden kein unmittelbares Problem \u2013 zumindest solange das betreffende Land Haushaltsdisziplin \u00fcbt und einen Prim\u00e4r\u00fcberschuss einf\u00e4hrt.<\/p>\n<p>Platt gesagt: Meine Schulden jucken mich nicht, wenn ich sie erst in einigen Jahrzehnten zur\u00fcckzahlen muss und derweil so gut wie keine Zinsen bezahle.<\/p>\n<p>Genau darauf scheint mir die Bundesregierung in Griechenland \u2013 und auch in den anderen Krisenstaaten zu setzen. Das bedeutet nicht, dass die Schulden tragf\u00e4hig sind. Es bedeutet aber, dass der Nachweis einer mangelnden Tragf\u00e4higkeit nicht so einfach zu f\u00fchren ist, wie es die hohen Verschuldungszahlen zun\u00e4chst nahelegen.<\/p>\n<p>Politisch ist diese L\u00f6sung sehr komfortabel, weil die \u00d6ffentlichkeit ja nicht mitbekommt, dass auch auf diese Weise auf Forderungen verzichtet wird. Das\u00a0<a href=\"http:\/\/www.cesifo-group.de\/de\/ifoHome\/presse\/Pressemitteilungen\/Pressemitteilungen-Archiv\/2012\/Q4\/press_20121130_griechenland\/featuredDownloadBinary_de\/PM-Griechenland-30112012.pdf\" title=\"ifo Pressemitteilung, 30. November 2012\" target=\"_blank\">Ifo-Institut<\/a> hat den Barwert der Zins- und Geb\u00fchrensenkungen f\u00fcr Griechenland vom November 2012 auf 47,3 Milliarden Euro beziffert \u2013 das ist ein enormer heimlicher Schuldenschnitt.<\/p>\n<p>Es k\u00f6nnte also durchaus sein, dass mit den bisherigen Methoden die Schuldentragf\u00e4higkeit Griechenlands hergestellt werden kann und die gro\u00dfe \u00dcberraschung ausbleibt.<\/p>\n","protected":false},"excerpt":{"rendered":"<p>In einem Artikel f\u00fcr die Printausgabe der ZEIT befasse ich mich noch einmal mit der Lage in Griechenland. Die Horrorzahlen \u00fcber die Staatsverschuldung dort sind bekannt. Nach der j\u00fcngsten Schuldentragf\u00e4higkeitsanalyse des IWF wird die Verschuldung in diesem Jahr stolze 175,5 Prozent des BIP betragen. Ich bin wie so viele Experten der Meinung, dass es ohne [&hellip;]<\/p>\n","protected":false},"author":215,"featured_media":0,"comment_status":"open","ping_status":"closed","sticky":false,"template":"","format":"standard","meta":{"_jetpack_memberships_contains_paid_content":false,"footnotes":""},"categories":[3],"tags":[],"class_list":["post-6442","post","type-post","status-publish","format-standard","hentry","category-der-aktuelle-rand"],"yoast_head":"<!-- This site is optimized with the Yoast SEO plugin v21.0 - https:\/\/yoast.com\/wordpress\/plugins\/seo\/ -->\n<title>Braucht Griechenland einen Schuldenschnitt? - Herdentrieb<\/title>\n<meta name=\"robots\" content=\"index, follow, max-snippet:-1, max-image-preview:large, max-video-preview:-1\" \/>\n<link rel=\"canonical\" href=\"https:\/\/blog.zeit.de\/herdentrieb\/2013\/08\/28\/braucht-griechenland-einen-schuldenschnitt_6442\" \/>\n<meta property=\"og:locale\" content=\"de_DE\" \/>\n<meta property=\"og:type\" content=\"article\" \/>\n<meta property=\"og:title\" content=\"Braucht Griechenland einen Schuldenschnitt? - Herdentrieb\" \/>\n<meta property=\"og:description\" content=\"In einem Artikel f\u00fcr die Printausgabe der ZEIT befasse ich mich noch einmal mit der Lage in Griechenland. Die Horrorzahlen \u00fcber die Staatsverschuldung dort sind bekannt. Nach der j\u00fcngsten Schuldentragf\u00e4higkeitsanalyse des IWF wird die Verschuldung in diesem Jahr stolze 175,5 Prozent des BIP betragen. Ich bin wie so viele Experten der Meinung, dass es ohne [&hellip;]\" \/>\n<meta property=\"og:url\" content=\"https:\/\/blog.zeit.de\/herdentrieb\/2013\/08\/28\/braucht-griechenland-einen-schuldenschnitt_6442\" \/>\n<meta property=\"og:site_name\" content=\"Herdentrieb\" \/>\n<meta property=\"article:published_time\" content=\"2013-08-28T21:18:48+00:00\" \/>\n<meta property=\"article:modified_time\" content=\"2013-09-06T07:55:41+00:00\" \/>\n<meta name=\"author\" content=\"Mark Schieritz\" \/>\n<meta name=\"twitter:card\" content=\"summary_large_image\" \/>\n<meta name=\"twitter:creator\" content=\"@zeitonline\" \/>\n<meta name=\"twitter:site\" content=\"@zeitonline\" \/>\n<meta name=\"twitter:label1\" content=\"Geschrieben von\" \/>\n\t<meta name=\"twitter:data1\" content=\"Mark Schieritz\" \/>\n\t<meta name=\"twitter:label2\" content=\"Gesch\u00e4tzte Lesezeit\" \/>\n\t<meta name=\"twitter:data2\" content=\"2\u00a0Minuten\" \/>\n<script type=\"application\/ld+json\" class=\"yoast-schema-graph\">{\"@context\":\"https:\/\/schema.org\",\"@graph\":[{\"@type\":\"WebPage\",\"@id\":\"https:\/\/blog.zeit.de\/herdentrieb\/2013\/08\/28\/braucht-griechenland-einen-schuldenschnitt_6442\",\"url\":\"https:\/\/blog.zeit.de\/herdentrieb\/2013\/08\/28\/braucht-griechenland-einen-schuldenschnitt_6442\",\"name\":\"Braucht Griechenland einen Schuldenschnitt? - Herdentrieb\",\"isPartOf\":{\"@id\":\"https:\/\/blog.zeit.de\/herdentrieb\/#website\"},\"datePublished\":\"2013-08-28T21:18:48+00:00\",\"dateModified\":\"2013-09-06T07:55:41+00:00\",\"author\":{\"@id\":\"https:\/\/blog.zeit.de\/herdentrieb\/#\/schema\/person\/a2dfa95bbd4de7e06edc88db4e3d3871\"},\"breadcrumb\":{\"@id\":\"https:\/\/blog.zeit.de\/herdentrieb\/2013\/08\/28\/braucht-griechenland-einen-schuldenschnitt_6442#breadcrumb\"},\"inLanguage\":\"de\",\"potentialAction\":[{\"@type\":\"ReadAction\",\"target\":[\"https:\/\/blog.zeit.de\/herdentrieb\/2013\/08\/28\/braucht-griechenland-einen-schuldenschnitt_6442\"]}]},{\"@type\":\"BreadcrumbList\",\"@id\":\"https:\/\/blog.zeit.de\/herdentrieb\/2013\/08\/28\/braucht-griechenland-einen-schuldenschnitt_6442#breadcrumb\",\"itemListElement\":[{\"@type\":\"ListItem\",\"position\":1,\"name\":\"Startseite\",\"item\":\"https:\/\/blog.zeit.de\/herdentrieb\"},{\"@type\":\"ListItem\",\"position\":2,\"name\":\"Braucht Griechenland einen Schuldenschnitt?\"}]},{\"@type\":\"WebSite\",\"@id\":\"https:\/\/blog.zeit.de\/herdentrieb\/#website\",\"url\":\"https:\/\/blog.zeit.de\/herdentrieb\/\",\"name\":\"Herdentrieb\",\"description\":\"So funktioniert Kapitalismus. Ein Blog\",\"potentialAction\":[{\"@type\":\"SearchAction\",\"target\":{\"@type\":\"EntryPoint\",\"urlTemplate\":\"https:\/\/blog.zeit.de\/herdentrieb\/?s={search_term_string}\"},\"query-input\":\"required name=search_term_string\"}],\"inLanguage\":\"de\"},{\"@type\":\"Person\",\"@id\":\"https:\/\/blog.zeit.de\/herdentrieb\/#\/schema\/person\/a2dfa95bbd4de7e06edc88db4e3d3871\",\"name\":\"Mark Schieritz\",\"image\":{\"@type\":\"ImageObject\",\"inLanguage\":\"de\",\"@id\":\"https:\/\/blog.zeit.de\/herdentrieb\/#\/schema\/person\/image\/\",\"url\":\"https:\/\/secure.gravatar.com\/avatar\/66e072b8ecaf6d851921c0577ca78c8c9a24223a3c3cb6df48c5d839d1b622e0?s=96&d=mm&r=g\",\"contentUrl\":\"https:\/\/secure.gravatar.com\/avatar\/66e072b8ecaf6d851921c0577ca78c8c9a24223a3c3cb6df48c5d839d1b622e0?s=96&d=mm&r=g\",\"caption\":\"Mark Schieritz\"},\"url\":\"https:\/\/blog.zeit.de\/herdentrieb\/author\/mark-schieritz\"}]}<\/script>\n<!-- \/ Yoast SEO plugin. -->","yoast_head_json":{"title":"Braucht Griechenland einen Schuldenschnitt? - Herdentrieb","robots":{"index":"index","follow":"follow","max-snippet":"max-snippet:-1","max-image-preview":"max-image-preview:large","max-video-preview":"max-video-preview:-1"},"canonical":"https:\/\/blog.zeit.de\/herdentrieb\/2013\/08\/28\/braucht-griechenland-einen-schuldenschnitt_6442","og_locale":"de_DE","og_type":"article","og_title":"Braucht Griechenland einen Schuldenschnitt? - Herdentrieb","og_description":"In einem Artikel f\u00fcr die Printausgabe der ZEIT befasse ich mich noch einmal mit der Lage in Griechenland. Die Horrorzahlen \u00fcber die Staatsverschuldung dort sind bekannt. Nach der j\u00fcngsten Schuldentragf\u00e4higkeitsanalyse des IWF wird die Verschuldung in diesem Jahr stolze 175,5 Prozent des BIP betragen. Ich bin wie so viele Experten der Meinung, dass es ohne [&hellip;]","og_url":"https:\/\/blog.zeit.de\/herdentrieb\/2013\/08\/28\/braucht-griechenland-einen-schuldenschnitt_6442","og_site_name":"Herdentrieb","article_published_time":"2013-08-28T21:18:48+00:00","article_modified_time":"2013-09-06T07:55:41+00:00","author":"Mark Schieritz","twitter_card":"summary_large_image","twitter_creator":"@zeitonline","twitter_site":"@zeitonline","twitter_misc":{"Geschrieben von":"Mark Schieritz","Gesch\u00e4tzte Lesezeit":"2\u00a0Minuten"},"schema":{"@context":"https:\/\/schema.org","@graph":[{"@type":"WebPage","@id":"https:\/\/blog.zeit.de\/herdentrieb\/2013\/08\/28\/braucht-griechenland-einen-schuldenschnitt_6442","url":"https:\/\/blog.zeit.de\/herdentrieb\/2013\/08\/28\/braucht-griechenland-einen-schuldenschnitt_6442","name":"Braucht Griechenland einen Schuldenschnitt? - Herdentrieb","isPartOf":{"@id":"https:\/\/blog.zeit.de\/herdentrieb\/#website"},"datePublished":"2013-08-28T21:18:48+00:00","dateModified":"2013-09-06T07:55:41+00:00","author":{"@id":"https:\/\/blog.zeit.de\/herdentrieb\/#\/schema\/person\/a2dfa95bbd4de7e06edc88db4e3d3871"},"breadcrumb":{"@id":"https:\/\/blog.zeit.de\/herdentrieb\/2013\/08\/28\/braucht-griechenland-einen-schuldenschnitt_6442#breadcrumb"},"inLanguage":"de","potentialAction":[{"@type":"ReadAction","target":["https:\/\/blog.zeit.de\/herdentrieb\/2013\/08\/28\/braucht-griechenland-einen-schuldenschnitt_6442"]}]},{"@type":"BreadcrumbList","@id":"https:\/\/blog.zeit.de\/herdentrieb\/2013\/08\/28\/braucht-griechenland-einen-schuldenschnitt_6442#breadcrumb","itemListElement":[{"@type":"ListItem","position":1,"name":"Startseite","item":"https:\/\/blog.zeit.de\/herdentrieb"},{"@type":"ListItem","position":2,"name":"Braucht Griechenland einen Schuldenschnitt?"}]},{"@type":"WebSite","@id":"https:\/\/blog.zeit.de\/herdentrieb\/#website","url":"https:\/\/blog.zeit.de\/herdentrieb\/","name":"Herdentrieb","description":"So funktioniert Kapitalismus. Ein Blog","potentialAction":[{"@type":"SearchAction","target":{"@type":"EntryPoint","urlTemplate":"https:\/\/blog.zeit.de\/herdentrieb\/?s={search_term_string}"},"query-input":"required name=search_term_string"}],"inLanguage":"de"},{"@type":"Person","@id":"https:\/\/blog.zeit.de\/herdentrieb\/#\/schema\/person\/a2dfa95bbd4de7e06edc88db4e3d3871","name":"Mark Schieritz","image":{"@type":"ImageObject","inLanguage":"de","@id":"https:\/\/blog.zeit.de\/herdentrieb\/#\/schema\/person\/image\/","url":"https:\/\/secure.gravatar.com\/avatar\/66e072b8ecaf6d851921c0577ca78c8c9a24223a3c3cb6df48c5d839d1b622e0?s=96&d=mm&r=g","contentUrl":"https:\/\/secure.gravatar.com\/avatar\/66e072b8ecaf6d851921c0577ca78c8c9a24223a3c3cb6df48c5d839d1b622e0?s=96&d=mm&r=g","caption":"Mark Schieritz"},"url":"https:\/\/blog.zeit.de\/herdentrieb\/author\/mark-schieritz"}]}},"jetpack_featured_media_url":"","jetpack_sharing_enabled":true,"_links":{"self":[{"href":"https:\/\/blog.zeit.de\/herdentrieb\/wp-json\/wp\/v2\/posts\/6442","targetHints":{"allow":["GET"]}}],"collection":[{"href":"https:\/\/blog.zeit.de\/herdentrieb\/wp-json\/wp\/v2\/posts"}],"about":[{"href":"https:\/\/blog.zeit.de\/herdentrieb\/wp-json\/wp\/v2\/types\/post"}],"author":[{"embeddable":true,"href":"https:\/\/blog.zeit.de\/herdentrieb\/wp-json\/wp\/v2\/users\/215"}],"replies":[{"embeddable":true,"href":"https:\/\/blog.zeit.de\/herdentrieb\/wp-json\/wp\/v2\/comments?post=6442"}],"version-history":[{"count":6,"href":"https:\/\/blog.zeit.de\/herdentrieb\/wp-json\/wp\/v2\/posts\/6442\/revisions"}],"predecessor-version":[{"id":6449,"href":"https:\/\/blog.zeit.de\/herdentrieb\/wp-json\/wp\/v2\/posts\/6442\/revisions\/6449"}],"wp:attachment":[{"href":"https:\/\/blog.zeit.de\/herdentrieb\/wp-json\/wp\/v2\/media?parent=6442"}],"wp:term":[{"taxonomy":"category","embeddable":true,"href":"https:\/\/blog.zeit.de\/herdentrieb\/wp-json\/wp\/v2\/categories?post=6442"},{"taxonomy":"post_tag","embeddable":true,"href":"https:\/\/blog.zeit.de\/herdentrieb\/wp-json\/wp\/v2\/tags?post=6442"}],"curies":[{"name":"wp","href":"https:\/\/api.w.org\/{rel}","templated":true}]}}