{"id":6460,"date":"2013-09-06T00:15:18","date_gmt":"2013-09-05T22:15:18","guid":{"rendered":"http:\/\/blog.zeit.de\/herdentrieb\/?p=6460"},"modified":"2013-09-06T09:33:50","modified_gmt":"2013-09-06T07:33:50","slug":"so-wird-das-nichts-mario-draghi","status":"publish","type":"post","link":"https:\/\/blog.zeit.de\/herdentrieb\/2013\/09\/06\/so-wird-das-nichts-mario-draghi_6460","title":{"rendered":"So wird das nichts, Mario Draghi"},"content":{"rendered":"<p>Mario Draghi hat am <a href=\"http:\/\/www.ecb.europa.eu\/press\/pressconf\/2013\/html\/is130905.en.html\" target=\"_blank\">Donnerstag auf seiner monatlichen Pressekonferenz<\/a> bekanntlich erneut versprochen, die Zinsen niedrig zu halten.  Das Problem ist nur, dass das den Zinsen egal war, sie sind n\u00e4mlich gestiegen. Wieder einmal. Zehnj\u00e4hrige deutsche Staatsanleihen rentieren jetzt \u00fcber zwei Prozent und in Portugal geht es ebenfalls rasant aufw\u00e4rts.<\/p>\n<p><a href=\"https:\/\/blog.zeit.de\/herdentrieb\/2013\/09\/06\/so-wird-das-nichts-mario-draghi_6460\/bundyield\" rel=\"attachment wp-att-6461\"><img loading=\"lazy\" decoding=\"async\" class=\"size-full wp-image-6461\" alt=\"bundyield\" src=\"https:\/\/blog.zeit.de\/herdentrieb\/files\/2013\/09\/bundyield.png\" width=\"653\" height=\"508\" srcset=\"https:\/\/blog.zeit.de\/herdentrieb\/files\/2013\/09\/bundyield.png 653w, https:\/\/blog.zeit.de\/herdentrieb\/files\/2013\/09\/bundyield-300x233.png 300w\" sizes=\"auto, (max-width: 653px) 100vw, 653px\" \/><\/a><\/p>\n<p>Nun muss man unterscheiden: Wenn die Zinsen steigen, weil die Wirtschaft besser l\u00e4uft, dann ist das nicht weiter schlimm. Es scheint mir aber so zu sein, dass zumindest die EZB einen Anstieg in der derzeitigen Konjunkturlage f\u00fcr nicht angemessen h\u00e4lt. Und tats\u00e4chlich ist die Erholung noch sehr schwach und eine R\u00fccknahme des Stimulus w\u00e4re gef\u00e4hrlich.<\/p>\n<p>Deshalb versucht sie es mit dem Versprechen und malt die konjunkturelle Lage schw\u00e4rzer als sie es eigentlich ist. Das funktioniert aber nicht. Gut m\u00f6glich, dass Draghi zu h\u00e4rteren Methoden greifen muss, wenn er einen Zinsanstieg wirklich verhindern will.<\/p>\n","protected":false},"excerpt":{"rendered":"<p>Mario Draghi hat am Donnerstag auf seiner monatlichen Pressekonferenz bekanntlich erneut versprochen, die Zinsen niedrig zu halten. Das Problem ist nur, dass das den Zinsen egal war, sie sind n\u00e4mlich gestiegen. Wieder einmal. Zehnj\u00e4hrige deutsche Staatsanleihen rentieren jetzt \u00fcber zwei Prozent und in Portugal geht es ebenfalls rasant aufw\u00e4rts. Nun muss man unterscheiden: Wenn die [&hellip;]<\/p>\n","protected":false},"author":215,"featured_media":0,"comment_status":"open","ping_status":"closed","sticky":false,"template":"","format":"standard","meta":{"_jetpack_memberships_contains_paid_content":false,"footnotes":""},"categories":[3],"tags":[],"class_list":["post-6460","post","type-post","status-publish","format-standard","hentry","category-der-aktuelle-rand"],"yoast_head":"<!-- This site is optimized with the Yoast SEO plugin v21.0 - https:\/\/yoast.com\/wordpress\/plugins\/seo\/ -->\n<title>So wird das nichts, Mario Draghi - Herdentrieb<\/title>\n<meta name=\"robots\" content=\"index, follow, max-snippet:-1, max-image-preview:large, max-video-preview:-1\" \/>\n<link rel=\"canonical\" href=\"https:\/\/blog.zeit.de\/herdentrieb\/2013\/09\/06\/so-wird-das-nichts-mario-draghi_6460\" \/>\n<meta property=\"og:locale\" content=\"de_DE\" \/>\n<meta property=\"og:type\" content=\"article\" \/>\n<meta property=\"og:title\" content=\"So wird das nichts, Mario Draghi - Herdentrieb\" \/>\n<meta property=\"og:description\" content=\"Mario Draghi hat am Donnerstag auf seiner monatlichen Pressekonferenz bekanntlich erneut versprochen, die Zinsen niedrig zu halten. Das Problem ist nur, dass das den Zinsen egal war, sie sind n\u00e4mlich gestiegen. Wieder einmal. Zehnj\u00e4hrige deutsche Staatsanleihen rentieren jetzt \u00fcber zwei Prozent und in Portugal geht es ebenfalls rasant aufw\u00e4rts. Nun muss man unterscheiden: Wenn die [&hellip;]\" \/>\n<meta property=\"og:url\" content=\"https:\/\/blog.zeit.de\/herdentrieb\/2013\/09\/06\/so-wird-das-nichts-mario-draghi_6460\" \/>\n<meta property=\"og:site_name\" content=\"Herdentrieb\" \/>\n<meta property=\"article:published_time\" content=\"2013-09-05T22:15:18+00:00\" \/>\n<meta property=\"article:modified_time\" content=\"2013-09-06T07:33:50+00:00\" \/>\n<meta property=\"og:image\" content=\"https:\/\/blog.zeit.de\/herdentrieb\/files\/2013\/09\/bundyield.png\" \/>\n<meta name=\"author\" content=\"Mark Schieritz\" \/>\n<meta name=\"twitter:card\" content=\"summary_large_image\" \/>\n<meta name=\"twitter:creator\" content=\"@zeitonline\" \/>\n<meta name=\"twitter:site\" content=\"@zeitonline\" \/>\n<meta name=\"twitter:label1\" content=\"Geschrieben von\" \/>\n\t<meta name=\"twitter:data1\" content=\"Mark Schieritz\" \/>\n\t<meta name=\"twitter:label2\" content=\"Gesch\u00e4tzte Lesezeit\" \/>\n\t<meta name=\"twitter:data2\" content=\"1\u00a0Minute\" \/>\n<script type=\"application\/ld+json\" class=\"yoast-schema-graph\">{\"@context\":\"https:\/\/schema.org\",\"@graph\":[{\"@type\":\"WebPage\",\"@id\":\"https:\/\/blog.zeit.de\/herdentrieb\/2013\/09\/06\/so-wird-das-nichts-mario-draghi_6460\",\"url\":\"https:\/\/blog.zeit.de\/herdentrieb\/2013\/09\/06\/so-wird-das-nichts-mario-draghi_6460\",\"name\":\"So wird das nichts, Mario Draghi - Herdentrieb\",\"isPartOf\":{\"@id\":\"https:\/\/blog.zeit.de\/herdentrieb\/#website\"},\"datePublished\":\"2013-09-05T22:15:18+00:00\",\"dateModified\":\"2013-09-06T07:33:50+00:00\",\"author\":{\"@id\":\"https:\/\/blog.zeit.de\/herdentrieb\/#\/schema\/person\/a2dfa95bbd4de7e06edc88db4e3d3871\"},\"breadcrumb\":{\"@id\":\"https:\/\/blog.zeit.de\/herdentrieb\/2013\/09\/06\/so-wird-das-nichts-mario-draghi_6460#breadcrumb\"},\"inLanguage\":\"de\",\"potentialAction\":[{\"@type\":\"ReadAction\",\"target\":[\"https:\/\/blog.zeit.de\/herdentrieb\/2013\/09\/06\/so-wird-das-nichts-mario-draghi_6460\"]}]},{\"@type\":\"BreadcrumbList\",\"@id\":\"https:\/\/blog.zeit.de\/herdentrieb\/2013\/09\/06\/so-wird-das-nichts-mario-draghi_6460#breadcrumb\",\"itemListElement\":[{\"@type\":\"ListItem\",\"position\":1,\"name\":\"Startseite\",\"item\":\"https:\/\/blog.zeit.de\/herdentrieb\"},{\"@type\":\"ListItem\",\"position\":2,\"name\":\"So wird das nichts, Mario Draghi\"}]},{\"@type\":\"WebSite\",\"@id\":\"https:\/\/blog.zeit.de\/herdentrieb\/#website\",\"url\":\"https:\/\/blog.zeit.de\/herdentrieb\/\",\"name\":\"Herdentrieb\",\"description\":\"So funktioniert Kapitalismus. Ein Blog\",\"potentialAction\":[{\"@type\":\"SearchAction\",\"target\":{\"@type\":\"EntryPoint\",\"urlTemplate\":\"https:\/\/blog.zeit.de\/herdentrieb\/?s={search_term_string}\"},\"query-input\":\"required name=search_term_string\"}],\"inLanguage\":\"de\"},{\"@type\":\"Person\",\"@id\":\"https:\/\/blog.zeit.de\/herdentrieb\/#\/schema\/person\/a2dfa95bbd4de7e06edc88db4e3d3871\",\"name\":\"Mark Schieritz\",\"image\":{\"@type\":\"ImageObject\",\"inLanguage\":\"de\",\"@id\":\"https:\/\/blog.zeit.de\/herdentrieb\/#\/schema\/person\/image\/\",\"url\":\"https:\/\/secure.gravatar.com\/avatar\/66e072b8ecaf6d851921c0577ca78c8c9a24223a3c3cb6df48c5d839d1b622e0?s=96&d=mm&r=g\",\"contentUrl\":\"https:\/\/secure.gravatar.com\/avatar\/66e072b8ecaf6d851921c0577ca78c8c9a24223a3c3cb6df48c5d839d1b622e0?s=96&d=mm&r=g\",\"caption\":\"Mark Schieritz\"},\"url\":\"https:\/\/blog.zeit.de\/herdentrieb\/author\/mark-schieritz\"}]}<\/script>\n<!-- \/ Yoast SEO plugin. -->","yoast_head_json":{"title":"So wird das nichts, Mario Draghi - Herdentrieb","robots":{"index":"index","follow":"follow","max-snippet":"max-snippet:-1","max-image-preview":"max-image-preview:large","max-video-preview":"max-video-preview:-1"},"canonical":"https:\/\/blog.zeit.de\/herdentrieb\/2013\/09\/06\/so-wird-das-nichts-mario-draghi_6460","og_locale":"de_DE","og_type":"article","og_title":"So wird das nichts, Mario Draghi - Herdentrieb","og_description":"Mario Draghi hat am Donnerstag auf seiner monatlichen Pressekonferenz bekanntlich erneut versprochen, die Zinsen niedrig zu halten. Das Problem ist nur, dass das den Zinsen egal war, sie sind n\u00e4mlich gestiegen. Wieder einmal. Zehnj\u00e4hrige deutsche Staatsanleihen rentieren jetzt \u00fcber zwei Prozent und in Portugal geht es ebenfalls rasant aufw\u00e4rts. Nun muss man unterscheiden: Wenn die [&hellip;]","og_url":"https:\/\/blog.zeit.de\/herdentrieb\/2013\/09\/06\/so-wird-das-nichts-mario-draghi_6460","og_site_name":"Herdentrieb","article_published_time":"2013-09-05T22:15:18+00:00","article_modified_time":"2013-09-06T07:33:50+00:00","og_image":[{"url":"https:\/\/blog.zeit.de\/herdentrieb\/files\/2013\/09\/bundyield.png"}],"author":"Mark Schieritz","twitter_card":"summary_large_image","twitter_creator":"@zeitonline","twitter_site":"@zeitonline","twitter_misc":{"Geschrieben von":"Mark Schieritz","Gesch\u00e4tzte Lesezeit":"1\u00a0Minute"},"schema":{"@context":"https:\/\/schema.org","@graph":[{"@type":"WebPage","@id":"https:\/\/blog.zeit.de\/herdentrieb\/2013\/09\/06\/so-wird-das-nichts-mario-draghi_6460","url":"https:\/\/blog.zeit.de\/herdentrieb\/2013\/09\/06\/so-wird-das-nichts-mario-draghi_6460","name":"So wird das nichts, Mario Draghi - Herdentrieb","isPartOf":{"@id":"https:\/\/blog.zeit.de\/herdentrieb\/#website"},"datePublished":"2013-09-05T22:15:18+00:00","dateModified":"2013-09-06T07:33:50+00:00","author":{"@id":"https:\/\/blog.zeit.de\/herdentrieb\/#\/schema\/person\/a2dfa95bbd4de7e06edc88db4e3d3871"},"breadcrumb":{"@id":"https:\/\/blog.zeit.de\/herdentrieb\/2013\/09\/06\/so-wird-das-nichts-mario-draghi_6460#breadcrumb"},"inLanguage":"de","potentialAction":[{"@type":"ReadAction","target":["https:\/\/blog.zeit.de\/herdentrieb\/2013\/09\/06\/so-wird-das-nichts-mario-draghi_6460"]}]},{"@type":"BreadcrumbList","@id":"https:\/\/blog.zeit.de\/herdentrieb\/2013\/09\/06\/so-wird-das-nichts-mario-draghi_6460#breadcrumb","itemListElement":[{"@type":"ListItem","position":1,"name":"Startseite","item":"https:\/\/blog.zeit.de\/herdentrieb"},{"@type":"ListItem","position":2,"name":"So wird das nichts, Mario Draghi"}]},{"@type":"WebSite","@id":"https:\/\/blog.zeit.de\/herdentrieb\/#website","url":"https:\/\/blog.zeit.de\/herdentrieb\/","name":"Herdentrieb","description":"So funktioniert Kapitalismus. Ein Blog","potentialAction":[{"@type":"SearchAction","target":{"@type":"EntryPoint","urlTemplate":"https:\/\/blog.zeit.de\/herdentrieb\/?s={search_term_string}"},"query-input":"required name=search_term_string"}],"inLanguage":"de"},{"@type":"Person","@id":"https:\/\/blog.zeit.de\/herdentrieb\/#\/schema\/person\/a2dfa95bbd4de7e06edc88db4e3d3871","name":"Mark Schieritz","image":{"@type":"ImageObject","inLanguage":"de","@id":"https:\/\/blog.zeit.de\/herdentrieb\/#\/schema\/person\/image\/","url":"https:\/\/secure.gravatar.com\/avatar\/66e072b8ecaf6d851921c0577ca78c8c9a24223a3c3cb6df48c5d839d1b622e0?s=96&d=mm&r=g","contentUrl":"https:\/\/secure.gravatar.com\/avatar\/66e072b8ecaf6d851921c0577ca78c8c9a24223a3c3cb6df48c5d839d1b622e0?s=96&d=mm&r=g","caption":"Mark Schieritz"},"url":"https:\/\/blog.zeit.de\/herdentrieb\/author\/mark-schieritz"}]}},"jetpack_featured_media_url":"","jetpack_sharing_enabled":true,"_links":{"self":[{"href":"https:\/\/blog.zeit.de\/herdentrieb\/wp-json\/wp\/v2\/posts\/6460","targetHints":{"allow":["GET"]}}],"collection":[{"href":"https:\/\/blog.zeit.de\/herdentrieb\/wp-json\/wp\/v2\/posts"}],"about":[{"href":"https:\/\/blog.zeit.de\/herdentrieb\/wp-json\/wp\/v2\/types\/post"}],"author":[{"embeddable":true,"href":"https:\/\/blog.zeit.de\/herdentrieb\/wp-json\/wp\/v2\/users\/215"}],"replies":[{"embeddable":true,"href":"https:\/\/blog.zeit.de\/herdentrieb\/wp-json\/wp\/v2\/comments?post=6460"}],"version-history":[{"count":4,"href":"https:\/\/blog.zeit.de\/herdentrieb\/wp-json\/wp\/v2\/posts\/6460\/revisions"}],"predecessor-version":[{"id":6464,"href":"https:\/\/blog.zeit.de\/herdentrieb\/wp-json\/wp\/v2\/posts\/6460\/revisions\/6464"}],"wp:attachment":[{"href":"https:\/\/blog.zeit.de\/herdentrieb\/wp-json\/wp\/v2\/media?parent=6460"}],"wp:term":[{"taxonomy":"category","embeddable":true,"href":"https:\/\/blog.zeit.de\/herdentrieb\/wp-json\/wp\/v2\/categories?post=6460"},{"taxonomy":"post_tag","embeddable":true,"href":"https:\/\/blog.zeit.de\/herdentrieb\/wp-json\/wp\/v2\/tags?post=6460"}],"curies":[{"name":"wp","href":"https:\/\/api.w.org\/{rel}","templated":true}]}}