{"id":6469,"date":"2013-09-11T23:19:50","date_gmt":"2013-09-11T21:19:50","guid":{"rendered":"http:\/\/blog.zeit.de\/herdentrieb\/?p=6469"},"modified":"2013-09-12T13:13:38","modified_gmt":"2013-09-12T11:13:38","slug":"deutsche-okonomen-es-reicht","status":"publish","type":"post","link":"https:\/\/blog.zeit.de\/herdentrieb\/2013\/09\/11\/deutsche-okonomen-es-reicht_6469","title":{"rendered":"Deutsche \u00d6konomen: Es reicht!!!"},"content":{"rendered":"<p>Deutschlands \u00d6konomen <a href=\"http:\/\/www.faz.net\/aktuell\/wirtschaft\/europas-schuldenkrise\/neuer-appell-deutsche-oekonomen-werfen-der-ezb-staatsfinanzierung-vor-12569316.html\" target=\"_target\">beklagen sich wieder einmal<\/a>. Irgendeine Politik der Europ\u00e4ischen Zentralbank ist hochgef\u00e4hrlich und bedroht die Zukunft unserer Kinder und deshalb haben 136 Volkswirte einen Aufruf unterzeichnet.<\/p>\n<p>Kommt Ihnen das bekannt vor? Kein Wunder, es gibt in diesen Tagen st\u00e4ndig irgendwelche Aufrufe von irgendwelchen \u00d6konomen f\u00fcr oder gegen irgendetwas \u2013 die Bankenunion, die EZB, die Euro-Rettung. Am Anfang war das noch am\u00fcsant, aber jetzt nervt es nur noch. So reagiert denn der Anti-EZB-Aufruf auf einen <a href=\"https:\/\/berlinoeconomicus.diw.de\/geldpolitik\/ein-aufruf-zur-unterstuetzung-des-anleihekaufprogramms-omt-der-europaeischen-zentralbank\/\" target=\"_blank\">Pro-EZB-Aufruf<\/a>, der vor einigen Wochen ver\u00f6ffentlicht war. Das muss man nicht verstehen.<\/p>\n<p>Die deutsche Volkswirtschaftslehre macht sich durch derlei Aktionen l\u00e4cherlich. Sie verst\u00e4rken das Bild einer Wissenschaft, deren Aussagen beliebig sind und deren Vertreter ihre Weltanschauung irgendwie in die Zeitungen bringen wollen \u2013 und die dabei glauben, auf die Masse komme es an.<\/p>\n<p>Denn nicht darauf, wer die besseren Argumente hat, kommt es jetzt an, sondern darauf, wer mehr Unterzeichner hat. Und der neueste Aufruf setzt sogar noch eines obendrauf, indem er behauptet, die Stimmen der Unterzeichner z\u00e4hlten besonders viel, weil sie in irgendwelchen Unteraussch\u00fcssen des Vereins f\u00fcr Socialpolitik sitzen. Die Grenze zur Peinlichkeit, sie ist nicht mehr weit.<\/p>\n<p>Liebe \u00d6konomen: Forschen Sie, lehren Sie, melden Sie sich zu Wort in Interviews oder in Gastbeitr\u00e4gen \u2013 gerne auch mit kontroversen Thesen. Aber machen Sie Schluss mit diesen Aufrufen. Und weil es ja auf die Anreize ankommt, schlage ich den Journalistenkollegen folgendes vor: Ab sofort f\u00fcr vier Wochen keine Interviews mehr mit \u00d6konomen, die sich an solchen Aufrufen beteiligen. Vielleicht gelingt es so, diesen Unsinn zu stoppen.<\/p>\n<p>Initiator des neuesten Aufrufs ist \u00fcbrigens Roland Vaubel. Das war der, dem Jens Weidmann zu pragmatisch war.<\/p>\n<p><strong>Update: <\/strong>Um das noch einmal klarzustellen: Es geht nicht darum, Debatten zu verhindern. Man soll die EZB kritisieren, auch die Bankenunion, auch den Euro wenn man als \u00d6konom Gr\u00fcnde daf\u00fcr hat. Wogegen ich mich wehre ist das Format dieser Kritik. Die Aufruferitis. Die ist eines Wissenschaftlers unw\u00fcrdig.<\/p>\n","protected":false},"excerpt":{"rendered":"<p>Deutschlands \u00d6konomen beklagen sich wieder einmal. Irgendeine Politik der Europ\u00e4ischen Zentralbank ist hochgef\u00e4hrlich und bedroht die Zukunft unserer Kinder und deshalb haben 136 Volkswirte einen Aufruf unterzeichnet. Kommt Ihnen das bekannt vor? Kein Wunder, es gibt in diesen Tagen st\u00e4ndig irgendwelche Aufrufe von irgendwelchen \u00d6konomen f\u00fcr oder gegen irgendetwas \u2013 die Bankenunion, die EZB, die [&hellip;]<\/p>\n","protected":false},"author":215,"featured_media":0,"comment_status":"open","ping_status":"closed","sticky":false,"template":"","format":"standard","meta":{"_jetpack_memberships_contains_paid_content":false,"footnotes":""},"categories":[3],"tags":[],"class_list":["post-6469","post","type-post","status-publish","format-standard","hentry","category-der-aktuelle-rand"],"yoast_head":"<!-- This site is optimized with the Yoast SEO plugin v21.0 - https:\/\/yoast.com\/wordpress\/plugins\/seo\/ -->\n<title>Deutsche \u00d6konomen: Es reicht!!! - Herdentrieb<\/title>\n<meta name=\"robots\" content=\"index, follow, max-snippet:-1, max-image-preview:large, max-video-preview:-1\" \/>\n<link rel=\"canonical\" href=\"https:\/\/blog.zeit.de\/herdentrieb\/2013\/09\/11\/deutsche-okonomen-es-reicht_6469\" \/>\n<meta property=\"og:locale\" content=\"de_DE\" \/>\n<meta property=\"og:type\" content=\"article\" \/>\n<meta property=\"og:title\" content=\"Deutsche \u00d6konomen: Es reicht!!! - Herdentrieb\" \/>\n<meta property=\"og:description\" content=\"Deutschlands \u00d6konomen beklagen sich wieder einmal. Irgendeine Politik der Europ\u00e4ischen Zentralbank ist hochgef\u00e4hrlich und bedroht die Zukunft unserer Kinder und deshalb haben 136 Volkswirte einen Aufruf unterzeichnet. Kommt Ihnen das bekannt vor? Kein Wunder, es gibt in diesen Tagen st\u00e4ndig irgendwelche Aufrufe von irgendwelchen \u00d6konomen f\u00fcr oder gegen irgendetwas \u2013 die Bankenunion, die EZB, die [&hellip;]\" \/>\n<meta property=\"og:url\" content=\"https:\/\/blog.zeit.de\/herdentrieb\/2013\/09\/11\/deutsche-okonomen-es-reicht_6469\" \/>\n<meta property=\"og:site_name\" content=\"Herdentrieb\" \/>\n<meta property=\"article:published_time\" content=\"2013-09-11T21:19:50+00:00\" \/>\n<meta property=\"article:modified_time\" content=\"2013-09-12T11:13:38+00:00\" \/>\n<meta name=\"author\" content=\"Mark Schieritz\" \/>\n<meta name=\"twitter:card\" content=\"summary_large_image\" \/>\n<meta name=\"twitter:creator\" content=\"@zeitonline\" \/>\n<meta name=\"twitter:site\" content=\"@zeitonline\" \/>\n<meta name=\"twitter:label1\" content=\"Geschrieben von\" \/>\n\t<meta name=\"twitter:data1\" content=\"Mark Schieritz\" \/>\n\t<meta name=\"twitter:label2\" content=\"Gesch\u00e4tzte Lesezeit\" \/>\n\t<meta name=\"twitter:data2\" content=\"2\u00a0Minuten\" \/>\n<script type=\"application\/ld+json\" class=\"yoast-schema-graph\">{\"@context\":\"https:\/\/schema.org\",\"@graph\":[{\"@type\":\"WebPage\",\"@id\":\"https:\/\/blog.zeit.de\/herdentrieb\/2013\/09\/11\/deutsche-okonomen-es-reicht_6469\",\"url\":\"https:\/\/blog.zeit.de\/herdentrieb\/2013\/09\/11\/deutsche-okonomen-es-reicht_6469\",\"name\":\"Deutsche \u00d6konomen: Es reicht!!! - Herdentrieb\",\"isPartOf\":{\"@id\":\"https:\/\/blog.zeit.de\/herdentrieb\/#website\"},\"datePublished\":\"2013-09-11T21:19:50+00:00\",\"dateModified\":\"2013-09-12T11:13:38+00:00\",\"author\":{\"@id\":\"https:\/\/blog.zeit.de\/herdentrieb\/#\/schema\/person\/a2dfa95bbd4de7e06edc88db4e3d3871\"},\"breadcrumb\":{\"@id\":\"https:\/\/blog.zeit.de\/herdentrieb\/2013\/09\/11\/deutsche-okonomen-es-reicht_6469#breadcrumb\"},\"inLanguage\":\"de\",\"potentialAction\":[{\"@type\":\"ReadAction\",\"target\":[\"https:\/\/blog.zeit.de\/herdentrieb\/2013\/09\/11\/deutsche-okonomen-es-reicht_6469\"]}]},{\"@type\":\"BreadcrumbList\",\"@id\":\"https:\/\/blog.zeit.de\/herdentrieb\/2013\/09\/11\/deutsche-okonomen-es-reicht_6469#breadcrumb\",\"itemListElement\":[{\"@type\":\"ListItem\",\"position\":1,\"name\":\"Startseite\",\"item\":\"https:\/\/blog.zeit.de\/herdentrieb\"},{\"@type\":\"ListItem\",\"position\":2,\"name\":\"Deutsche \u00d6konomen: Es reicht!!!\"}]},{\"@type\":\"WebSite\",\"@id\":\"https:\/\/blog.zeit.de\/herdentrieb\/#website\",\"url\":\"https:\/\/blog.zeit.de\/herdentrieb\/\",\"name\":\"Herdentrieb\",\"description\":\"So funktioniert Kapitalismus. Ein Blog\",\"potentialAction\":[{\"@type\":\"SearchAction\",\"target\":{\"@type\":\"EntryPoint\",\"urlTemplate\":\"https:\/\/blog.zeit.de\/herdentrieb\/?s={search_term_string}\"},\"query-input\":\"required name=search_term_string\"}],\"inLanguage\":\"de\"},{\"@type\":\"Person\",\"@id\":\"https:\/\/blog.zeit.de\/herdentrieb\/#\/schema\/person\/a2dfa95bbd4de7e06edc88db4e3d3871\",\"name\":\"Mark Schieritz\",\"image\":{\"@type\":\"ImageObject\",\"inLanguage\":\"de\",\"@id\":\"https:\/\/blog.zeit.de\/herdentrieb\/#\/schema\/person\/image\/\",\"url\":\"https:\/\/secure.gravatar.com\/avatar\/66e072b8ecaf6d851921c0577ca78c8c9a24223a3c3cb6df48c5d839d1b622e0?s=96&d=mm&r=g\",\"contentUrl\":\"https:\/\/secure.gravatar.com\/avatar\/66e072b8ecaf6d851921c0577ca78c8c9a24223a3c3cb6df48c5d839d1b622e0?s=96&d=mm&r=g\",\"caption\":\"Mark Schieritz\"},\"url\":\"https:\/\/blog.zeit.de\/herdentrieb\/author\/mark-schieritz\"}]}<\/script>\n<!-- \/ Yoast SEO plugin. -->","yoast_head_json":{"title":"Deutsche \u00d6konomen: Es reicht!!! - Herdentrieb","robots":{"index":"index","follow":"follow","max-snippet":"max-snippet:-1","max-image-preview":"max-image-preview:large","max-video-preview":"max-video-preview:-1"},"canonical":"https:\/\/blog.zeit.de\/herdentrieb\/2013\/09\/11\/deutsche-okonomen-es-reicht_6469","og_locale":"de_DE","og_type":"article","og_title":"Deutsche \u00d6konomen: Es reicht!!! - Herdentrieb","og_description":"Deutschlands \u00d6konomen beklagen sich wieder einmal. Irgendeine Politik der Europ\u00e4ischen Zentralbank ist hochgef\u00e4hrlich und bedroht die Zukunft unserer Kinder und deshalb haben 136 Volkswirte einen Aufruf unterzeichnet. Kommt Ihnen das bekannt vor? Kein Wunder, es gibt in diesen Tagen st\u00e4ndig irgendwelche Aufrufe von irgendwelchen \u00d6konomen f\u00fcr oder gegen irgendetwas \u2013 die Bankenunion, die EZB, die [&hellip;]","og_url":"https:\/\/blog.zeit.de\/herdentrieb\/2013\/09\/11\/deutsche-okonomen-es-reicht_6469","og_site_name":"Herdentrieb","article_published_time":"2013-09-11T21:19:50+00:00","article_modified_time":"2013-09-12T11:13:38+00:00","author":"Mark Schieritz","twitter_card":"summary_large_image","twitter_creator":"@zeitonline","twitter_site":"@zeitonline","twitter_misc":{"Geschrieben von":"Mark Schieritz","Gesch\u00e4tzte Lesezeit":"2\u00a0Minuten"},"schema":{"@context":"https:\/\/schema.org","@graph":[{"@type":"WebPage","@id":"https:\/\/blog.zeit.de\/herdentrieb\/2013\/09\/11\/deutsche-okonomen-es-reicht_6469","url":"https:\/\/blog.zeit.de\/herdentrieb\/2013\/09\/11\/deutsche-okonomen-es-reicht_6469","name":"Deutsche \u00d6konomen: Es reicht!!! - Herdentrieb","isPartOf":{"@id":"https:\/\/blog.zeit.de\/herdentrieb\/#website"},"datePublished":"2013-09-11T21:19:50+00:00","dateModified":"2013-09-12T11:13:38+00:00","author":{"@id":"https:\/\/blog.zeit.de\/herdentrieb\/#\/schema\/person\/a2dfa95bbd4de7e06edc88db4e3d3871"},"breadcrumb":{"@id":"https:\/\/blog.zeit.de\/herdentrieb\/2013\/09\/11\/deutsche-okonomen-es-reicht_6469#breadcrumb"},"inLanguage":"de","potentialAction":[{"@type":"ReadAction","target":["https:\/\/blog.zeit.de\/herdentrieb\/2013\/09\/11\/deutsche-okonomen-es-reicht_6469"]}]},{"@type":"BreadcrumbList","@id":"https:\/\/blog.zeit.de\/herdentrieb\/2013\/09\/11\/deutsche-okonomen-es-reicht_6469#breadcrumb","itemListElement":[{"@type":"ListItem","position":1,"name":"Startseite","item":"https:\/\/blog.zeit.de\/herdentrieb"},{"@type":"ListItem","position":2,"name":"Deutsche \u00d6konomen: Es reicht!!!"}]},{"@type":"WebSite","@id":"https:\/\/blog.zeit.de\/herdentrieb\/#website","url":"https:\/\/blog.zeit.de\/herdentrieb\/","name":"Herdentrieb","description":"So funktioniert Kapitalismus. Ein Blog","potentialAction":[{"@type":"SearchAction","target":{"@type":"EntryPoint","urlTemplate":"https:\/\/blog.zeit.de\/herdentrieb\/?s={search_term_string}"},"query-input":"required name=search_term_string"}],"inLanguage":"de"},{"@type":"Person","@id":"https:\/\/blog.zeit.de\/herdentrieb\/#\/schema\/person\/a2dfa95bbd4de7e06edc88db4e3d3871","name":"Mark Schieritz","image":{"@type":"ImageObject","inLanguage":"de","@id":"https:\/\/blog.zeit.de\/herdentrieb\/#\/schema\/person\/image\/","url":"https:\/\/secure.gravatar.com\/avatar\/66e072b8ecaf6d851921c0577ca78c8c9a24223a3c3cb6df48c5d839d1b622e0?s=96&d=mm&r=g","contentUrl":"https:\/\/secure.gravatar.com\/avatar\/66e072b8ecaf6d851921c0577ca78c8c9a24223a3c3cb6df48c5d839d1b622e0?s=96&d=mm&r=g","caption":"Mark Schieritz"},"url":"https:\/\/blog.zeit.de\/herdentrieb\/author\/mark-schieritz"}]}},"jetpack_featured_media_url":"","jetpack_sharing_enabled":true,"_links":{"self":[{"href":"https:\/\/blog.zeit.de\/herdentrieb\/wp-json\/wp\/v2\/posts\/6469","targetHints":{"allow":["GET"]}}],"collection":[{"href":"https:\/\/blog.zeit.de\/herdentrieb\/wp-json\/wp\/v2\/posts"}],"about":[{"href":"https:\/\/blog.zeit.de\/herdentrieb\/wp-json\/wp\/v2\/types\/post"}],"author":[{"embeddable":true,"href":"https:\/\/blog.zeit.de\/herdentrieb\/wp-json\/wp\/v2\/users\/215"}],"replies":[{"embeddable":true,"href":"https:\/\/blog.zeit.de\/herdentrieb\/wp-json\/wp\/v2\/comments?post=6469"}],"version-history":[{"count":12,"href":"https:\/\/blog.zeit.de\/herdentrieb\/wp-json\/wp\/v2\/posts\/6469\/revisions"}],"predecessor-version":[{"id":6477,"href":"https:\/\/blog.zeit.de\/herdentrieb\/wp-json\/wp\/v2\/posts\/6469\/revisions\/6477"}],"wp:attachment":[{"href":"https:\/\/blog.zeit.de\/herdentrieb\/wp-json\/wp\/v2\/media?parent=6469"}],"wp:term":[{"taxonomy":"category","embeddable":true,"href":"https:\/\/blog.zeit.de\/herdentrieb\/wp-json\/wp\/v2\/categories?post=6469"},{"taxonomy":"post_tag","embeddable":true,"href":"https:\/\/blog.zeit.de\/herdentrieb\/wp-json\/wp\/v2\/tags?post=6469"}],"curies":[{"name":"wp","href":"https:\/\/api.w.org\/{rel}","templated":true}]}}