{"id":6570,"date":"2013-09-26T10:45:03","date_gmt":"2013-09-26T08:45:03","guid":{"rendered":"http:\/\/blog.zeit.de\/herdentrieb\/?p=6570"},"modified":"2013-09-26T10:45:03","modified_gmt":"2013-09-26T08:45:03","slug":"schauble-der-politfuchs","status":"publish","type":"post","link":"https:\/\/blog.zeit.de\/herdentrieb\/2013\/09\/26\/schauble-der-politfuchs_6570","title":{"rendered":"Sch\u00e4uble der Politfuchs"},"content":{"rendered":"<p>Ich \u00fcberlasse die Analyse der Polittaktik normalerweise anderen und konzentriere mich auf die Inhalte, aber hier mache ich eine Ausnahme.<\/p>\n<p>Wolfgang Sch\u00e4uble wird gerade heftig kritisiert f\u00fcr seine Bereitschaft auf Steuererh\u00f6hungsforderungen eventuell einzugehen. Ich halte es aus drei Gr\u00fcnden f\u00fcr einen genialen Schachzug.<\/p>\n<ol>\n<li>SPD und Gr\u00fcne werden die Koalition nur machen, wenn es in irgendeiner Form h\u00f6here Steuern gibt. Das ist die Realit\u00e4t. H\u00e4tte Sch\u00e4uble also gesagt: Steuererh\u00f6hungen, mit mir nicht &#8211; er m\u00fcsste sein Wort brechen und w\u00fcrde unglaubw\u00fcrdig.<\/li>\n<li>Steuererh\u00f6hungen sind unpopul\u00e4r. Indem Sch\u00e4uble ihre m\u00f6gliche Einf\u00fchrung schon jetzt der SPD und den Gr\u00fcnen in die Schuhe schiebt, ist er fein raus &#8211; nach dem Motto: Ich konnte ja nicht anders.<\/li>\n<li>Wenn es bl\u00f6d l\u00e4uft f\u00fcr die Sozialdemokraten, schreiben die Menschen die mit den Steuern neu gebauten Br\u00fccken der Union zu und die Belastungen der SPD.<\/li>\n<\/ol>\n<p>Am Ende verh\u00e4lt es sich mit den Steuern wie mit der Ank\u00fcndigung eines neuen Hilfsprogramms f\u00fcr Griechenland. Auch daf\u00fcr wollten die Unionisten Sch\u00e4uble am liebsten um die Ecke bringen. H\u00e4tte er es nicht gesagt, w\u00fcrde man ihm jetzt &#8211; wo dieses Programm verhandelt wird &#8211; Wahlbetrug vorgeworfen.<\/p>\n<p>Das ist wie gesagt eine rein taktische Betrachtung, ich halte h\u00f6here Steuern f\u00fcr Gutverdiener f\u00fcr richtig, aber unter diesen Gesichtspunkten muss ich sagen: Respekt.<\/p>\n","protected":false},"excerpt":{"rendered":"<p>Ich \u00fcberlasse die Analyse der Polittaktik normalerweise anderen und konzentriere mich auf die Inhalte, aber hier mache ich eine Ausnahme. Wolfgang Sch\u00e4uble wird gerade heftig kritisiert f\u00fcr seine Bereitschaft auf Steuererh\u00f6hungsforderungen eventuell einzugehen. Ich halte es aus drei Gr\u00fcnden f\u00fcr einen genialen Schachzug. SPD und Gr\u00fcne werden die Koalition nur machen, wenn es in irgendeiner [&hellip;]<\/p>\n","protected":false},"author":215,"featured_media":0,"comment_status":"open","ping_status":"closed","sticky":false,"template":"","format":"standard","meta":{"_jetpack_memberships_contains_paid_content":false,"footnotes":""},"categories":[3],"tags":[],"class_list":["post-6570","post","type-post","status-publish","format-standard","hentry","category-der-aktuelle-rand"],"yoast_head":"<!-- This site is optimized with the Yoast SEO plugin v21.0 - https:\/\/yoast.com\/wordpress\/plugins\/seo\/ -->\n<title>Sch\u00e4uble der Politfuchs - Herdentrieb<\/title>\n<meta name=\"robots\" content=\"index, follow, max-snippet:-1, max-image-preview:large, max-video-preview:-1\" \/>\n<link rel=\"canonical\" href=\"https:\/\/blog.zeit.de\/herdentrieb\/2013\/09\/26\/schauble-der-politfuchs_6570\" \/>\n<meta property=\"og:locale\" content=\"de_DE\" \/>\n<meta property=\"og:type\" content=\"article\" \/>\n<meta property=\"og:title\" content=\"Sch\u00e4uble der Politfuchs - Herdentrieb\" \/>\n<meta property=\"og:description\" content=\"Ich \u00fcberlasse die Analyse der Polittaktik normalerweise anderen und konzentriere mich auf die Inhalte, aber hier mache ich eine Ausnahme. Wolfgang Sch\u00e4uble wird gerade heftig kritisiert f\u00fcr seine Bereitschaft auf Steuererh\u00f6hungsforderungen eventuell einzugehen. Ich halte es aus drei Gr\u00fcnden f\u00fcr einen genialen Schachzug. SPD und Gr\u00fcne werden die Koalition nur machen, wenn es in irgendeiner [&hellip;]\" \/>\n<meta property=\"og:url\" content=\"https:\/\/blog.zeit.de\/herdentrieb\/2013\/09\/26\/schauble-der-politfuchs_6570\" \/>\n<meta property=\"og:site_name\" content=\"Herdentrieb\" \/>\n<meta property=\"article:published_time\" content=\"2013-09-26T08:45:03+00:00\" \/>\n<meta name=\"author\" content=\"Mark Schieritz\" \/>\n<meta name=\"twitter:card\" content=\"summary_large_image\" \/>\n<meta name=\"twitter:creator\" content=\"@zeitonline\" \/>\n<meta name=\"twitter:site\" content=\"@zeitonline\" \/>\n<meta name=\"twitter:label1\" content=\"Geschrieben von\" \/>\n\t<meta name=\"twitter:data1\" content=\"Mark Schieritz\" \/>\n\t<meta name=\"twitter:label2\" content=\"Gesch\u00e4tzte Lesezeit\" \/>\n\t<meta name=\"twitter:data2\" content=\"1\u00a0Minute\" \/>\n<script type=\"application\/ld+json\" class=\"yoast-schema-graph\">{\"@context\":\"https:\/\/schema.org\",\"@graph\":[{\"@type\":\"WebPage\",\"@id\":\"https:\/\/blog.zeit.de\/herdentrieb\/2013\/09\/26\/schauble-der-politfuchs_6570\",\"url\":\"https:\/\/blog.zeit.de\/herdentrieb\/2013\/09\/26\/schauble-der-politfuchs_6570\",\"name\":\"Sch\u00e4uble der Politfuchs - Herdentrieb\",\"isPartOf\":{\"@id\":\"https:\/\/blog.zeit.de\/herdentrieb\/#website\"},\"datePublished\":\"2013-09-26T08:45:03+00:00\",\"dateModified\":\"2013-09-26T08:45:03+00:00\",\"author\":{\"@id\":\"https:\/\/blog.zeit.de\/herdentrieb\/#\/schema\/person\/a2dfa95bbd4de7e06edc88db4e3d3871\"},\"breadcrumb\":{\"@id\":\"https:\/\/blog.zeit.de\/herdentrieb\/2013\/09\/26\/schauble-der-politfuchs_6570#breadcrumb\"},\"inLanguage\":\"de\",\"potentialAction\":[{\"@type\":\"ReadAction\",\"target\":[\"https:\/\/blog.zeit.de\/herdentrieb\/2013\/09\/26\/schauble-der-politfuchs_6570\"]}]},{\"@type\":\"BreadcrumbList\",\"@id\":\"https:\/\/blog.zeit.de\/herdentrieb\/2013\/09\/26\/schauble-der-politfuchs_6570#breadcrumb\",\"itemListElement\":[{\"@type\":\"ListItem\",\"position\":1,\"name\":\"Startseite\",\"item\":\"https:\/\/blog.zeit.de\/herdentrieb\"},{\"@type\":\"ListItem\",\"position\":2,\"name\":\"Sch\u00e4uble der Politfuchs\"}]},{\"@type\":\"WebSite\",\"@id\":\"https:\/\/blog.zeit.de\/herdentrieb\/#website\",\"url\":\"https:\/\/blog.zeit.de\/herdentrieb\/\",\"name\":\"Herdentrieb\",\"description\":\"So funktioniert Kapitalismus. Ein Blog\",\"potentialAction\":[{\"@type\":\"SearchAction\",\"target\":{\"@type\":\"EntryPoint\",\"urlTemplate\":\"https:\/\/blog.zeit.de\/herdentrieb\/?s={search_term_string}\"},\"query-input\":\"required name=search_term_string\"}],\"inLanguage\":\"de\"},{\"@type\":\"Person\",\"@id\":\"https:\/\/blog.zeit.de\/herdentrieb\/#\/schema\/person\/a2dfa95bbd4de7e06edc88db4e3d3871\",\"name\":\"Mark Schieritz\",\"image\":{\"@type\":\"ImageObject\",\"inLanguage\":\"de\",\"@id\":\"https:\/\/blog.zeit.de\/herdentrieb\/#\/schema\/person\/image\/\",\"url\":\"https:\/\/secure.gravatar.com\/avatar\/66e072b8ecaf6d851921c0577ca78c8c9a24223a3c3cb6df48c5d839d1b622e0?s=96&d=mm&r=g\",\"contentUrl\":\"https:\/\/secure.gravatar.com\/avatar\/66e072b8ecaf6d851921c0577ca78c8c9a24223a3c3cb6df48c5d839d1b622e0?s=96&d=mm&r=g\",\"caption\":\"Mark Schieritz\"},\"url\":\"https:\/\/blog.zeit.de\/herdentrieb\/author\/mark-schieritz\"}]}<\/script>\n<!-- \/ Yoast SEO plugin. -->","yoast_head_json":{"title":"Sch\u00e4uble der Politfuchs - Herdentrieb","robots":{"index":"index","follow":"follow","max-snippet":"max-snippet:-1","max-image-preview":"max-image-preview:large","max-video-preview":"max-video-preview:-1"},"canonical":"https:\/\/blog.zeit.de\/herdentrieb\/2013\/09\/26\/schauble-der-politfuchs_6570","og_locale":"de_DE","og_type":"article","og_title":"Sch\u00e4uble der Politfuchs - Herdentrieb","og_description":"Ich \u00fcberlasse die Analyse der Polittaktik normalerweise anderen und konzentriere mich auf die Inhalte, aber hier mache ich eine Ausnahme. Wolfgang Sch\u00e4uble wird gerade heftig kritisiert f\u00fcr seine Bereitschaft auf Steuererh\u00f6hungsforderungen eventuell einzugehen. Ich halte es aus drei Gr\u00fcnden f\u00fcr einen genialen Schachzug. SPD und Gr\u00fcne werden die Koalition nur machen, wenn es in irgendeiner [&hellip;]","og_url":"https:\/\/blog.zeit.de\/herdentrieb\/2013\/09\/26\/schauble-der-politfuchs_6570","og_site_name":"Herdentrieb","article_published_time":"2013-09-26T08:45:03+00:00","author":"Mark Schieritz","twitter_card":"summary_large_image","twitter_creator":"@zeitonline","twitter_site":"@zeitonline","twitter_misc":{"Geschrieben von":"Mark Schieritz","Gesch\u00e4tzte Lesezeit":"1\u00a0Minute"},"schema":{"@context":"https:\/\/schema.org","@graph":[{"@type":"WebPage","@id":"https:\/\/blog.zeit.de\/herdentrieb\/2013\/09\/26\/schauble-der-politfuchs_6570","url":"https:\/\/blog.zeit.de\/herdentrieb\/2013\/09\/26\/schauble-der-politfuchs_6570","name":"Sch\u00e4uble der Politfuchs - Herdentrieb","isPartOf":{"@id":"https:\/\/blog.zeit.de\/herdentrieb\/#website"},"datePublished":"2013-09-26T08:45:03+00:00","dateModified":"2013-09-26T08:45:03+00:00","author":{"@id":"https:\/\/blog.zeit.de\/herdentrieb\/#\/schema\/person\/a2dfa95bbd4de7e06edc88db4e3d3871"},"breadcrumb":{"@id":"https:\/\/blog.zeit.de\/herdentrieb\/2013\/09\/26\/schauble-der-politfuchs_6570#breadcrumb"},"inLanguage":"de","potentialAction":[{"@type":"ReadAction","target":["https:\/\/blog.zeit.de\/herdentrieb\/2013\/09\/26\/schauble-der-politfuchs_6570"]}]},{"@type":"BreadcrumbList","@id":"https:\/\/blog.zeit.de\/herdentrieb\/2013\/09\/26\/schauble-der-politfuchs_6570#breadcrumb","itemListElement":[{"@type":"ListItem","position":1,"name":"Startseite","item":"https:\/\/blog.zeit.de\/herdentrieb"},{"@type":"ListItem","position":2,"name":"Sch\u00e4uble der Politfuchs"}]},{"@type":"WebSite","@id":"https:\/\/blog.zeit.de\/herdentrieb\/#website","url":"https:\/\/blog.zeit.de\/herdentrieb\/","name":"Herdentrieb","description":"So funktioniert Kapitalismus. Ein Blog","potentialAction":[{"@type":"SearchAction","target":{"@type":"EntryPoint","urlTemplate":"https:\/\/blog.zeit.de\/herdentrieb\/?s={search_term_string}"},"query-input":"required name=search_term_string"}],"inLanguage":"de"},{"@type":"Person","@id":"https:\/\/blog.zeit.de\/herdentrieb\/#\/schema\/person\/a2dfa95bbd4de7e06edc88db4e3d3871","name":"Mark Schieritz","image":{"@type":"ImageObject","inLanguage":"de","@id":"https:\/\/blog.zeit.de\/herdentrieb\/#\/schema\/person\/image\/","url":"https:\/\/secure.gravatar.com\/avatar\/66e072b8ecaf6d851921c0577ca78c8c9a24223a3c3cb6df48c5d839d1b622e0?s=96&d=mm&r=g","contentUrl":"https:\/\/secure.gravatar.com\/avatar\/66e072b8ecaf6d851921c0577ca78c8c9a24223a3c3cb6df48c5d839d1b622e0?s=96&d=mm&r=g","caption":"Mark Schieritz"},"url":"https:\/\/blog.zeit.de\/herdentrieb\/author\/mark-schieritz"}]}},"jetpack_featured_media_url":"","jetpack_sharing_enabled":true,"_links":{"self":[{"href":"https:\/\/blog.zeit.de\/herdentrieb\/wp-json\/wp\/v2\/posts\/6570","targetHints":{"allow":["GET"]}}],"collection":[{"href":"https:\/\/blog.zeit.de\/herdentrieb\/wp-json\/wp\/v2\/posts"}],"about":[{"href":"https:\/\/blog.zeit.de\/herdentrieb\/wp-json\/wp\/v2\/types\/post"}],"author":[{"embeddable":true,"href":"https:\/\/blog.zeit.de\/herdentrieb\/wp-json\/wp\/v2\/users\/215"}],"replies":[{"embeddable":true,"href":"https:\/\/blog.zeit.de\/herdentrieb\/wp-json\/wp\/v2\/comments?post=6570"}],"version-history":[{"count":3,"href":"https:\/\/blog.zeit.de\/herdentrieb\/wp-json\/wp\/v2\/posts\/6570\/revisions"}],"predecessor-version":[{"id":6573,"href":"https:\/\/blog.zeit.de\/herdentrieb\/wp-json\/wp\/v2\/posts\/6570\/revisions\/6573"}],"wp:attachment":[{"href":"https:\/\/blog.zeit.de\/herdentrieb\/wp-json\/wp\/v2\/media?parent=6570"}],"wp:term":[{"taxonomy":"category","embeddable":true,"href":"https:\/\/blog.zeit.de\/herdentrieb\/wp-json\/wp\/v2\/categories?post=6570"},{"taxonomy":"post_tag","embeddable":true,"href":"https:\/\/blog.zeit.de\/herdentrieb\/wp-json\/wp\/v2\/tags?post=6570"}],"curies":[{"name":"wp","href":"https:\/\/api.w.org\/{rel}","templated":true}]}}