{"id":6576,"date":"2013-09-26T22:08:09","date_gmt":"2013-09-26T20:08:09","guid":{"rendered":"http:\/\/blog.zeit.de\/herdentrieb\/?p=6576"},"modified":"2013-10-02T14:48:06","modified_gmt":"2013-10-02T12:48:06","slug":"von-wegen-neuwahlen-oder-warum-vielleicht-die-spd-am-langeren-hebel-sitzt","status":"publish","type":"post","link":"https:\/\/blog.zeit.de\/herdentrieb\/2013\/09\/26\/von-wegen-neuwahlen-oder-warum-vielleicht-die-spd-am-langeren-hebel-sitzt_6576","title":{"rendered":"Von wegen Neuwahlen oder warum vielleicht die SPD am l\u00e4ngeren Hebel sitzt"},"content":{"rendered":"<p>Viel ist derzeit die Rede von Neuwahlen als ultimativem Druckmittel der Union. Doch der <a href=\"http:\/\/www.bundestag.de\/bundestag\/aufgaben\/rechtsgrundlagen\/grundgesetz\/index.html\" title=\"Grundgesetz (GG)\" target=\"_blank\">Blick in die Verfassung<\/a> zeigt, dass sich da einige Christdemokraten m\u00f6glicherweise etwas vor machen. Laut <a href=\"http:\/\/www.bundestag.de\/bundestag\/aufgaben\/rechtsgrundlagen\/grundgesetz\/gg_06.html\" title=\"GG Art. 63\" target=\"_blank\">Artikel 63<\/a> w\u00e4hlt der Bundestag mit der Mehrheit seiner Mitglieder die Kanzlerin auf Vorschlag des Pr\u00e4sidenten \u2013 im konkreten Fall: Angela Merkel.<\/p>\n<p>Wenn das aber nicht gelingt, gibt es keineswegs zwingend Neuwahlen. Denn:<!--more--><\/p>\n<p style=\"padding-left: 30px;\"><em>Wird der Vorgeschlagene nicht gew\u00e4hlt, so kann der Bundestag binnen vierzehn Tagen nach dem Wahl<\/em><em>gange mit mehr als der H\u00e4lfte seiner Mitglieder einen Bundeskanzler w\u00e4hlen.<\/em><\/p>\n<p>SPD, Gr\u00fcne und Linkspartei vereinigen mehr als die H\u00e4lfte der Mitglieder des Bundestags auf sich. Sie k\u00f6nnten also jederzeit einen SPD-Kandidaten w\u00e4hlen \u2013 und nein, das bedeutet nicht zwingend, dass Wahlversprechen gebrochen werden, weil dieser Kanzler ja einen Minderheitenregierung ohne die Linken bilden k\u00f6nnte.<\/p>\n<p>Aber selbst wenn das nicht gelingt, sind wir noch nicht am Ende.<\/p>\n<p style=\"padding-left: 30px;\"><em>\u00a0Kommt eine Wahl innerhalb dieser Frist nicht zustande, so findet unverz\u00fcglich ein neuer Wahlgang statt, in dem gew\u00e4hlt ist, wer die meisten Stimmen erh\u00e4lt.<\/em><\/p>\n<p>Eine relative Mehrheit reicht also aus und auch die k\u00f6nnte an die SPD gehen. Und weiter geht es:<\/p>\n<p style=\"padding-left: 30px;\"><em>Vereinigt der Gew\u00e4hlte die Stimmen der Mehrheit der Mitglieder des Bundestages auf sich, so mu\u00df der Bundespr\u00e4sident ihn binnen sieben Tagen nach der Wahl ernennen. Erreicht der Gew\u00e4hlte diese Mehrheit nicht, so hat der Bundespr\u00e4sident binnen sieben Tagen entweder ihn zu ernennen oder den Bundestag aufzul\u00f6sen.<\/em><\/p>\n<p>Mit anderen Worten: Erst wenn im dritten Wahlgang kein Kandidat die Mehrheit der Mitglieder findet kann der Pr\u00e4sident den Bundestag aufl\u00f6sen. Er muss es aber nicht, denn er kann auch den Minderheitenkanzler ernennen. Wer also sitzt hier am l\u00e4ngeren Hebel? Oder wie <a href=\"http:\/\/www.wiesaussieht.de\/2013\/09\/26\/minderheitsregierung-neuwahlen-man-sollte-vom-ende-her-denken\/\" title=\"Wiesaussieht\" target=\"_blank\">Frank L\u00fcbberding<\/a> schreibt:<\/p>\n<p style=\"padding-left: 30px;\"><em>Vor diesem Hintergrund darf jetzt jeder noch einmal \u00fcberlegen, unter welchen Bedingungen in den kommenden Wochen und Monaten eine Minderheitsregierung oder gar Neuwahlen zu erwarten sind.\u00a0<\/em><\/p>\n","protected":false},"excerpt":{"rendered":"<p>Viel ist derzeit die Rede von Neuwahlen als ultimativem Druckmittel der Union. Doch der Blick in die Verfassung zeigt, dass sich da einige Christdemokraten m\u00f6glicherweise etwas vor machen. Laut Artikel 63 w\u00e4hlt der Bundestag mit der Mehrheit seiner Mitglieder die Kanzlerin auf Vorschlag des Pr\u00e4sidenten \u2013 im konkreten Fall: Angela Merkel. Wenn das aber nicht [&hellip;]<\/p>\n","protected":false},"author":215,"featured_media":0,"comment_status":"open","ping_status":"closed","sticky":false,"template":"","format":"standard","meta":{"_jetpack_memberships_contains_paid_content":false,"footnotes":""},"categories":[3],"tags":[],"class_list":["post-6576","post","type-post","status-publish","format-standard","hentry","category-der-aktuelle-rand"],"yoast_head":"<!-- This site is optimized with the Yoast SEO plugin v21.0 - https:\/\/yoast.com\/wordpress\/plugins\/seo\/ -->\n<title>Von wegen Neuwahlen oder warum vielleicht die SPD am l\u00e4ngeren Hebel sitzt - Herdentrieb<\/title>\n<meta name=\"robots\" content=\"index, follow, max-snippet:-1, max-image-preview:large, max-video-preview:-1\" \/>\n<link rel=\"canonical\" href=\"https:\/\/blog.zeit.de\/herdentrieb\/2013\/09\/26\/von-wegen-neuwahlen-oder-warum-vielleicht-die-spd-am-langeren-hebel-sitzt_6576\" \/>\n<meta property=\"og:locale\" content=\"de_DE\" \/>\n<meta property=\"og:type\" content=\"article\" \/>\n<meta property=\"og:title\" content=\"Von wegen Neuwahlen oder warum vielleicht die SPD am l\u00e4ngeren Hebel sitzt - Herdentrieb\" \/>\n<meta property=\"og:description\" content=\"Viel ist derzeit die Rede von Neuwahlen als ultimativem Druckmittel der Union. Doch der Blick in die Verfassung zeigt, dass sich da einige Christdemokraten m\u00f6glicherweise etwas vor machen. Laut Artikel 63 w\u00e4hlt der Bundestag mit der Mehrheit seiner Mitglieder die Kanzlerin auf Vorschlag des Pr\u00e4sidenten \u2013 im konkreten Fall: Angela Merkel. Wenn das aber nicht [&hellip;]\" \/>\n<meta property=\"og:url\" content=\"https:\/\/blog.zeit.de\/herdentrieb\/2013\/09\/26\/von-wegen-neuwahlen-oder-warum-vielleicht-die-spd-am-langeren-hebel-sitzt_6576\" \/>\n<meta property=\"og:site_name\" content=\"Herdentrieb\" \/>\n<meta property=\"article:published_time\" content=\"2013-09-26T20:08:09+00:00\" \/>\n<meta property=\"article:modified_time\" content=\"2013-10-02T12:48:06+00:00\" \/>\n<meta name=\"author\" content=\"Mark Schieritz\" \/>\n<meta name=\"twitter:card\" content=\"summary_large_image\" \/>\n<meta name=\"twitter:creator\" content=\"@zeitonline\" \/>\n<meta name=\"twitter:site\" content=\"@zeitonline\" \/>\n<meta name=\"twitter:label1\" content=\"Geschrieben von\" \/>\n\t<meta name=\"twitter:data1\" content=\"Mark Schieritz\" \/>\n\t<meta name=\"twitter:label2\" content=\"Gesch\u00e4tzte Lesezeit\" \/>\n\t<meta name=\"twitter:data2\" content=\"2\u00a0Minuten\" \/>\n<script type=\"application\/ld+json\" class=\"yoast-schema-graph\">{\"@context\":\"https:\/\/schema.org\",\"@graph\":[{\"@type\":\"WebPage\",\"@id\":\"https:\/\/blog.zeit.de\/herdentrieb\/2013\/09\/26\/von-wegen-neuwahlen-oder-warum-vielleicht-die-spd-am-langeren-hebel-sitzt_6576\",\"url\":\"https:\/\/blog.zeit.de\/herdentrieb\/2013\/09\/26\/von-wegen-neuwahlen-oder-warum-vielleicht-die-spd-am-langeren-hebel-sitzt_6576\",\"name\":\"Von wegen Neuwahlen oder warum vielleicht die SPD am l\u00e4ngeren Hebel sitzt - Herdentrieb\",\"isPartOf\":{\"@id\":\"https:\/\/blog.zeit.de\/herdentrieb\/#website\"},\"datePublished\":\"2013-09-26T20:08:09+00:00\",\"dateModified\":\"2013-10-02T12:48:06+00:00\",\"author\":{\"@id\":\"https:\/\/blog.zeit.de\/herdentrieb\/#\/schema\/person\/a2dfa95bbd4de7e06edc88db4e3d3871\"},\"breadcrumb\":{\"@id\":\"https:\/\/blog.zeit.de\/herdentrieb\/2013\/09\/26\/von-wegen-neuwahlen-oder-warum-vielleicht-die-spd-am-langeren-hebel-sitzt_6576#breadcrumb\"},\"inLanguage\":\"de\",\"potentialAction\":[{\"@type\":\"ReadAction\",\"target\":[\"https:\/\/blog.zeit.de\/herdentrieb\/2013\/09\/26\/von-wegen-neuwahlen-oder-warum-vielleicht-die-spd-am-langeren-hebel-sitzt_6576\"]}]},{\"@type\":\"BreadcrumbList\",\"@id\":\"https:\/\/blog.zeit.de\/herdentrieb\/2013\/09\/26\/von-wegen-neuwahlen-oder-warum-vielleicht-die-spd-am-langeren-hebel-sitzt_6576#breadcrumb\",\"itemListElement\":[{\"@type\":\"ListItem\",\"position\":1,\"name\":\"Startseite\",\"item\":\"https:\/\/blog.zeit.de\/herdentrieb\"},{\"@type\":\"ListItem\",\"position\":2,\"name\":\"Von wegen Neuwahlen oder warum vielleicht die SPD am l\u00e4ngeren Hebel sitzt\"}]},{\"@type\":\"WebSite\",\"@id\":\"https:\/\/blog.zeit.de\/herdentrieb\/#website\",\"url\":\"https:\/\/blog.zeit.de\/herdentrieb\/\",\"name\":\"Herdentrieb\",\"description\":\"So funktioniert Kapitalismus. Ein Blog\",\"potentialAction\":[{\"@type\":\"SearchAction\",\"target\":{\"@type\":\"EntryPoint\",\"urlTemplate\":\"https:\/\/blog.zeit.de\/herdentrieb\/?s={search_term_string}\"},\"query-input\":\"required name=search_term_string\"}],\"inLanguage\":\"de\"},{\"@type\":\"Person\",\"@id\":\"https:\/\/blog.zeit.de\/herdentrieb\/#\/schema\/person\/a2dfa95bbd4de7e06edc88db4e3d3871\",\"name\":\"Mark Schieritz\",\"image\":{\"@type\":\"ImageObject\",\"inLanguage\":\"de\",\"@id\":\"https:\/\/blog.zeit.de\/herdentrieb\/#\/schema\/person\/image\/\",\"url\":\"https:\/\/secure.gravatar.com\/avatar\/66e072b8ecaf6d851921c0577ca78c8c9a24223a3c3cb6df48c5d839d1b622e0?s=96&d=mm&r=g\",\"contentUrl\":\"https:\/\/secure.gravatar.com\/avatar\/66e072b8ecaf6d851921c0577ca78c8c9a24223a3c3cb6df48c5d839d1b622e0?s=96&d=mm&r=g\",\"caption\":\"Mark Schieritz\"},\"url\":\"https:\/\/blog.zeit.de\/herdentrieb\/author\/mark-schieritz\"}]}<\/script>\n<!-- \/ Yoast SEO plugin. -->","yoast_head_json":{"title":"Von wegen Neuwahlen oder warum vielleicht die SPD am l\u00e4ngeren Hebel sitzt - Herdentrieb","robots":{"index":"index","follow":"follow","max-snippet":"max-snippet:-1","max-image-preview":"max-image-preview:large","max-video-preview":"max-video-preview:-1"},"canonical":"https:\/\/blog.zeit.de\/herdentrieb\/2013\/09\/26\/von-wegen-neuwahlen-oder-warum-vielleicht-die-spd-am-langeren-hebel-sitzt_6576","og_locale":"de_DE","og_type":"article","og_title":"Von wegen Neuwahlen oder warum vielleicht die SPD am l\u00e4ngeren Hebel sitzt - Herdentrieb","og_description":"Viel ist derzeit die Rede von Neuwahlen als ultimativem Druckmittel der Union. Doch der Blick in die Verfassung zeigt, dass sich da einige Christdemokraten m\u00f6glicherweise etwas vor machen. Laut Artikel 63 w\u00e4hlt der Bundestag mit der Mehrheit seiner Mitglieder die Kanzlerin auf Vorschlag des Pr\u00e4sidenten \u2013 im konkreten Fall: Angela Merkel. Wenn das aber nicht [&hellip;]","og_url":"https:\/\/blog.zeit.de\/herdentrieb\/2013\/09\/26\/von-wegen-neuwahlen-oder-warum-vielleicht-die-spd-am-langeren-hebel-sitzt_6576","og_site_name":"Herdentrieb","article_published_time":"2013-09-26T20:08:09+00:00","article_modified_time":"2013-10-02T12:48:06+00:00","author":"Mark Schieritz","twitter_card":"summary_large_image","twitter_creator":"@zeitonline","twitter_site":"@zeitonline","twitter_misc":{"Geschrieben von":"Mark Schieritz","Gesch\u00e4tzte Lesezeit":"2\u00a0Minuten"},"schema":{"@context":"https:\/\/schema.org","@graph":[{"@type":"WebPage","@id":"https:\/\/blog.zeit.de\/herdentrieb\/2013\/09\/26\/von-wegen-neuwahlen-oder-warum-vielleicht-die-spd-am-langeren-hebel-sitzt_6576","url":"https:\/\/blog.zeit.de\/herdentrieb\/2013\/09\/26\/von-wegen-neuwahlen-oder-warum-vielleicht-die-spd-am-langeren-hebel-sitzt_6576","name":"Von wegen Neuwahlen oder warum vielleicht die SPD am l\u00e4ngeren Hebel sitzt - Herdentrieb","isPartOf":{"@id":"https:\/\/blog.zeit.de\/herdentrieb\/#website"},"datePublished":"2013-09-26T20:08:09+00:00","dateModified":"2013-10-02T12:48:06+00:00","author":{"@id":"https:\/\/blog.zeit.de\/herdentrieb\/#\/schema\/person\/a2dfa95bbd4de7e06edc88db4e3d3871"},"breadcrumb":{"@id":"https:\/\/blog.zeit.de\/herdentrieb\/2013\/09\/26\/von-wegen-neuwahlen-oder-warum-vielleicht-die-spd-am-langeren-hebel-sitzt_6576#breadcrumb"},"inLanguage":"de","potentialAction":[{"@type":"ReadAction","target":["https:\/\/blog.zeit.de\/herdentrieb\/2013\/09\/26\/von-wegen-neuwahlen-oder-warum-vielleicht-die-spd-am-langeren-hebel-sitzt_6576"]}]},{"@type":"BreadcrumbList","@id":"https:\/\/blog.zeit.de\/herdentrieb\/2013\/09\/26\/von-wegen-neuwahlen-oder-warum-vielleicht-die-spd-am-langeren-hebel-sitzt_6576#breadcrumb","itemListElement":[{"@type":"ListItem","position":1,"name":"Startseite","item":"https:\/\/blog.zeit.de\/herdentrieb"},{"@type":"ListItem","position":2,"name":"Von wegen Neuwahlen oder warum vielleicht die SPD am l\u00e4ngeren Hebel sitzt"}]},{"@type":"WebSite","@id":"https:\/\/blog.zeit.de\/herdentrieb\/#website","url":"https:\/\/blog.zeit.de\/herdentrieb\/","name":"Herdentrieb","description":"So funktioniert Kapitalismus. Ein Blog","potentialAction":[{"@type":"SearchAction","target":{"@type":"EntryPoint","urlTemplate":"https:\/\/blog.zeit.de\/herdentrieb\/?s={search_term_string}"},"query-input":"required name=search_term_string"}],"inLanguage":"de"},{"@type":"Person","@id":"https:\/\/blog.zeit.de\/herdentrieb\/#\/schema\/person\/a2dfa95bbd4de7e06edc88db4e3d3871","name":"Mark Schieritz","image":{"@type":"ImageObject","inLanguage":"de","@id":"https:\/\/blog.zeit.de\/herdentrieb\/#\/schema\/person\/image\/","url":"https:\/\/secure.gravatar.com\/avatar\/66e072b8ecaf6d851921c0577ca78c8c9a24223a3c3cb6df48c5d839d1b622e0?s=96&d=mm&r=g","contentUrl":"https:\/\/secure.gravatar.com\/avatar\/66e072b8ecaf6d851921c0577ca78c8c9a24223a3c3cb6df48c5d839d1b622e0?s=96&d=mm&r=g","caption":"Mark Schieritz"},"url":"https:\/\/blog.zeit.de\/herdentrieb\/author\/mark-schieritz"}]}},"jetpack_featured_media_url":"","jetpack_sharing_enabled":true,"_links":{"self":[{"href":"https:\/\/blog.zeit.de\/herdentrieb\/wp-json\/wp\/v2\/posts\/6576","targetHints":{"allow":["GET"]}}],"collection":[{"href":"https:\/\/blog.zeit.de\/herdentrieb\/wp-json\/wp\/v2\/posts"}],"about":[{"href":"https:\/\/blog.zeit.de\/herdentrieb\/wp-json\/wp\/v2\/types\/post"}],"author":[{"embeddable":true,"href":"https:\/\/blog.zeit.de\/herdentrieb\/wp-json\/wp\/v2\/users\/215"}],"replies":[{"embeddable":true,"href":"https:\/\/blog.zeit.de\/herdentrieb\/wp-json\/wp\/v2\/comments?post=6576"}],"version-history":[{"count":8,"href":"https:\/\/blog.zeit.de\/herdentrieb\/wp-json\/wp\/v2\/posts\/6576\/revisions"}],"predecessor-version":[{"id":6599,"href":"https:\/\/blog.zeit.de\/herdentrieb\/wp-json\/wp\/v2\/posts\/6576\/revisions\/6599"}],"wp:attachment":[{"href":"https:\/\/blog.zeit.de\/herdentrieb\/wp-json\/wp\/v2\/media?parent=6576"}],"wp:term":[{"taxonomy":"category","embeddable":true,"href":"https:\/\/blog.zeit.de\/herdentrieb\/wp-json\/wp\/v2\/categories?post=6576"},{"taxonomy":"post_tag","embeddable":true,"href":"https:\/\/blog.zeit.de\/herdentrieb\/wp-json\/wp\/v2\/tags?post=6576"}],"curies":[{"name":"wp","href":"https:\/\/api.w.org\/{rel}","templated":true}]}}