{"id":6645,"date":"2013-10-14T13:24:24","date_gmt":"2013-10-14T11:24:24","guid":{"rendered":"http:\/\/blog.zeit.de\/herdentrieb\/?p=6645"},"modified":"2016-01-14T00:54:38","modified_gmt":"2016-01-13T23:54:38","slug":"das-biest-nawru","status":"publish","type":"post","link":"https:\/\/blog.zeit.de\/herdentrieb\/2013\/10\/14\/das-biest-nawru_6645","title":{"rendered":"Das Biest NAWRU"},"content":{"rendered":"<p>Gro\u00dfartiger Beitrag von <a href=\"http:\/\/noahpinionblog.blogspot.co.uk\/2013\/10\/how-important-was-structural-balance.html\" title=\"Not Quite Noahpinion\" target=\"_blank\">Jeremie Cohen-Setton<\/a> \u00fcber das krasse Versagen der Modelle der Europ\u00e4ischen Kommission zur Bestimmung des strukturellen Anteils der Krise in S\u00fcdeuropa. Hier f\u00fcr Spanien die Arbeitslosenquote und die \u2013 vermeintlich \u2013 strukturelle Arbeitslosenquote (hier Non Accelarating Wage Rate of Unemployment oder NAWRU).<\/p>\n<p><img loading=\"lazy\" decoding=\"async\" class=\"size-full wp-image-6646\" alt=\"f2\" src=\"https:\/\/blog.zeit.de\/herdentrieb\/files\/2013\/10\/f2.jpg\" width=\"432\" height=\"286\" srcset=\"https:\/\/blog.zeit.de\/herdentrieb\/files\/2013\/10\/f2.jpg 432w, https:\/\/blog.zeit.de\/herdentrieb\/files\/2013\/10\/f2-300x198.jpg 300w\" sizes=\"auto, (max-width: 432px) 100vw, 432px\" \/><\/p>\n<p>Wir sehen: Die strukturelle Arbeitslosenquote folgt schlicht der tats\u00e4chlichen und wenn man diesen Chart f\u00fcr voll nimmt, muss sich Spanien daran gew\u00f6hnen mit 25 Prozent Arbeitslosigkeit zu leben. Wie Jeremie schreibt:<\/p>\n<p style=\"padding-left: 30px;\"><em>So although one can argue that a crisis can temporarily \u2013 as workers need time to adjust to the new sectoral and geographical composition of jobs \u2013 or permanently \u2013 because of hysteresis effects \u2013 decrease potential labor input, the size of the adjustments applied by the European Commission appears clearly inadequate.<\/em><\/p>\n<p>Ein wesentlicher Pfeiler des makro-\u00f6konomischen Regelwerks \u00a0\u2013 und der politischen Empfehlungen, die etwa in der Haushaltspolitik daraus abgebleitet werden \u2013 ist die Trennung zyklischer von strukturellen Entwicklungen. Wenn das nicht funktioniert \u2013 und zumindest derzeit scheint es nicht zu funktionieren \u2013 muss man ganz grunds\u00e4tzlich dar\u00fcber nachdenken, ob wir hier nicht auf dem falschen Weg sind.<\/p>\n","protected":false},"excerpt":{"rendered":"<p>Gro\u00dfartiger Beitrag von Jeremie Cohen-Setton \u00fcber das krasse Versagen der Modelle der Europ\u00e4ischen Kommission zur Bestimmung des strukturellen Anteils der Krise in S\u00fcdeuropa. Hier f\u00fcr Spanien die Arbeitslosenquote und die \u2013 vermeintlich \u2013 strukturelle Arbeitslosenquote (hier Non Accelarating Wage Rate of Unemployment oder NAWRU). Wir sehen: Die strukturelle Arbeitslosenquote folgt schlicht der tats\u00e4chlichen und wenn [&hellip;]<\/p>\n","protected":false},"author":215,"featured_media":0,"comment_status":"open","ping_status":"closed","sticky":false,"template":"","format":"standard","meta":{"_jetpack_memberships_contains_paid_content":false,"footnotes":""},"categories":[3],"tags":[],"class_list":["post-6645","post","type-post","status-publish","format-standard","hentry","category-der-aktuelle-rand"],"yoast_head":"<!-- This site is optimized with the Yoast SEO plugin v21.0 - https:\/\/yoast.com\/wordpress\/plugins\/seo\/ -->\n<title>Das Biest NAWRU - Herdentrieb<\/title>\n<meta name=\"robots\" content=\"index, follow, max-snippet:-1, max-image-preview:large, max-video-preview:-1\" \/>\n<link rel=\"canonical\" href=\"https:\/\/blog.zeit.de\/herdentrieb\/2013\/10\/14\/das-biest-nawru_6645\" \/>\n<meta property=\"og:locale\" content=\"de_DE\" \/>\n<meta property=\"og:type\" content=\"article\" \/>\n<meta property=\"og:title\" content=\"Das Biest NAWRU - Herdentrieb\" \/>\n<meta property=\"og:description\" content=\"Gro\u00dfartiger Beitrag von Jeremie Cohen-Setton \u00fcber das krasse Versagen der Modelle der Europ\u00e4ischen Kommission zur Bestimmung des strukturellen Anteils der Krise in S\u00fcdeuropa. Hier f\u00fcr Spanien die Arbeitslosenquote und die \u2013 vermeintlich \u2013 strukturelle Arbeitslosenquote (hier Non Accelarating Wage Rate of Unemployment oder NAWRU). Wir sehen: Die strukturelle Arbeitslosenquote folgt schlicht der tats\u00e4chlichen und wenn [&hellip;]\" \/>\n<meta property=\"og:url\" content=\"https:\/\/blog.zeit.de\/herdentrieb\/2013\/10\/14\/das-biest-nawru_6645\" \/>\n<meta property=\"og:site_name\" content=\"Herdentrieb\" \/>\n<meta property=\"article:published_time\" content=\"2013-10-14T11:24:24+00:00\" \/>\n<meta property=\"article:modified_time\" content=\"2016-01-13T23:54:38+00:00\" \/>\n<meta property=\"og:image\" content=\"https:\/\/blog.zeit.de\/herdentrieb\/files\/2013\/10\/f2.jpg\" \/>\n<meta name=\"author\" content=\"Mark Schieritz\" \/>\n<meta name=\"twitter:card\" content=\"summary_large_image\" \/>\n<meta name=\"twitter:creator\" content=\"@zeitonline\" \/>\n<meta name=\"twitter:site\" content=\"@zeitonline\" \/>\n<meta name=\"twitter:label1\" content=\"Geschrieben von\" \/>\n\t<meta name=\"twitter:data1\" content=\"Mark Schieritz\" \/>\n\t<meta name=\"twitter:label2\" content=\"Gesch\u00e4tzte Lesezeit\" \/>\n\t<meta name=\"twitter:data2\" content=\"1\u00a0Minute\" \/>\n<script type=\"application\/ld+json\" class=\"yoast-schema-graph\">{\"@context\":\"https:\/\/schema.org\",\"@graph\":[{\"@type\":\"WebPage\",\"@id\":\"https:\/\/blog.zeit.de\/herdentrieb\/2013\/10\/14\/das-biest-nawru_6645\",\"url\":\"https:\/\/blog.zeit.de\/herdentrieb\/2013\/10\/14\/das-biest-nawru_6645\",\"name\":\"Das Biest NAWRU - Herdentrieb\",\"isPartOf\":{\"@id\":\"https:\/\/blog.zeit.de\/herdentrieb\/#website\"},\"datePublished\":\"2013-10-14T11:24:24+00:00\",\"dateModified\":\"2016-01-13T23:54:38+00:00\",\"author\":{\"@id\":\"https:\/\/blog.zeit.de\/herdentrieb\/#\/schema\/person\/a2dfa95bbd4de7e06edc88db4e3d3871\"},\"breadcrumb\":{\"@id\":\"https:\/\/blog.zeit.de\/herdentrieb\/2013\/10\/14\/das-biest-nawru_6645#breadcrumb\"},\"inLanguage\":\"de\",\"potentialAction\":[{\"@type\":\"ReadAction\",\"target\":[\"https:\/\/blog.zeit.de\/herdentrieb\/2013\/10\/14\/das-biest-nawru_6645\"]}]},{\"@type\":\"BreadcrumbList\",\"@id\":\"https:\/\/blog.zeit.de\/herdentrieb\/2013\/10\/14\/das-biest-nawru_6645#breadcrumb\",\"itemListElement\":[{\"@type\":\"ListItem\",\"position\":1,\"name\":\"Startseite\",\"item\":\"https:\/\/blog.zeit.de\/herdentrieb\"},{\"@type\":\"ListItem\",\"position\":2,\"name\":\"Das Biest NAWRU\"}]},{\"@type\":\"WebSite\",\"@id\":\"https:\/\/blog.zeit.de\/herdentrieb\/#website\",\"url\":\"https:\/\/blog.zeit.de\/herdentrieb\/\",\"name\":\"Herdentrieb\",\"description\":\"So funktioniert Kapitalismus. Ein Blog\",\"potentialAction\":[{\"@type\":\"SearchAction\",\"target\":{\"@type\":\"EntryPoint\",\"urlTemplate\":\"https:\/\/blog.zeit.de\/herdentrieb\/?s={search_term_string}\"},\"query-input\":\"required name=search_term_string\"}],\"inLanguage\":\"de\"},{\"@type\":\"Person\",\"@id\":\"https:\/\/blog.zeit.de\/herdentrieb\/#\/schema\/person\/a2dfa95bbd4de7e06edc88db4e3d3871\",\"name\":\"Mark Schieritz\",\"image\":{\"@type\":\"ImageObject\",\"inLanguage\":\"de\",\"@id\":\"https:\/\/blog.zeit.de\/herdentrieb\/#\/schema\/person\/image\/\",\"url\":\"https:\/\/secure.gravatar.com\/avatar\/66e072b8ecaf6d851921c0577ca78c8c9a24223a3c3cb6df48c5d839d1b622e0?s=96&d=mm&r=g\",\"contentUrl\":\"https:\/\/secure.gravatar.com\/avatar\/66e072b8ecaf6d851921c0577ca78c8c9a24223a3c3cb6df48c5d839d1b622e0?s=96&d=mm&r=g\",\"caption\":\"Mark Schieritz\"},\"url\":\"https:\/\/blog.zeit.de\/herdentrieb\/author\/mark-schieritz\"}]}<\/script>\n<!-- \/ Yoast SEO plugin. -->","yoast_head_json":{"title":"Das Biest NAWRU - Herdentrieb","robots":{"index":"index","follow":"follow","max-snippet":"max-snippet:-1","max-image-preview":"max-image-preview:large","max-video-preview":"max-video-preview:-1"},"canonical":"https:\/\/blog.zeit.de\/herdentrieb\/2013\/10\/14\/das-biest-nawru_6645","og_locale":"de_DE","og_type":"article","og_title":"Das Biest NAWRU - Herdentrieb","og_description":"Gro\u00dfartiger Beitrag von Jeremie Cohen-Setton \u00fcber das krasse Versagen der Modelle der Europ\u00e4ischen Kommission zur Bestimmung des strukturellen Anteils der Krise in S\u00fcdeuropa. Hier f\u00fcr Spanien die Arbeitslosenquote und die \u2013 vermeintlich \u2013 strukturelle Arbeitslosenquote (hier Non Accelarating Wage Rate of Unemployment oder NAWRU). Wir sehen: Die strukturelle Arbeitslosenquote folgt schlicht der tats\u00e4chlichen und wenn [&hellip;]","og_url":"https:\/\/blog.zeit.de\/herdentrieb\/2013\/10\/14\/das-biest-nawru_6645","og_site_name":"Herdentrieb","article_published_time":"2013-10-14T11:24:24+00:00","article_modified_time":"2016-01-13T23:54:38+00:00","og_image":[{"url":"https:\/\/blog.zeit.de\/herdentrieb\/files\/2013\/10\/f2.jpg"}],"author":"Mark Schieritz","twitter_card":"summary_large_image","twitter_creator":"@zeitonline","twitter_site":"@zeitonline","twitter_misc":{"Geschrieben von":"Mark Schieritz","Gesch\u00e4tzte Lesezeit":"1\u00a0Minute"},"schema":{"@context":"https:\/\/schema.org","@graph":[{"@type":"WebPage","@id":"https:\/\/blog.zeit.de\/herdentrieb\/2013\/10\/14\/das-biest-nawru_6645","url":"https:\/\/blog.zeit.de\/herdentrieb\/2013\/10\/14\/das-biest-nawru_6645","name":"Das Biest NAWRU - Herdentrieb","isPartOf":{"@id":"https:\/\/blog.zeit.de\/herdentrieb\/#website"},"datePublished":"2013-10-14T11:24:24+00:00","dateModified":"2016-01-13T23:54:38+00:00","author":{"@id":"https:\/\/blog.zeit.de\/herdentrieb\/#\/schema\/person\/a2dfa95bbd4de7e06edc88db4e3d3871"},"breadcrumb":{"@id":"https:\/\/blog.zeit.de\/herdentrieb\/2013\/10\/14\/das-biest-nawru_6645#breadcrumb"},"inLanguage":"de","potentialAction":[{"@type":"ReadAction","target":["https:\/\/blog.zeit.de\/herdentrieb\/2013\/10\/14\/das-biest-nawru_6645"]}]},{"@type":"BreadcrumbList","@id":"https:\/\/blog.zeit.de\/herdentrieb\/2013\/10\/14\/das-biest-nawru_6645#breadcrumb","itemListElement":[{"@type":"ListItem","position":1,"name":"Startseite","item":"https:\/\/blog.zeit.de\/herdentrieb"},{"@type":"ListItem","position":2,"name":"Das Biest NAWRU"}]},{"@type":"WebSite","@id":"https:\/\/blog.zeit.de\/herdentrieb\/#website","url":"https:\/\/blog.zeit.de\/herdentrieb\/","name":"Herdentrieb","description":"So funktioniert Kapitalismus. Ein Blog","potentialAction":[{"@type":"SearchAction","target":{"@type":"EntryPoint","urlTemplate":"https:\/\/blog.zeit.de\/herdentrieb\/?s={search_term_string}"},"query-input":"required name=search_term_string"}],"inLanguage":"de"},{"@type":"Person","@id":"https:\/\/blog.zeit.de\/herdentrieb\/#\/schema\/person\/a2dfa95bbd4de7e06edc88db4e3d3871","name":"Mark Schieritz","image":{"@type":"ImageObject","inLanguage":"de","@id":"https:\/\/blog.zeit.de\/herdentrieb\/#\/schema\/person\/image\/","url":"https:\/\/secure.gravatar.com\/avatar\/66e072b8ecaf6d851921c0577ca78c8c9a24223a3c3cb6df48c5d839d1b622e0?s=96&d=mm&r=g","contentUrl":"https:\/\/secure.gravatar.com\/avatar\/66e072b8ecaf6d851921c0577ca78c8c9a24223a3c3cb6df48c5d839d1b622e0?s=96&d=mm&r=g","caption":"Mark Schieritz"},"url":"https:\/\/blog.zeit.de\/herdentrieb\/author\/mark-schieritz"}]}},"jetpack_featured_media_url":"","jetpack_sharing_enabled":true,"_links":{"self":[{"href":"https:\/\/blog.zeit.de\/herdentrieb\/wp-json\/wp\/v2\/posts\/6645","targetHints":{"allow":["GET"]}}],"collection":[{"href":"https:\/\/blog.zeit.de\/herdentrieb\/wp-json\/wp\/v2\/posts"}],"about":[{"href":"https:\/\/blog.zeit.de\/herdentrieb\/wp-json\/wp\/v2\/types\/post"}],"author":[{"embeddable":true,"href":"https:\/\/blog.zeit.de\/herdentrieb\/wp-json\/wp\/v2\/users\/215"}],"replies":[{"embeddable":true,"href":"https:\/\/blog.zeit.de\/herdentrieb\/wp-json\/wp\/v2\/comments?post=6645"}],"version-history":[{"count":6,"href":"https:\/\/blog.zeit.de\/herdentrieb\/wp-json\/wp\/v2\/posts\/6645\/revisions"}],"predecessor-version":[{"id":9204,"href":"https:\/\/blog.zeit.de\/herdentrieb\/wp-json\/wp\/v2\/posts\/6645\/revisions\/9204"}],"wp:attachment":[{"href":"https:\/\/blog.zeit.de\/herdentrieb\/wp-json\/wp\/v2\/media?parent=6645"}],"wp:term":[{"taxonomy":"category","embeddable":true,"href":"https:\/\/blog.zeit.de\/herdentrieb\/wp-json\/wp\/v2\/categories?post=6645"},{"taxonomy":"post_tag","embeddable":true,"href":"https:\/\/blog.zeit.de\/herdentrieb\/wp-json\/wp\/v2\/tags?post=6645"}],"curies":[{"name":"wp","href":"https:\/\/api.w.org\/{rel}","templated":true}]}}