{"id":6704,"date":"2013-10-31T16:41:59","date_gmt":"2013-10-31T15:41:59","guid":{"rendered":"http:\/\/blog.zeit.de\/herdentrieb\/?p=6704"},"modified":"2013-10-31T17:15:03","modified_gmt":"2013-10-31T16:15:03","slug":"die-deutschen-und-der-export","status":"publish","type":"post","link":"https:\/\/blog.zeit.de\/herdentrieb\/2013\/10\/31\/die-deutschen-und-der-export_6704","title":{"rendered":"Die Deutschen und der Export"},"content":{"rendered":"<p>Der Herbst wird hei\u00df. Die USA kritisieren den deutschen Export\u00fcberschuss, hier mein <a href=\"http:\/\/www.zeit.de\/2013\/45\/blauer-brief-export-abmahnung\" title=\"Artikel auf ZEIT ONLINE\">Artikel<\/a>, warum auch aus Br\u00fcssel Probleme drohen. Stichwort: Macroeconomic Imbalances Procedure. Und nein: Die Kommission hat den Bericht <a href=\"http:\/\/www.zeit.de\/wirtschaft\/2013-10\/bundesregierung-export-eu-blauer-brief\" title=\"Artikel auf ZEIT ONLINE\">nicht dementiert<\/a>, die Aussage, zum jetzigen Zeitpunkt mache es sich keinen Sinn, \u00fcber die n\u00e4chsten Schritte zu sprechen, ist kein Dementi. Wie ich h\u00f6re, h\u00e4tten die deutschen Beh\u00f6rden mit einer vertieften Analyse auch kein Problem. Sie wissen, dass die Glaubw\u00fcrdigkeit der Kommission auf dem Spiel steht \u2013 mit der die Kanzlerin noch einiges vor hat.<\/p>\n<p>Es bleibt spannend.<\/p>\n","protected":false},"excerpt":{"rendered":"<p>Der Herbst wird hei\u00df. Die USA kritisieren den deutschen Export\u00fcberschuss, hier mein Artikel, warum auch aus Br\u00fcssel Probleme drohen. Stichwort: Macroeconomic Imbalances Procedure. Und nein: Die Kommission hat den Bericht nicht dementiert, die Aussage, zum jetzigen Zeitpunkt mache es sich keinen Sinn, \u00fcber die n\u00e4chsten Schritte zu sprechen, ist kein Dementi. Wie ich h\u00f6re, h\u00e4tten [&hellip;]<\/p>\n","protected":false},"author":215,"featured_media":0,"comment_status":"open","ping_status":"closed","sticky":false,"template":"","format":"standard","meta":{"_jetpack_memberships_contains_paid_content":false,"footnotes":""},"categories":[3],"tags":[],"class_list":["post-6704","post","type-post","status-publish","format-standard","hentry","category-der-aktuelle-rand"],"yoast_head":"<!-- This site is optimized with the Yoast SEO plugin v21.0 - https:\/\/yoast.com\/wordpress\/plugins\/seo\/ -->\n<title>Die Deutschen und der Export - Herdentrieb<\/title>\n<meta name=\"robots\" content=\"index, follow, max-snippet:-1, max-image-preview:large, max-video-preview:-1\" \/>\n<link rel=\"canonical\" href=\"https:\/\/blog.zeit.de\/herdentrieb\/2013\/10\/31\/die-deutschen-und-der-export_6704\" \/>\n<meta property=\"og:locale\" content=\"de_DE\" \/>\n<meta property=\"og:type\" content=\"article\" \/>\n<meta property=\"og:title\" content=\"Die Deutschen und der Export - Herdentrieb\" \/>\n<meta property=\"og:description\" content=\"Der Herbst wird hei\u00df. Die USA kritisieren den deutschen Export\u00fcberschuss, hier mein Artikel, warum auch aus Br\u00fcssel Probleme drohen. Stichwort: Macroeconomic Imbalances Procedure. Und nein: Die Kommission hat den Bericht nicht dementiert, die Aussage, zum jetzigen Zeitpunkt mache es sich keinen Sinn, \u00fcber die n\u00e4chsten Schritte zu sprechen, ist kein Dementi. Wie ich h\u00f6re, h\u00e4tten [&hellip;]\" \/>\n<meta property=\"og:url\" content=\"https:\/\/blog.zeit.de\/herdentrieb\/2013\/10\/31\/die-deutschen-und-der-export_6704\" \/>\n<meta property=\"og:site_name\" content=\"Herdentrieb\" \/>\n<meta property=\"article:published_time\" content=\"2013-10-31T15:41:59+00:00\" \/>\n<meta property=\"article:modified_time\" content=\"2013-10-31T16:15:03+00:00\" \/>\n<meta name=\"author\" content=\"Mark Schieritz\" \/>\n<meta name=\"twitter:card\" content=\"summary_large_image\" \/>\n<meta name=\"twitter:creator\" content=\"@zeitonline\" \/>\n<meta name=\"twitter:site\" content=\"@zeitonline\" \/>\n<meta name=\"twitter:label1\" content=\"Geschrieben von\" \/>\n\t<meta name=\"twitter:data1\" content=\"Mark Schieritz\" \/>\n<script type=\"application\/ld+json\" class=\"yoast-schema-graph\">{\"@context\":\"https:\/\/schema.org\",\"@graph\":[{\"@type\":\"WebPage\",\"@id\":\"https:\/\/blog.zeit.de\/herdentrieb\/2013\/10\/31\/die-deutschen-und-der-export_6704\",\"url\":\"https:\/\/blog.zeit.de\/herdentrieb\/2013\/10\/31\/die-deutschen-und-der-export_6704\",\"name\":\"Die Deutschen und der Export - Herdentrieb\",\"isPartOf\":{\"@id\":\"https:\/\/blog.zeit.de\/herdentrieb\/#website\"},\"datePublished\":\"2013-10-31T15:41:59+00:00\",\"dateModified\":\"2013-10-31T16:15:03+00:00\",\"author\":{\"@id\":\"https:\/\/blog.zeit.de\/herdentrieb\/#\/schema\/person\/a2dfa95bbd4de7e06edc88db4e3d3871\"},\"breadcrumb\":{\"@id\":\"https:\/\/blog.zeit.de\/herdentrieb\/2013\/10\/31\/die-deutschen-und-der-export_6704#breadcrumb\"},\"inLanguage\":\"de\",\"potentialAction\":[{\"@type\":\"ReadAction\",\"target\":[\"https:\/\/blog.zeit.de\/herdentrieb\/2013\/10\/31\/die-deutschen-und-der-export_6704\"]}]},{\"@type\":\"BreadcrumbList\",\"@id\":\"https:\/\/blog.zeit.de\/herdentrieb\/2013\/10\/31\/die-deutschen-und-der-export_6704#breadcrumb\",\"itemListElement\":[{\"@type\":\"ListItem\",\"position\":1,\"name\":\"Startseite\",\"item\":\"https:\/\/blog.zeit.de\/herdentrieb\"},{\"@type\":\"ListItem\",\"position\":2,\"name\":\"Die Deutschen und der Export\"}]},{\"@type\":\"WebSite\",\"@id\":\"https:\/\/blog.zeit.de\/herdentrieb\/#website\",\"url\":\"https:\/\/blog.zeit.de\/herdentrieb\/\",\"name\":\"Herdentrieb\",\"description\":\"So funktioniert Kapitalismus. Ein Blog\",\"potentialAction\":[{\"@type\":\"SearchAction\",\"target\":{\"@type\":\"EntryPoint\",\"urlTemplate\":\"https:\/\/blog.zeit.de\/herdentrieb\/?s={search_term_string}\"},\"query-input\":\"required name=search_term_string\"}],\"inLanguage\":\"de\"},{\"@type\":\"Person\",\"@id\":\"https:\/\/blog.zeit.de\/herdentrieb\/#\/schema\/person\/a2dfa95bbd4de7e06edc88db4e3d3871\",\"name\":\"Mark Schieritz\",\"image\":{\"@type\":\"ImageObject\",\"inLanguage\":\"de\",\"@id\":\"https:\/\/blog.zeit.de\/herdentrieb\/#\/schema\/person\/image\/\",\"url\":\"https:\/\/secure.gravatar.com\/avatar\/66e072b8ecaf6d851921c0577ca78c8c9a24223a3c3cb6df48c5d839d1b622e0?s=96&d=mm&r=g\",\"contentUrl\":\"https:\/\/secure.gravatar.com\/avatar\/66e072b8ecaf6d851921c0577ca78c8c9a24223a3c3cb6df48c5d839d1b622e0?s=96&d=mm&r=g\",\"caption\":\"Mark Schieritz\"},\"url\":\"https:\/\/blog.zeit.de\/herdentrieb\/author\/mark-schieritz\"}]}<\/script>\n<!-- \/ Yoast SEO plugin. -->","yoast_head_json":{"title":"Die Deutschen und der Export - Herdentrieb","robots":{"index":"index","follow":"follow","max-snippet":"max-snippet:-1","max-image-preview":"max-image-preview:large","max-video-preview":"max-video-preview:-1"},"canonical":"https:\/\/blog.zeit.de\/herdentrieb\/2013\/10\/31\/die-deutschen-und-der-export_6704","og_locale":"de_DE","og_type":"article","og_title":"Die Deutschen und der Export - Herdentrieb","og_description":"Der Herbst wird hei\u00df. Die USA kritisieren den deutschen Export\u00fcberschuss, hier mein Artikel, warum auch aus Br\u00fcssel Probleme drohen. Stichwort: Macroeconomic Imbalances Procedure. Und nein: Die Kommission hat den Bericht nicht dementiert, die Aussage, zum jetzigen Zeitpunkt mache es sich keinen Sinn, \u00fcber die n\u00e4chsten Schritte zu sprechen, ist kein Dementi. Wie ich h\u00f6re, h\u00e4tten [&hellip;]","og_url":"https:\/\/blog.zeit.de\/herdentrieb\/2013\/10\/31\/die-deutschen-und-der-export_6704","og_site_name":"Herdentrieb","article_published_time":"2013-10-31T15:41:59+00:00","article_modified_time":"2013-10-31T16:15:03+00:00","author":"Mark Schieritz","twitter_card":"summary_large_image","twitter_creator":"@zeitonline","twitter_site":"@zeitonline","twitter_misc":{"Geschrieben von":"Mark Schieritz"},"schema":{"@context":"https:\/\/schema.org","@graph":[{"@type":"WebPage","@id":"https:\/\/blog.zeit.de\/herdentrieb\/2013\/10\/31\/die-deutschen-und-der-export_6704","url":"https:\/\/blog.zeit.de\/herdentrieb\/2013\/10\/31\/die-deutschen-und-der-export_6704","name":"Die Deutschen und der Export - Herdentrieb","isPartOf":{"@id":"https:\/\/blog.zeit.de\/herdentrieb\/#website"},"datePublished":"2013-10-31T15:41:59+00:00","dateModified":"2013-10-31T16:15:03+00:00","author":{"@id":"https:\/\/blog.zeit.de\/herdentrieb\/#\/schema\/person\/a2dfa95bbd4de7e06edc88db4e3d3871"},"breadcrumb":{"@id":"https:\/\/blog.zeit.de\/herdentrieb\/2013\/10\/31\/die-deutschen-und-der-export_6704#breadcrumb"},"inLanguage":"de","potentialAction":[{"@type":"ReadAction","target":["https:\/\/blog.zeit.de\/herdentrieb\/2013\/10\/31\/die-deutschen-und-der-export_6704"]}]},{"@type":"BreadcrumbList","@id":"https:\/\/blog.zeit.de\/herdentrieb\/2013\/10\/31\/die-deutschen-und-der-export_6704#breadcrumb","itemListElement":[{"@type":"ListItem","position":1,"name":"Startseite","item":"https:\/\/blog.zeit.de\/herdentrieb"},{"@type":"ListItem","position":2,"name":"Die Deutschen und der Export"}]},{"@type":"WebSite","@id":"https:\/\/blog.zeit.de\/herdentrieb\/#website","url":"https:\/\/blog.zeit.de\/herdentrieb\/","name":"Herdentrieb","description":"So funktioniert Kapitalismus. Ein Blog","potentialAction":[{"@type":"SearchAction","target":{"@type":"EntryPoint","urlTemplate":"https:\/\/blog.zeit.de\/herdentrieb\/?s={search_term_string}"},"query-input":"required name=search_term_string"}],"inLanguage":"de"},{"@type":"Person","@id":"https:\/\/blog.zeit.de\/herdentrieb\/#\/schema\/person\/a2dfa95bbd4de7e06edc88db4e3d3871","name":"Mark Schieritz","image":{"@type":"ImageObject","inLanguage":"de","@id":"https:\/\/blog.zeit.de\/herdentrieb\/#\/schema\/person\/image\/","url":"https:\/\/secure.gravatar.com\/avatar\/66e072b8ecaf6d851921c0577ca78c8c9a24223a3c3cb6df48c5d839d1b622e0?s=96&d=mm&r=g","contentUrl":"https:\/\/secure.gravatar.com\/avatar\/66e072b8ecaf6d851921c0577ca78c8c9a24223a3c3cb6df48c5d839d1b622e0?s=96&d=mm&r=g","caption":"Mark Schieritz"},"url":"https:\/\/blog.zeit.de\/herdentrieb\/author\/mark-schieritz"}]}},"jetpack_featured_media_url":"","jetpack_sharing_enabled":true,"_links":{"self":[{"href":"https:\/\/blog.zeit.de\/herdentrieb\/wp-json\/wp\/v2\/posts\/6704","targetHints":{"allow":["GET"]}}],"collection":[{"href":"https:\/\/blog.zeit.de\/herdentrieb\/wp-json\/wp\/v2\/posts"}],"about":[{"href":"https:\/\/blog.zeit.de\/herdentrieb\/wp-json\/wp\/v2\/types\/post"}],"author":[{"embeddable":true,"href":"https:\/\/blog.zeit.de\/herdentrieb\/wp-json\/wp\/v2\/users\/215"}],"replies":[{"embeddable":true,"href":"https:\/\/blog.zeit.de\/herdentrieb\/wp-json\/wp\/v2\/comments?post=6704"}],"version-history":[{"count":2,"href":"https:\/\/blog.zeit.de\/herdentrieb\/wp-json\/wp\/v2\/posts\/6704\/revisions"}],"predecessor-version":[{"id":6706,"href":"https:\/\/blog.zeit.de\/herdentrieb\/wp-json\/wp\/v2\/posts\/6704\/revisions\/6706"}],"wp:attachment":[{"href":"https:\/\/blog.zeit.de\/herdentrieb\/wp-json\/wp\/v2\/media?parent=6704"}],"wp:term":[{"taxonomy":"category","embeddable":true,"href":"https:\/\/blog.zeit.de\/herdentrieb\/wp-json\/wp\/v2\/categories?post=6704"},{"taxonomy":"post_tag","embeddable":true,"href":"https:\/\/blog.zeit.de\/herdentrieb\/wp-json\/wp\/v2\/tags?post=6704"}],"curies":[{"name":"wp","href":"https:\/\/api.w.org\/{rel}","templated":true}]}}