{"id":6719,"date":"2013-11-05T18:20:14","date_gmt":"2013-11-05T17:20:14","guid":{"rendered":"http:\/\/blog.zeit.de\/herdentrieb\/?p=6719"},"modified":"2013-11-05T18:41:29","modified_gmt":"2013-11-05T17:41:29","slug":"die-euro-zone-wird-zum-exportmonster","status":"publish","type":"post","link":"https:\/\/blog.zeit.de\/herdentrieb\/2013\/11\/05\/die-euro-zone-wird-zum-exportmonster_6719","title":{"rendered":"Die Euro-Zone wird zum Exportmonster"},"content":{"rendered":"<p>Die Kommission hat heute <a href=\"http:\/\/ec.europa.eu\/economy_finance\/eu\/forecasts\/2013_autumn_forecast_en.htm\" target=\"_blank\" title=\"Autumn forecast 2013 - EU economy: Gradual recovery, external risks\">ihre Herbstprognose<\/a> vorgestellt \u2013 wie berichtet, rei\u00dft Deutschland die Grenze beim Leistungsbilanzdefizit. Das sei ja egal, ist oft zu h\u00f6ren, weil sich die Bilanzen innerhalb der W\u00e4hrungsunion allm\u00e4hlich ausgleichen und der \u00dcberschuss vor allem mit dem Rest der Welt anf\u00e4llt. Doch inzwischen f\u00e4llt da schon einiges an. Nach den Prognosen der Kommission wird der \u00dcberschuss der W\u00e4hrungsunion bis 2015 auf drei Prozent der Wirtschaftsleistung steigen. Das sind in absoluten Zahlen bei einem kombinierten BIP von dann 10176 Milliarden Euro immerhin 305 Milliarden Euro \u2013 eine ganze Menge Holz.<\/p>\n<p><img loading=\"lazy\" decoding=\"async\" src=\"https:\/\/blog.zeit.de\/herdentrieb\/files\/2013\/11\/EA17_CA_1999-2015_x.gif\" alt=\"Grafik: Leistungsbilanzsalden der Europ. W\u00e4hrungsunion 1999-2015 (in Prozent des BIP)\" width=\"497\" height=\"306\" class=\"size-full wp-image-6728\" \/><\/p>\n<p>Die Frage wird sein, ob sich die Handelspartner das gefallen lassen \u00a0\u2013 und wann die entsprechende W\u00e4hrungsreaktion beginnt, die den Aufschwung im S\u00fcden dann wieder gef\u00e4hrdet. So oder so: Die deutschen \u00dcbersch\u00fcsse verschwinden nicht einfach in einem Loch \u2013 und es wird nicht funktionieren, das deutsche \u00dcberschussmodell auf die Euro-Zone zu \u00fcbertragen.<\/p>\n","protected":false},"excerpt":{"rendered":"<p>Die Kommission hat heute ihre Herbstprognose vorgestellt \u2013 wie berichtet, rei\u00dft Deutschland die Grenze beim Leistungsbilanzdefizit. Das sei ja egal, ist oft zu h\u00f6ren, weil sich die Bilanzen innerhalb der W\u00e4hrungsunion allm\u00e4hlich ausgleichen und der \u00dcberschuss vor allem mit dem Rest der Welt anf\u00e4llt. Doch inzwischen f\u00e4llt da schon einiges an. Nach den Prognosen der [&hellip;]<\/p>\n","protected":false},"author":215,"featured_media":0,"comment_status":"open","ping_status":"closed","sticky":false,"template":"","format":"standard","meta":{"_jetpack_memberships_contains_paid_content":false,"footnotes":""},"categories":[3],"tags":[],"class_list":["post-6719","post","type-post","status-publish","format-standard","hentry","category-der-aktuelle-rand"],"yoast_head":"<!-- This site is optimized with the Yoast SEO plugin v21.0 - https:\/\/yoast.com\/wordpress\/plugins\/seo\/ -->\n<title>Die Euro-Zone wird zum Exportmonster - Herdentrieb<\/title>\n<meta name=\"robots\" content=\"index, follow, max-snippet:-1, max-image-preview:large, max-video-preview:-1\" \/>\n<link rel=\"canonical\" href=\"https:\/\/blog.zeit.de\/herdentrieb\/2013\/11\/05\/die-euro-zone-wird-zum-exportmonster_6719\" \/>\n<meta property=\"og:locale\" content=\"de_DE\" \/>\n<meta property=\"og:type\" content=\"article\" \/>\n<meta property=\"og:title\" content=\"Die Euro-Zone wird zum Exportmonster - Herdentrieb\" \/>\n<meta property=\"og:description\" content=\"Die Kommission hat heute ihre Herbstprognose vorgestellt \u2013 wie berichtet, rei\u00dft Deutschland die Grenze beim Leistungsbilanzdefizit. Das sei ja egal, ist oft zu h\u00f6ren, weil sich die Bilanzen innerhalb der W\u00e4hrungsunion allm\u00e4hlich ausgleichen und der \u00dcberschuss vor allem mit dem Rest der Welt anf\u00e4llt. Doch inzwischen f\u00e4llt da schon einiges an. Nach den Prognosen der [&hellip;]\" \/>\n<meta property=\"og:url\" content=\"https:\/\/blog.zeit.de\/herdentrieb\/2013\/11\/05\/die-euro-zone-wird-zum-exportmonster_6719\" \/>\n<meta property=\"og:site_name\" content=\"Herdentrieb\" \/>\n<meta property=\"article:published_time\" content=\"2013-11-05T17:20:14+00:00\" \/>\n<meta property=\"article:modified_time\" content=\"2013-11-05T17:41:29+00:00\" \/>\n<meta property=\"og:image\" content=\"https:\/\/blog.zeit.de\/herdentrieb\/files\/2013\/11\/EA17_CA_1999-2015_x.gif\" \/>\n<meta name=\"author\" content=\"Mark Schieritz\" \/>\n<meta name=\"twitter:card\" content=\"summary_large_image\" \/>\n<meta name=\"twitter:creator\" content=\"@zeitonline\" \/>\n<meta name=\"twitter:site\" content=\"@zeitonline\" \/>\n<meta name=\"twitter:label1\" content=\"Geschrieben von\" \/>\n\t<meta name=\"twitter:data1\" content=\"Mark Schieritz\" \/>\n\t<meta name=\"twitter:label2\" content=\"Gesch\u00e4tzte Lesezeit\" \/>\n\t<meta name=\"twitter:data2\" content=\"1\u00a0Minute\" \/>\n<script type=\"application\/ld+json\" class=\"yoast-schema-graph\">{\"@context\":\"https:\/\/schema.org\",\"@graph\":[{\"@type\":\"WebPage\",\"@id\":\"https:\/\/blog.zeit.de\/herdentrieb\/2013\/11\/05\/die-euro-zone-wird-zum-exportmonster_6719\",\"url\":\"https:\/\/blog.zeit.de\/herdentrieb\/2013\/11\/05\/die-euro-zone-wird-zum-exportmonster_6719\",\"name\":\"Die Euro-Zone wird zum Exportmonster - Herdentrieb\",\"isPartOf\":{\"@id\":\"https:\/\/blog.zeit.de\/herdentrieb\/#website\"},\"datePublished\":\"2013-11-05T17:20:14+00:00\",\"dateModified\":\"2013-11-05T17:41:29+00:00\",\"author\":{\"@id\":\"https:\/\/blog.zeit.de\/herdentrieb\/#\/schema\/person\/a2dfa95bbd4de7e06edc88db4e3d3871\"},\"breadcrumb\":{\"@id\":\"https:\/\/blog.zeit.de\/herdentrieb\/2013\/11\/05\/die-euro-zone-wird-zum-exportmonster_6719#breadcrumb\"},\"inLanguage\":\"de\",\"potentialAction\":[{\"@type\":\"ReadAction\",\"target\":[\"https:\/\/blog.zeit.de\/herdentrieb\/2013\/11\/05\/die-euro-zone-wird-zum-exportmonster_6719\"]}]},{\"@type\":\"BreadcrumbList\",\"@id\":\"https:\/\/blog.zeit.de\/herdentrieb\/2013\/11\/05\/die-euro-zone-wird-zum-exportmonster_6719#breadcrumb\",\"itemListElement\":[{\"@type\":\"ListItem\",\"position\":1,\"name\":\"Startseite\",\"item\":\"https:\/\/blog.zeit.de\/herdentrieb\"},{\"@type\":\"ListItem\",\"position\":2,\"name\":\"Die Euro-Zone wird zum Exportmonster\"}]},{\"@type\":\"WebSite\",\"@id\":\"https:\/\/blog.zeit.de\/herdentrieb\/#website\",\"url\":\"https:\/\/blog.zeit.de\/herdentrieb\/\",\"name\":\"Herdentrieb\",\"description\":\"So funktioniert Kapitalismus. Ein Blog\",\"potentialAction\":[{\"@type\":\"SearchAction\",\"target\":{\"@type\":\"EntryPoint\",\"urlTemplate\":\"https:\/\/blog.zeit.de\/herdentrieb\/?s={search_term_string}\"},\"query-input\":\"required name=search_term_string\"}],\"inLanguage\":\"de\"},{\"@type\":\"Person\",\"@id\":\"https:\/\/blog.zeit.de\/herdentrieb\/#\/schema\/person\/a2dfa95bbd4de7e06edc88db4e3d3871\",\"name\":\"Mark Schieritz\",\"image\":{\"@type\":\"ImageObject\",\"inLanguage\":\"de\",\"@id\":\"https:\/\/blog.zeit.de\/herdentrieb\/#\/schema\/person\/image\/\",\"url\":\"https:\/\/secure.gravatar.com\/avatar\/66e072b8ecaf6d851921c0577ca78c8c9a24223a3c3cb6df48c5d839d1b622e0?s=96&d=mm&r=g\",\"contentUrl\":\"https:\/\/secure.gravatar.com\/avatar\/66e072b8ecaf6d851921c0577ca78c8c9a24223a3c3cb6df48c5d839d1b622e0?s=96&d=mm&r=g\",\"caption\":\"Mark Schieritz\"},\"url\":\"https:\/\/blog.zeit.de\/herdentrieb\/author\/mark-schieritz\"}]}<\/script>\n<!-- \/ Yoast SEO plugin. -->","yoast_head_json":{"title":"Die Euro-Zone wird zum Exportmonster - Herdentrieb","robots":{"index":"index","follow":"follow","max-snippet":"max-snippet:-1","max-image-preview":"max-image-preview:large","max-video-preview":"max-video-preview:-1"},"canonical":"https:\/\/blog.zeit.de\/herdentrieb\/2013\/11\/05\/die-euro-zone-wird-zum-exportmonster_6719","og_locale":"de_DE","og_type":"article","og_title":"Die Euro-Zone wird zum Exportmonster - Herdentrieb","og_description":"Die Kommission hat heute ihre Herbstprognose vorgestellt \u2013 wie berichtet, rei\u00dft Deutschland die Grenze beim Leistungsbilanzdefizit. Das sei ja egal, ist oft zu h\u00f6ren, weil sich die Bilanzen innerhalb der W\u00e4hrungsunion allm\u00e4hlich ausgleichen und der \u00dcberschuss vor allem mit dem Rest der Welt anf\u00e4llt. Doch inzwischen f\u00e4llt da schon einiges an. Nach den Prognosen der [&hellip;]","og_url":"https:\/\/blog.zeit.de\/herdentrieb\/2013\/11\/05\/die-euro-zone-wird-zum-exportmonster_6719","og_site_name":"Herdentrieb","article_published_time":"2013-11-05T17:20:14+00:00","article_modified_time":"2013-11-05T17:41:29+00:00","og_image":[{"url":"https:\/\/blog.zeit.de\/herdentrieb\/files\/2013\/11\/EA17_CA_1999-2015_x.gif"}],"author":"Mark Schieritz","twitter_card":"summary_large_image","twitter_creator":"@zeitonline","twitter_site":"@zeitonline","twitter_misc":{"Geschrieben von":"Mark Schieritz","Gesch\u00e4tzte Lesezeit":"1\u00a0Minute"},"schema":{"@context":"https:\/\/schema.org","@graph":[{"@type":"WebPage","@id":"https:\/\/blog.zeit.de\/herdentrieb\/2013\/11\/05\/die-euro-zone-wird-zum-exportmonster_6719","url":"https:\/\/blog.zeit.de\/herdentrieb\/2013\/11\/05\/die-euro-zone-wird-zum-exportmonster_6719","name":"Die Euro-Zone wird zum Exportmonster - Herdentrieb","isPartOf":{"@id":"https:\/\/blog.zeit.de\/herdentrieb\/#website"},"datePublished":"2013-11-05T17:20:14+00:00","dateModified":"2013-11-05T17:41:29+00:00","author":{"@id":"https:\/\/blog.zeit.de\/herdentrieb\/#\/schema\/person\/a2dfa95bbd4de7e06edc88db4e3d3871"},"breadcrumb":{"@id":"https:\/\/blog.zeit.de\/herdentrieb\/2013\/11\/05\/die-euro-zone-wird-zum-exportmonster_6719#breadcrumb"},"inLanguage":"de","potentialAction":[{"@type":"ReadAction","target":["https:\/\/blog.zeit.de\/herdentrieb\/2013\/11\/05\/die-euro-zone-wird-zum-exportmonster_6719"]}]},{"@type":"BreadcrumbList","@id":"https:\/\/blog.zeit.de\/herdentrieb\/2013\/11\/05\/die-euro-zone-wird-zum-exportmonster_6719#breadcrumb","itemListElement":[{"@type":"ListItem","position":1,"name":"Startseite","item":"https:\/\/blog.zeit.de\/herdentrieb"},{"@type":"ListItem","position":2,"name":"Die Euro-Zone wird zum Exportmonster"}]},{"@type":"WebSite","@id":"https:\/\/blog.zeit.de\/herdentrieb\/#website","url":"https:\/\/blog.zeit.de\/herdentrieb\/","name":"Herdentrieb","description":"So funktioniert Kapitalismus. Ein Blog","potentialAction":[{"@type":"SearchAction","target":{"@type":"EntryPoint","urlTemplate":"https:\/\/blog.zeit.de\/herdentrieb\/?s={search_term_string}"},"query-input":"required name=search_term_string"}],"inLanguage":"de"},{"@type":"Person","@id":"https:\/\/blog.zeit.de\/herdentrieb\/#\/schema\/person\/a2dfa95bbd4de7e06edc88db4e3d3871","name":"Mark Schieritz","image":{"@type":"ImageObject","inLanguage":"de","@id":"https:\/\/blog.zeit.de\/herdentrieb\/#\/schema\/person\/image\/","url":"https:\/\/secure.gravatar.com\/avatar\/66e072b8ecaf6d851921c0577ca78c8c9a24223a3c3cb6df48c5d839d1b622e0?s=96&d=mm&r=g","contentUrl":"https:\/\/secure.gravatar.com\/avatar\/66e072b8ecaf6d851921c0577ca78c8c9a24223a3c3cb6df48c5d839d1b622e0?s=96&d=mm&r=g","caption":"Mark Schieritz"},"url":"https:\/\/blog.zeit.de\/herdentrieb\/author\/mark-schieritz"}]}},"jetpack_featured_media_url":"","jetpack_sharing_enabled":true,"_links":{"self":[{"href":"https:\/\/blog.zeit.de\/herdentrieb\/wp-json\/wp\/v2\/posts\/6719","targetHints":{"allow":["GET"]}}],"collection":[{"href":"https:\/\/blog.zeit.de\/herdentrieb\/wp-json\/wp\/v2\/posts"}],"about":[{"href":"https:\/\/blog.zeit.de\/herdentrieb\/wp-json\/wp\/v2\/types\/post"}],"author":[{"embeddable":true,"href":"https:\/\/blog.zeit.de\/herdentrieb\/wp-json\/wp\/v2\/users\/215"}],"replies":[{"embeddable":true,"href":"https:\/\/blog.zeit.de\/herdentrieb\/wp-json\/wp\/v2\/comments?post=6719"}],"version-history":[{"count":7,"href":"https:\/\/blog.zeit.de\/herdentrieb\/wp-json\/wp\/v2\/posts\/6719\/revisions"}],"predecessor-version":[{"id":6723,"href":"https:\/\/blog.zeit.de\/herdentrieb\/wp-json\/wp\/v2\/posts\/6719\/revisions\/6723"}],"wp:attachment":[{"href":"https:\/\/blog.zeit.de\/herdentrieb\/wp-json\/wp\/v2\/media?parent=6719"}],"wp:term":[{"taxonomy":"category","embeddable":true,"href":"https:\/\/blog.zeit.de\/herdentrieb\/wp-json\/wp\/v2\/categories?post=6719"},{"taxonomy":"post_tag","embeddable":true,"href":"https:\/\/blog.zeit.de\/herdentrieb\/wp-json\/wp\/v2\/tags?post=6719"}],"curies":[{"name":"wp","href":"https:\/\/api.w.org\/{rel}","templated":true}]}}