{"id":6772,"date":"2013-11-14T22:57:07","date_gmt":"2013-11-14T21:57:07","guid":{"rendered":"http:\/\/blog.zeit.de\/herdentrieb\/?p=6772"},"modified":"2013-11-14T22:58:06","modified_gmt":"2013-11-14T21:58:06","slug":"zahlt-der-esm-doch-fur-marode-banken","status":"publish","type":"post","link":"https:\/\/blog.zeit.de\/herdentrieb\/2013\/11\/14\/zahlt-der-esm-doch-fur-marode-banken_6772","title":{"rendered":"Zahlt der ESM doch f\u00fcr marode Banken?"},"content":{"rendered":"<p>Das hier ist aus dem vom Wirtschafts- und W\u00e4hrungsausschuss erstellten Entwurf f\u00fcr die Schlussfolgerungen der Ecofin-Sitzung in Br\u00fcssel. Es geht um den Umgang mit Kapitall\u00fccken im Zuge des Stresstests der EZB. Die Haftungskaskade lautet wie bekannt:<\/p>\n<p>1. Die betroffenen Banken<\/p>\n<p>2. Ihre Heimatstaaten<\/p>\n<p>3. Die europ\u00e4ischen Institutionen<\/p>\n<p>Und jetzt wird es spannend:<\/p>\n<p><a href=\"https:\/\/blog.zeit.de\/herdentrieb\/2013\/11\/14\/zahlt-der-esm-doch-fur-marode-banken_6772\/councildraft\" rel=\"attachment wp-att-6773\"><img loading=\"lazy\" decoding=\"async\" class=\"alignleft size-full wp-image-6773\" alt=\"councildraft\" src=\"https:\/\/blog.zeit.de\/herdentrieb\/files\/2013\/11\/councildraft.png\" width=\"791\" height=\"241\" srcset=\"https:\/\/blog.zeit.de\/herdentrieb\/files\/2013\/11\/councildraft.png 791w, https:\/\/blog.zeit.de\/herdentrieb\/files\/2013\/11\/councildraft-300x91.png 300w\" sizes=\"auto, (max-width: 791px) 100vw, 791px\" \/><\/a><\/p>\n<p>&nbsp;<\/p>\n<p>Zumindest in diesem Entwurf ist also die direkte Bankenrekapitalisierung vorgesehen (und interessanterweise werden die acht Prozent Eigenleistung der Banken aus fr\u00fcheren Beschl\u00fcssen nicht mehr erw\u00e4hnt). Ich bin gespannt, wie Sch\u00e4uble das dem Bundestag und insbesondere der SPD vermittelt.<\/p>\n<p>Bei allen staatlichen Interventionen gilt, dass sie &#8222;in full respect&#8220; mit dem Beihilferecht erfolgen m\u00fcssen \u2013 allerdings &#8222;with a view to safeguard financial stability&#8220;. Das l\u00e4sst einige Flexibilit\u00e4t zu.<\/p>\n","protected":false},"excerpt":{"rendered":"<p>Das hier ist aus dem vom Wirtschafts- und W\u00e4hrungsausschuss erstellten Entwurf f\u00fcr die Schlussfolgerungen der Ecofin-Sitzung in Br\u00fcssel. Es geht um den Umgang mit Kapitall\u00fccken im Zuge des Stresstests der EZB. Die Haftungskaskade lautet wie bekannt: 1. Die betroffenen Banken 2. Ihre Heimatstaaten 3. Die europ\u00e4ischen Institutionen Und jetzt wird es spannend: &nbsp; Zumindest in [&hellip;]<\/p>\n","protected":false},"author":215,"featured_media":0,"comment_status":"open","ping_status":"closed","sticky":false,"template":"","format":"standard","meta":{"_jetpack_memberships_contains_paid_content":false,"footnotes":""},"categories":[3],"tags":[],"class_list":["post-6772","post","type-post","status-publish","format-standard","hentry","category-der-aktuelle-rand"],"yoast_head":"<!-- This site is optimized with the Yoast SEO plugin v21.0 - https:\/\/yoast.com\/wordpress\/plugins\/seo\/ -->\n<title>Zahlt der ESM doch f\u00fcr marode Banken?  - Herdentrieb<\/title>\n<meta name=\"robots\" content=\"index, follow, max-snippet:-1, max-image-preview:large, max-video-preview:-1\" \/>\n<link rel=\"canonical\" href=\"https:\/\/blog.zeit.de\/herdentrieb\/2013\/11\/14\/zahlt-der-esm-doch-fur-marode-banken_6772\" \/>\n<meta property=\"og:locale\" content=\"de_DE\" \/>\n<meta property=\"og:type\" content=\"article\" \/>\n<meta property=\"og:title\" content=\"Zahlt der ESM doch f\u00fcr marode Banken?  - Herdentrieb\" \/>\n<meta property=\"og:description\" content=\"Das hier ist aus dem vom Wirtschafts- und W\u00e4hrungsausschuss erstellten Entwurf f\u00fcr die Schlussfolgerungen der Ecofin-Sitzung in Br\u00fcssel. Es geht um den Umgang mit Kapitall\u00fccken im Zuge des Stresstests der EZB. Die Haftungskaskade lautet wie bekannt: 1. Die betroffenen Banken 2. Ihre Heimatstaaten 3. Die europ\u00e4ischen Institutionen Und jetzt wird es spannend: &nbsp; Zumindest in [&hellip;]\" \/>\n<meta property=\"og:url\" content=\"https:\/\/blog.zeit.de\/herdentrieb\/2013\/11\/14\/zahlt-der-esm-doch-fur-marode-banken_6772\" \/>\n<meta property=\"og:site_name\" content=\"Herdentrieb\" \/>\n<meta property=\"article:published_time\" content=\"2013-11-14T21:57:07+00:00\" \/>\n<meta property=\"article:modified_time\" content=\"2013-11-14T21:58:06+00:00\" \/>\n<meta property=\"og:image\" content=\"https:\/\/blog.zeit.de\/herdentrieb\/files\/2013\/11\/councildraft.png\" \/>\n<meta name=\"author\" content=\"Mark Schieritz\" \/>\n<meta name=\"twitter:card\" content=\"summary_large_image\" \/>\n<meta name=\"twitter:creator\" content=\"@zeitonline\" \/>\n<meta name=\"twitter:site\" content=\"@zeitonline\" \/>\n<meta name=\"twitter:label1\" content=\"Geschrieben von\" \/>\n\t<meta name=\"twitter:data1\" content=\"Mark Schieritz\" \/>\n\t<meta name=\"twitter:label2\" content=\"Gesch\u00e4tzte Lesezeit\" \/>\n\t<meta name=\"twitter:data2\" content=\"1\u00a0Minute\" \/>\n<script type=\"application\/ld+json\" class=\"yoast-schema-graph\">{\"@context\":\"https:\/\/schema.org\",\"@graph\":[{\"@type\":\"WebPage\",\"@id\":\"https:\/\/blog.zeit.de\/herdentrieb\/2013\/11\/14\/zahlt-der-esm-doch-fur-marode-banken_6772\",\"url\":\"https:\/\/blog.zeit.de\/herdentrieb\/2013\/11\/14\/zahlt-der-esm-doch-fur-marode-banken_6772\",\"name\":\"Zahlt der ESM doch f\u00fcr marode Banken? - Herdentrieb\",\"isPartOf\":{\"@id\":\"https:\/\/blog.zeit.de\/herdentrieb\/#website\"},\"datePublished\":\"2013-11-14T21:57:07+00:00\",\"dateModified\":\"2013-11-14T21:58:06+00:00\",\"author\":{\"@id\":\"https:\/\/blog.zeit.de\/herdentrieb\/#\/schema\/person\/a2dfa95bbd4de7e06edc88db4e3d3871\"},\"breadcrumb\":{\"@id\":\"https:\/\/blog.zeit.de\/herdentrieb\/2013\/11\/14\/zahlt-der-esm-doch-fur-marode-banken_6772#breadcrumb\"},\"inLanguage\":\"de\",\"potentialAction\":[{\"@type\":\"ReadAction\",\"target\":[\"https:\/\/blog.zeit.de\/herdentrieb\/2013\/11\/14\/zahlt-der-esm-doch-fur-marode-banken_6772\"]}]},{\"@type\":\"BreadcrumbList\",\"@id\":\"https:\/\/blog.zeit.de\/herdentrieb\/2013\/11\/14\/zahlt-der-esm-doch-fur-marode-banken_6772#breadcrumb\",\"itemListElement\":[{\"@type\":\"ListItem\",\"position\":1,\"name\":\"Startseite\",\"item\":\"https:\/\/blog.zeit.de\/herdentrieb\"},{\"@type\":\"ListItem\",\"position\":2,\"name\":\"Zahlt der ESM doch f\u00fcr marode Banken?\"}]},{\"@type\":\"WebSite\",\"@id\":\"https:\/\/blog.zeit.de\/herdentrieb\/#website\",\"url\":\"https:\/\/blog.zeit.de\/herdentrieb\/\",\"name\":\"Herdentrieb\",\"description\":\"So funktioniert Kapitalismus. Ein Blog\",\"potentialAction\":[{\"@type\":\"SearchAction\",\"target\":{\"@type\":\"EntryPoint\",\"urlTemplate\":\"https:\/\/blog.zeit.de\/herdentrieb\/?s={search_term_string}\"},\"query-input\":\"required name=search_term_string\"}],\"inLanguage\":\"de\"},{\"@type\":\"Person\",\"@id\":\"https:\/\/blog.zeit.de\/herdentrieb\/#\/schema\/person\/a2dfa95bbd4de7e06edc88db4e3d3871\",\"name\":\"Mark Schieritz\",\"image\":{\"@type\":\"ImageObject\",\"inLanguage\":\"de\",\"@id\":\"https:\/\/blog.zeit.de\/herdentrieb\/#\/schema\/person\/image\/\",\"url\":\"https:\/\/secure.gravatar.com\/avatar\/66e072b8ecaf6d851921c0577ca78c8c9a24223a3c3cb6df48c5d839d1b622e0?s=96&d=mm&r=g\",\"contentUrl\":\"https:\/\/secure.gravatar.com\/avatar\/66e072b8ecaf6d851921c0577ca78c8c9a24223a3c3cb6df48c5d839d1b622e0?s=96&d=mm&r=g\",\"caption\":\"Mark Schieritz\"},\"url\":\"https:\/\/blog.zeit.de\/herdentrieb\/author\/mark-schieritz\"}]}<\/script>\n<!-- \/ Yoast SEO plugin. -->","yoast_head_json":{"title":"Zahlt der ESM doch f\u00fcr marode Banken?  - Herdentrieb","robots":{"index":"index","follow":"follow","max-snippet":"max-snippet:-1","max-image-preview":"max-image-preview:large","max-video-preview":"max-video-preview:-1"},"canonical":"https:\/\/blog.zeit.de\/herdentrieb\/2013\/11\/14\/zahlt-der-esm-doch-fur-marode-banken_6772","og_locale":"de_DE","og_type":"article","og_title":"Zahlt der ESM doch f\u00fcr marode Banken?  - Herdentrieb","og_description":"Das hier ist aus dem vom Wirtschafts- und W\u00e4hrungsausschuss erstellten Entwurf f\u00fcr die Schlussfolgerungen der Ecofin-Sitzung in Br\u00fcssel. Es geht um den Umgang mit Kapitall\u00fccken im Zuge des Stresstests der EZB. Die Haftungskaskade lautet wie bekannt: 1. Die betroffenen Banken 2. Ihre Heimatstaaten 3. Die europ\u00e4ischen Institutionen Und jetzt wird es spannend: &nbsp; Zumindest in [&hellip;]","og_url":"https:\/\/blog.zeit.de\/herdentrieb\/2013\/11\/14\/zahlt-der-esm-doch-fur-marode-banken_6772","og_site_name":"Herdentrieb","article_published_time":"2013-11-14T21:57:07+00:00","article_modified_time":"2013-11-14T21:58:06+00:00","og_image":[{"url":"https:\/\/blog.zeit.de\/herdentrieb\/files\/2013\/11\/councildraft.png"}],"author":"Mark Schieritz","twitter_card":"summary_large_image","twitter_creator":"@zeitonline","twitter_site":"@zeitonline","twitter_misc":{"Geschrieben von":"Mark Schieritz","Gesch\u00e4tzte Lesezeit":"1\u00a0Minute"},"schema":{"@context":"https:\/\/schema.org","@graph":[{"@type":"WebPage","@id":"https:\/\/blog.zeit.de\/herdentrieb\/2013\/11\/14\/zahlt-der-esm-doch-fur-marode-banken_6772","url":"https:\/\/blog.zeit.de\/herdentrieb\/2013\/11\/14\/zahlt-der-esm-doch-fur-marode-banken_6772","name":"Zahlt der ESM doch f\u00fcr marode Banken? - Herdentrieb","isPartOf":{"@id":"https:\/\/blog.zeit.de\/herdentrieb\/#website"},"datePublished":"2013-11-14T21:57:07+00:00","dateModified":"2013-11-14T21:58:06+00:00","author":{"@id":"https:\/\/blog.zeit.de\/herdentrieb\/#\/schema\/person\/a2dfa95bbd4de7e06edc88db4e3d3871"},"breadcrumb":{"@id":"https:\/\/blog.zeit.de\/herdentrieb\/2013\/11\/14\/zahlt-der-esm-doch-fur-marode-banken_6772#breadcrumb"},"inLanguage":"de","potentialAction":[{"@type":"ReadAction","target":["https:\/\/blog.zeit.de\/herdentrieb\/2013\/11\/14\/zahlt-der-esm-doch-fur-marode-banken_6772"]}]},{"@type":"BreadcrumbList","@id":"https:\/\/blog.zeit.de\/herdentrieb\/2013\/11\/14\/zahlt-der-esm-doch-fur-marode-banken_6772#breadcrumb","itemListElement":[{"@type":"ListItem","position":1,"name":"Startseite","item":"https:\/\/blog.zeit.de\/herdentrieb"},{"@type":"ListItem","position":2,"name":"Zahlt der ESM doch f\u00fcr marode Banken?"}]},{"@type":"WebSite","@id":"https:\/\/blog.zeit.de\/herdentrieb\/#website","url":"https:\/\/blog.zeit.de\/herdentrieb\/","name":"Herdentrieb","description":"So funktioniert Kapitalismus. Ein Blog","potentialAction":[{"@type":"SearchAction","target":{"@type":"EntryPoint","urlTemplate":"https:\/\/blog.zeit.de\/herdentrieb\/?s={search_term_string}"},"query-input":"required name=search_term_string"}],"inLanguage":"de"},{"@type":"Person","@id":"https:\/\/blog.zeit.de\/herdentrieb\/#\/schema\/person\/a2dfa95bbd4de7e06edc88db4e3d3871","name":"Mark Schieritz","image":{"@type":"ImageObject","inLanguage":"de","@id":"https:\/\/blog.zeit.de\/herdentrieb\/#\/schema\/person\/image\/","url":"https:\/\/secure.gravatar.com\/avatar\/66e072b8ecaf6d851921c0577ca78c8c9a24223a3c3cb6df48c5d839d1b622e0?s=96&d=mm&r=g","contentUrl":"https:\/\/secure.gravatar.com\/avatar\/66e072b8ecaf6d851921c0577ca78c8c9a24223a3c3cb6df48c5d839d1b622e0?s=96&d=mm&r=g","caption":"Mark Schieritz"},"url":"https:\/\/blog.zeit.de\/herdentrieb\/author\/mark-schieritz"}]}},"jetpack_featured_media_url":"","jetpack_sharing_enabled":true,"_links":{"self":[{"href":"https:\/\/blog.zeit.de\/herdentrieb\/wp-json\/wp\/v2\/posts\/6772","targetHints":{"allow":["GET"]}}],"collection":[{"href":"https:\/\/blog.zeit.de\/herdentrieb\/wp-json\/wp\/v2\/posts"}],"about":[{"href":"https:\/\/blog.zeit.de\/herdentrieb\/wp-json\/wp\/v2\/types\/post"}],"author":[{"embeddable":true,"href":"https:\/\/blog.zeit.de\/herdentrieb\/wp-json\/wp\/v2\/users\/215"}],"replies":[{"embeddable":true,"href":"https:\/\/blog.zeit.de\/herdentrieb\/wp-json\/wp\/v2\/comments?post=6772"}],"version-history":[{"count":3,"href":"https:\/\/blog.zeit.de\/herdentrieb\/wp-json\/wp\/v2\/posts\/6772\/revisions"}],"predecessor-version":[{"id":6776,"href":"https:\/\/blog.zeit.de\/herdentrieb\/wp-json\/wp\/v2\/posts\/6772\/revisions\/6776"}],"wp:attachment":[{"href":"https:\/\/blog.zeit.de\/herdentrieb\/wp-json\/wp\/v2\/media?parent=6772"}],"wp:term":[{"taxonomy":"category","embeddable":true,"href":"https:\/\/blog.zeit.de\/herdentrieb\/wp-json\/wp\/v2\/categories?post=6772"},{"taxonomy":"post_tag","embeddable":true,"href":"https:\/\/blog.zeit.de\/herdentrieb\/wp-json\/wp\/v2\/tags?post=6772"}],"curies":[{"name":"wp","href":"https:\/\/api.w.org\/{rel}","templated":true}]}}