{"id":6818,"date":"2013-11-26T17:11:56","date_gmt":"2013-11-26T16:11:56","guid":{"rendered":"http:\/\/blog.zeit.de\/herdentrieb\/?p=6818"},"modified":"2013-11-26T18:26:00","modified_gmt":"2013-11-26T17:26:00","slug":"die-gewagten-prognosen-des-wolfgang-schauble","status":"publish","type":"post","link":"https:\/\/blog.zeit.de\/herdentrieb\/2013\/11\/26\/die-gewagten-prognosen-des-wolfgang-schauble_6818","title":{"rendered":"Die gewagten Prognosen des Wolfgang Sch\u00e4uble"},"content":{"rendered":"<p>Ich habe bereits \u00fcber ein <a title=\"Artikel auf ZEIT ONLINE\" href=\"http:\/\/www.zeit.de\/wirtschaft\/2013-11\/kommentar-arbeitsplaetze\">Papier des Bundesfinanzministeriums<\/a> berichtet, in dem die gesamtwirtschaftlichen Auswirkungen der in den Koalitionsverhandlungen diskutierten Ma\u00dfnahmen bei Rente, Pflege und auf dem Arbeitsmarkt beziffert werden. Hier nun ein Auszug aus dem Papier.<\/p>\n<p><a href=\"https:\/\/blog.zeit.de\/herdentrieb\/2013\/11\/26\/die-gewagten-prognosen-des-wolfgang-schauble_6818\/koa\" rel=\"attachment wp-att-6819\"><img loading=\"lazy\" decoding=\"async\" class=\"size-full wp-image-6819\" alt=\"koa\" src=\"https:\/\/blog.zeit.de\/herdentrieb\/files\/2013\/11\/koa.png\" width=\"706\" height=\"448\" srcset=\"https:\/\/blog.zeit.de\/herdentrieb\/files\/2013\/11\/koa.png 706w, https:\/\/blog.zeit.de\/herdentrieb\/files\/2013\/11\/koa-300x190.png 300w\" sizes=\"auto, (max-width: 706px) 100vw, 706px\" \/><\/a><\/p>\n<p>Wie gesagt: Man kann \u00fcber das F\u00fcr und Wider aller Vorschl\u00e4ge lange streiten. Ich habe nur erhebliche Zweifel daran, dass sich die Folgen f\u00fcr Wachstum und Besch\u00e4ftigung einigerma\u00dfen zuverl\u00e4ssig beziffern lassen. \u00a0Aber wir haben jetzt ja eine verifizierbare Prognose. In dem Dokument hei\u00dft es an anderer Stelle:<\/p>\n<p><a href=\"https:\/\/blog.zeit.de\/herdentrieb\/2013\/11\/26\/die-gewagten-prognosen-des-wolfgang-schauble_6818\/koa2\" rel=\"attachment wp-att-6820\"><img loading=\"lazy\" decoding=\"async\" class=\"size-full wp-image-6820\" alt=\"koa2\" src=\"https:\/\/blog.zeit.de\/herdentrieb\/files\/2013\/11\/koa2.png\" width=\"596\" height=\"47\" srcset=\"https:\/\/blog.zeit.de\/herdentrieb\/files\/2013\/11\/koa2.png 596w, https:\/\/blog.zeit.de\/herdentrieb\/files\/2013\/11\/koa2-300x23.png 300w\" sizes=\"auto, (max-width: 596px) 100vw, 596px\" \/><\/a><\/p>\n<p>Das Bundesfinanzministerium sagt also vorher, dass bis 2017 eineinhalb bis zwei Millionen Stellen wegfallen und das Wachstum um 0,5 Prozentpunkte niedriger ausf\u00e4llt. \u00a0Bislang erwartet die Bundesregierung f\u00fcr 2014 ein Wachstum von 1,7 Prozent. Der Wert m\u00fcsste dann \u2013 wenn die Ma\u00dfnahmen so beschlossen werden und das Papier mehr war als Panikmache \u2013 bald nach unten korrigiert werden. Das gilt auch f\u00fcr die Annahmen in der mittelfristigen Finanzplanung, wo bis 2017 mit einem Anstieg des BIP von durchschnittlich 1,4 Prozent pro Jahr gerechnet wird.<\/p>\n<p>Ich bin gespannt, ob das geschieht \u2013 und ob andere professionelle Konjunkturbeobachter ihre Prognosen signifikant revidieren. Mein Tipp w\u00e4re eher nicht\u00a0\u2013 aber vielleicht \u00a0liege ich ja auch falsch.<\/p>\n","protected":false},"excerpt":{"rendered":"<p>Ich habe bereits \u00fcber ein Papier des Bundesfinanzministeriums berichtet, in dem die gesamtwirtschaftlichen Auswirkungen der in den Koalitionsverhandlungen diskutierten Ma\u00dfnahmen bei Rente, Pflege und auf dem Arbeitsmarkt beziffert werden. Hier nun ein Auszug aus dem Papier. Wie gesagt: Man kann \u00fcber das F\u00fcr und Wider aller Vorschl\u00e4ge lange streiten. Ich habe nur erhebliche Zweifel daran, [&hellip;]<\/p>\n","protected":false},"author":215,"featured_media":0,"comment_status":"open","ping_status":"closed","sticky":false,"template":"","format":"standard","meta":{"_jetpack_memberships_contains_paid_content":false,"footnotes":""},"categories":[3],"tags":[],"class_list":["post-6818","post","type-post","status-publish","format-standard","hentry","category-der-aktuelle-rand"],"yoast_head":"<!-- This site is optimized with the Yoast SEO plugin v21.0 - https:\/\/yoast.com\/wordpress\/plugins\/seo\/ -->\n<title>Die gewagten Prognosen des Wolfgang Sch\u00e4uble - Herdentrieb<\/title>\n<meta name=\"robots\" content=\"index, follow, max-snippet:-1, max-image-preview:large, max-video-preview:-1\" \/>\n<link rel=\"canonical\" href=\"https:\/\/blog.zeit.de\/herdentrieb\/2013\/11\/26\/die-gewagten-prognosen-des-wolfgang-schauble_6818\" \/>\n<meta property=\"og:locale\" content=\"de_DE\" \/>\n<meta property=\"og:type\" content=\"article\" \/>\n<meta property=\"og:title\" content=\"Die gewagten Prognosen des Wolfgang Sch\u00e4uble - Herdentrieb\" \/>\n<meta property=\"og:description\" content=\"Ich habe bereits \u00fcber ein Papier des Bundesfinanzministeriums berichtet, in dem die gesamtwirtschaftlichen Auswirkungen der in den Koalitionsverhandlungen diskutierten Ma\u00dfnahmen bei Rente, Pflege und auf dem Arbeitsmarkt beziffert werden. Hier nun ein Auszug aus dem Papier. Wie gesagt: Man kann \u00fcber das F\u00fcr und Wider aller Vorschl\u00e4ge lange streiten. Ich habe nur erhebliche Zweifel daran, [&hellip;]\" \/>\n<meta property=\"og:url\" content=\"https:\/\/blog.zeit.de\/herdentrieb\/2013\/11\/26\/die-gewagten-prognosen-des-wolfgang-schauble_6818\" \/>\n<meta property=\"og:site_name\" content=\"Herdentrieb\" \/>\n<meta property=\"article:published_time\" content=\"2013-11-26T16:11:56+00:00\" \/>\n<meta property=\"article:modified_time\" content=\"2013-11-26T17:26:00+00:00\" \/>\n<meta property=\"og:image\" content=\"https:\/\/blog.zeit.de\/herdentrieb\/files\/2013\/11\/koa.png\" \/>\n<meta name=\"author\" content=\"Mark Schieritz\" \/>\n<meta name=\"twitter:card\" content=\"summary_large_image\" \/>\n<meta name=\"twitter:creator\" content=\"@zeitonline\" \/>\n<meta name=\"twitter:site\" content=\"@zeitonline\" \/>\n<meta name=\"twitter:label1\" content=\"Geschrieben von\" \/>\n\t<meta name=\"twitter:data1\" content=\"Mark Schieritz\" \/>\n\t<meta name=\"twitter:label2\" content=\"Gesch\u00e4tzte Lesezeit\" \/>\n\t<meta name=\"twitter:data2\" content=\"1\u00a0Minute\" \/>\n<script type=\"application\/ld+json\" class=\"yoast-schema-graph\">{\"@context\":\"https:\/\/schema.org\",\"@graph\":[{\"@type\":\"WebPage\",\"@id\":\"https:\/\/blog.zeit.de\/herdentrieb\/2013\/11\/26\/die-gewagten-prognosen-des-wolfgang-schauble_6818\",\"url\":\"https:\/\/blog.zeit.de\/herdentrieb\/2013\/11\/26\/die-gewagten-prognosen-des-wolfgang-schauble_6818\",\"name\":\"Die gewagten Prognosen des Wolfgang Sch\u00e4uble - Herdentrieb\",\"isPartOf\":{\"@id\":\"https:\/\/blog.zeit.de\/herdentrieb\/#website\"},\"datePublished\":\"2013-11-26T16:11:56+00:00\",\"dateModified\":\"2013-11-26T17:26:00+00:00\",\"author\":{\"@id\":\"https:\/\/blog.zeit.de\/herdentrieb\/#\/schema\/person\/a2dfa95bbd4de7e06edc88db4e3d3871\"},\"breadcrumb\":{\"@id\":\"https:\/\/blog.zeit.de\/herdentrieb\/2013\/11\/26\/die-gewagten-prognosen-des-wolfgang-schauble_6818#breadcrumb\"},\"inLanguage\":\"de\",\"potentialAction\":[{\"@type\":\"ReadAction\",\"target\":[\"https:\/\/blog.zeit.de\/herdentrieb\/2013\/11\/26\/die-gewagten-prognosen-des-wolfgang-schauble_6818\"]}]},{\"@type\":\"BreadcrumbList\",\"@id\":\"https:\/\/blog.zeit.de\/herdentrieb\/2013\/11\/26\/die-gewagten-prognosen-des-wolfgang-schauble_6818#breadcrumb\",\"itemListElement\":[{\"@type\":\"ListItem\",\"position\":1,\"name\":\"Startseite\",\"item\":\"https:\/\/blog.zeit.de\/herdentrieb\"},{\"@type\":\"ListItem\",\"position\":2,\"name\":\"Die gewagten Prognosen des Wolfgang Sch\u00e4uble\"}]},{\"@type\":\"WebSite\",\"@id\":\"https:\/\/blog.zeit.de\/herdentrieb\/#website\",\"url\":\"https:\/\/blog.zeit.de\/herdentrieb\/\",\"name\":\"Herdentrieb\",\"description\":\"So funktioniert Kapitalismus. Ein Blog\",\"potentialAction\":[{\"@type\":\"SearchAction\",\"target\":{\"@type\":\"EntryPoint\",\"urlTemplate\":\"https:\/\/blog.zeit.de\/herdentrieb\/?s={search_term_string}\"},\"query-input\":\"required name=search_term_string\"}],\"inLanguage\":\"de\"},{\"@type\":\"Person\",\"@id\":\"https:\/\/blog.zeit.de\/herdentrieb\/#\/schema\/person\/a2dfa95bbd4de7e06edc88db4e3d3871\",\"name\":\"Mark Schieritz\",\"image\":{\"@type\":\"ImageObject\",\"inLanguage\":\"de\",\"@id\":\"https:\/\/blog.zeit.de\/herdentrieb\/#\/schema\/person\/image\/\",\"url\":\"https:\/\/secure.gravatar.com\/avatar\/66e072b8ecaf6d851921c0577ca78c8c9a24223a3c3cb6df48c5d839d1b622e0?s=96&d=mm&r=g\",\"contentUrl\":\"https:\/\/secure.gravatar.com\/avatar\/66e072b8ecaf6d851921c0577ca78c8c9a24223a3c3cb6df48c5d839d1b622e0?s=96&d=mm&r=g\",\"caption\":\"Mark Schieritz\"},\"url\":\"https:\/\/blog.zeit.de\/herdentrieb\/author\/mark-schieritz\"}]}<\/script>\n<!-- \/ Yoast SEO plugin. -->","yoast_head_json":{"title":"Die gewagten Prognosen des Wolfgang Sch\u00e4uble - Herdentrieb","robots":{"index":"index","follow":"follow","max-snippet":"max-snippet:-1","max-image-preview":"max-image-preview:large","max-video-preview":"max-video-preview:-1"},"canonical":"https:\/\/blog.zeit.de\/herdentrieb\/2013\/11\/26\/die-gewagten-prognosen-des-wolfgang-schauble_6818","og_locale":"de_DE","og_type":"article","og_title":"Die gewagten Prognosen des Wolfgang Sch\u00e4uble - Herdentrieb","og_description":"Ich habe bereits \u00fcber ein Papier des Bundesfinanzministeriums berichtet, in dem die gesamtwirtschaftlichen Auswirkungen der in den Koalitionsverhandlungen diskutierten Ma\u00dfnahmen bei Rente, Pflege und auf dem Arbeitsmarkt beziffert werden. Hier nun ein Auszug aus dem Papier. Wie gesagt: Man kann \u00fcber das F\u00fcr und Wider aller Vorschl\u00e4ge lange streiten. Ich habe nur erhebliche Zweifel daran, [&hellip;]","og_url":"https:\/\/blog.zeit.de\/herdentrieb\/2013\/11\/26\/die-gewagten-prognosen-des-wolfgang-schauble_6818","og_site_name":"Herdentrieb","article_published_time":"2013-11-26T16:11:56+00:00","article_modified_time":"2013-11-26T17:26:00+00:00","og_image":[{"url":"https:\/\/blog.zeit.de\/herdentrieb\/files\/2013\/11\/koa.png"}],"author":"Mark Schieritz","twitter_card":"summary_large_image","twitter_creator":"@zeitonline","twitter_site":"@zeitonline","twitter_misc":{"Geschrieben von":"Mark Schieritz","Gesch\u00e4tzte Lesezeit":"1\u00a0Minute"},"schema":{"@context":"https:\/\/schema.org","@graph":[{"@type":"WebPage","@id":"https:\/\/blog.zeit.de\/herdentrieb\/2013\/11\/26\/die-gewagten-prognosen-des-wolfgang-schauble_6818","url":"https:\/\/blog.zeit.de\/herdentrieb\/2013\/11\/26\/die-gewagten-prognosen-des-wolfgang-schauble_6818","name":"Die gewagten Prognosen des Wolfgang Sch\u00e4uble - Herdentrieb","isPartOf":{"@id":"https:\/\/blog.zeit.de\/herdentrieb\/#website"},"datePublished":"2013-11-26T16:11:56+00:00","dateModified":"2013-11-26T17:26:00+00:00","author":{"@id":"https:\/\/blog.zeit.de\/herdentrieb\/#\/schema\/person\/a2dfa95bbd4de7e06edc88db4e3d3871"},"breadcrumb":{"@id":"https:\/\/blog.zeit.de\/herdentrieb\/2013\/11\/26\/die-gewagten-prognosen-des-wolfgang-schauble_6818#breadcrumb"},"inLanguage":"de","potentialAction":[{"@type":"ReadAction","target":["https:\/\/blog.zeit.de\/herdentrieb\/2013\/11\/26\/die-gewagten-prognosen-des-wolfgang-schauble_6818"]}]},{"@type":"BreadcrumbList","@id":"https:\/\/blog.zeit.de\/herdentrieb\/2013\/11\/26\/die-gewagten-prognosen-des-wolfgang-schauble_6818#breadcrumb","itemListElement":[{"@type":"ListItem","position":1,"name":"Startseite","item":"https:\/\/blog.zeit.de\/herdentrieb"},{"@type":"ListItem","position":2,"name":"Die gewagten Prognosen des Wolfgang Sch\u00e4uble"}]},{"@type":"WebSite","@id":"https:\/\/blog.zeit.de\/herdentrieb\/#website","url":"https:\/\/blog.zeit.de\/herdentrieb\/","name":"Herdentrieb","description":"So funktioniert Kapitalismus. Ein Blog","potentialAction":[{"@type":"SearchAction","target":{"@type":"EntryPoint","urlTemplate":"https:\/\/blog.zeit.de\/herdentrieb\/?s={search_term_string}"},"query-input":"required name=search_term_string"}],"inLanguage":"de"},{"@type":"Person","@id":"https:\/\/blog.zeit.de\/herdentrieb\/#\/schema\/person\/a2dfa95bbd4de7e06edc88db4e3d3871","name":"Mark Schieritz","image":{"@type":"ImageObject","inLanguage":"de","@id":"https:\/\/blog.zeit.de\/herdentrieb\/#\/schema\/person\/image\/","url":"https:\/\/secure.gravatar.com\/avatar\/66e072b8ecaf6d851921c0577ca78c8c9a24223a3c3cb6df48c5d839d1b622e0?s=96&d=mm&r=g","contentUrl":"https:\/\/secure.gravatar.com\/avatar\/66e072b8ecaf6d851921c0577ca78c8c9a24223a3c3cb6df48c5d839d1b622e0?s=96&d=mm&r=g","caption":"Mark Schieritz"},"url":"https:\/\/blog.zeit.de\/herdentrieb\/author\/mark-schieritz"}]}},"jetpack_featured_media_url":"","jetpack_sharing_enabled":true,"_links":{"self":[{"href":"https:\/\/blog.zeit.de\/herdentrieb\/wp-json\/wp\/v2\/posts\/6818","targetHints":{"allow":["GET"]}}],"collection":[{"href":"https:\/\/blog.zeit.de\/herdentrieb\/wp-json\/wp\/v2\/posts"}],"about":[{"href":"https:\/\/blog.zeit.de\/herdentrieb\/wp-json\/wp\/v2\/types\/post"}],"author":[{"embeddable":true,"href":"https:\/\/blog.zeit.de\/herdentrieb\/wp-json\/wp\/v2\/users\/215"}],"replies":[{"embeddable":true,"href":"https:\/\/blog.zeit.de\/herdentrieb\/wp-json\/wp\/v2\/comments?post=6818"}],"version-history":[{"count":6,"href":"https:\/\/blog.zeit.de\/herdentrieb\/wp-json\/wp\/v2\/posts\/6818\/revisions"}],"predecessor-version":[{"id":6826,"href":"https:\/\/blog.zeit.de\/herdentrieb\/wp-json\/wp\/v2\/posts\/6818\/revisions\/6826"}],"wp:attachment":[{"href":"https:\/\/blog.zeit.de\/herdentrieb\/wp-json\/wp\/v2\/media?parent=6818"}],"wp:term":[{"taxonomy":"category","embeddable":true,"href":"https:\/\/blog.zeit.de\/herdentrieb\/wp-json\/wp\/v2\/categories?post=6818"},{"taxonomy":"post_tag","embeddable":true,"href":"https:\/\/blog.zeit.de\/herdentrieb\/wp-json\/wp\/v2\/tags?post=6818"}],"curies":[{"name":"wp","href":"https:\/\/api.w.org\/{rel}","templated":true}]}}