{"id":6993,"date":"2014-01-27T19:18:34","date_gmt":"2014-01-27T18:18:34","guid":{"rendered":"http:\/\/blog.zeit.de\/herdentrieb\/?p=6993"},"modified":"2014-02-01T18:40:15","modified_gmt":"2014-02-01T17:40:15","slug":"dax-schwachelt-trotz-starkem-ifo-index","status":"publish","type":"post","link":"https:\/\/blog.zeit.de\/herdentrieb\/2014\/01\/27\/dax-schwachelt-trotz-starkem-ifo-index_6993","title":{"rendered":"DAX schw\u00e4chelt trotz starkem Ifo-Index"},"content":{"rendered":"<p>Die Erwartungskomponente im Ifo-Index bewegt sich seit vielen Jahren im Gleichschritt mit der deutschen Industrieproduktion \u2013 und die wiederum ist ein Indikator daf\u00fcr, wie sich das reale Sozialprodukt entwickeln wird. Nach den Zahlen, die <a title=\"ifo Institut - ifo Konjunkturtest Januar 2014\" href=\"http:\/\/www.cesifo-group.de\/de\/ifoHome\/facts\/Survey-Results\/Business-Climate\/Geschaeftsklima-Archiv\/2014\/Geschaeftsklima-20140127.html\" target=\"_blank\">das Ifo Institut am Montag ver\u00f6ffentlicht hat<\/a>, d\u00fcrfte die Zuwachsrate der Industrieproduktion gegen\u00fcber dem Vorjahr im kommenden April deutlich \u00fcber f\u00fcnf Prozent liegen.<br \/>\n<!--more--><br \/>\n<img loading=\"lazy\" decoding=\"async\" src=\"https:\/\/blog.zeit.de\/herdentrieb\/files\/2014\/01\/Ifo_Erwartungen_und_Produktion_1401.gif\" alt=\"Grafik: Zusammenhang zwischen Ifo Erwartungen und der Zuwachsrate der Industrieprodulktion\" width=\"506\" height=\"290\" class=\"size-full wp-image-6994\" \/><\/p>\n<p>Es ist angesichts eines solchen Aufschwungs zu vermuten, dass das reale BIP im ersten Quartal gegen\u00fcber dem vierten um mindestens ein Prozent, vielleicht sogar um 1,25 Prozent zunehmen wird. Die meisten Prognosen f\u00fcr das Gesamtjahr bewegen sich in der Gr\u00f6\u00dfenordnung von zwei Prozent (<a title=\"Statistisches Bundesamt\"  href=\"https:\/\/www.destatis.de\/DE\/PresseService\/Presse\/Pressemitteilungen\/2014\/01\/PD14_016_811.html;jsessionid=4A6210287A43DAC640AE3915AA89A32E.cae2\" target=\"_blank\">nach +0,4 im Jahr 2013<\/a>). Wenn die Vorhersagekraft des Ifo-Index sich auch diesmal best\u00e4tigt, wird ein viel besseres Ergebnis herauskommen.<\/p>\n<p>Der Aktienmarkt hat sich von diesen sch\u00f6nen Aussichten nicht beeindrucken lassen. Vor ein paar Tagen verk\u00fcndeten die naiven B\u00f6rsenkommentatoren noch im Fernsehen, dass der DAX in K\u00fcrze die angeblich magische Marke von 10.000 knacken w\u00fcrde \u2013 am Montag ist der Index dagegen erneut gefallen, so wie in den Vortagen, und lag zu B\u00f6rsenschluss bei 9.349 Punkten. Ein kr\u00e4ftiges Wirtschaftswachstum geht in der Regel einher mit einem \u00fcberproportionalen Anstieg der Gewinne; die L\u00f6hne folgen sp\u00e4ter. Sollte es diesmal anders sein?<\/p>\n<p><img loading=\"lazy\" decoding=\"async\" src=\"https:\/\/blog.zeit.de\/herdentrieb\/files\/2014\/01\/Dax_taegl_1999-20140127.gif\" alt=\"Grafik: T\u00e4gl. Schlusskurse des Dax seit 1999\" width=\"505\" height=\"316\" class=\"size-full wp-image-6995\" \/><\/p>\n<p>Ich habe zwei Erkl\u00e4rungen: Zum Einen war der DAX 2013 um 25,5 Prozent gestiegen, nach plus 29,1 Prozent im Jahr 2012, obwohl das Wirtschaftswachstum in beiden Jahren mehr als mickrig war, gemessen am realen BIP n\u00e4mlich jeweils nur 0,9 und 0,4 Prozent. Mit anderen Worten, die Aktienkurse hatten eine sehr kr\u00e4ftige und anhaltende Zunahme der Gewinne vorweggenommen. Wenn die Kurse st\u00e4rker steigen als die Gewinne, erh\u00f6ht sich das Kurs-Gewinnverh\u00e4ltnis (KGV), der wichtigste Bewertungsma\u00dfstab f\u00fcr Aktien. Tats\u00e4chlich hat es von Ende 2011 bis heute von 12,0 auf 15,8 zugenommen (auf der Basis der Gewinne der letzten vier Quartale). Das ist f\u00fcr deutsche Verh\u00e4ltnisse teuer, so dass es nicht mehr viel Kursphantasie gibt. Ich hatte darauf in meinen letzten <a title=\"Weblog Herdentrieb\" href=\"https:\/\/blog.zeit.de\/herdentrieb\/category\/wermuths-investment-outlook\" target=\"_blank\">Investment Outlooks<\/a> hingewiesen. Auch die Dividendenrendite ist nicht mehr so attraktiv wie einst. Eine mehrmonatige Marktkonsolidierung ist augenblicklich ein plausibles Szenarium.<\/p>\n<p>Zum Anderen sind die Anleger aus mehreren Gr\u00fcnden skeptischer geworden: Sie wissen vor allem nicht, wie das sogenannte <em>Tapering<\/em> der US-Notenbank, die langsamere Expansion der Zentralbankgeldmenge, auf die Liquidit\u00e4t der M\u00e4rkte durchschl\u00e4gt. Die Geldflut, mit der die Fed die Kreditvergabe und mit ihr die Ausgaben der Haushalte und Unternehmen zu stimulieren versuchte, hatte nur teilweise ihren Zweck erf\u00fcllt, viel war \u00fcbriggeblieben f\u00fcr den Erwerb von Aktien, einschlie\u00dflich der Aktienr\u00fcckk\u00e4ufe von Unternehmen selbst. Da nicht viel in Sachanlagen investiert wurde, kam es zu einem Anlagenotstand an den Finanzm\u00e4rkten. Damit d\u00fcrfte jetzt allm\u00e4hlich Schluss sein.<\/p>\n<p>China ist zudem die gro\u00dfe Unbekannte. Das Land war bislang die Lokomotive der Weltwirtschaft, es sieht aber immer be\u00e4ngstigender nach einem kreditfinanzierten Wirtschaftsboom aus, also einer Blase, die demn\u00e4chst platzen k\u00f6nnte. Die privaten (Brutto-) Schulden sind im Verh\u00e4ltnis zum nominalen Sozialprodukt auf 183 Prozent gestiegen, nach &#8222;nur&#8220; 119 Prozent vor f\u00fcnf Jahren (die Zahlen sind von der <a title=\"Bank for International Settlements\" href=\"http:\/\/www.bis.org\/\" target=\"_blank\">Bank f\u00fcr internationalen Zahlungsausgleich<\/a>). Der Anstieg war deutlich dynamischer als alles, was zuvor in den USA und im Euroland beobachtet worden war.<\/p>\n<p>Die Schw\u00e4che der deutschen Aktien ist im \u00dcbrigen das Pendant zum festen Rentenmarkt. Bundesanleihen sind bei risikoscheuen Anlegern erneut wieder sehr gefragt. Die Renditen der zehnj\u00e4hrigen sind daher innerhalb weniger Monate von fast zwei Prozent auf heute nur noch 1,67 Prozent gesunken. Totgesagte leben l\u00e4nger: Au\u00dfer dem Euro geh\u00f6ren offenbar auch niedrig-verzinsliche Bundesanleihen dazu.<\/p>\n","protected":false},"excerpt":{"rendered":"<p>Die Erwartungskomponente im Ifo-Index bewegt sich seit vielen Jahren im Gleichschritt mit der deutschen Industrieproduktion \u2013 und die wiederum ist ein Indikator daf\u00fcr, wie sich das reale Sozialprodukt entwickeln wird. Nach den Zahlen, die das Ifo Institut am Montag ver\u00f6ffentlicht hat, d\u00fcrfte die Zuwachsrate der Industrieproduktion gegen\u00fcber dem Vorjahr im kommenden April deutlich \u00fcber f\u00fcnf [&hellip;]<\/p>\n","protected":false},"author":61,"featured_media":0,"comment_status":"open","ping_status":"closed","sticky":false,"template":"","format":"standard","meta":{"_jetpack_memberships_contains_paid_content":false,"footnotes":""},"categories":[3,15],"tags":[],"class_list":["post-6993","post","type-post","status-publish","format-standard","hentry","category-der-aktuelle-rand","category-ja-wo-laufen-sie-denn-hin"],"yoast_head":"<!-- This site is optimized with the Yoast SEO plugin v21.0 - https:\/\/yoast.com\/wordpress\/plugins\/seo\/ -->\n<title>DAX schw\u00e4chelt trotz starkem Ifo-Index - Herdentrieb<\/title>\n<meta name=\"robots\" content=\"index, follow, max-snippet:-1, max-image-preview:large, max-video-preview:-1\" \/>\n<link rel=\"canonical\" href=\"https:\/\/blog.zeit.de\/herdentrieb\/2014\/01\/27\/dax-schwachelt-trotz-starkem-ifo-index_6993\" \/>\n<meta property=\"og:locale\" content=\"de_DE\" \/>\n<meta property=\"og:type\" content=\"article\" \/>\n<meta property=\"og:title\" content=\"DAX schw\u00e4chelt trotz starkem Ifo-Index - Herdentrieb\" \/>\n<meta property=\"og:description\" content=\"Die Erwartungskomponente im Ifo-Index bewegt sich seit vielen Jahren im Gleichschritt mit der deutschen Industrieproduktion \u2013 und die wiederum ist ein Indikator daf\u00fcr, wie sich das reale Sozialprodukt entwickeln wird. Nach den Zahlen, die das Ifo Institut am Montag ver\u00f6ffentlicht hat, d\u00fcrfte die Zuwachsrate der Industrieproduktion gegen\u00fcber dem Vorjahr im kommenden April deutlich \u00fcber f\u00fcnf [&hellip;]\" \/>\n<meta property=\"og:url\" content=\"https:\/\/blog.zeit.de\/herdentrieb\/2014\/01\/27\/dax-schwachelt-trotz-starkem-ifo-index_6993\" \/>\n<meta property=\"og:site_name\" content=\"Herdentrieb\" \/>\n<meta property=\"article:published_time\" content=\"2014-01-27T18:18:34+00:00\" \/>\n<meta property=\"article:modified_time\" content=\"2014-02-01T17:40:15+00:00\" \/>\n<meta property=\"og:image\" content=\"https:\/\/blog.zeit.de\/herdentrieb\/files\/2014\/01\/Ifo_Erwartungen_und_Produktion_1401.gif\" \/>\n<meta name=\"author\" content=\"Dieter Wermuth\" \/>\n<meta name=\"twitter:card\" content=\"summary_large_image\" \/>\n<meta name=\"twitter:creator\" content=\"@zeitonline\" \/>\n<meta name=\"twitter:site\" content=\"@zeitonline\" \/>\n<meta name=\"twitter:label1\" content=\"Geschrieben von\" \/>\n\t<meta name=\"twitter:data1\" content=\"Dieter Wermuth\" \/>\n\t<meta name=\"twitter:label2\" content=\"Gesch\u00e4tzte Lesezeit\" \/>\n\t<meta name=\"twitter:data2\" content=\"3\u00a0Minuten\" \/>\n<script type=\"application\/ld+json\" class=\"yoast-schema-graph\">{\"@context\":\"https:\/\/schema.org\",\"@graph\":[{\"@type\":\"WebPage\",\"@id\":\"https:\/\/blog.zeit.de\/herdentrieb\/2014\/01\/27\/dax-schwachelt-trotz-starkem-ifo-index_6993\",\"url\":\"https:\/\/blog.zeit.de\/herdentrieb\/2014\/01\/27\/dax-schwachelt-trotz-starkem-ifo-index_6993\",\"name\":\"DAX schw\u00e4chelt trotz starkem Ifo-Index - Herdentrieb\",\"isPartOf\":{\"@id\":\"https:\/\/blog.zeit.de\/herdentrieb\/#website\"},\"datePublished\":\"2014-01-27T18:18:34+00:00\",\"dateModified\":\"2014-02-01T17:40:15+00:00\",\"author\":{\"@id\":\"https:\/\/blog.zeit.de\/herdentrieb\/#\/schema\/person\/cded255e8a7893fa16565de10e59b891\"},\"breadcrumb\":{\"@id\":\"https:\/\/blog.zeit.de\/herdentrieb\/2014\/01\/27\/dax-schwachelt-trotz-starkem-ifo-index_6993#breadcrumb\"},\"inLanguage\":\"de\",\"potentialAction\":[{\"@type\":\"ReadAction\",\"target\":[\"https:\/\/blog.zeit.de\/herdentrieb\/2014\/01\/27\/dax-schwachelt-trotz-starkem-ifo-index_6993\"]}]},{\"@type\":\"BreadcrumbList\",\"@id\":\"https:\/\/blog.zeit.de\/herdentrieb\/2014\/01\/27\/dax-schwachelt-trotz-starkem-ifo-index_6993#breadcrumb\",\"itemListElement\":[{\"@type\":\"ListItem\",\"position\":1,\"name\":\"Startseite\",\"item\":\"https:\/\/blog.zeit.de\/herdentrieb\"},{\"@type\":\"ListItem\",\"position\":2,\"name\":\"DAX schw\u00e4chelt trotz starkem Ifo-Index\"}]},{\"@type\":\"WebSite\",\"@id\":\"https:\/\/blog.zeit.de\/herdentrieb\/#website\",\"url\":\"https:\/\/blog.zeit.de\/herdentrieb\/\",\"name\":\"Herdentrieb\",\"description\":\"So funktioniert Kapitalismus. Ein Blog\",\"potentialAction\":[{\"@type\":\"SearchAction\",\"target\":{\"@type\":\"EntryPoint\",\"urlTemplate\":\"https:\/\/blog.zeit.de\/herdentrieb\/?s={search_term_string}\"},\"query-input\":\"required name=search_term_string\"}],\"inLanguage\":\"de\"},{\"@type\":\"Person\",\"@id\":\"https:\/\/blog.zeit.de\/herdentrieb\/#\/schema\/person\/cded255e8a7893fa16565de10e59b891\",\"name\":\"Dieter Wermuth\",\"image\":{\"@type\":\"ImageObject\",\"inLanguage\":\"de\",\"@id\":\"https:\/\/blog.zeit.de\/herdentrieb\/#\/schema\/person\/image\/\",\"url\":\"https:\/\/secure.gravatar.com\/avatar\/17b936dcdfff00d08ede21a6c8044f16e55bc8832ed4a15d30fdb3dcfd0adec3?s=96&d=mm&r=g\",\"contentUrl\":\"https:\/\/secure.gravatar.com\/avatar\/17b936dcdfff00d08ede21a6c8044f16e55bc8832ed4a15d30fdb3dcfd0adec3?s=96&d=mm&r=g\",\"caption\":\"Dieter Wermuth\"},\"url\":\"https:\/\/blog.zeit.de\/herdentrieb\/author\/dieter-wermuth\"}]}<\/script>\n<!-- \/ Yoast SEO plugin. -->","yoast_head_json":{"title":"DAX schw\u00e4chelt trotz starkem Ifo-Index - Herdentrieb","robots":{"index":"index","follow":"follow","max-snippet":"max-snippet:-1","max-image-preview":"max-image-preview:large","max-video-preview":"max-video-preview:-1"},"canonical":"https:\/\/blog.zeit.de\/herdentrieb\/2014\/01\/27\/dax-schwachelt-trotz-starkem-ifo-index_6993","og_locale":"de_DE","og_type":"article","og_title":"DAX schw\u00e4chelt trotz starkem Ifo-Index - Herdentrieb","og_description":"Die Erwartungskomponente im Ifo-Index bewegt sich seit vielen Jahren im Gleichschritt mit der deutschen Industrieproduktion \u2013 und die wiederum ist ein Indikator daf\u00fcr, wie sich das reale Sozialprodukt entwickeln wird. Nach den Zahlen, die das Ifo Institut am Montag ver\u00f6ffentlicht hat, d\u00fcrfte die Zuwachsrate der Industrieproduktion gegen\u00fcber dem Vorjahr im kommenden April deutlich \u00fcber f\u00fcnf [&hellip;]","og_url":"https:\/\/blog.zeit.de\/herdentrieb\/2014\/01\/27\/dax-schwachelt-trotz-starkem-ifo-index_6993","og_site_name":"Herdentrieb","article_published_time":"2014-01-27T18:18:34+00:00","article_modified_time":"2014-02-01T17:40:15+00:00","og_image":[{"url":"https:\/\/blog.zeit.de\/herdentrieb\/files\/2014\/01\/Ifo_Erwartungen_und_Produktion_1401.gif"}],"author":"Dieter Wermuth","twitter_card":"summary_large_image","twitter_creator":"@zeitonline","twitter_site":"@zeitonline","twitter_misc":{"Geschrieben von":"Dieter Wermuth","Gesch\u00e4tzte Lesezeit":"3\u00a0Minuten"},"schema":{"@context":"https:\/\/schema.org","@graph":[{"@type":"WebPage","@id":"https:\/\/blog.zeit.de\/herdentrieb\/2014\/01\/27\/dax-schwachelt-trotz-starkem-ifo-index_6993","url":"https:\/\/blog.zeit.de\/herdentrieb\/2014\/01\/27\/dax-schwachelt-trotz-starkem-ifo-index_6993","name":"DAX schw\u00e4chelt trotz starkem Ifo-Index - Herdentrieb","isPartOf":{"@id":"https:\/\/blog.zeit.de\/herdentrieb\/#website"},"datePublished":"2014-01-27T18:18:34+00:00","dateModified":"2014-02-01T17:40:15+00:00","author":{"@id":"https:\/\/blog.zeit.de\/herdentrieb\/#\/schema\/person\/cded255e8a7893fa16565de10e59b891"},"breadcrumb":{"@id":"https:\/\/blog.zeit.de\/herdentrieb\/2014\/01\/27\/dax-schwachelt-trotz-starkem-ifo-index_6993#breadcrumb"},"inLanguage":"de","potentialAction":[{"@type":"ReadAction","target":["https:\/\/blog.zeit.de\/herdentrieb\/2014\/01\/27\/dax-schwachelt-trotz-starkem-ifo-index_6993"]}]},{"@type":"BreadcrumbList","@id":"https:\/\/blog.zeit.de\/herdentrieb\/2014\/01\/27\/dax-schwachelt-trotz-starkem-ifo-index_6993#breadcrumb","itemListElement":[{"@type":"ListItem","position":1,"name":"Startseite","item":"https:\/\/blog.zeit.de\/herdentrieb"},{"@type":"ListItem","position":2,"name":"DAX schw\u00e4chelt trotz starkem Ifo-Index"}]},{"@type":"WebSite","@id":"https:\/\/blog.zeit.de\/herdentrieb\/#website","url":"https:\/\/blog.zeit.de\/herdentrieb\/","name":"Herdentrieb","description":"So funktioniert Kapitalismus. Ein Blog","potentialAction":[{"@type":"SearchAction","target":{"@type":"EntryPoint","urlTemplate":"https:\/\/blog.zeit.de\/herdentrieb\/?s={search_term_string}"},"query-input":"required name=search_term_string"}],"inLanguage":"de"},{"@type":"Person","@id":"https:\/\/blog.zeit.de\/herdentrieb\/#\/schema\/person\/cded255e8a7893fa16565de10e59b891","name":"Dieter Wermuth","image":{"@type":"ImageObject","inLanguage":"de","@id":"https:\/\/blog.zeit.de\/herdentrieb\/#\/schema\/person\/image\/","url":"https:\/\/secure.gravatar.com\/avatar\/17b936dcdfff00d08ede21a6c8044f16e55bc8832ed4a15d30fdb3dcfd0adec3?s=96&d=mm&r=g","contentUrl":"https:\/\/secure.gravatar.com\/avatar\/17b936dcdfff00d08ede21a6c8044f16e55bc8832ed4a15d30fdb3dcfd0adec3?s=96&d=mm&r=g","caption":"Dieter Wermuth"},"url":"https:\/\/blog.zeit.de\/herdentrieb\/author\/dieter-wermuth"}]}},"jetpack_featured_media_url":"","jetpack_sharing_enabled":true,"_links":{"self":[{"href":"https:\/\/blog.zeit.de\/herdentrieb\/wp-json\/wp\/v2\/posts\/6993","targetHints":{"allow":["GET"]}}],"collection":[{"href":"https:\/\/blog.zeit.de\/herdentrieb\/wp-json\/wp\/v2\/posts"}],"about":[{"href":"https:\/\/blog.zeit.de\/herdentrieb\/wp-json\/wp\/v2\/types\/post"}],"author":[{"embeddable":true,"href":"https:\/\/blog.zeit.de\/herdentrieb\/wp-json\/wp\/v2\/users\/61"}],"replies":[{"embeddable":true,"href":"https:\/\/blog.zeit.de\/herdentrieb\/wp-json\/wp\/v2\/comments?post=6993"}],"version-history":[{"count":12,"href":"https:\/\/blog.zeit.de\/herdentrieb\/wp-json\/wp\/v2\/posts\/6993\/revisions"}],"predecessor-version":[{"id":7037,"href":"https:\/\/blog.zeit.de\/herdentrieb\/wp-json\/wp\/v2\/posts\/6993\/revisions\/7037"}],"wp:attachment":[{"href":"https:\/\/blog.zeit.de\/herdentrieb\/wp-json\/wp\/v2\/media?parent=6993"}],"wp:term":[{"taxonomy":"category","embeddable":true,"href":"https:\/\/blog.zeit.de\/herdentrieb\/wp-json\/wp\/v2\/categories?post=6993"},{"taxonomy":"post_tag","embeddable":true,"href":"https:\/\/blog.zeit.de\/herdentrieb\/wp-json\/wp\/v2\/tags?post=6993"}],"curies":[{"name":"wp","href":"https:\/\/api.w.org\/{rel}","templated":true}]}}