{"id":7059,"date":"2014-02-04T22:17:16","date_gmt":"2014-02-04T21:17:16","guid":{"rendered":"http:\/\/blog.zeit.de\/herdentrieb\/?p=7059"},"modified":"2014-02-04T23:18:51","modified_gmt":"2014-02-04T22:18:51","slug":"germanys-defeat","status":"publish","type":"post","link":"https:\/\/blog.zeit.de\/herdentrieb\/2014\/02\/04\/germanys-defeat_7059","title":{"rendered":"Germany&#8217;s defeat?"},"content":{"rendered":"<p>Die Aufgabenverteilung im Direktorium der <a title=\"ECB Press Release 4 February 2014\" href=\"http:\/\/www.ecb.europa.eu\/press\/pr\/date\/2014\/html\/pr140204_1.en.html\" target=\"_blank\">EZB<\/a> ist interessant. Benoit Coeure hat mit International and European Relations sowie Market Operations einen guten Schnitt gemacht. Er wird neben Draghi der wichtige Mann in der EZB sein. Gut dabei ist mit Research und Financial Stability auch Vitor Constancio. Praet darf weiter Economics machen (hat aber nicht die Bedeutung fr\u00fcherer Chef\u00f6konomen, weil Draghi selbst ein Volkswirt mit <em>strong views<\/em>\u00a0ist), Yves Mersch ist Chefjurist und Risikomanager.<\/p>\n<p>Damit sind wir bei Sabine Lautenschl\u00e4ger. Sie erh\u00e4lt wie erwartet die Bankenaufsicht und sitzt damit an zentraler Stelle, was dieses wichtige neue Aufgabenfeld angeht (muss sich aber mit der \u00fcberaus ehrgeizigen Aufsichtschefin Daniel Nouy und dem \u00e4u\u00dferst selbstbewussten Abteilungsleiter Ignazio Angeloni arrangieren). Das war es dann aber auch (sieht man einmal von Statistik ab).<br \/>\n<!--more--><br \/>\nDas bedeutet: Aus den gro\u00dfen makro-\u00f6konomischen und geldpolitischen Debatten ist sie raus.Vielleicht ist das auch so gewollt, schlie\u00dflich soll es eine gewisse Trennung zwischen Geldpolitik und Bankenaufsicht geben. Doch zugespitzt kann man formulieren, dass die Bundesregierung einen Posten in einer Aufsicht ergattert hat, deren Kompetenzen sie gerade stutzt, daf\u00fcr aber in der Makropolitik keine Rolle mehr spielt.<\/p>\n<p>Wenn man dann auch noch bedenkt, dass sich die Bundesbank \u2013 sagen wir einmal \u2013 schwer tut, mit ihren Positionen in der EZB durchzudringen, dann erscheint der deutsche Einfluss auf die Geldpolitik in Europa noch geringer.<\/p>\n<p>Nun k\u00f6nnte man argumentieren, die Nationalit\u00e4t spielt in der EZB keine Rolle. Ich halte das aber f\u00fcr Wunschdenken. Am Ende gibt es immer eine gewisse Loyalit\u00e4t gegen\u00fcber dem Heimatland und den Leuten, die einen in den Job gebracht haben.<\/p>\n<p>Es geht mir hier wohlgemerkt nicht darum, den eben beschriebenen Sachverhalt zu beklagen \u2013 man kann schlie\u00dflich \u00fcber die deutsche geldpolitische Tradition lange streiten. Ich stelle erst einmal nur fest, dass es hier ein Defizit gibt und frage mich, ob es aus Sicht der Bundesregierung eine sinnvolle Politik ist, die Makroseite so zu vernachl\u00e4ssigen.<\/p>\n","protected":false},"excerpt":{"rendered":"<p>Die Aufgabenverteilung im Direktorium der EZB ist interessant. Benoit Coeure hat mit International and European Relations sowie Market Operations einen guten Schnitt gemacht. Er wird neben Draghi der wichtige Mann in der EZB sein. Gut dabei ist mit Research und Financial Stability auch Vitor Constancio. Praet darf weiter Economics machen (hat aber nicht die Bedeutung [&hellip;]<\/p>\n","protected":false},"author":215,"featured_media":0,"comment_status":"open","ping_status":"closed","sticky":false,"template":"","format":"standard","meta":{"_jetpack_memberships_contains_paid_content":false,"footnotes":""},"categories":[3],"tags":[],"class_list":["post-7059","post","type-post","status-publish","format-standard","hentry","category-der-aktuelle-rand"],"yoast_head":"<!-- This site is optimized with the Yoast SEO plugin v21.0 - https:\/\/yoast.com\/wordpress\/plugins\/seo\/ -->\n<title>Germany&#039;s defeat? - Herdentrieb<\/title>\n<meta name=\"robots\" content=\"index, follow, max-snippet:-1, max-image-preview:large, max-video-preview:-1\" \/>\n<link rel=\"canonical\" href=\"https:\/\/blog.zeit.de\/herdentrieb\/2014\/02\/04\/germanys-defeat_7059\" \/>\n<meta property=\"og:locale\" content=\"de_DE\" \/>\n<meta property=\"og:type\" content=\"article\" \/>\n<meta property=\"og:title\" content=\"Germany&#039;s defeat? - Herdentrieb\" \/>\n<meta property=\"og:description\" content=\"Die Aufgabenverteilung im Direktorium der EZB ist interessant. Benoit Coeure hat mit International and European Relations sowie Market Operations einen guten Schnitt gemacht. Er wird neben Draghi der wichtige Mann in der EZB sein. Gut dabei ist mit Research und Financial Stability auch Vitor Constancio. Praet darf weiter Economics machen (hat aber nicht die Bedeutung [&hellip;]\" \/>\n<meta property=\"og:url\" content=\"https:\/\/blog.zeit.de\/herdentrieb\/2014\/02\/04\/germanys-defeat_7059\" \/>\n<meta property=\"og:site_name\" content=\"Herdentrieb\" \/>\n<meta property=\"article:published_time\" content=\"2014-02-04T21:17:16+00:00\" \/>\n<meta property=\"article:modified_time\" content=\"2014-02-04T22:18:51+00:00\" \/>\n<meta name=\"author\" content=\"Mark Schieritz\" \/>\n<meta name=\"twitter:card\" content=\"summary_large_image\" \/>\n<meta name=\"twitter:creator\" content=\"@zeitonline\" \/>\n<meta name=\"twitter:site\" content=\"@zeitonline\" \/>\n<meta name=\"twitter:label1\" content=\"Geschrieben von\" \/>\n\t<meta name=\"twitter:data1\" content=\"Mark Schieritz\" \/>\n\t<meta name=\"twitter:label2\" content=\"Gesch\u00e4tzte Lesezeit\" \/>\n\t<meta name=\"twitter:data2\" content=\"2\u00a0Minuten\" \/>\n<script type=\"application\/ld+json\" class=\"yoast-schema-graph\">{\"@context\":\"https:\/\/schema.org\",\"@graph\":[{\"@type\":\"WebPage\",\"@id\":\"https:\/\/blog.zeit.de\/herdentrieb\/2014\/02\/04\/germanys-defeat_7059\",\"url\":\"https:\/\/blog.zeit.de\/herdentrieb\/2014\/02\/04\/germanys-defeat_7059\",\"name\":\"Germany's defeat? - Herdentrieb\",\"isPartOf\":{\"@id\":\"https:\/\/blog.zeit.de\/herdentrieb\/#website\"},\"datePublished\":\"2014-02-04T21:17:16+00:00\",\"dateModified\":\"2014-02-04T22:18:51+00:00\",\"author\":{\"@id\":\"https:\/\/blog.zeit.de\/herdentrieb\/#\/schema\/person\/a2dfa95bbd4de7e06edc88db4e3d3871\"},\"breadcrumb\":{\"@id\":\"https:\/\/blog.zeit.de\/herdentrieb\/2014\/02\/04\/germanys-defeat_7059#breadcrumb\"},\"inLanguage\":\"de\",\"potentialAction\":[{\"@type\":\"ReadAction\",\"target\":[\"https:\/\/blog.zeit.de\/herdentrieb\/2014\/02\/04\/germanys-defeat_7059\"]}]},{\"@type\":\"BreadcrumbList\",\"@id\":\"https:\/\/blog.zeit.de\/herdentrieb\/2014\/02\/04\/germanys-defeat_7059#breadcrumb\",\"itemListElement\":[{\"@type\":\"ListItem\",\"position\":1,\"name\":\"Startseite\",\"item\":\"https:\/\/blog.zeit.de\/herdentrieb\"},{\"@type\":\"ListItem\",\"position\":2,\"name\":\"Germany&#8217;s defeat?\"}]},{\"@type\":\"WebSite\",\"@id\":\"https:\/\/blog.zeit.de\/herdentrieb\/#website\",\"url\":\"https:\/\/blog.zeit.de\/herdentrieb\/\",\"name\":\"Herdentrieb\",\"description\":\"So funktioniert Kapitalismus. Ein Blog\",\"potentialAction\":[{\"@type\":\"SearchAction\",\"target\":{\"@type\":\"EntryPoint\",\"urlTemplate\":\"https:\/\/blog.zeit.de\/herdentrieb\/?s={search_term_string}\"},\"query-input\":\"required name=search_term_string\"}],\"inLanguage\":\"de\"},{\"@type\":\"Person\",\"@id\":\"https:\/\/blog.zeit.de\/herdentrieb\/#\/schema\/person\/a2dfa95bbd4de7e06edc88db4e3d3871\",\"name\":\"Mark Schieritz\",\"image\":{\"@type\":\"ImageObject\",\"inLanguage\":\"de\",\"@id\":\"https:\/\/blog.zeit.de\/herdentrieb\/#\/schema\/person\/image\/\",\"url\":\"https:\/\/secure.gravatar.com\/avatar\/66e072b8ecaf6d851921c0577ca78c8c9a24223a3c3cb6df48c5d839d1b622e0?s=96&d=mm&r=g\",\"contentUrl\":\"https:\/\/secure.gravatar.com\/avatar\/66e072b8ecaf6d851921c0577ca78c8c9a24223a3c3cb6df48c5d839d1b622e0?s=96&d=mm&r=g\",\"caption\":\"Mark Schieritz\"},\"url\":\"https:\/\/blog.zeit.de\/herdentrieb\/author\/mark-schieritz\"}]}<\/script>\n<!-- \/ Yoast SEO plugin. -->","yoast_head_json":{"title":"Germany's defeat? - Herdentrieb","robots":{"index":"index","follow":"follow","max-snippet":"max-snippet:-1","max-image-preview":"max-image-preview:large","max-video-preview":"max-video-preview:-1"},"canonical":"https:\/\/blog.zeit.de\/herdentrieb\/2014\/02\/04\/germanys-defeat_7059","og_locale":"de_DE","og_type":"article","og_title":"Germany's defeat? - Herdentrieb","og_description":"Die Aufgabenverteilung im Direktorium der EZB ist interessant. Benoit Coeure hat mit International and European Relations sowie Market Operations einen guten Schnitt gemacht. Er wird neben Draghi der wichtige Mann in der EZB sein. Gut dabei ist mit Research und Financial Stability auch Vitor Constancio. Praet darf weiter Economics machen (hat aber nicht die Bedeutung [&hellip;]","og_url":"https:\/\/blog.zeit.de\/herdentrieb\/2014\/02\/04\/germanys-defeat_7059","og_site_name":"Herdentrieb","article_published_time":"2014-02-04T21:17:16+00:00","article_modified_time":"2014-02-04T22:18:51+00:00","author":"Mark Schieritz","twitter_card":"summary_large_image","twitter_creator":"@zeitonline","twitter_site":"@zeitonline","twitter_misc":{"Geschrieben von":"Mark Schieritz","Gesch\u00e4tzte Lesezeit":"2\u00a0Minuten"},"schema":{"@context":"https:\/\/schema.org","@graph":[{"@type":"WebPage","@id":"https:\/\/blog.zeit.de\/herdentrieb\/2014\/02\/04\/germanys-defeat_7059","url":"https:\/\/blog.zeit.de\/herdentrieb\/2014\/02\/04\/germanys-defeat_7059","name":"Germany's defeat? - Herdentrieb","isPartOf":{"@id":"https:\/\/blog.zeit.de\/herdentrieb\/#website"},"datePublished":"2014-02-04T21:17:16+00:00","dateModified":"2014-02-04T22:18:51+00:00","author":{"@id":"https:\/\/blog.zeit.de\/herdentrieb\/#\/schema\/person\/a2dfa95bbd4de7e06edc88db4e3d3871"},"breadcrumb":{"@id":"https:\/\/blog.zeit.de\/herdentrieb\/2014\/02\/04\/germanys-defeat_7059#breadcrumb"},"inLanguage":"de","potentialAction":[{"@type":"ReadAction","target":["https:\/\/blog.zeit.de\/herdentrieb\/2014\/02\/04\/germanys-defeat_7059"]}]},{"@type":"BreadcrumbList","@id":"https:\/\/blog.zeit.de\/herdentrieb\/2014\/02\/04\/germanys-defeat_7059#breadcrumb","itemListElement":[{"@type":"ListItem","position":1,"name":"Startseite","item":"https:\/\/blog.zeit.de\/herdentrieb"},{"@type":"ListItem","position":2,"name":"Germany&#8217;s defeat?"}]},{"@type":"WebSite","@id":"https:\/\/blog.zeit.de\/herdentrieb\/#website","url":"https:\/\/blog.zeit.de\/herdentrieb\/","name":"Herdentrieb","description":"So funktioniert Kapitalismus. Ein Blog","potentialAction":[{"@type":"SearchAction","target":{"@type":"EntryPoint","urlTemplate":"https:\/\/blog.zeit.de\/herdentrieb\/?s={search_term_string}"},"query-input":"required name=search_term_string"}],"inLanguage":"de"},{"@type":"Person","@id":"https:\/\/blog.zeit.de\/herdentrieb\/#\/schema\/person\/a2dfa95bbd4de7e06edc88db4e3d3871","name":"Mark Schieritz","image":{"@type":"ImageObject","inLanguage":"de","@id":"https:\/\/blog.zeit.de\/herdentrieb\/#\/schema\/person\/image\/","url":"https:\/\/secure.gravatar.com\/avatar\/66e072b8ecaf6d851921c0577ca78c8c9a24223a3c3cb6df48c5d839d1b622e0?s=96&d=mm&r=g","contentUrl":"https:\/\/secure.gravatar.com\/avatar\/66e072b8ecaf6d851921c0577ca78c8c9a24223a3c3cb6df48c5d839d1b622e0?s=96&d=mm&r=g","caption":"Mark Schieritz"},"url":"https:\/\/blog.zeit.de\/herdentrieb\/author\/mark-schieritz"}]}},"jetpack_featured_media_url":"","jetpack_sharing_enabled":true,"_links":{"self":[{"href":"https:\/\/blog.zeit.de\/herdentrieb\/wp-json\/wp\/v2\/posts\/7059","targetHints":{"allow":["GET"]}}],"collection":[{"href":"https:\/\/blog.zeit.de\/herdentrieb\/wp-json\/wp\/v2\/posts"}],"about":[{"href":"https:\/\/blog.zeit.de\/herdentrieb\/wp-json\/wp\/v2\/types\/post"}],"author":[{"embeddable":true,"href":"https:\/\/blog.zeit.de\/herdentrieb\/wp-json\/wp\/v2\/users\/215"}],"replies":[{"embeddable":true,"href":"https:\/\/blog.zeit.de\/herdentrieb\/wp-json\/wp\/v2\/comments?post=7059"}],"version-history":[{"count":4,"href":"https:\/\/blog.zeit.de\/herdentrieb\/wp-json\/wp\/v2\/posts\/7059\/revisions"}],"predecessor-version":[{"id":7063,"href":"https:\/\/blog.zeit.de\/herdentrieb\/wp-json\/wp\/v2\/posts\/7059\/revisions\/7063"}],"wp:attachment":[{"href":"https:\/\/blog.zeit.de\/herdentrieb\/wp-json\/wp\/v2\/media?parent=7059"}],"wp:term":[{"taxonomy":"category","embeddable":true,"href":"https:\/\/blog.zeit.de\/herdentrieb\/wp-json\/wp\/v2\/categories?post=7059"},{"taxonomy":"post_tag","embeddable":true,"href":"https:\/\/blog.zeit.de\/herdentrieb\/wp-json\/wp\/v2\/tags?post=7059"}],"curies":[{"name":"wp","href":"https:\/\/api.w.org\/{rel}","templated":true}]}}