{"id":71,"date":"2006-08-31T09:09:16","date_gmt":"2006-08-31T08:09:16","guid":{"rendered":"http:\/\/blog.zeit.de\/herdentrieb\/?p=71"},"modified":"2006-08-31T09:09:16","modified_gmt":"2006-08-31T08:09:16","slug":"dieter-wermuth-verstarkt-herdentrieb","status":"publish","type":"post","link":"https:\/\/blog.zeit.de\/herdentrieb\/2006\/08\/31\/dieter-wermuth-verstarkt-herdentrieb_71","title":{"rendered":"Dieter Wermuth verst\u00e4rkt HERDENTRIEB"},"content":{"rendered":"<p>HERDENTRIEB begr\u00fc\u00dft Dieter Wermuth als neuen Hirten des Blogs. Ab morgen wird Wermuth gemeinsam mit Uwe Richter und mir an dieser Stelle das Wesen des Kapitalismus ergr\u00fcnden. Wermuth ist eine echte Verst\u00e4rkung f\u00fcr unseren ehrgeizigen Anspruch, von der Finanzierungsseite her zu denken, die gro\u00dfen Zusammenh\u00e4nge der Makro\u00f6konomie und der Weltwirtschaft zu kommentieren und einzuordnen. Denn Wermuth ist ein echter Profi. \u00dcber Jahrzehnte hat er die deutsche und europ\u00e4ische Volkswirtschaft, Geldpolitik und Makropolitik kommentiert. Er war in Diensten verschiedener gro\u00dfer Banken, angefangen bei der Citibank, deren Europa-Chefvolkswirt er Anfang der 80er Jahre war, \u00fcber die WestLB bis hin zur japanischen Gro\u00dfbank UFJ. Auch dort hatte Wermuth bis vergangenes Jahr den Posten des Europa-Chefvolkswirts inne, mit Sitz in London. Zwischen seinen T\u00e4tigkeiten als Volkswirt versuchte sich Wermuth als Investmentbanker bei einer franz\u00f6sischen Bank und zwei Jahre als Marktaufseher der Frankfurter Wertpapierb\u00f6rse. Seine Sporen hat sich der in Amerika promovierte Volkswirt beim Sachverst\u00e4ndigenrat verdient, in den Jahren 1973 bis 1978, als es um die gro\u00dfen Themen wie flexible versus feste Wechselkurse ging, als die theoretische Grundlage f\u00fcr die Geldmengenpolitik der Bundesbank gelegt wurde und als das Umdenken vom keynesianischen Ansatz zum angebotsseitigen Interpretieren der Wirtschaftsabl\u00e4ufe begann. Das Denken in ideologischen Kategorien ist ihm aber bis heute fremd geblieben. Sein Interesse war  und ist, die beste Erkl\u00e4rung f\u00fcr die gegenw\u00e4rtigen Ph\u00e4nomene zu finden. Sie zu verstehen und sich zu fragen, was das f\u00fcr die Zukunft, vor allem die Finanzm\u00e4rkte bedeuten k\u00f6nnte.<\/p>\n<p>Ich selbst kenne Dieter Wermuth seit ich als Journalist arbeite. Bereits Mitte der 90er Jahre bei der B\u00f6rsen-Zeitung z\u00e4hlten seine Rundbriefe zu meiner Pflichtlekt\u00fcre. Sp\u00e4ter haben ich mir in unz\u00e4hligen Telefonaten und Treffen den Kapitalismus und die Kapitalm\u00e4rkte aus seiner Sicht erkl\u00e4ren lassen, ihn als Ideengeber gesch\u00e4tzt und oft auch genutzt. Das hei\u00dft aber nicht, dass wir immer einer Meinung w\u00e4ren. Und das ist auch im Blog nicht n\u00f6tig. Eine  kontroverse Debatte nutzt allen. Auf jeden Fall verspreche ich den treuen Lesern dieses Blogs, dass sie an Wermuths Einsch\u00e4tzungen Freude haben werden. Sein Gesp\u00fcr f\u00fcr Themen und M\u00e4rkte ist legend\u00e4r!<\/p>\n<p>Nach neun Monaten HERDENTRIEB noch ein paar Zahlen. Wir sind stolz, dass wir inzwischen in guten Wochen, im Schnitt 1.000 bis 1.300 Leser pro Tag haben.  Selbst w\u00e4hrend meines Urlaubs, als vier Wochen Pause war, besuchten uns t\u00e4glich rund 250 Leser. Ein gro\u00dfer Dank an die gro\u00dfartigen Debattierer, ohne die das Blog nicht halb so spannend w\u00e4re. Bis gestern haben unsere bislang 56 Beitr\u00e4ge 981 Kommentare erhalten. Weiter so!<\/p>\n","protected":false},"excerpt":{"rendered":"<p>HERDENTRIEB begr\u00fc\u00dft Dieter Wermuth als neuen Hirten des Blogs. Ab morgen wird Wermuth gemeinsam mit Uwe Richter und mir an dieser Stelle das Wesen des Kapitalismus ergr\u00fcnden. Wermuth ist eine echte Verst\u00e4rkung f\u00fcr unseren ehrgeizigen Anspruch, von der Finanzierungsseite her zu denken, die gro\u00dfen Zusammenh\u00e4nge der Makro\u00f6konomie und der Weltwirtschaft zu kommentieren und einzuordnen. Denn [&hellip;]<\/p>\n","protected":false},"author":59,"featured_media":0,"comment_status":"open","ping_status":"closed","sticky":false,"template":"","format":"standard","meta":{"_jetpack_memberships_contains_paid_content":false,"footnotes":""},"categories":[7],"tags":[],"class_list":["post-71","post","type-post","status-publish","format-standard","hentry","category-in-eigener-sache"],"yoast_head":"<!-- This site is optimized with the Yoast SEO plugin v21.0 - https:\/\/yoast.com\/wordpress\/plugins\/seo\/ -->\n<title>Dieter Wermuth verst\u00e4rkt HERDENTRIEB - Herdentrieb<\/title>\n<meta name=\"robots\" content=\"index, follow, max-snippet:-1, max-image-preview:large, max-video-preview:-1\" \/>\n<link rel=\"canonical\" href=\"https:\/\/blog.zeit.de\/herdentrieb\/2006\/08\/31\/dieter-wermuth-verstarkt-herdentrieb_71\" \/>\n<meta property=\"og:locale\" content=\"de_DE\" \/>\n<meta property=\"og:type\" content=\"article\" \/>\n<meta property=\"og:title\" content=\"Dieter Wermuth verst\u00e4rkt HERDENTRIEB - Herdentrieb\" \/>\n<meta property=\"og:description\" content=\"HERDENTRIEB begr\u00fc\u00dft Dieter Wermuth als neuen Hirten des Blogs. Ab morgen wird Wermuth gemeinsam mit Uwe Richter und mir an dieser Stelle das Wesen des Kapitalismus ergr\u00fcnden. Wermuth ist eine echte Verst\u00e4rkung f\u00fcr unseren ehrgeizigen Anspruch, von der Finanzierungsseite her zu denken, die gro\u00dfen Zusammenh\u00e4nge der Makro\u00f6konomie und der Weltwirtschaft zu kommentieren und einzuordnen. Denn [&hellip;]\" \/>\n<meta property=\"og:url\" content=\"https:\/\/blog.zeit.de\/herdentrieb\/2006\/08\/31\/dieter-wermuth-verstarkt-herdentrieb_71\" \/>\n<meta property=\"og:site_name\" content=\"Herdentrieb\" \/>\n<meta property=\"article:published_time\" content=\"2006-08-31T08:09:16+00:00\" \/>\n<meta name=\"author\" content=\"Robert von Heusinger\" \/>\n<meta name=\"twitter:card\" content=\"summary_large_image\" \/>\n<meta name=\"twitter:creator\" content=\"@zeitonline\" \/>\n<meta name=\"twitter:site\" content=\"@zeitonline\" \/>\n<meta name=\"twitter:label1\" content=\"Geschrieben von\" \/>\n\t<meta name=\"twitter:data1\" content=\"Robert von Heusinger\" \/>\n\t<meta name=\"twitter:label2\" content=\"Gesch\u00e4tzte Lesezeit\" \/>\n\t<meta name=\"twitter:data2\" content=\"2\u00a0Minuten\" \/>\n<script type=\"application\/ld+json\" class=\"yoast-schema-graph\">{\"@context\":\"https:\/\/schema.org\",\"@graph\":[{\"@type\":\"WebPage\",\"@id\":\"https:\/\/blog.zeit.de\/herdentrieb\/2006\/08\/31\/dieter-wermuth-verstarkt-herdentrieb_71\",\"url\":\"https:\/\/blog.zeit.de\/herdentrieb\/2006\/08\/31\/dieter-wermuth-verstarkt-herdentrieb_71\",\"name\":\"Dieter Wermuth verst\u00e4rkt HERDENTRIEB - Herdentrieb\",\"isPartOf\":{\"@id\":\"https:\/\/blog.zeit.de\/herdentrieb\/#website\"},\"datePublished\":\"2006-08-31T08:09:16+00:00\",\"dateModified\":\"2006-08-31T08:09:16+00:00\",\"author\":{\"@id\":\"https:\/\/blog.zeit.de\/herdentrieb\/#\/schema\/person\/359c269ac9be6a7a3529bff7b18ac5c4\"},\"breadcrumb\":{\"@id\":\"https:\/\/blog.zeit.de\/herdentrieb\/2006\/08\/31\/dieter-wermuth-verstarkt-herdentrieb_71#breadcrumb\"},\"inLanguage\":\"de\",\"potentialAction\":[{\"@type\":\"ReadAction\",\"target\":[\"https:\/\/blog.zeit.de\/herdentrieb\/2006\/08\/31\/dieter-wermuth-verstarkt-herdentrieb_71\"]}]},{\"@type\":\"BreadcrumbList\",\"@id\":\"https:\/\/blog.zeit.de\/herdentrieb\/2006\/08\/31\/dieter-wermuth-verstarkt-herdentrieb_71#breadcrumb\",\"itemListElement\":[{\"@type\":\"ListItem\",\"position\":1,\"name\":\"Startseite\",\"item\":\"https:\/\/blog.zeit.de\/herdentrieb\"},{\"@type\":\"ListItem\",\"position\":2,\"name\":\"Dieter Wermuth verst\u00e4rkt HERDENTRIEB\"}]},{\"@type\":\"WebSite\",\"@id\":\"https:\/\/blog.zeit.de\/herdentrieb\/#website\",\"url\":\"https:\/\/blog.zeit.de\/herdentrieb\/\",\"name\":\"Herdentrieb\",\"description\":\"So funktioniert Kapitalismus. Ein Blog\",\"potentialAction\":[{\"@type\":\"SearchAction\",\"target\":{\"@type\":\"EntryPoint\",\"urlTemplate\":\"https:\/\/blog.zeit.de\/herdentrieb\/?s={search_term_string}\"},\"query-input\":\"required name=search_term_string\"}],\"inLanguage\":\"de\"},{\"@type\":\"Person\",\"@id\":\"https:\/\/blog.zeit.de\/herdentrieb\/#\/schema\/person\/359c269ac9be6a7a3529bff7b18ac5c4\",\"name\":\"Robert von Heusinger\",\"image\":{\"@type\":\"ImageObject\",\"inLanguage\":\"de\",\"@id\":\"https:\/\/blog.zeit.de\/herdentrieb\/#\/schema\/person\/image\/\",\"url\":\"https:\/\/secure.gravatar.com\/avatar\/a0b228cfe6009cf76b01362b64d1658814709a4497c9cdc2617816fa18a05d2f?s=96&d=mm&r=g\",\"contentUrl\":\"https:\/\/secure.gravatar.com\/avatar\/a0b228cfe6009cf76b01362b64d1658814709a4497c9cdc2617816fa18a05d2f?s=96&d=mm&r=g\",\"caption\":\"Robert von Heusinger\"},\"url\":\"https:\/\/blog.zeit.de\/herdentrieb\/author\/robert-von-heusinger\"}]}<\/script>\n<!-- \/ Yoast SEO plugin. -->","yoast_head_json":{"title":"Dieter Wermuth verst\u00e4rkt HERDENTRIEB - Herdentrieb","robots":{"index":"index","follow":"follow","max-snippet":"max-snippet:-1","max-image-preview":"max-image-preview:large","max-video-preview":"max-video-preview:-1"},"canonical":"https:\/\/blog.zeit.de\/herdentrieb\/2006\/08\/31\/dieter-wermuth-verstarkt-herdentrieb_71","og_locale":"de_DE","og_type":"article","og_title":"Dieter Wermuth verst\u00e4rkt HERDENTRIEB - Herdentrieb","og_description":"HERDENTRIEB begr\u00fc\u00dft Dieter Wermuth als neuen Hirten des Blogs. Ab morgen wird Wermuth gemeinsam mit Uwe Richter und mir an dieser Stelle das Wesen des Kapitalismus ergr\u00fcnden. Wermuth ist eine echte Verst\u00e4rkung f\u00fcr unseren ehrgeizigen Anspruch, von der Finanzierungsseite her zu denken, die gro\u00dfen Zusammenh\u00e4nge der Makro\u00f6konomie und der Weltwirtschaft zu kommentieren und einzuordnen. Denn [&hellip;]","og_url":"https:\/\/blog.zeit.de\/herdentrieb\/2006\/08\/31\/dieter-wermuth-verstarkt-herdentrieb_71","og_site_name":"Herdentrieb","article_published_time":"2006-08-31T08:09:16+00:00","author":"Robert von Heusinger","twitter_card":"summary_large_image","twitter_creator":"@zeitonline","twitter_site":"@zeitonline","twitter_misc":{"Geschrieben von":"Robert von Heusinger","Gesch\u00e4tzte Lesezeit":"2\u00a0Minuten"},"schema":{"@context":"https:\/\/schema.org","@graph":[{"@type":"WebPage","@id":"https:\/\/blog.zeit.de\/herdentrieb\/2006\/08\/31\/dieter-wermuth-verstarkt-herdentrieb_71","url":"https:\/\/blog.zeit.de\/herdentrieb\/2006\/08\/31\/dieter-wermuth-verstarkt-herdentrieb_71","name":"Dieter Wermuth verst\u00e4rkt HERDENTRIEB - Herdentrieb","isPartOf":{"@id":"https:\/\/blog.zeit.de\/herdentrieb\/#website"},"datePublished":"2006-08-31T08:09:16+00:00","dateModified":"2006-08-31T08:09:16+00:00","author":{"@id":"https:\/\/blog.zeit.de\/herdentrieb\/#\/schema\/person\/359c269ac9be6a7a3529bff7b18ac5c4"},"breadcrumb":{"@id":"https:\/\/blog.zeit.de\/herdentrieb\/2006\/08\/31\/dieter-wermuth-verstarkt-herdentrieb_71#breadcrumb"},"inLanguage":"de","potentialAction":[{"@type":"ReadAction","target":["https:\/\/blog.zeit.de\/herdentrieb\/2006\/08\/31\/dieter-wermuth-verstarkt-herdentrieb_71"]}]},{"@type":"BreadcrumbList","@id":"https:\/\/blog.zeit.de\/herdentrieb\/2006\/08\/31\/dieter-wermuth-verstarkt-herdentrieb_71#breadcrumb","itemListElement":[{"@type":"ListItem","position":1,"name":"Startseite","item":"https:\/\/blog.zeit.de\/herdentrieb"},{"@type":"ListItem","position":2,"name":"Dieter Wermuth verst\u00e4rkt HERDENTRIEB"}]},{"@type":"WebSite","@id":"https:\/\/blog.zeit.de\/herdentrieb\/#website","url":"https:\/\/blog.zeit.de\/herdentrieb\/","name":"Herdentrieb","description":"So funktioniert Kapitalismus. Ein Blog","potentialAction":[{"@type":"SearchAction","target":{"@type":"EntryPoint","urlTemplate":"https:\/\/blog.zeit.de\/herdentrieb\/?s={search_term_string}"},"query-input":"required name=search_term_string"}],"inLanguage":"de"},{"@type":"Person","@id":"https:\/\/blog.zeit.de\/herdentrieb\/#\/schema\/person\/359c269ac9be6a7a3529bff7b18ac5c4","name":"Robert von Heusinger","image":{"@type":"ImageObject","inLanguage":"de","@id":"https:\/\/blog.zeit.de\/herdentrieb\/#\/schema\/person\/image\/","url":"https:\/\/secure.gravatar.com\/avatar\/a0b228cfe6009cf76b01362b64d1658814709a4497c9cdc2617816fa18a05d2f?s=96&d=mm&r=g","contentUrl":"https:\/\/secure.gravatar.com\/avatar\/a0b228cfe6009cf76b01362b64d1658814709a4497c9cdc2617816fa18a05d2f?s=96&d=mm&r=g","caption":"Robert von Heusinger"},"url":"https:\/\/blog.zeit.de\/herdentrieb\/author\/robert-von-heusinger"}]}},"jetpack_featured_media_url":"","jetpack_sharing_enabled":true,"_links":{"self":[{"href":"https:\/\/blog.zeit.de\/herdentrieb\/wp-json\/wp\/v2\/posts\/71","targetHints":{"allow":["GET"]}}],"collection":[{"href":"https:\/\/blog.zeit.de\/herdentrieb\/wp-json\/wp\/v2\/posts"}],"about":[{"href":"https:\/\/blog.zeit.de\/herdentrieb\/wp-json\/wp\/v2\/types\/post"}],"author":[{"embeddable":true,"href":"https:\/\/blog.zeit.de\/herdentrieb\/wp-json\/wp\/v2\/users\/59"}],"replies":[{"embeddable":true,"href":"https:\/\/blog.zeit.de\/herdentrieb\/wp-json\/wp\/v2\/comments?post=71"}],"version-history":[{"count":0,"href":"https:\/\/blog.zeit.de\/herdentrieb\/wp-json\/wp\/v2\/posts\/71\/revisions"}],"wp:attachment":[{"href":"https:\/\/blog.zeit.de\/herdentrieb\/wp-json\/wp\/v2\/media?parent=71"}],"wp:term":[{"taxonomy":"category","embeddable":true,"href":"https:\/\/blog.zeit.de\/herdentrieb\/wp-json\/wp\/v2\/categories?post=71"},{"taxonomy":"post_tag","embeddable":true,"href":"https:\/\/blog.zeit.de\/herdentrieb\/wp-json\/wp\/v2\/tags?post=71"}],"curies":[{"name":"wp","href":"https:\/\/api.w.org\/{rel}","templated":true}]}}