{"id":7100,"date":"2014-02-10T01:09:40","date_gmt":"2014-02-10T00:09:40","guid":{"rendered":"http:\/\/blog.zeit.de\/herdentrieb\/?p=7100"},"modified":"2014-02-10T12:13:40","modified_gmt":"2014-02-10T11:13:40","slug":"der-gau-in-karlsruhe","status":"publish","type":"post","link":"https:\/\/blog.zeit.de\/herdentrieb\/2014\/02\/10\/der-gau-in-karlsruhe_7100","title":{"rendered":"Der GAU in Karlsruhe"},"content":{"rendered":"<p>Als am Freitag die ersten Meldungen \u00fcber die <a title=\"BVerG - Pressemitteilung Nr. 9\/2014 vom 7. Februar 2014\" href=\"https:\/\/www.bundesverfassungsgericht.de\/pressemitteilungen\/bvg14-009.html\" target=\"_blank\">Entscheidung<\/a> des Bundesverfassungsgerichts \u00fcber den Ticker liefen, reagierte man an den Finanzm\u00e4rkten und in der EZB erleichtert. Die Entscheidung \u00fcber das Anleiheprogramm wurde an den Europ\u00e4ischen Gerichtshof verwiesen, damit schien die Gefahr eines Vetos aus Karlsruhe abgewendet.<\/p>\n<p>Ich <a href=\"http:\/\/www.zeit.de\/wirtschaft\/2014-02\/EZB-Bundesverfassungsgericht-euro\">habe das zuerst auch so gesehen<\/a>, inzwischen bin ich der Meinung, dass es sich dabei um eine Fehleinsch\u00e4tzung handelt. Diese Entscheidung ist f\u00fcr die EZB der GAU.<br \/>\n<!--more--><br \/>\nGewiss: Der Fall liegt jetzt beim EuGH. Das ist auch sinnvoll, schlie\u00dflich ist er f\u00fcr die Interpretation europ\u00e4ischer Normen zust\u00e4ndig. Doch zugleich hat das BVerfG keinen Zweifel daran gelassen, dass das OMT aus ihrer Sicht ein klarer Versto\u00df gegen europ\u00e4isches Recht ist \u2013 eine Meinung, die ich nicht teile, aber das spielt hier keine Rolle.<\/p>\n<p style=\"padding-left: 30px;\"><em>Vorbehaltlich der Auslegung durch den Gerichtshof der Europ\u00e4ischen Union ist der OMT-Beschluss nach Einsch\u00e4tzung des Bundesverfassungsgerichts mit dem Prim\u00e4rrecht unvereinbar.<\/em><\/p>\n<p>Deshalb ist die \u00dcberweisung kein Akt der Unterwerfung, sondern Zeichen eines Herrschaftsanspruchs. Ihr m\u00f6gt formal zust\u00e4ndig sein, so die Botschaft der Richter aus Karlsruhe an ihre Kollegen in Luxemburg, aber wir sagen euch, wie ihr zu entscheiden habt.\u00a0Und das BVerfG l\u00e4sst keinen Zweifel daran, dass es, was deutsche Institutionen angeht, keine anderen G\u00f6tter neben sich akzeptiert.<\/p>\n<p style=\"padding-left: 30px;\"><em>Die Bejahung eines Ultra-vires-Aktes in diesem Sinne l\u00f6ste Unterlassungs- und Handlungspflichten deutscher Staatsorgane aus. Diese sind vor dem Bundesverfassungsgericht jedenfalls insoweit einklagbar, als sie sich auf Verfassungsorgane beziehen.<\/em><\/p>\n<p>Mit anderen Worten: Wenn die Argumentation des EuGH die Karlsruher Richter nicht \u00fcberzeugt, k\u00f6nnen Sie die Bundesregierung und die Bundesbank mindestens dazu veranlassen, sich an einem eventuellen Programm der EZB nicht zu beteiligen. Ob die Notenbank unter diesen Umst\u00e4nden das OMT aktivieren w\u00fcrde?<\/p>\n<p>Vielleicht spielt das keine Rolle, weil sich die M\u00e4rkte so weit beruhigt haben, dass sie das Sicherheitsnetz nicht mehr brauchen. Politisch aber wird die Entscheidung den Kritikern der Notenbank in Deutschland Aufwind verleihen. Sie haben es praktisch mit Brief und Siegel, dass die EZB gegen Recht und Gesetz verst\u00f6\u00dft \u2013 die AfD reibt sich bereits die H\u00e4nde.<\/p>\n<p>Und eines ist klar: Was der EuGH zu der Sache sagt, interessiert zumindest an den deutschen Stammtischen niemanden, dort wei\u00df man im Zweifel nicht einmal, was das ist. Das Bundesverfassungsgericht kennt jeder und es ist eine der angesehensten Institutionen im Lande.<\/p>\n<p>Ich sehe schon die Wahlplakate vor mir.\u00a0Nicht sehr sch\u00f6n, all das.<\/p>\n","protected":false},"excerpt":{"rendered":"<p>Als am Freitag die ersten Meldungen \u00fcber die Entscheidung des Bundesverfassungsgerichts \u00fcber den Ticker liefen, reagierte man an den Finanzm\u00e4rkten und in der EZB erleichtert. Die Entscheidung \u00fcber das Anleiheprogramm wurde an den Europ\u00e4ischen Gerichtshof verwiesen, damit schien die Gefahr eines Vetos aus Karlsruhe abgewendet. Ich habe das zuerst auch so gesehen, inzwischen bin ich [&hellip;]<\/p>\n","protected":false},"author":215,"featured_media":0,"comment_status":"open","ping_status":"closed","sticky":false,"template":"","format":"standard","meta":{"_jetpack_memberships_contains_paid_content":false,"footnotes":""},"categories":[3],"tags":[],"class_list":["post-7100","post","type-post","status-publish","format-standard","hentry","category-der-aktuelle-rand"],"yoast_head":"<!-- This site is optimized with the Yoast SEO plugin v21.0 - https:\/\/yoast.com\/wordpress\/plugins\/seo\/ -->\n<title>Der GAU in Karlsruhe - Herdentrieb<\/title>\n<meta name=\"robots\" content=\"index, follow, max-snippet:-1, max-image-preview:large, max-video-preview:-1\" \/>\n<link rel=\"canonical\" href=\"https:\/\/blog.zeit.de\/herdentrieb\/2014\/02\/10\/der-gau-in-karlsruhe_7100\" \/>\n<meta property=\"og:locale\" content=\"de_DE\" \/>\n<meta property=\"og:type\" content=\"article\" \/>\n<meta property=\"og:title\" content=\"Der GAU in Karlsruhe - Herdentrieb\" \/>\n<meta property=\"og:description\" content=\"Als am Freitag die ersten Meldungen \u00fcber die Entscheidung des Bundesverfassungsgerichts \u00fcber den Ticker liefen, reagierte man an den Finanzm\u00e4rkten und in der EZB erleichtert. Die Entscheidung \u00fcber das Anleiheprogramm wurde an den Europ\u00e4ischen Gerichtshof verwiesen, damit schien die Gefahr eines Vetos aus Karlsruhe abgewendet. Ich habe das zuerst auch so gesehen, inzwischen bin ich [&hellip;]\" \/>\n<meta property=\"og:url\" content=\"https:\/\/blog.zeit.de\/herdentrieb\/2014\/02\/10\/der-gau-in-karlsruhe_7100\" \/>\n<meta property=\"og:site_name\" content=\"Herdentrieb\" \/>\n<meta property=\"article:published_time\" content=\"2014-02-10T00:09:40+00:00\" \/>\n<meta property=\"article:modified_time\" content=\"2014-02-10T11:13:40+00:00\" \/>\n<meta name=\"author\" content=\"Mark Schieritz\" \/>\n<meta name=\"twitter:card\" content=\"summary_large_image\" \/>\n<meta name=\"twitter:creator\" content=\"@zeitonline\" \/>\n<meta name=\"twitter:site\" content=\"@zeitonline\" \/>\n<meta name=\"twitter:label1\" content=\"Geschrieben von\" \/>\n\t<meta name=\"twitter:data1\" content=\"Mark Schieritz\" \/>\n\t<meta name=\"twitter:label2\" content=\"Gesch\u00e4tzte Lesezeit\" \/>\n\t<meta name=\"twitter:data2\" content=\"2\u00a0Minuten\" \/>\n<script type=\"application\/ld+json\" class=\"yoast-schema-graph\">{\"@context\":\"https:\/\/schema.org\",\"@graph\":[{\"@type\":\"WebPage\",\"@id\":\"https:\/\/blog.zeit.de\/herdentrieb\/2014\/02\/10\/der-gau-in-karlsruhe_7100\",\"url\":\"https:\/\/blog.zeit.de\/herdentrieb\/2014\/02\/10\/der-gau-in-karlsruhe_7100\",\"name\":\"Der GAU in Karlsruhe - Herdentrieb\",\"isPartOf\":{\"@id\":\"https:\/\/blog.zeit.de\/herdentrieb\/#website\"},\"datePublished\":\"2014-02-10T00:09:40+00:00\",\"dateModified\":\"2014-02-10T11:13:40+00:00\",\"author\":{\"@id\":\"https:\/\/blog.zeit.de\/herdentrieb\/#\/schema\/person\/a2dfa95bbd4de7e06edc88db4e3d3871\"},\"breadcrumb\":{\"@id\":\"https:\/\/blog.zeit.de\/herdentrieb\/2014\/02\/10\/der-gau-in-karlsruhe_7100#breadcrumb\"},\"inLanguage\":\"de\",\"potentialAction\":[{\"@type\":\"ReadAction\",\"target\":[\"https:\/\/blog.zeit.de\/herdentrieb\/2014\/02\/10\/der-gau-in-karlsruhe_7100\"]}]},{\"@type\":\"BreadcrumbList\",\"@id\":\"https:\/\/blog.zeit.de\/herdentrieb\/2014\/02\/10\/der-gau-in-karlsruhe_7100#breadcrumb\",\"itemListElement\":[{\"@type\":\"ListItem\",\"position\":1,\"name\":\"Startseite\",\"item\":\"https:\/\/blog.zeit.de\/herdentrieb\"},{\"@type\":\"ListItem\",\"position\":2,\"name\":\"Der GAU in Karlsruhe\"}]},{\"@type\":\"WebSite\",\"@id\":\"https:\/\/blog.zeit.de\/herdentrieb\/#website\",\"url\":\"https:\/\/blog.zeit.de\/herdentrieb\/\",\"name\":\"Herdentrieb\",\"description\":\"So funktioniert Kapitalismus. Ein Blog\",\"potentialAction\":[{\"@type\":\"SearchAction\",\"target\":{\"@type\":\"EntryPoint\",\"urlTemplate\":\"https:\/\/blog.zeit.de\/herdentrieb\/?s={search_term_string}\"},\"query-input\":\"required name=search_term_string\"}],\"inLanguage\":\"de\"},{\"@type\":\"Person\",\"@id\":\"https:\/\/blog.zeit.de\/herdentrieb\/#\/schema\/person\/a2dfa95bbd4de7e06edc88db4e3d3871\",\"name\":\"Mark Schieritz\",\"image\":{\"@type\":\"ImageObject\",\"inLanguage\":\"de\",\"@id\":\"https:\/\/blog.zeit.de\/herdentrieb\/#\/schema\/person\/image\/\",\"url\":\"https:\/\/secure.gravatar.com\/avatar\/66e072b8ecaf6d851921c0577ca78c8c9a24223a3c3cb6df48c5d839d1b622e0?s=96&d=mm&r=g\",\"contentUrl\":\"https:\/\/secure.gravatar.com\/avatar\/66e072b8ecaf6d851921c0577ca78c8c9a24223a3c3cb6df48c5d839d1b622e0?s=96&d=mm&r=g\",\"caption\":\"Mark Schieritz\"},\"url\":\"https:\/\/blog.zeit.de\/herdentrieb\/author\/mark-schieritz\"}]}<\/script>\n<!-- \/ Yoast SEO plugin. -->","yoast_head_json":{"title":"Der GAU in Karlsruhe - Herdentrieb","robots":{"index":"index","follow":"follow","max-snippet":"max-snippet:-1","max-image-preview":"max-image-preview:large","max-video-preview":"max-video-preview:-1"},"canonical":"https:\/\/blog.zeit.de\/herdentrieb\/2014\/02\/10\/der-gau-in-karlsruhe_7100","og_locale":"de_DE","og_type":"article","og_title":"Der GAU in Karlsruhe - Herdentrieb","og_description":"Als am Freitag die ersten Meldungen \u00fcber die Entscheidung des Bundesverfassungsgerichts \u00fcber den Ticker liefen, reagierte man an den Finanzm\u00e4rkten und in der EZB erleichtert. Die Entscheidung \u00fcber das Anleiheprogramm wurde an den Europ\u00e4ischen Gerichtshof verwiesen, damit schien die Gefahr eines Vetos aus Karlsruhe abgewendet. Ich habe das zuerst auch so gesehen, inzwischen bin ich [&hellip;]","og_url":"https:\/\/blog.zeit.de\/herdentrieb\/2014\/02\/10\/der-gau-in-karlsruhe_7100","og_site_name":"Herdentrieb","article_published_time":"2014-02-10T00:09:40+00:00","article_modified_time":"2014-02-10T11:13:40+00:00","author":"Mark Schieritz","twitter_card":"summary_large_image","twitter_creator":"@zeitonline","twitter_site":"@zeitonline","twitter_misc":{"Geschrieben von":"Mark Schieritz","Gesch\u00e4tzte Lesezeit":"2\u00a0Minuten"},"schema":{"@context":"https:\/\/schema.org","@graph":[{"@type":"WebPage","@id":"https:\/\/blog.zeit.de\/herdentrieb\/2014\/02\/10\/der-gau-in-karlsruhe_7100","url":"https:\/\/blog.zeit.de\/herdentrieb\/2014\/02\/10\/der-gau-in-karlsruhe_7100","name":"Der GAU in Karlsruhe - Herdentrieb","isPartOf":{"@id":"https:\/\/blog.zeit.de\/herdentrieb\/#website"},"datePublished":"2014-02-10T00:09:40+00:00","dateModified":"2014-02-10T11:13:40+00:00","author":{"@id":"https:\/\/blog.zeit.de\/herdentrieb\/#\/schema\/person\/a2dfa95bbd4de7e06edc88db4e3d3871"},"breadcrumb":{"@id":"https:\/\/blog.zeit.de\/herdentrieb\/2014\/02\/10\/der-gau-in-karlsruhe_7100#breadcrumb"},"inLanguage":"de","potentialAction":[{"@type":"ReadAction","target":["https:\/\/blog.zeit.de\/herdentrieb\/2014\/02\/10\/der-gau-in-karlsruhe_7100"]}]},{"@type":"BreadcrumbList","@id":"https:\/\/blog.zeit.de\/herdentrieb\/2014\/02\/10\/der-gau-in-karlsruhe_7100#breadcrumb","itemListElement":[{"@type":"ListItem","position":1,"name":"Startseite","item":"https:\/\/blog.zeit.de\/herdentrieb"},{"@type":"ListItem","position":2,"name":"Der GAU in Karlsruhe"}]},{"@type":"WebSite","@id":"https:\/\/blog.zeit.de\/herdentrieb\/#website","url":"https:\/\/blog.zeit.de\/herdentrieb\/","name":"Herdentrieb","description":"So funktioniert Kapitalismus. Ein Blog","potentialAction":[{"@type":"SearchAction","target":{"@type":"EntryPoint","urlTemplate":"https:\/\/blog.zeit.de\/herdentrieb\/?s={search_term_string}"},"query-input":"required name=search_term_string"}],"inLanguage":"de"},{"@type":"Person","@id":"https:\/\/blog.zeit.de\/herdentrieb\/#\/schema\/person\/a2dfa95bbd4de7e06edc88db4e3d3871","name":"Mark Schieritz","image":{"@type":"ImageObject","inLanguage":"de","@id":"https:\/\/blog.zeit.de\/herdentrieb\/#\/schema\/person\/image\/","url":"https:\/\/secure.gravatar.com\/avatar\/66e072b8ecaf6d851921c0577ca78c8c9a24223a3c3cb6df48c5d839d1b622e0?s=96&d=mm&r=g","contentUrl":"https:\/\/secure.gravatar.com\/avatar\/66e072b8ecaf6d851921c0577ca78c8c9a24223a3c3cb6df48c5d839d1b622e0?s=96&d=mm&r=g","caption":"Mark Schieritz"},"url":"https:\/\/blog.zeit.de\/herdentrieb\/author\/mark-schieritz"}]}},"jetpack_featured_media_url":"","jetpack_sharing_enabled":true,"_links":{"self":[{"href":"https:\/\/blog.zeit.de\/herdentrieb\/wp-json\/wp\/v2\/posts\/7100","targetHints":{"allow":["GET"]}}],"collection":[{"href":"https:\/\/blog.zeit.de\/herdentrieb\/wp-json\/wp\/v2\/posts"}],"about":[{"href":"https:\/\/blog.zeit.de\/herdentrieb\/wp-json\/wp\/v2\/types\/post"}],"author":[{"embeddable":true,"href":"https:\/\/blog.zeit.de\/herdentrieb\/wp-json\/wp\/v2\/users\/215"}],"replies":[{"embeddable":true,"href":"https:\/\/blog.zeit.de\/herdentrieb\/wp-json\/wp\/v2\/comments?post=7100"}],"version-history":[{"count":9,"href":"https:\/\/blog.zeit.de\/herdentrieb\/wp-json\/wp\/v2\/posts\/7100\/revisions"}],"predecessor-version":[{"id":7102,"href":"https:\/\/blog.zeit.de\/herdentrieb\/wp-json\/wp\/v2\/posts\/7100\/revisions\/7102"}],"wp:attachment":[{"href":"https:\/\/blog.zeit.de\/herdentrieb\/wp-json\/wp\/v2\/media?parent=7100"}],"wp:term":[{"taxonomy":"category","embeddable":true,"href":"https:\/\/blog.zeit.de\/herdentrieb\/wp-json\/wp\/v2\/categories?post=7100"},{"taxonomy":"post_tag","embeddable":true,"href":"https:\/\/blog.zeit.de\/herdentrieb\/wp-json\/wp\/v2\/tags?post=7100"}],"curies":[{"name":"wp","href":"https:\/\/api.w.org\/{rel}","templated":true}]}}