{"id":7112,"date":"2014-02-12T23:04:26","date_gmt":"2014-02-12T22:04:26","guid":{"rendered":"http:\/\/blog.zeit.de\/herdentrieb\/?p=7112"},"modified":"2014-02-13T11:25:00","modified_gmt":"2014-02-13T10:25:00","slug":"ist-sigmar-gabriel-ein-lohndrucker","status":"publish","type":"post","link":"https:\/\/blog.zeit.de\/herdentrieb\/2014\/02\/12\/ist-sigmar-gabriel-ein-lohndrucker_7112","title":{"rendered":"Ist Sigmar Gabriel ein Lohndr\u00fccker?"},"content":{"rendered":"<p>Es klingt wie ein Skandal: Ausgerechnet ein sozialdemokratischer Wirtschaftsminister hat in seinem ersten Jahreswirtschaftsbericht nichts besseres zu tun, als Lohnzur\u00fcckhaltung zu fordern. So zumindest wurde es <a href=\"http:\/\/www.handelsblatt.com\/politik\/deutschland\/gabriels-jahreswirtschaftsbericht-zynischer-schlag-ins-gesicht-der-beschaeftigten\/9470574.html\" target=\"_blank\">berichtet<\/a>.<\/p>\n<p>In Wahrheit ist das alles eine ziemliche Ente. <!--more-->In dem <a href=\"http:\/\/www.bmwi.de\/DE\/Mediathek\/publikationen,did=624768.html\" target=\"_blank\">Bericht<\/a> steht:<\/p>\n<p style=\"padding-left: 30px;\"><em>Gute Arbeit muss sich einerseits\u00a0lohnen und existenzsichernd sein. Andererseits m\u00fcssen\u00a0Produktivit\u00e4t und Lohnh\u00f6he korrespondieren, damit sozial\u00a0versicherungspflichtige Besch\u00e4ftigung erhalten bleibt.<\/em><\/p>\n<p>Die Lohnentwicklung soll sich also an der Produktivit\u00e4t orientieren \u2013 ja woran denn sonst? Das Problem in Deutschland war ja, dass in den vergangenen Jahren die Zunahme der L\u00f6hne hinter der Zunahme der Produktivit\u00e4t (plus Zielinflation) zur\u00fcckblieb.<\/p>\n<p>Was Gabriel da fordert, ist nicht nur common sense, sondern eine ursozialdemokratische Position, die auch von den meisten aufgekl\u00e4rten Gewerkschaftern geteilt wird.\u00a0\u00a0Niemand kann ernsthaft wollen, dass die L\u00f6hne dauerhaft schneller steigen sollen als die Produktivit\u00e4t, denn das w\u00e4re kein stabiler Zustand.<\/p>\n<p>Irgendjemand hat also den Bericht nicht richtig verstanden \u2013 oder ein Interesse daran, Gabriel zu schaden. Jedenfalls ist es komplett heuchlerisch, wenn nun die FDP ihn daf\u00fcr kritisiert, den Arbeitnehmern Lohnsteigerungen vorenthalten zu wollen. Denn die Liberalen haben am lautesten nach Lohnmoderation gerufen.<\/p>\n<p>Manchmal sind die politischen Debatten in diesem Land irre.<\/p>\n<p><strong>Update:\u00a0<\/strong>Wenn ich von produktivit\u00e4tsorientierter Lohnpolitik spreche, dann schlie\u00dft das nat\u00fcrlich die Zielinflationsrate ein. Sonst w\u00e4re dieses Ziel auch nicht zu erreichen. Ich dachte eigentlich dass sei selbstverst\u00e4ndlich.<\/p>\n","protected":false},"excerpt":{"rendered":"<p>Es klingt wie ein Skandal: Ausgerechnet ein sozialdemokratischer Wirtschaftsminister hat in seinem ersten Jahreswirtschaftsbericht nichts besseres zu tun, als Lohnzur\u00fcckhaltung zu fordern. So zumindest wurde es berichtet. In Wahrheit ist das alles eine ziemliche Ente.<\/p>\n","protected":false},"author":215,"featured_media":0,"comment_status":"open","ping_status":"closed","sticky":false,"template":"","format":"standard","meta":{"_jetpack_memberships_contains_paid_content":false,"footnotes":""},"categories":[3],"tags":[],"class_list":["post-7112","post","type-post","status-publish","format-standard","hentry","category-der-aktuelle-rand"],"yoast_head":"<!-- This site is optimized with the Yoast SEO plugin v21.0 - https:\/\/yoast.com\/wordpress\/plugins\/seo\/ -->\n<title>Ist Sigmar Gabriel ein Lohndr\u00fccker? - Herdentrieb<\/title>\n<meta name=\"robots\" content=\"index, follow, max-snippet:-1, max-image-preview:large, max-video-preview:-1\" \/>\n<link rel=\"canonical\" href=\"https:\/\/blog.zeit.de\/herdentrieb\/2014\/02\/12\/ist-sigmar-gabriel-ein-lohndrucker_7112\" \/>\n<meta property=\"og:locale\" content=\"de_DE\" \/>\n<meta property=\"og:type\" content=\"article\" \/>\n<meta property=\"og:title\" content=\"Ist Sigmar Gabriel ein Lohndr\u00fccker? - Herdentrieb\" \/>\n<meta property=\"og:description\" content=\"Es klingt wie ein Skandal: Ausgerechnet ein sozialdemokratischer Wirtschaftsminister hat in seinem ersten Jahreswirtschaftsbericht nichts besseres zu tun, als Lohnzur\u00fcckhaltung zu fordern. So zumindest wurde es berichtet. In Wahrheit ist das alles eine ziemliche Ente.\" \/>\n<meta property=\"og:url\" content=\"https:\/\/blog.zeit.de\/herdentrieb\/2014\/02\/12\/ist-sigmar-gabriel-ein-lohndrucker_7112\" \/>\n<meta property=\"og:site_name\" content=\"Herdentrieb\" \/>\n<meta property=\"article:published_time\" content=\"2014-02-12T22:04:26+00:00\" \/>\n<meta property=\"article:modified_time\" content=\"2014-02-13T10:25:00+00:00\" \/>\n<meta name=\"author\" content=\"Mark Schieritz\" \/>\n<meta name=\"twitter:card\" content=\"summary_large_image\" \/>\n<meta name=\"twitter:creator\" content=\"@zeitonline\" \/>\n<meta name=\"twitter:site\" content=\"@zeitonline\" \/>\n<meta name=\"twitter:label1\" content=\"Geschrieben von\" \/>\n\t<meta name=\"twitter:data1\" content=\"Mark Schieritz\" \/>\n\t<meta name=\"twitter:label2\" content=\"Gesch\u00e4tzte Lesezeit\" \/>\n\t<meta name=\"twitter:data2\" content=\"1\u00a0Minute\" \/>\n<script type=\"application\/ld+json\" class=\"yoast-schema-graph\">{\"@context\":\"https:\/\/schema.org\",\"@graph\":[{\"@type\":\"WebPage\",\"@id\":\"https:\/\/blog.zeit.de\/herdentrieb\/2014\/02\/12\/ist-sigmar-gabriel-ein-lohndrucker_7112\",\"url\":\"https:\/\/blog.zeit.de\/herdentrieb\/2014\/02\/12\/ist-sigmar-gabriel-ein-lohndrucker_7112\",\"name\":\"Ist Sigmar Gabriel ein Lohndr\u00fccker? - Herdentrieb\",\"isPartOf\":{\"@id\":\"https:\/\/blog.zeit.de\/herdentrieb\/#website\"},\"datePublished\":\"2014-02-12T22:04:26+00:00\",\"dateModified\":\"2014-02-13T10:25:00+00:00\",\"author\":{\"@id\":\"https:\/\/blog.zeit.de\/herdentrieb\/#\/schema\/person\/a2dfa95bbd4de7e06edc88db4e3d3871\"},\"breadcrumb\":{\"@id\":\"https:\/\/blog.zeit.de\/herdentrieb\/2014\/02\/12\/ist-sigmar-gabriel-ein-lohndrucker_7112#breadcrumb\"},\"inLanguage\":\"de\",\"potentialAction\":[{\"@type\":\"ReadAction\",\"target\":[\"https:\/\/blog.zeit.de\/herdentrieb\/2014\/02\/12\/ist-sigmar-gabriel-ein-lohndrucker_7112\"]}]},{\"@type\":\"BreadcrumbList\",\"@id\":\"https:\/\/blog.zeit.de\/herdentrieb\/2014\/02\/12\/ist-sigmar-gabriel-ein-lohndrucker_7112#breadcrumb\",\"itemListElement\":[{\"@type\":\"ListItem\",\"position\":1,\"name\":\"Startseite\",\"item\":\"https:\/\/blog.zeit.de\/herdentrieb\"},{\"@type\":\"ListItem\",\"position\":2,\"name\":\"Ist Sigmar Gabriel ein Lohndr\u00fccker?\"}]},{\"@type\":\"WebSite\",\"@id\":\"https:\/\/blog.zeit.de\/herdentrieb\/#website\",\"url\":\"https:\/\/blog.zeit.de\/herdentrieb\/\",\"name\":\"Herdentrieb\",\"description\":\"So funktioniert Kapitalismus. Ein Blog\",\"potentialAction\":[{\"@type\":\"SearchAction\",\"target\":{\"@type\":\"EntryPoint\",\"urlTemplate\":\"https:\/\/blog.zeit.de\/herdentrieb\/?s={search_term_string}\"},\"query-input\":\"required name=search_term_string\"}],\"inLanguage\":\"de\"},{\"@type\":\"Person\",\"@id\":\"https:\/\/blog.zeit.de\/herdentrieb\/#\/schema\/person\/a2dfa95bbd4de7e06edc88db4e3d3871\",\"name\":\"Mark Schieritz\",\"image\":{\"@type\":\"ImageObject\",\"inLanguage\":\"de\",\"@id\":\"https:\/\/blog.zeit.de\/herdentrieb\/#\/schema\/person\/image\/\",\"url\":\"https:\/\/secure.gravatar.com\/avatar\/66e072b8ecaf6d851921c0577ca78c8c9a24223a3c3cb6df48c5d839d1b622e0?s=96&d=mm&r=g\",\"contentUrl\":\"https:\/\/secure.gravatar.com\/avatar\/66e072b8ecaf6d851921c0577ca78c8c9a24223a3c3cb6df48c5d839d1b622e0?s=96&d=mm&r=g\",\"caption\":\"Mark Schieritz\"},\"url\":\"https:\/\/blog.zeit.de\/herdentrieb\/author\/mark-schieritz\"}]}<\/script>\n<!-- \/ Yoast SEO plugin. -->","yoast_head_json":{"title":"Ist Sigmar Gabriel ein Lohndr\u00fccker? - Herdentrieb","robots":{"index":"index","follow":"follow","max-snippet":"max-snippet:-1","max-image-preview":"max-image-preview:large","max-video-preview":"max-video-preview:-1"},"canonical":"https:\/\/blog.zeit.de\/herdentrieb\/2014\/02\/12\/ist-sigmar-gabriel-ein-lohndrucker_7112","og_locale":"de_DE","og_type":"article","og_title":"Ist Sigmar Gabriel ein Lohndr\u00fccker? - Herdentrieb","og_description":"Es klingt wie ein Skandal: Ausgerechnet ein sozialdemokratischer Wirtschaftsminister hat in seinem ersten Jahreswirtschaftsbericht nichts besseres zu tun, als Lohnzur\u00fcckhaltung zu fordern. So zumindest wurde es berichtet. In Wahrheit ist das alles eine ziemliche Ente.","og_url":"https:\/\/blog.zeit.de\/herdentrieb\/2014\/02\/12\/ist-sigmar-gabriel-ein-lohndrucker_7112","og_site_name":"Herdentrieb","article_published_time":"2014-02-12T22:04:26+00:00","article_modified_time":"2014-02-13T10:25:00+00:00","author":"Mark Schieritz","twitter_card":"summary_large_image","twitter_creator":"@zeitonline","twitter_site":"@zeitonline","twitter_misc":{"Geschrieben von":"Mark Schieritz","Gesch\u00e4tzte Lesezeit":"1\u00a0Minute"},"schema":{"@context":"https:\/\/schema.org","@graph":[{"@type":"WebPage","@id":"https:\/\/blog.zeit.de\/herdentrieb\/2014\/02\/12\/ist-sigmar-gabriel-ein-lohndrucker_7112","url":"https:\/\/blog.zeit.de\/herdentrieb\/2014\/02\/12\/ist-sigmar-gabriel-ein-lohndrucker_7112","name":"Ist Sigmar Gabriel ein Lohndr\u00fccker? - Herdentrieb","isPartOf":{"@id":"https:\/\/blog.zeit.de\/herdentrieb\/#website"},"datePublished":"2014-02-12T22:04:26+00:00","dateModified":"2014-02-13T10:25:00+00:00","author":{"@id":"https:\/\/blog.zeit.de\/herdentrieb\/#\/schema\/person\/a2dfa95bbd4de7e06edc88db4e3d3871"},"breadcrumb":{"@id":"https:\/\/blog.zeit.de\/herdentrieb\/2014\/02\/12\/ist-sigmar-gabriel-ein-lohndrucker_7112#breadcrumb"},"inLanguage":"de","potentialAction":[{"@type":"ReadAction","target":["https:\/\/blog.zeit.de\/herdentrieb\/2014\/02\/12\/ist-sigmar-gabriel-ein-lohndrucker_7112"]}]},{"@type":"BreadcrumbList","@id":"https:\/\/blog.zeit.de\/herdentrieb\/2014\/02\/12\/ist-sigmar-gabriel-ein-lohndrucker_7112#breadcrumb","itemListElement":[{"@type":"ListItem","position":1,"name":"Startseite","item":"https:\/\/blog.zeit.de\/herdentrieb"},{"@type":"ListItem","position":2,"name":"Ist Sigmar Gabriel ein Lohndr\u00fccker?"}]},{"@type":"WebSite","@id":"https:\/\/blog.zeit.de\/herdentrieb\/#website","url":"https:\/\/blog.zeit.de\/herdentrieb\/","name":"Herdentrieb","description":"So funktioniert Kapitalismus. Ein Blog","potentialAction":[{"@type":"SearchAction","target":{"@type":"EntryPoint","urlTemplate":"https:\/\/blog.zeit.de\/herdentrieb\/?s={search_term_string}"},"query-input":"required name=search_term_string"}],"inLanguage":"de"},{"@type":"Person","@id":"https:\/\/blog.zeit.de\/herdentrieb\/#\/schema\/person\/a2dfa95bbd4de7e06edc88db4e3d3871","name":"Mark Schieritz","image":{"@type":"ImageObject","inLanguage":"de","@id":"https:\/\/blog.zeit.de\/herdentrieb\/#\/schema\/person\/image\/","url":"https:\/\/secure.gravatar.com\/avatar\/66e072b8ecaf6d851921c0577ca78c8c9a24223a3c3cb6df48c5d839d1b622e0?s=96&d=mm&r=g","contentUrl":"https:\/\/secure.gravatar.com\/avatar\/66e072b8ecaf6d851921c0577ca78c8c9a24223a3c3cb6df48c5d839d1b622e0?s=96&d=mm&r=g","caption":"Mark Schieritz"},"url":"https:\/\/blog.zeit.de\/herdentrieb\/author\/mark-schieritz"}]}},"jetpack_featured_media_url":"","jetpack_sharing_enabled":true,"_links":{"self":[{"href":"https:\/\/blog.zeit.de\/herdentrieb\/wp-json\/wp\/v2\/posts\/7112","targetHints":{"allow":["GET"]}}],"collection":[{"href":"https:\/\/blog.zeit.de\/herdentrieb\/wp-json\/wp\/v2\/posts"}],"about":[{"href":"https:\/\/blog.zeit.de\/herdentrieb\/wp-json\/wp\/v2\/types\/post"}],"author":[{"embeddable":true,"href":"https:\/\/blog.zeit.de\/herdentrieb\/wp-json\/wp\/v2\/users\/215"}],"replies":[{"embeddable":true,"href":"https:\/\/blog.zeit.de\/herdentrieb\/wp-json\/wp\/v2\/comments?post=7112"}],"version-history":[{"count":6,"href":"https:\/\/blog.zeit.de\/herdentrieb\/wp-json\/wp\/v2\/posts\/7112\/revisions"}],"predecessor-version":[{"id":7118,"href":"https:\/\/blog.zeit.de\/herdentrieb\/wp-json\/wp\/v2\/posts\/7112\/revisions\/7118"}],"wp:attachment":[{"href":"https:\/\/blog.zeit.de\/herdentrieb\/wp-json\/wp\/v2\/media?parent=7112"}],"wp:term":[{"taxonomy":"category","embeddable":true,"href":"https:\/\/blog.zeit.de\/herdentrieb\/wp-json\/wp\/v2\/categories?post=7112"},{"taxonomy":"post_tag","embeddable":true,"href":"https:\/\/blog.zeit.de\/herdentrieb\/wp-json\/wp\/v2\/tags?post=7112"}],"curies":[{"name":"wp","href":"https:\/\/api.w.org\/{rel}","templated":true}]}}