{"id":7241,"date":"2014-04-07T20:34:20","date_gmt":"2014-04-07T18:34:20","guid":{"rendered":"http:\/\/blog.zeit.de\/herdentrieb\/?p=7241"},"modified":"2014-04-08T13:40:54","modified_gmt":"2014-04-08T11:40:54","slug":"es-brummt-aber-vollbeschaeftigung-ist-noch-nicht-in-sicht","status":"publish","type":"post","link":"https:\/\/blog.zeit.de\/herdentrieb\/2014\/04\/07\/es-brummt-aber-vollbeschaeftigung-ist-noch-nicht-in-sicht_7241","title":{"rendered":"Es brummt, aber Vollbesch\u00e4ftigung ist noch nicht in Sicht"},"content":{"rendered":"<p>Nach den Zahlen, die das Statistische Bundesamt ver\u00f6ffentlicht hat, ist die <a title=\"Statistisches Bundesamt Pressemitteilung 7. April 2014\" href=\"https:\/\/www.destatis.de\/DE\/PresseService\/Presse\/Pressemitteilungen\/2014\/04\/PD14_125_421.html;jsessionid=0F35A2CC2F9A709035E9D5D6C621DBC6.cae3\" target=\"_blank\">Produktion in Industrie und Bauwirtschaft<\/a> im Februar erneut kr\u00e4ftig gestiegen. Die Wirtschaft nimmt zusehends Fahrt auf.<br \/>\n<!--more--><br \/>\nWenn ich Januar und Februar zusammenfasse, um die Daten etwas zu gl\u00e4tten, komme ich gegen\u00fcber dem Durchschnitt des vierten Quartals in der Industrie \u2013 hochgerechnet auf&#8217;s Jahr \u2013 zu einer Zuwachsrate von 6,2 Prozent; der Abstand zum Vorjahr betrug 4,7 Prozent. Im Bau belief sich der Vorjahresabstand in den beiden Monaten sogar auf 9,5 Prozent; der Fr\u00fchindikator &#8222;reale Auftragseing\u00e4nge&#8220; bewegt sich in dieser Branche in einer \u00e4hnlichen Gr\u00f6\u00dfenordnung; das gute Wetter, die niedrigen Zinsen und der gro\u00dfe Nachholbedarf haben inzwischen geradezu einen Bauboom ausgel\u00f6st.<\/p>\n<p>Einige andere Zahlen der vergangenen Wochen best\u00e4tigen den Eindruck, dass die Konjunktur wieder gut l\u00e4uft: (1) In der Industrie \u00fcbertrafen die <a title=\"Statistisches Bundesamt Pressemitteilung 4. April 2014\" href=\"https:\/\/www.destatis.de\/DE\/PresseService\/Presse\/Pressemitteilungen\/2014\/04\/PD14_124_421.html;jsessionid=C77B54EF7B48A8BEF9EC4CD5CE7F5FE3.cae3\" target=\"_blank\">realen Auftragseing\u00e4nge<\/a> im Januar und Februar ihre Vorjahreswerte um 6,6 Prozent. (2) Die Erwartungskomponente des <a title=\"ifo Gesch\u00e4ftsklima M\u00e4rz 2014\" href=\"http:\/\/www.cesifo-group.de\/de\/ifoHome\/facts\/Survey-Results\/Business-Climate\/Geschaeftsklima-Archiv\/2014\/Geschaeftsklima-20140325.html\" target=\"_blank\">Ifo-Indikators<\/a> ist zwar zweimal in Folge gesunken, vermutlich wegen der Krise in der Ukraine, befindet sich aber nach wie vor auf einem sehr hohen Niveau \u2013 die Unternehmer sind sehr optimistisch. (3) Vom Arbeitsmarkt gibt es ebenfalls nur Erfreuliches zu berichten: In den sechs Monaten bis Februar hatte die Besch\u00e4ftigung mit einer Jahresrate von 1,0 Prozent zugenommen und \u00fcbertraf ihren Vorjahreswert um 0,7 Prozent; im M\u00e4rz war die Arbeitslosenquote auf 6,7 Prozent gefallen, den tiefsten Wert seit der gro\u00dfen Rezession; nach der Definition der ILO (der Internationalen Arbeitsorganisation) entspricht das einer Quote von nur 5,1 Prozent. (4) \u00dcberschl\u00e4gig gerechnet lagen die realen Wareneinfuhren in den vier Monaten bis Januar um nicht weniger als 8,5 Prozent \u00fcber ihren Vorjahreswerten, die Ausfuhren &#8222;nur&#8220; um 3,4 Prozent; beides zusammen zeigt, dass der Aufschwung nicht so sehr wie fr\u00fcher von der Auslandsnachfrage abh\u00e4ngt.<\/p>\n<p><img loading=\"lazy\" decoding=\"async\" class=\"size-full wp-image-7242\" alt=\"Grafik: Entwicklung der Besch\u00e4ftigung in Deutschland seit 1991\" src=\"https:\/\/blog.zeit.de\/herdentrieb\/files\/2014\/04\/Beschaeftigung_DE_1991Q1-2014Q1p.gif\" width=\"499\" height=\"427\" \/><\/p>\n<p>Inzwischen haben wir es mit einem Aufschwung zu tun, der es mit dem von 2010 und 2011 aufnehmen kann. Damals, direkt nach der tiefen Rezession, war das reale BIP mit Raten zwischen dreieinhalb und vier Prozent gestiegen. Nach wie vor ist die deutsche Wirtschaft aber noch weit von einer normalen, geschweige denn hohen Auslastung ihrer Kapazit\u00e4ten entfernt. Weil das so ist, gibt es keine Anzeichen daf\u00fcr, dass sich die Inflation beschleunigen k\u00f6nnte, zumal aus dem Ausland Deflation importiert wird, vor allem aus den L\u00e4ndern in der Peripherie des Euro-Raums. Auch an den Rohstoffm\u00e4rkten sinkt das Preisniveau. Die Einfuhrpreise waren zuletzt um 2,7 Prozent niedriger als vor Jahresfrist. Bei den industriellen Erzeugerpreisen und Ausfuhrpreisen liegen die Inflationsraten jeweils bei minus ein Prozent.<\/p>\n<p>Endlich ist Deutschland f\u00fcr die europ\u00e4ischen Nachbarn so etwas wie eine Konjunkturlokomotive geworden. Die L\u00e4nder in der Peripherie m\u00fcssen die Nachfrage zugunsten der Exporte und zulasten der Inlandsnachfrage umschichten, damit sie mit weniger Kapitalimporten auskommen und ihre Auslandsschulden abbauen k\u00f6nnen. Wenn es hierzulande konjunkturell brummt, vereinfacht sich f\u00fcr sie der Prozess. Eine robuste deutsche Konjunktur ist ein wichtiger Beitrag f\u00fcr die Stabilisierung des Euro.<\/p>\n<p>Es w\u00fcrde mich nicht \u00fcberraschen, wenn das reale BIP im gerade abgelaufenen Quartal gegen\u00fcber dem vierten Quartal um 1,0 Prozent gestiegen w\u00e4re und damit um 2,4 Prozent \u00fcber dem Wert vom ersten Quartal 2013 gelegen h\u00e4tte. Wir w\u00e4ren damit auf dem Weg zu <a title=\"Herdentrieb Beitrag\" href=\"https:\/\/blog.zeit.de\/herdentrieb\/2014\/03\/28\/warum-die-deutsche-wirtschaft-staerker-wachsen-koennte_7204\">meiner k\u00fcrzlich f\u00fcr nicht unwahrscheinlich beschriebenen Zuwachsrate f\u00fcr das Gesamtjahr 2014 von drei Prozent plus<\/a>. Es ist aber noch ein langer Weg.<\/p>\n<p>Im Produzierenden Gewerbe (ohne Bau) werden zurzeit gerade einmal die H\u00f6chstst\u00e4nde von Ende 2007\/Anfang 2008 erreicht. Wie sich dem folgenden Schaubild entnehmen l\u00e4sst, liegt der Trendwert zurzeit bei etwa 125, der aktuelle Output aber nur bei 109, also um rund 13 Prozent darunter. Ob die L\u00fccke jemals gef\u00fcllt werden kann, steht in den Sternen, aber klar ist, dass es auf Jahre hinaus keine Engp\u00e4sse in der Produktion geben wird, vor allem, wenn demn\u00e4chst auch die Ausgaben f\u00fcr Ausr\u00fcstungen und Anlagen anspringen und damit das Produktionspotenzial wieder st\u00e4rker zunimmt.<\/p>\n<p><img loading=\"lazy\" decoding=\"async\" class=\"size-full wp-image-7243\" alt=\"Grafik: Produktion im Produzierenden Gewerbe und im Bau seit 1991\" src=\"https:\/\/blog.zeit.de\/herdentrieb\/files\/2014\/04\/Industrieproduktion_Bau_201402.gif\" width=\"482\" height=\"309\" \/><\/p>\n<p>Im Bau allerdings n\u00e4hert sich die Produktion rasch ihrem Normalzustand. Die Jahre nach der Wiedervereinigung k\u00f6nnen nicht der Vergleichsma\u00dfstab sein. St\u00e4rker anziehende Immobilienpreise sind ein Zeichen daf\u00fcr, dass die Branche auf dem Weg vom K\u00e4ufermarkt zum Verk\u00e4ufermarkt ist.<\/p>\n<p>Es fragt sich, wie lange der Aufschwung anhalten wird. Ich sehe nur wenig, was ihn bremsen k\u00f6nnte.<\/p>\n<p>Wenn man Mario Draghi glauben darf, wird die Politik der EZB auf Jahre hinaus sehr expansiv bleiben. Bei der <a href=\"https:\/\/blog.zeit.de\/herdentrieb\/2014\/04\/04\/ezb-will-expansiver-werden_7228\" target=\"_blank\">EZB wird intensiv dar\u00fcber diskutiert<\/a>, wie sich noch eine Schippe drauflegen und das Gespenst der Deflation vertreiben l\u00e4sst. Die Kosten f\u00fcr Fremdkapital sind daher sehr niedrig. Das hohe Niveau der Aktienkurse bedeutet gleichzeitig, dass auch die Eigenmittel der Unternehmen nicht viel kosten.<\/p>\n<p>In der Finanzpolitik ist das Defizitziel l\u00e4ngst erreicht, sodass von dieser Seite keine weiteren restriktiven Effekte ausgehen d\u00fcrften.<\/p>\n<p>Zu einem Problem k\u00f6nnte der feste Euro werden. Ich denke aber, dass die Politik der EZB der Tendenz nach lockerer sein wird als die der Fed, weil Europa konjunkturell hinterherhinkt. Das wird den Anstieg des Euro gegen\u00fcber dem Dollar bremsen. Der Welthandel wird 2014 laut Sachverst\u00e4ndigenrat im Vorjahresvergleich um etwa 5,5 Prozent zulegen, sodass es vom Au\u00dfenbeitrag her insgesamt keine b\u00f6sen \u00dcberraschungen geben d\u00fcrfte.<\/p>\n<p>Getr\u00fcbt werden k\u00f6nnte dieses sonnige Bild durch ein Platzen der chinesischen Schuldenblase, eine neue Eskalation der ukrainischen Krise oder durch R\u00fcckschl\u00e4ge am Aktienmarkt. Das sind ernstzunehmende Risiken, aber aus heutiger Sicht ist per Saldo kaum mit katastrophalen Entwicklungen zu rechnen. Der deutsche Aufschwung ist inzwischen so breit abgesichert, dass er die eine oder andere Krise wegstecken kann.<\/p>\n","protected":false},"excerpt":{"rendered":"<p>Nach den Zahlen, die das Statistische Bundesamt ver\u00f6ffentlicht hat, ist die Produktion in Industrie und Bauwirtschaft im Februar erneut kr\u00e4ftig gestiegen. Die Wirtschaft nimmt zusehends Fahrt auf.<\/p>\n","protected":false},"author":61,"featured_media":0,"comment_status":"open","ping_status":"closed","sticky":false,"template":"","format":"standard","meta":{"_jetpack_memberships_contains_paid_content":false,"footnotes":""},"categories":[9],"tags":[],"class_list":["post-7241","post","type-post","status-publish","format-standard","hentry","category-konjunktur-und-wirtschaftspolitik"],"yoast_head":"<!-- This site is optimized with the Yoast SEO plugin v21.0 - https:\/\/yoast.com\/wordpress\/plugins\/seo\/ -->\n<title>Es brummt, aber Vollbesch\u00e4ftigung ist noch nicht in Sicht - Herdentrieb<\/title>\n<meta name=\"robots\" content=\"index, follow, max-snippet:-1, max-image-preview:large, max-video-preview:-1\" \/>\n<link rel=\"canonical\" href=\"https:\/\/blog.zeit.de\/herdentrieb\/2014\/04\/07\/es-brummt-aber-vollbeschaeftigung-ist-noch-nicht-in-sicht_7241\" \/>\n<meta property=\"og:locale\" content=\"de_DE\" \/>\n<meta property=\"og:type\" content=\"article\" \/>\n<meta property=\"og:title\" content=\"Es brummt, aber Vollbesch\u00e4ftigung ist noch nicht in Sicht - Herdentrieb\" \/>\n<meta property=\"og:description\" content=\"Nach den Zahlen, die das Statistische Bundesamt ver\u00f6ffentlicht hat, ist die Produktion in Industrie und Bauwirtschaft im Februar erneut kr\u00e4ftig gestiegen. Die Wirtschaft nimmt zusehends Fahrt auf.\" \/>\n<meta property=\"og:url\" content=\"https:\/\/blog.zeit.de\/herdentrieb\/2014\/04\/07\/es-brummt-aber-vollbeschaeftigung-ist-noch-nicht-in-sicht_7241\" \/>\n<meta property=\"og:site_name\" content=\"Herdentrieb\" \/>\n<meta property=\"article:published_time\" content=\"2014-04-07T18:34:20+00:00\" \/>\n<meta property=\"article:modified_time\" content=\"2014-04-08T11:40:54+00:00\" \/>\n<meta property=\"og:image\" content=\"https:\/\/blog.zeit.de\/herdentrieb\/files\/2014\/04\/Beschaeftigung_DE_1991Q1-2014Q1p.gif\" \/>\n<meta name=\"author\" content=\"Dieter Wermuth\" \/>\n<meta name=\"twitter:card\" content=\"summary_large_image\" \/>\n<meta name=\"twitter:creator\" content=\"@zeitonline\" \/>\n<meta name=\"twitter:site\" content=\"@zeitonline\" \/>\n<meta name=\"twitter:label1\" content=\"Geschrieben von\" \/>\n\t<meta name=\"twitter:data1\" content=\"Dieter Wermuth\" \/>\n\t<meta name=\"twitter:label2\" content=\"Gesch\u00e4tzte Lesezeit\" \/>\n\t<meta name=\"twitter:data2\" content=\"5\u00a0Minuten\" \/>\n<script type=\"application\/ld+json\" class=\"yoast-schema-graph\">{\"@context\":\"https:\/\/schema.org\",\"@graph\":[{\"@type\":\"WebPage\",\"@id\":\"https:\/\/blog.zeit.de\/herdentrieb\/2014\/04\/07\/es-brummt-aber-vollbeschaeftigung-ist-noch-nicht-in-sicht_7241\",\"url\":\"https:\/\/blog.zeit.de\/herdentrieb\/2014\/04\/07\/es-brummt-aber-vollbeschaeftigung-ist-noch-nicht-in-sicht_7241\",\"name\":\"Es brummt, aber Vollbesch\u00e4ftigung ist noch nicht in Sicht - Herdentrieb\",\"isPartOf\":{\"@id\":\"https:\/\/blog.zeit.de\/herdentrieb\/#website\"},\"datePublished\":\"2014-04-07T18:34:20+00:00\",\"dateModified\":\"2014-04-08T11:40:54+00:00\",\"author\":{\"@id\":\"https:\/\/blog.zeit.de\/herdentrieb\/#\/schema\/person\/cded255e8a7893fa16565de10e59b891\"},\"breadcrumb\":{\"@id\":\"https:\/\/blog.zeit.de\/herdentrieb\/2014\/04\/07\/es-brummt-aber-vollbeschaeftigung-ist-noch-nicht-in-sicht_7241#breadcrumb\"},\"inLanguage\":\"de\",\"potentialAction\":[{\"@type\":\"ReadAction\",\"target\":[\"https:\/\/blog.zeit.de\/herdentrieb\/2014\/04\/07\/es-brummt-aber-vollbeschaeftigung-ist-noch-nicht-in-sicht_7241\"]}]},{\"@type\":\"BreadcrumbList\",\"@id\":\"https:\/\/blog.zeit.de\/herdentrieb\/2014\/04\/07\/es-brummt-aber-vollbeschaeftigung-ist-noch-nicht-in-sicht_7241#breadcrumb\",\"itemListElement\":[{\"@type\":\"ListItem\",\"position\":1,\"name\":\"Startseite\",\"item\":\"https:\/\/blog.zeit.de\/herdentrieb\"},{\"@type\":\"ListItem\",\"position\":2,\"name\":\"Es brummt, aber Vollbesch\u00e4ftigung ist noch nicht in Sicht\"}]},{\"@type\":\"WebSite\",\"@id\":\"https:\/\/blog.zeit.de\/herdentrieb\/#website\",\"url\":\"https:\/\/blog.zeit.de\/herdentrieb\/\",\"name\":\"Herdentrieb\",\"description\":\"So funktioniert Kapitalismus. Ein Blog\",\"potentialAction\":[{\"@type\":\"SearchAction\",\"target\":{\"@type\":\"EntryPoint\",\"urlTemplate\":\"https:\/\/blog.zeit.de\/herdentrieb\/?s={search_term_string}\"},\"query-input\":\"required name=search_term_string\"}],\"inLanguage\":\"de\"},{\"@type\":\"Person\",\"@id\":\"https:\/\/blog.zeit.de\/herdentrieb\/#\/schema\/person\/cded255e8a7893fa16565de10e59b891\",\"name\":\"Dieter Wermuth\",\"image\":{\"@type\":\"ImageObject\",\"inLanguage\":\"de\",\"@id\":\"https:\/\/blog.zeit.de\/herdentrieb\/#\/schema\/person\/image\/\",\"url\":\"https:\/\/secure.gravatar.com\/avatar\/17b936dcdfff00d08ede21a6c8044f16e55bc8832ed4a15d30fdb3dcfd0adec3?s=96&d=mm&r=g\",\"contentUrl\":\"https:\/\/secure.gravatar.com\/avatar\/17b936dcdfff00d08ede21a6c8044f16e55bc8832ed4a15d30fdb3dcfd0adec3?s=96&d=mm&r=g\",\"caption\":\"Dieter Wermuth\"},\"url\":\"https:\/\/blog.zeit.de\/herdentrieb\/author\/dieter-wermuth\"}]}<\/script>\n<!-- \/ Yoast SEO plugin. -->","yoast_head_json":{"title":"Es brummt, aber Vollbesch\u00e4ftigung ist noch nicht in Sicht - Herdentrieb","robots":{"index":"index","follow":"follow","max-snippet":"max-snippet:-1","max-image-preview":"max-image-preview:large","max-video-preview":"max-video-preview:-1"},"canonical":"https:\/\/blog.zeit.de\/herdentrieb\/2014\/04\/07\/es-brummt-aber-vollbeschaeftigung-ist-noch-nicht-in-sicht_7241","og_locale":"de_DE","og_type":"article","og_title":"Es brummt, aber Vollbesch\u00e4ftigung ist noch nicht in Sicht - Herdentrieb","og_description":"Nach den Zahlen, die das Statistische Bundesamt ver\u00f6ffentlicht hat, ist die Produktion in Industrie und Bauwirtschaft im Februar erneut kr\u00e4ftig gestiegen. Die Wirtschaft nimmt zusehends Fahrt auf.","og_url":"https:\/\/blog.zeit.de\/herdentrieb\/2014\/04\/07\/es-brummt-aber-vollbeschaeftigung-ist-noch-nicht-in-sicht_7241","og_site_name":"Herdentrieb","article_published_time":"2014-04-07T18:34:20+00:00","article_modified_time":"2014-04-08T11:40:54+00:00","og_image":[{"url":"https:\/\/blog.zeit.de\/herdentrieb\/files\/2014\/04\/Beschaeftigung_DE_1991Q1-2014Q1p.gif"}],"author":"Dieter Wermuth","twitter_card":"summary_large_image","twitter_creator":"@zeitonline","twitter_site":"@zeitonline","twitter_misc":{"Geschrieben von":"Dieter Wermuth","Gesch\u00e4tzte Lesezeit":"5\u00a0Minuten"},"schema":{"@context":"https:\/\/schema.org","@graph":[{"@type":"WebPage","@id":"https:\/\/blog.zeit.de\/herdentrieb\/2014\/04\/07\/es-brummt-aber-vollbeschaeftigung-ist-noch-nicht-in-sicht_7241","url":"https:\/\/blog.zeit.de\/herdentrieb\/2014\/04\/07\/es-brummt-aber-vollbeschaeftigung-ist-noch-nicht-in-sicht_7241","name":"Es brummt, aber Vollbesch\u00e4ftigung ist noch nicht in Sicht - Herdentrieb","isPartOf":{"@id":"https:\/\/blog.zeit.de\/herdentrieb\/#website"},"datePublished":"2014-04-07T18:34:20+00:00","dateModified":"2014-04-08T11:40:54+00:00","author":{"@id":"https:\/\/blog.zeit.de\/herdentrieb\/#\/schema\/person\/cded255e8a7893fa16565de10e59b891"},"breadcrumb":{"@id":"https:\/\/blog.zeit.de\/herdentrieb\/2014\/04\/07\/es-brummt-aber-vollbeschaeftigung-ist-noch-nicht-in-sicht_7241#breadcrumb"},"inLanguage":"de","potentialAction":[{"@type":"ReadAction","target":["https:\/\/blog.zeit.de\/herdentrieb\/2014\/04\/07\/es-brummt-aber-vollbeschaeftigung-ist-noch-nicht-in-sicht_7241"]}]},{"@type":"BreadcrumbList","@id":"https:\/\/blog.zeit.de\/herdentrieb\/2014\/04\/07\/es-brummt-aber-vollbeschaeftigung-ist-noch-nicht-in-sicht_7241#breadcrumb","itemListElement":[{"@type":"ListItem","position":1,"name":"Startseite","item":"https:\/\/blog.zeit.de\/herdentrieb"},{"@type":"ListItem","position":2,"name":"Es brummt, aber Vollbesch\u00e4ftigung ist noch nicht in Sicht"}]},{"@type":"WebSite","@id":"https:\/\/blog.zeit.de\/herdentrieb\/#website","url":"https:\/\/blog.zeit.de\/herdentrieb\/","name":"Herdentrieb","description":"So funktioniert Kapitalismus. Ein Blog","potentialAction":[{"@type":"SearchAction","target":{"@type":"EntryPoint","urlTemplate":"https:\/\/blog.zeit.de\/herdentrieb\/?s={search_term_string}"},"query-input":"required name=search_term_string"}],"inLanguage":"de"},{"@type":"Person","@id":"https:\/\/blog.zeit.de\/herdentrieb\/#\/schema\/person\/cded255e8a7893fa16565de10e59b891","name":"Dieter Wermuth","image":{"@type":"ImageObject","inLanguage":"de","@id":"https:\/\/blog.zeit.de\/herdentrieb\/#\/schema\/person\/image\/","url":"https:\/\/secure.gravatar.com\/avatar\/17b936dcdfff00d08ede21a6c8044f16e55bc8832ed4a15d30fdb3dcfd0adec3?s=96&d=mm&r=g","contentUrl":"https:\/\/secure.gravatar.com\/avatar\/17b936dcdfff00d08ede21a6c8044f16e55bc8832ed4a15d30fdb3dcfd0adec3?s=96&d=mm&r=g","caption":"Dieter Wermuth"},"url":"https:\/\/blog.zeit.de\/herdentrieb\/author\/dieter-wermuth"}]}},"jetpack_featured_media_url":"","jetpack_sharing_enabled":true,"_links":{"self":[{"href":"https:\/\/blog.zeit.de\/herdentrieb\/wp-json\/wp\/v2\/posts\/7241","targetHints":{"allow":["GET"]}}],"collection":[{"href":"https:\/\/blog.zeit.de\/herdentrieb\/wp-json\/wp\/v2\/posts"}],"about":[{"href":"https:\/\/blog.zeit.de\/herdentrieb\/wp-json\/wp\/v2\/types\/post"}],"author":[{"embeddable":true,"href":"https:\/\/blog.zeit.de\/herdentrieb\/wp-json\/wp\/v2\/users\/61"}],"replies":[{"embeddable":true,"href":"https:\/\/blog.zeit.de\/herdentrieb\/wp-json\/wp\/v2\/comments?post=7241"}],"version-history":[{"count":13,"href":"https:\/\/blog.zeit.de\/herdentrieb\/wp-json\/wp\/v2\/posts\/7241\/revisions"}],"predecessor-version":[{"id":7258,"href":"https:\/\/blog.zeit.de\/herdentrieb\/wp-json\/wp\/v2\/posts\/7241\/revisions\/7258"}],"wp:attachment":[{"href":"https:\/\/blog.zeit.de\/herdentrieb\/wp-json\/wp\/v2\/media?parent=7241"}],"wp:term":[{"taxonomy":"category","embeddable":true,"href":"https:\/\/blog.zeit.de\/herdentrieb\/wp-json\/wp\/v2\/categories?post=7241"},{"taxonomy":"post_tag","embeddable":true,"href":"https:\/\/blog.zeit.de\/herdentrieb\/wp-json\/wp\/v2\/tags?post=7241"}],"curies":[{"name":"wp","href":"https:\/\/api.w.org\/{rel}","templated":true}]}}