{"id":7291,"date":"2014-04-23T23:14:15","date_gmt":"2014-04-23T21:14:15","guid":{"rendered":"http:\/\/blog.zeit.de\/herdentrieb\/?p=7291"},"modified":"2014-04-25T15:55:13","modified_gmt":"2014-04-25T13:55:13","slug":"das-statistikgate-der-afd","status":"publish","type":"post","link":"https:\/\/blog.zeit.de\/herdentrieb\/2014\/04\/23\/das-statistikgate-der-afd_7291","title":{"rendered":"Das Statistikgate der AfD"},"content":{"rendered":"<p>Der <a href=\"https:\/\/blog.zeit.de\/herdentrieb\/2014\/04\/12\/wie-bernd-lucke-sich-griechenland-schoen-rechnete_7277\">Streit<\/a> um das griechische Defizit ist entschieden. \u00a0<a href=\"http:\/\/epp.eurostat.ec.europa.eu\/cache\/ITY_PUBLIC\/2-23042014-AP\/DE\/2-23042014-AP-DE.PDF\" target=\"_blank\">Eurostat<\/a> hat die Defizitdaten ver\u00f6ffentlicht, die Kommission hat <a href=\"http:\/\/ec.europa.eu\/avservices\/video\/player.cfm?&amp;ref=I088740\" target=\"_blank\">best\u00e4tigt<\/a>, dass Griechenland im Jahr 2013 einen Prim\u00e4r\u00fcberschuss ausgewiesen hat \u2013 nach der in dieser Frage relevanten im Programm festgelegten Definition also ohne Sonderausgaben oder Sondereinnahmen.<\/p>\n<p>Selbst die <a href=\"http:\/\/www.faz.net\/aktuell\/wirtschaft\/kommentar-griechenlands-defizitzahlen-sind-kein-skandal-12907346.html\" target=\"_blank\"><em>FAZ<\/em><\/a> ist inzwischen offensichtlich zufrieden, und das ist schon was.<!--more--><\/p>\n<p style=\"padding-left: 30px;\"><em>Der Skandal, den Lucke zu erkennen glaubt, ist aber keiner. Den Rest der Differenz machen Einmaleffekte aus, die alle auf das internationale Hilfsprogramm und seine Auflagen zur\u00fcckgehen, vor allem die Bankenrekapitalisierung.\u00a0<\/em><em><strong>Luckes impliziter Vorwurf<\/strong>, die Troika habe erst j\u00fcngst ihre Definition angepasst, <strong>ist daher schlicht falsch<\/strong>. Diese ist schon zum Start des Programms so festgelegt worden.<\/em><\/p>\n<p>Luckes <a href=\"https:\/\/www.alternativefuer.de\/wp-content\/uploads\/2014\/04\/Lucke-Schreiben-an-Sch%C3%A4uble-wegen-Prim%C3%A4rdefizit.pdf\" target=\"_blank\">Brief<\/a>\u00a0\u2013 hier als PDF \u2013 ist inzwischen von Finanzsstaatssekret\u00e4r Steffen Kampeter beantwortet worden, und in diesem Fall gewinnt der Diplomvolkswirt Kampeter gegen den Volkswirtschaftsprofessor Lucke. Die wichtigsten Passagen:<\/p>\n<p><a href=\"https:\/\/blog.zeit.de\/herdentrieb\/files\/2014\/04\/Bildschirmfoto-2014-04-23-um-23.05.39.png\"><img loading=\"lazy\" decoding=\"async\" class=\"alignleft size-full wp-image-7292\" alt=\"Bildschirmfoto 2014-04-23 um 23.05.39\" src=\"https:\/\/blog.zeit.de\/herdentrieb\/files\/2014\/04\/Bildschirmfoto-2014-04-23-um-23.05.39.png\" width=\"620\" height=\"563\" srcset=\"https:\/\/blog.zeit.de\/herdentrieb\/files\/2014\/04\/Bildschirmfoto-2014-04-23-um-23.05.39.png 620w, https:\/\/blog.zeit.de\/herdentrieb\/files\/2014\/04\/Bildschirmfoto-2014-04-23-um-23.05.39-300x272.png 300w\" sizes=\"auto, (max-width: 620px) 100vw, 620px\" \/><\/a><\/p>\n<p>Und weiter:<\/p>\n<p><a href=\"https:\/\/blog.zeit.de\/herdentrieb\/files\/2014\/04\/Bildschirmfoto-2014-04-23-um-23.08.32.png\"><img loading=\"lazy\" decoding=\"async\" class=\"alignleft size-full wp-image-7293\" alt=\"Bildschirmfoto 2014-04-23 um 23.08.32\" src=\"https:\/\/blog.zeit.de\/herdentrieb\/files\/2014\/04\/Bildschirmfoto-2014-04-23-um-23.08.32.png\" width=\"644\" height=\"496\" srcset=\"https:\/\/blog.zeit.de\/herdentrieb\/files\/2014\/04\/Bildschirmfoto-2014-04-23-um-23.08.32.png 644w, https:\/\/blog.zeit.de\/herdentrieb\/files\/2014\/04\/Bildschirmfoto-2014-04-23-um-23.08.32-300x231.png 300w\" sizes=\"auto, (max-width: 644px) 100vw, 644px\" \/><\/a><\/p>\n<p>Am Ende wirft Kampeter Lucke dann noch vor, durch &#8222;unsachliche Unterstellungen&#8220; wolle dieser &#8222;Ressentiments&#8220; sch\u00fcren und in diesem Fall liegt er damit nicht ganz falsch. Lucke hat inzwischen offenbar schon wieder einen Brief geschrieben und macht darin ein neues Fass auf, was wie ein klares R\u00fcckzugsgefecht aussieht. Er sollte diesen alten Spruch beherzigen: <em>When in a hole, stop digging.<\/em><\/p>\n<p>Was nicht vergessen werden sollte: Es geht in dieser Debatte nicht darum, ob Griechenland nun gerettet ist oder nicht. Dar\u00fcber kann man lange streiten und wenn Lucke einfach nur argumentiert h\u00e4tte, er zweifle am Erfolg der griechischen Anpassung, dann w\u00e4re dagegen nichts einzuwenden gewesen.<\/p>\n<p>Er hat aber unter Aufbietung aller rhetorischen Kniffe versucht, den Eindruck zu erwecken, hier werde geschummelt. Das ist eines Wissenschaftlers nicht w\u00fcrdig. Wer halbwegs Ahnung von dem Thema hat findet nach f\u00fcnf Minuten Internetrecherche heraus, was es mit den griechischen Defizitzahlen auf sich hat. Man kann von einem Professor erwarten, dass er sich diese M\u00fche macht, bevor er mit der Bitte um &#8222;umgehende&#8220; Aufkl\u00e4rung an den Bundesfinanzminister schreibt.<\/p>\n","protected":false},"excerpt":{"rendered":"<p>Der Streit um das griechische Defizit ist entschieden. \u00a0Eurostat hat die Defizitdaten ver\u00f6ffentlicht, die Kommission hat best\u00e4tigt, dass Griechenland im Jahr 2013 einen Prim\u00e4r\u00fcberschuss ausgewiesen hat \u2013 nach der in dieser Frage relevanten im Programm festgelegten Definition also ohne Sonderausgaben oder Sondereinnahmen. Selbst die FAZ ist inzwischen offensichtlich zufrieden, und das ist schon was.<\/p>\n","protected":false},"author":215,"featured_media":0,"comment_status":"open","ping_status":"closed","sticky":false,"template":"","format":"standard","meta":{"_jetpack_memberships_contains_paid_content":false,"footnotes":""},"categories":[3],"tags":[],"class_list":["post-7291","post","type-post","status-publish","format-standard","hentry","category-der-aktuelle-rand"],"yoast_head":"<!-- This site is optimized with the Yoast SEO plugin v21.0 - https:\/\/yoast.com\/wordpress\/plugins\/seo\/ -->\n<title>Das Statistikgate der AfD  - Herdentrieb<\/title>\n<meta name=\"robots\" content=\"index, follow, max-snippet:-1, max-image-preview:large, max-video-preview:-1\" \/>\n<link rel=\"canonical\" href=\"https:\/\/blog.zeit.de\/herdentrieb\/2014\/04\/23\/das-statistikgate-der-afd_7291\" \/>\n<meta property=\"og:locale\" content=\"de_DE\" \/>\n<meta property=\"og:type\" content=\"article\" \/>\n<meta property=\"og:title\" content=\"Das Statistikgate der AfD  - Herdentrieb\" \/>\n<meta property=\"og:description\" content=\"Der Streit um das griechische Defizit ist entschieden. \u00a0Eurostat hat die Defizitdaten ver\u00f6ffentlicht, die Kommission hat best\u00e4tigt, dass Griechenland im Jahr 2013 einen Prim\u00e4r\u00fcberschuss ausgewiesen hat \u2013 nach der in dieser Frage relevanten im Programm festgelegten Definition also ohne Sonderausgaben oder Sondereinnahmen. Selbst die FAZ ist inzwischen offensichtlich zufrieden, und das ist schon was.\" \/>\n<meta property=\"og:url\" content=\"https:\/\/blog.zeit.de\/herdentrieb\/2014\/04\/23\/das-statistikgate-der-afd_7291\" \/>\n<meta property=\"og:site_name\" content=\"Herdentrieb\" \/>\n<meta property=\"article:published_time\" content=\"2014-04-23T21:14:15+00:00\" \/>\n<meta property=\"article:modified_time\" content=\"2014-04-25T13:55:13+00:00\" \/>\n<meta property=\"og:image\" content=\"https:\/\/blog.zeit.de\/herdentrieb\/files\/2014\/04\/Bildschirmfoto-2014-04-23-um-23.05.39.png\" \/>\n<meta name=\"author\" content=\"Mark Schieritz\" \/>\n<meta name=\"twitter:card\" content=\"summary_large_image\" \/>\n<meta name=\"twitter:creator\" content=\"@zeitonline\" \/>\n<meta name=\"twitter:site\" content=\"@zeitonline\" \/>\n<meta name=\"twitter:label1\" content=\"Geschrieben von\" \/>\n\t<meta name=\"twitter:data1\" content=\"Mark Schieritz\" \/>\n\t<meta name=\"twitter:label2\" content=\"Gesch\u00e4tzte Lesezeit\" \/>\n\t<meta name=\"twitter:data2\" content=\"2\u00a0Minuten\" \/>\n<script type=\"application\/ld+json\" class=\"yoast-schema-graph\">{\"@context\":\"https:\/\/schema.org\",\"@graph\":[{\"@type\":\"WebPage\",\"@id\":\"https:\/\/blog.zeit.de\/herdentrieb\/2014\/04\/23\/das-statistikgate-der-afd_7291\",\"url\":\"https:\/\/blog.zeit.de\/herdentrieb\/2014\/04\/23\/das-statistikgate-der-afd_7291\",\"name\":\"Das Statistikgate der AfD - Herdentrieb\",\"isPartOf\":{\"@id\":\"https:\/\/blog.zeit.de\/herdentrieb\/#website\"},\"datePublished\":\"2014-04-23T21:14:15+00:00\",\"dateModified\":\"2014-04-25T13:55:13+00:00\",\"author\":{\"@id\":\"https:\/\/blog.zeit.de\/herdentrieb\/#\/schema\/person\/a2dfa95bbd4de7e06edc88db4e3d3871\"},\"breadcrumb\":{\"@id\":\"https:\/\/blog.zeit.de\/herdentrieb\/2014\/04\/23\/das-statistikgate-der-afd_7291#breadcrumb\"},\"inLanguage\":\"de\",\"potentialAction\":[{\"@type\":\"ReadAction\",\"target\":[\"https:\/\/blog.zeit.de\/herdentrieb\/2014\/04\/23\/das-statistikgate-der-afd_7291\"]}]},{\"@type\":\"BreadcrumbList\",\"@id\":\"https:\/\/blog.zeit.de\/herdentrieb\/2014\/04\/23\/das-statistikgate-der-afd_7291#breadcrumb\",\"itemListElement\":[{\"@type\":\"ListItem\",\"position\":1,\"name\":\"Startseite\",\"item\":\"https:\/\/blog.zeit.de\/herdentrieb\"},{\"@type\":\"ListItem\",\"position\":2,\"name\":\"Das Statistikgate der AfD\"}]},{\"@type\":\"WebSite\",\"@id\":\"https:\/\/blog.zeit.de\/herdentrieb\/#website\",\"url\":\"https:\/\/blog.zeit.de\/herdentrieb\/\",\"name\":\"Herdentrieb\",\"description\":\"So funktioniert Kapitalismus. Ein Blog\",\"potentialAction\":[{\"@type\":\"SearchAction\",\"target\":{\"@type\":\"EntryPoint\",\"urlTemplate\":\"https:\/\/blog.zeit.de\/herdentrieb\/?s={search_term_string}\"},\"query-input\":\"required name=search_term_string\"}],\"inLanguage\":\"de\"},{\"@type\":\"Person\",\"@id\":\"https:\/\/blog.zeit.de\/herdentrieb\/#\/schema\/person\/a2dfa95bbd4de7e06edc88db4e3d3871\",\"name\":\"Mark Schieritz\",\"image\":{\"@type\":\"ImageObject\",\"inLanguage\":\"de\",\"@id\":\"https:\/\/blog.zeit.de\/herdentrieb\/#\/schema\/person\/image\/\",\"url\":\"https:\/\/secure.gravatar.com\/avatar\/66e072b8ecaf6d851921c0577ca78c8c9a24223a3c3cb6df48c5d839d1b622e0?s=96&d=mm&r=g\",\"contentUrl\":\"https:\/\/secure.gravatar.com\/avatar\/66e072b8ecaf6d851921c0577ca78c8c9a24223a3c3cb6df48c5d839d1b622e0?s=96&d=mm&r=g\",\"caption\":\"Mark Schieritz\"},\"url\":\"https:\/\/blog.zeit.de\/herdentrieb\/author\/mark-schieritz\"}]}<\/script>\n<!-- \/ Yoast SEO plugin. -->","yoast_head_json":{"title":"Das Statistikgate der AfD  - Herdentrieb","robots":{"index":"index","follow":"follow","max-snippet":"max-snippet:-1","max-image-preview":"max-image-preview:large","max-video-preview":"max-video-preview:-1"},"canonical":"https:\/\/blog.zeit.de\/herdentrieb\/2014\/04\/23\/das-statistikgate-der-afd_7291","og_locale":"de_DE","og_type":"article","og_title":"Das Statistikgate der AfD  - Herdentrieb","og_description":"Der Streit um das griechische Defizit ist entschieden. \u00a0Eurostat hat die Defizitdaten ver\u00f6ffentlicht, die Kommission hat best\u00e4tigt, dass Griechenland im Jahr 2013 einen Prim\u00e4r\u00fcberschuss ausgewiesen hat \u2013 nach der in dieser Frage relevanten im Programm festgelegten Definition also ohne Sonderausgaben oder Sondereinnahmen. Selbst die FAZ ist inzwischen offensichtlich zufrieden, und das ist schon was.","og_url":"https:\/\/blog.zeit.de\/herdentrieb\/2014\/04\/23\/das-statistikgate-der-afd_7291","og_site_name":"Herdentrieb","article_published_time":"2014-04-23T21:14:15+00:00","article_modified_time":"2014-04-25T13:55:13+00:00","og_image":[{"url":"https:\/\/blog.zeit.de\/herdentrieb\/files\/2014\/04\/Bildschirmfoto-2014-04-23-um-23.05.39.png"}],"author":"Mark Schieritz","twitter_card":"summary_large_image","twitter_creator":"@zeitonline","twitter_site":"@zeitonline","twitter_misc":{"Geschrieben von":"Mark Schieritz","Gesch\u00e4tzte Lesezeit":"2\u00a0Minuten"},"schema":{"@context":"https:\/\/schema.org","@graph":[{"@type":"WebPage","@id":"https:\/\/blog.zeit.de\/herdentrieb\/2014\/04\/23\/das-statistikgate-der-afd_7291","url":"https:\/\/blog.zeit.de\/herdentrieb\/2014\/04\/23\/das-statistikgate-der-afd_7291","name":"Das Statistikgate der AfD - Herdentrieb","isPartOf":{"@id":"https:\/\/blog.zeit.de\/herdentrieb\/#website"},"datePublished":"2014-04-23T21:14:15+00:00","dateModified":"2014-04-25T13:55:13+00:00","author":{"@id":"https:\/\/blog.zeit.de\/herdentrieb\/#\/schema\/person\/a2dfa95bbd4de7e06edc88db4e3d3871"},"breadcrumb":{"@id":"https:\/\/blog.zeit.de\/herdentrieb\/2014\/04\/23\/das-statistikgate-der-afd_7291#breadcrumb"},"inLanguage":"de","potentialAction":[{"@type":"ReadAction","target":["https:\/\/blog.zeit.de\/herdentrieb\/2014\/04\/23\/das-statistikgate-der-afd_7291"]}]},{"@type":"BreadcrumbList","@id":"https:\/\/blog.zeit.de\/herdentrieb\/2014\/04\/23\/das-statistikgate-der-afd_7291#breadcrumb","itemListElement":[{"@type":"ListItem","position":1,"name":"Startseite","item":"https:\/\/blog.zeit.de\/herdentrieb"},{"@type":"ListItem","position":2,"name":"Das Statistikgate der AfD"}]},{"@type":"WebSite","@id":"https:\/\/blog.zeit.de\/herdentrieb\/#website","url":"https:\/\/blog.zeit.de\/herdentrieb\/","name":"Herdentrieb","description":"So funktioniert Kapitalismus. Ein Blog","potentialAction":[{"@type":"SearchAction","target":{"@type":"EntryPoint","urlTemplate":"https:\/\/blog.zeit.de\/herdentrieb\/?s={search_term_string}"},"query-input":"required name=search_term_string"}],"inLanguage":"de"},{"@type":"Person","@id":"https:\/\/blog.zeit.de\/herdentrieb\/#\/schema\/person\/a2dfa95bbd4de7e06edc88db4e3d3871","name":"Mark Schieritz","image":{"@type":"ImageObject","inLanguage":"de","@id":"https:\/\/blog.zeit.de\/herdentrieb\/#\/schema\/person\/image\/","url":"https:\/\/secure.gravatar.com\/avatar\/66e072b8ecaf6d851921c0577ca78c8c9a24223a3c3cb6df48c5d839d1b622e0?s=96&d=mm&r=g","contentUrl":"https:\/\/secure.gravatar.com\/avatar\/66e072b8ecaf6d851921c0577ca78c8c9a24223a3c3cb6df48c5d839d1b622e0?s=96&d=mm&r=g","caption":"Mark Schieritz"},"url":"https:\/\/blog.zeit.de\/herdentrieb\/author\/mark-schieritz"}]}},"jetpack_featured_media_url":"","jetpack_sharing_enabled":true,"_links":{"self":[{"href":"https:\/\/blog.zeit.de\/herdentrieb\/wp-json\/wp\/v2\/posts\/7291","targetHints":{"allow":["GET"]}}],"collection":[{"href":"https:\/\/blog.zeit.de\/herdentrieb\/wp-json\/wp\/v2\/posts"}],"about":[{"href":"https:\/\/blog.zeit.de\/herdentrieb\/wp-json\/wp\/v2\/types\/post"}],"author":[{"embeddable":true,"href":"https:\/\/blog.zeit.de\/herdentrieb\/wp-json\/wp\/v2\/users\/215"}],"replies":[{"embeddable":true,"href":"https:\/\/blog.zeit.de\/herdentrieb\/wp-json\/wp\/v2\/comments?post=7291"}],"version-history":[{"count":5,"href":"https:\/\/blog.zeit.de\/herdentrieb\/wp-json\/wp\/v2\/posts\/7291\/revisions"}],"predecessor-version":[{"id":7305,"href":"https:\/\/blog.zeit.de\/herdentrieb\/wp-json\/wp\/v2\/posts\/7291\/revisions\/7305"}],"wp:attachment":[{"href":"https:\/\/blog.zeit.de\/herdentrieb\/wp-json\/wp\/v2\/media?parent=7291"}],"wp:term":[{"taxonomy":"category","embeddable":true,"href":"https:\/\/blog.zeit.de\/herdentrieb\/wp-json\/wp\/v2\/categories?post=7291"},{"taxonomy":"post_tag","embeddable":true,"href":"https:\/\/blog.zeit.de\/herdentrieb\/wp-json\/wp\/v2\/tags?post=7291"}],"curies":[{"name":"wp","href":"https:\/\/api.w.org\/{rel}","templated":true}]}}