{"id":7313,"date":"2014-04-25T22:31:40","date_gmt":"2014-04-25T20:31:40","guid":{"rendered":"http:\/\/blog.zeit.de\/herdentrieb\/?p=7313"},"modified":"2014-04-26T01:24:37","modified_gmt":"2014-04-25T23:24:37","slug":"bernd-lucke-kann-es-nicht-lassen","status":"publish","type":"post","link":"https:\/\/blog.zeit.de\/herdentrieb\/2014\/04\/25\/bernd-lucke-kann-es-nicht-lassen_7313","title":{"rendered":"Bernd Lucke kann es nicht lassen"},"content":{"rendered":"<p>Diese Diskussion wird uns noch bis zur Europawahl begleiten. Bernd Lucke hat nun also auf Kampeters Brief <a href=\"https:\/\/www.facebook.com\/alternativefuer.de\/photos\/pcb.745051148858560\/745050962191912\/?type=1&amp;theater\" target=\"_blank\">geantwortet<\/a>.\u00a0Ich beschr\u00e4nke mich heute auf die Passage zur Bankenrekapitalisierung, man kommt ja zu nichts mehr.<br \/>\n<!--more--><br \/>\nAlso:<\/p>\n<p><a href=\"https:\/\/blog.zeit.de\/herdentrieb\/files\/2014\/04\/Bildschirmfoto-2014-04-25-um-22.08.54.png\"><img loading=\"lazy\" decoding=\"async\" class=\"alignleft size-full wp-image-7314\" alt=\"Bildschirmfoto 2014-04-25 um 22.08.54\" src=\"https:\/\/blog.zeit.de\/herdentrieb\/files\/2014\/04\/Bildschirmfoto-2014-04-25-um-22.08.54.png\" width=\"541\" height=\"172\" srcset=\"https:\/\/blog.zeit.de\/herdentrieb\/files\/2014\/04\/Bildschirmfoto-2014-04-25-um-22.08.54.png 541w, https:\/\/blog.zeit.de\/herdentrieb\/files\/2014\/04\/Bildschirmfoto-2014-04-25-um-22.08.54-300x95.png 300w\" sizes=\"auto, (max-width: 541px) 100vw, 541px\" \/><\/a><\/p>\n<p>Lucke bleibt dabei, dass hier etwas sch\u00f6n gerechnet wurde. Ich teile diese Interpretation nicht und sie entspricht auch nicht der internationalen Praxis. Aber wenn Lucke der Meinung ist, dass er in Sachen Performancekritieren f\u00fcr Programml\u00e4nder die besseren Konzepte hat als der IWF mit einen halbem Jahrhundert Krisenerfahrung, dann kann er diese Ansicht nat\u00fcrlich vertreten. \u00a0Das ist eine legitime inhaltliche Auseinandersetzung.<\/p>\n<p>Aber es ging hier ja in erster Linie nie um die Sache, sondern um die Frage, ob von offizieller Seite \u2013 also IWF, EZB und Kommission \u2013 unsauber gearbeitet beziehungsweise die \u00d6ffentlichkeit get\u00e4uscht wurde.<\/p>\n<p>In diesem Zusammenhang ist interessant, dass Lucke die Programmdefinition des Prim\u00e4rhaushalts nun nicht mehr &#8222;erstaunlich&#8220; findet. Das ist ein Fortschritt, \u00a0offenbar hat er die entsprechenden Dokumente jetzt gelesen.<\/p>\n<p>Aber weil er nat\u00fcrlich nicht nachgeben kann und will, sucht er sich einen neuen Kritikpunkt. Der lautet nun, dass die Troika in den offiziellen Dokumenten die falsche Begrifflichkeit verwendet hat. Er bezieht sich, wenn ich ihn richtig verstehe, explizit auf <a href=\"http:\/\/www.imf.org\/external\/np\/sec\/pr\/2014\/pr14112.htm\" target=\"_blank\">folgende Passage<\/a>\u00a0des IWF.<\/p>\n<p style=\"padding-left: 30px;\"><em>Fiscal performance is on track to meet program targets. Preliminary estimates suggest the 2013 primary balance target was met with a substantial margin.<\/em><\/p>\n<p>Die Rede ist hier vom <em>primary balance target<\/em>.\u00a0Der bestimmte Artikel macht deutlich, dass sich auf ein an anderer Stelle definiertes Ziel bezogen wird. Und diese Definition findet sich im Memorandum of Understanding, das nur einen Mausklick entfernt ist. Hier zu argumentieren, es sei etwas &#8222;unterschlagen&#8220; worden, ist \u2013 man kann es nicht anders sagen \u2013 entweder naiv oder b\u00f6swillig.<\/p>\n<p>Ich habe nicht alle offiziellen Statements durchgesehen, aber ich habe kein Dokument gefunden, aus dem sich schlussfolgern l\u00e4sst, dass hier jemand etwas vertuschen will. Manchmal ist von einem Prim\u00e4rsaldo &#8222;as defined in the program&#8220; die Rede, manchmal gibt es kurze Fu\u00dfnoten, manchmal wird wie oben grammatikalisch zum Ausdruck gebracht, dass es sich um einen konkreten Bezug handelt.<\/p>\n<p>Ich bleibe dabei: Es geht der AfD hier nur um Politik. Wenn es ihr wirklich um Griechenland ginge, w\u00fcrde sie diese Debatte anders f\u00fchren.<\/p>\n","protected":false},"excerpt":{"rendered":"<p>Diese Diskussion wird uns noch bis zur Europawahl begleiten. Bernd Lucke hat nun also auf Kampeters Brief geantwortet.\u00a0Ich beschr\u00e4nke mich heute auf die Passage zur Bankenrekapitalisierung, man kommt ja zu nichts mehr.<\/p>\n","protected":false},"author":215,"featured_media":0,"comment_status":"open","ping_status":"closed","sticky":false,"template":"","format":"standard","meta":{"_jetpack_memberships_contains_paid_content":false,"footnotes":""},"categories":[3],"tags":[],"class_list":["post-7313","post","type-post","status-publish","format-standard","hentry","category-der-aktuelle-rand"],"yoast_head":"<!-- This site is optimized with the Yoast SEO plugin v21.0 - https:\/\/yoast.com\/wordpress\/plugins\/seo\/ -->\n<title>Bernd Lucke kann es nicht lassen - Herdentrieb<\/title>\n<meta name=\"robots\" content=\"index, follow, max-snippet:-1, max-image-preview:large, max-video-preview:-1\" \/>\n<link rel=\"canonical\" href=\"https:\/\/blog.zeit.de\/herdentrieb\/2014\/04\/25\/bernd-lucke-kann-es-nicht-lassen_7313\" \/>\n<meta property=\"og:locale\" content=\"de_DE\" \/>\n<meta property=\"og:type\" content=\"article\" \/>\n<meta property=\"og:title\" content=\"Bernd Lucke kann es nicht lassen - Herdentrieb\" \/>\n<meta property=\"og:description\" content=\"Diese Diskussion wird uns noch bis zur Europawahl begleiten. Bernd Lucke hat nun also auf Kampeters Brief geantwortet.\u00a0Ich beschr\u00e4nke mich heute auf die Passage zur Bankenrekapitalisierung, man kommt ja zu nichts mehr.\" \/>\n<meta property=\"og:url\" content=\"https:\/\/blog.zeit.de\/herdentrieb\/2014\/04\/25\/bernd-lucke-kann-es-nicht-lassen_7313\" \/>\n<meta property=\"og:site_name\" content=\"Herdentrieb\" \/>\n<meta property=\"article:published_time\" content=\"2014-04-25T20:31:40+00:00\" \/>\n<meta property=\"article:modified_time\" content=\"2014-04-25T23:24:37+00:00\" \/>\n<meta property=\"og:image\" content=\"https:\/\/blog.zeit.de\/herdentrieb\/files\/2014\/04\/Bildschirmfoto-2014-04-25-um-22.08.54.png\" \/>\n<meta name=\"author\" content=\"Mark Schieritz\" \/>\n<meta name=\"twitter:card\" content=\"summary_large_image\" \/>\n<meta name=\"twitter:creator\" content=\"@zeitonline\" \/>\n<meta name=\"twitter:site\" content=\"@zeitonline\" \/>\n<meta name=\"twitter:label1\" content=\"Geschrieben von\" \/>\n\t<meta name=\"twitter:data1\" content=\"Mark Schieritz\" \/>\n\t<meta name=\"twitter:label2\" content=\"Gesch\u00e4tzte Lesezeit\" \/>\n\t<meta name=\"twitter:data2\" content=\"2\u00a0Minuten\" \/>\n<script type=\"application\/ld+json\" class=\"yoast-schema-graph\">{\"@context\":\"https:\/\/schema.org\",\"@graph\":[{\"@type\":\"WebPage\",\"@id\":\"https:\/\/blog.zeit.de\/herdentrieb\/2014\/04\/25\/bernd-lucke-kann-es-nicht-lassen_7313\",\"url\":\"https:\/\/blog.zeit.de\/herdentrieb\/2014\/04\/25\/bernd-lucke-kann-es-nicht-lassen_7313\",\"name\":\"Bernd Lucke kann es nicht lassen - Herdentrieb\",\"isPartOf\":{\"@id\":\"https:\/\/blog.zeit.de\/herdentrieb\/#website\"},\"datePublished\":\"2014-04-25T20:31:40+00:00\",\"dateModified\":\"2014-04-25T23:24:37+00:00\",\"author\":{\"@id\":\"https:\/\/blog.zeit.de\/herdentrieb\/#\/schema\/person\/a2dfa95bbd4de7e06edc88db4e3d3871\"},\"breadcrumb\":{\"@id\":\"https:\/\/blog.zeit.de\/herdentrieb\/2014\/04\/25\/bernd-lucke-kann-es-nicht-lassen_7313#breadcrumb\"},\"inLanguage\":\"de\",\"potentialAction\":[{\"@type\":\"ReadAction\",\"target\":[\"https:\/\/blog.zeit.de\/herdentrieb\/2014\/04\/25\/bernd-lucke-kann-es-nicht-lassen_7313\"]}]},{\"@type\":\"BreadcrumbList\",\"@id\":\"https:\/\/blog.zeit.de\/herdentrieb\/2014\/04\/25\/bernd-lucke-kann-es-nicht-lassen_7313#breadcrumb\",\"itemListElement\":[{\"@type\":\"ListItem\",\"position\":1,\"name\":\"Startseite\",\"item\":\"https:\/\/blog.zeit.de\/herdentrieb\"},{\"@type\":\"ListItem\",\"position\":2,\"name\":\"Bernd Lucke kann es nicht lassen\"}]},{\"@type\":\"WebSite\",\"@id\":\"https:\/\/blog.zeit.de\/herdentrieb\/#website\",\"url\":\"https:\/\/blog.zeit.de\/herdentrieb\/\",\"name\":\"Herdentrieb\",\"description\":\"So funktioniert Kapitalismus. Ein Blog\",\"potentialAction\":[{\"@type\":\"SearchAction\",\"target\":{\"@type\":\"EntryPoint\",\"urlTemplate\":\"https:\/\/blog.zeit.de\/herdentrieb\/?s={search_term_string}\"},\"query-input\":\"required name=search_term_string\"}],\"inLanguage\":\"de\"},{\"@type\":\"Person\",\"@id\":\"https:\/\/blog.zeit.de\/herdentrieb\/#\/schema\/person\/a2dfa95bbd4de7e06edc88db4e3d3871\",\"name\":\"Mark Schieritz\",\"image\":{\"@type\":\"ImageObject\",\"inLanguage\":\"de\",\"@id\":\"https:\/\/blog.zeit.de\/herdentrieb\/#\/schema\/person\/image\/\",\"url\":\"https:\/\/secure.gravatar.com\/avatar\/66e072b8ecaf6d851921c0577ca78c8c9a24223a3c3cb6df48c5d839d1b622e0?s=96&d=mm&r=g\",\"contentUrl\":\"https:\/\/secure.gravatar.com\/avatar\/66e072b8ecaf6d851921c0577ca78c8c9a24223a3c3cb6df48c5d839d1b622e0?s=96&d=mm&r=g\",\"caption\":\"Mark Schieritz\"},\"url\":\"https:\/\/blog.zeit.de\/herdentrieb\/author\/mark-schieritz\"}]}<\/script>\n<!-- \/ Yoast SEO plugin. -->","yoast_head_json":{"title":"Bernd Lucke kann es nicht lassen - Herdentrieb","robots":{"index":"index","follow":"follow","max-snippet":"max-snippet:-1","max-image-preview":"max-image-preview:large","max-video-preview":"max-video-preview:-1"},"canonical":"https:\/\/blog.zeit.de\/herdentrieb\/2014\/04\/25\/bernd-lucke-kann-es-nicht-lassen_7313","og_locale":"de_DE","og_type":"article","og_title":"Bernd Lucke kann es nicht lassen - Herdentrieb","og_description":"Diese Diskussion wird uns noch bis zur Europawahl begleiten. Bernd Lucke hat nun also auf Kampeters Brief geantwortet.\u00a0Ich beschr\u00e4nke mich heute auf die Passage zur Bankenrekapitalisierung, man kommt ja zu nichts mehr.","og_url":"https:\/\/blog.zeit.de\/herdentrieb\/2014\/04\/25\/bernd-lucke-kann-es-nicht-lassen_7313","og_site_name":"Herdentrieb","article_published_time":"2014-04-25T20:31:40+00:00","article_modified_time":"2014-04-25T23:24:37+00:00","og_image":[{"url":"https:\/\/blog.zeit.de\/herdentrieb\/files\/2014\/04\/Bildschirmfoto-2014-04-25-um-22.08.54.png"}],"author":"Mark Schieritz","twitter_card":"summary_large_image","twitter_creator":"@zeitonline","twitter_site":"@zeitonline","twitter_misc":{"Geschrieben von":"Mark Schieritz","Gesch\u00e4tzte Lesezeit":"2\u00a0Minuten"},"schema":{"@context":"https:\/\/schema.org","@graph":[{"@type":"WebPage","@id":"https:\/\/blog.zeit.de\/herdentrieb\/2014\/04\/25\/bernd-lucke-kann-es-nicht-lassen_7313","url":"https:\/\/blog.zeit.de\/herdentrieb\/2014\/04\/25\/bernd-lucke-kann-es-nicht-lassen_7313","name":"Bernd Lucke kann es nicht lassen - Herdentrieb","isPartOf":{"@id":"https:\/\/blog.zeit.de\/herdentrieb\/#website"},"datePublished":"2014-04-25T20:31:40+00:00","dateModified":"2014-04-25T23:24:37+00:00","author":{"@id":"https:\/\/blog.zeit.de\/herdentrieb\/#\/schema\/person\/a2dfa95bbd4de7e06edc88db4e3d3871"},"breadcrumb":{"@id":"https:\/\/blog.zeit.de\/herdentrieb\/2014\/04\/25\/bernd-lucke-kann-es-nicht-lassen_7313#breadcrumb"},"inLanguage":"de","potentialAction":[{"@type":"ReadAction","target":["https:\/\/blog.zeit.de\/herdentrieb\/2014\/04\/25\/bernd-lucke-kann-es-nicht-lassen_7313"]}]},{"@type":"BreadcrumbList","@id":"https:\/\/blog.zeit.de\/herdentrieb\/2014\/04\/25\/bernd-lucke-kann-es-nicht-lassen_7313#breadcrumb","itemListElement":[{"@type":"ListItem","position":1,"name":"Startseite","item":"https:\/\/blog.zeit.de\/herdentrieb"},{"@type":"ListItem","position":2,"name":"Bernd Lucke kann es nicht lassen"}]},{"@type":"WebSite","@id":"https:\/\/blog.zeit.de\/herdentrieb\/#website","url":"https:\/\/blog.zeit.de\/herdentrieb\/","name":"Herdentrieb","description":"So funktioniert Kapitalismus. Ein Blog","potentialAction":[{"@type":"SearchAction","target":{"@type":"EntryPoint","urlTemplate":"https:\/\/blog.zeit.de\/herdentrieb\/?s={search_term_string}"},"query-input":"required name=search_term_string"}],"inLanguage":"de"},{"@type":"Person","@id":"https:\/\/blog.zeit.de\/herdentrieb\/#\/schema\/person\/a2dfa95bbd4de7e06edc88db4e3d3871","name":"Mark Schieritz","image":{"@type":"ImageObject","inLanguage":"de","@id":"https:\/\/blog.zeit.de\/herdentrieb\/#\/schema\/person\/image\/","url":"https:\/\/secure.gravatar.com\/avatar\/66e072b8ecaf6d851921c0577ca78c8c9a24223a3c3cb6df48c5d839d1b622e0?s=96&d=mm&r=g","contentUrl":"https:\/\/secure.gravatar.com\/avatar\/66e072b8ecaf6d851921c0577ca78c8c9a24223a3c3cb6df48c5d839d1b622e0?s=96&d=mm&r=g","caption":"Mark Schieritz"},"url":"https:\/\/blog.zeit.de\/herdentrieb\/author\/mark-schieritz"}]}},"jetpack_featured_media_url":"","jetpack_sharing_enabled":true,"_links":{"self":[{"href":"https:\/\/blog.zeit.de\/herdentrieb\/wp-json\/wp\/v2\/posts\/7313","targetHints":{"allow":["GET"]}}],"collection":[{"href":"https:\/\/blog.zeit.de\/herdentrieb\/wp-json\/wp\/v2\/posts"}],"about":[{"href":"https:\/\/blog.zeit.de\/herdentrieb\/wp-json\/wp\/v2\/types\/post"}],"author":[{"embeddable":true,"href":"https:\/\/blog.zeit.de\/herdentrieb\/wp-json\/wp\/v2\/users\/215"}],"replies":[{"embeddable":true,"href":"https:\/\/blog.zeit.de\/herdentrieb\/wp-json\/wp\/v2\/comments?post=7313"}],"version-history":[{"count":6,"href":"https:\/\/blog.zeit.de\/herdentrieb\/wp-json\/wp\/v2\/posts\/7313\/revisions"}],"predecessor-version":[{"id":7320,"href":"https:\/\/blog.zeit.de\/herdentrieb\/wp-json\/wp\/v2\/posts\/7313\/revisions\/7320"}],"wp:attachment":[{"href":"https:\/\/blog.zeit.de\/herdentrieb\/wp-json\/wp\/v2\/media?parent=7313"}],"wp:term":[{"taxonomy":"category","embeddable":true,"href":"https:\/\/blog.zeit.de\/herdentrieb\/wp-json\/wp\/v2\/categories?post=7313"},{"taxonomy":"post_tag","embeddable":true,"href":"https:\/\/blog.zeit.de\/herdentrieb\/wp-json\/wp\/v2\/tags?post=7313"}],"curies":[{"name":"wp","href":"https:\/\/api.w.org\/{rel}","templated":true}]}}