{"id":7397,"date":"2014-05-23T12:28:05","date_gmt":"2014-05-23T10:28:05","guid":{"rendered":"http:\/\/blog.zeit.de\/herdentrieb\/?p=7397"},"modified":"2014-05-23T14:25:04","modified_gmt":"2014-05-23T12:25:04","slug":"erstes-quartal-endlich-mal-wachstum","status":"publish","type":"post","link":"https:\/\/blog.zeit.de\/herdentrieb\/2014\/05\/23\/erstes-quartal-endlich-mal-wachstum_7397","title":{"rendered":"Erstes Quartal \u2013 endlich mal Wachstum!"},"content":{"rendered":"<p>Die <a title=\"Pressemitteilung Nr. 180 vom 23.05.2013\" href=\"https:\/\/www.destatis.de\/DE\/PresseService\/Presse\/Pressemitteilungen\/2014\/05\/PD14_180_811.html\" target=\"_blank\">detaillierten Zahlen zum deutschen Sozialprodukt im ersten Quartal<\/a>, die gerade ver\u00f6ffentlicht wurden, sind besser, als ich erwartet hatte. Dabei bin ich schon ziemlich optimistisch. K\u00fcrzlich hatte ich ausgerechnet, dass unter einigen nicht unrealistischen Annahmen 2014 beim realen BIP durchaus <a title=\"Es brummt, aber Vollbesch\u00e4ftigung ist noch nicht in Sicht\" href=\"https:\/\/blog.zeit.de\/herdentrieb\/2014\/04\/07\/es-brummt-aber-vollbeschaeftigung-ist-noch-nicht-in-sicht_7241\">eine Drei vor dem Komma<\/a> stehen k\u00f6nnte. Die Konsensusprognose liegt bei knapp unter zwei Prozent. Viel ist dem au\u00dfergew\u00f6hnlich warmen Winter geschuldet, sodass es nicht unbedingt so weitergehen muss, aber die Fr\u00fchindikatoren sind robust, vor allem die Stimmung der Verbraucher und Unternehmer. Die Bauwirtschaft hebt gerade ab.<br \/>\n<!--more--><br \/>\nDie <a title=\"ifo Gesch\u00e4ftsklimaindex gefallen, 23.05.2014\" href=\"http:\/\/www.cesifo-group.de\/de\/ifoHome\/facts\/Survey-Results\/Business-Climate\/Geschaeftsklima-Archiv\/2014\/Geschaeftsklima-20140523.html\" target=\"_blank\">Ifo-Indikatoren f\u00fcr Mai<\/a>, die ebenfalls heute Morgen \u00fcber die Ticker kamen, waren gegen\u00fcber April leicht zur\u00fcckgegangen, befinden sich aber immer noch nahe den Rekordst\u00e4nden von Ende 2006 und Anfang 2011 und liegen damit weit \u00fcber den Durchschnittswerten seit der Wiedervereinigung. F\u00fcr eine Fortsetzung des Aufschwungs fehlt es weder an guter Stimmung noch an Geld.<\/p>\n<p><img loading=\"lazy\" decoding=\"async\" class=\"size-full wp-image-7398\" alt=\"Grafik: Ifo Gesch\u00e4ftsklima Mai 2014\" src=\"https:\/\/blog.zeit.de\/herdentrieb\/files\/2014\/05\/Ifo_Geschaeftsklima_Mai_2014.gif\" width=\"485\" height=\"301\" \/><\/p>\n<p>Gegen\u00fcber dem vierten Quartal hat das reale BIP saisonbereinigt um 0,8 Prozent zugelegt. Nach der vor allem in den USA popul\u00e4ren Methode, das auf\u2019s Jahr hochzurechnen, bedeutet das eine &#8222;Verlaufsrate&#8220; oder &#8222;annualisierte Rate&#8220; von 3,3 Prozent \u2013 die amerikanische Vergleichszahl liegt \u00fcbrigens im ersten Quartal bei lediglich 0,1 Prozent. Im Vergleich zum Vorjahr betrug die deutsche Zuwachsrate 2,5 Prozent. Wir n\u00e4hern uns der Drei, und die Outputl\u00fccke ist etwas kleiner geworden, wenn leider auch nur die deutsche, nicht die von Euro-Land insgesamt: Die hat sich erneut ausgeweitet.<\/p>\n<p><img loading=\"lazy\" decoding=\"async\" class=\"size-full wp-image-7399\" alt=\"Grafik: Deutsches Bruttoinlandsprodukt ggVq und ggVj 1999 - 2014Q1\" src=\"https:\/\/blog.zeit.de\/herdentrieb\/files\/2014\/05\/BIP_14Q1_qoq_yoy.gif\" width=\"525\" height=\"307\" \/><\/p>\n<p>Woher der neue konjunkturelle Schwung? Er kam allein aus dem Inland. Die inl\u00e4ndische Nachfrage war inflationsbereinigt gegen\u00fcber dem Vorquartal um nicht weniger als 1,9 Prozent gestiegen, mit einer Verlaufsrate von 7,6 Prozent.<\/p>\n<p>Endlich haben die privaten Haushalte wieder deutlich mehr Geld ausgegeben. Worauf h\u00e4tten sie noch warten k\u00f6nnen? Die Besch\u00e4ftigung steigt und steigt, die Zinsen sind so niedrig wie noch nie, die Arbeitnehmereinkommen \u00fcbertrafen ihren Vorjahresstand um 3,5 Prozent, so viel wie seit dem Ende der gro\u00dfen Rezession nicht mehr, und die angesammelten Ersparnisse haben astronomische Gr\u00f6\u00dfenordnungen erreicht \u2013 j\u00e4hrlich wurden in letzter Zeit netto rund 175 Mrd. Euro auf die hohe Kante gelegt. Da die Konsumausgaben der Verbraucher 60,5 Prozent der inl\u00e4ndischen Verwendung ausmachen, sind sie konjunkturell immer der entscheidende Faktor. Diesmal waren sie gegen\u00fcber dem vierten Quartal mit einer Verlaufsrate von ungew\u00f6hnlichen 2,8 Prozent gestiegen, waren allerdings nur 1,4 Prozent h\u00f6her als vor einem Jahr. Die Verbraucher haben also vermutlich noch betr\u00e4chtlichen Nachholbedarf. Das l\u00e4sst hoffen.<\/p>\n<p><img loading=\"lazy\" decoding=\"async\" class=\"size-full wp-image-7400\" alt=\"Grafik: Privaer Konsum und verf\u00fcgbares Einkommen der priv. HH, ggVj., 1992-2014Q1\" src=\"https:\/\/blog.zeit.de\/herdentrieb\/files\/2014\/05\/PrivKonsum_u_verfEinkommenHH_yoy_14Q1.gif\" width=\"506\" height=\"320\" \/><\/p>\n<p>Und dann der Bau! Das gute Wetter hat die Zahlen sicher gesch\u00f6nt, aber wenn ich mir die Baugenehmigungen ansehe und die realen Auftragseing\u00e4nge im Baugewerbe, bin ich mir sicher, dass es sich nicht nur um ein Strohfeuer handelt, auch wenn es im jetzigen und den folgenden Quartalen bei der Produktion sicher ged\u00e4mpfter zugehen wird. F\u00fcr Bauten wurden im ersten Quartal real 7,8 Prozent mehr ausgegeben als vor einem Jahr; gegen\u00fcber dem vierten Quartal entspricht dies einer Verlaufsrate von 15,4 Prozent. Obwohl der Anteil des privaten und \u00f6ffentlichen Baus an der inl\u00e4ndischen Verwendung gerade einmal bei 11 Prozent liegt (nominale Werte), trug der Bau nicht weniger als 0,4 Prozentpunkte zur gesamtwirtschaftlichen Wachstumsrate von 0,8 Prozent bei, genauso viel wie der private Verbrauch.<\/p>\n<p><img loading=\"lazy\" decoding=\"async\" class=\"size-full wp-image-7401\" alt=\"Grafik: Ausr\u00fcstungsinvestitionen und Bauinvestitionen seit 1991\" src=\"https:\/\/blog.zeit.de\/herdentrieb\/files\/2014\/05\/Investitionen_Ausruest_Bau_idx_14Q1.gif\" width=\"476\" height=\"290\" \/><\/p>\n<p>\u00d6konomen wie ich f\u00fchlen sich, vielleicht irrationalerweise, meist nicht wohl, wenn das Wachstum vor allem durch Konsumausgaben und Investitionen in Beton generiert wird. Damit das Produktionspotenzial rascher zunimmt und sich die Herausforderungen der Zukunft leichter meistern lassen, m\u00fcssen vor allem die Ausgaben f\u00fcr Ausr\u00fcstungen und Software steigen. Da sieht es jetzt auch ein bisschen besser aus. Die Ausr\u00fcstungen \u00fcbertrafen ihren Vorjahresstand real um 5,3 Prozent. Leider liegen sie aber immer noch weit unter dem Niveau, das vor dem Ausbruch der Finanzkrise erreicht worden war (um rund 12 Prozent). Wenn der Staat mit seinen vollen Kassen etwas Gutes tun will, sollte er hier nach Ansatzpunkten suchen \u2013 die Produktivit\u00e4t, definiert als reales Bruttoinlandsprodukt je Erwerbst\u00e4tigenstunde, ist im ersten Quartal leider erneut zur\u00fcckgegangen (um 0,6 Prozent gegen\u00fcber dem vierten Quartal) und ist damit in den sechs Jahren seit der Jahreswende 2007\/2008 gerade einmal um 0,6 Prozent gestiegen. Es ist sch\u00f6n und gut, wenn es so viele neue Jobs gibt wie in den letzten Jahren, aber f\u00fcr ein fortschrittliches Land kommt es genauso darauf an, dass der Output pro Stunde kr\u00e4ftig steigt. Hier haben wir ein Problem.<\/p>\n<p>Und sonst? Die staatlichen Konsumausgaben haben unterdurchschnittlich zugenommen, n\u00e4mlich nur um 0,5 Prozent gegen\u00fcber dem Vorjahr. Der Staat h\u00e4lt seine Taschen zu und m\u00f6chte offenbar in diesem Jahr einen richtig gro\u00dfen \u00dcberschuss erwirtschaften. Warum eigentlich? Das Problem ist ja wohl nicht, dass sonst die Inflation au\u00dfer Rand und Band geraten k\u00f6nnte.<\/p>\n<p><img loading=\"lazy\" decoding=\"async\" class=\"size-full wp-image-7404\" alt=\"Grafik: Wachstumsbeitr\u00e4ge zur \u00c4nderung des BIP\" src=\"https:\/\/blog.zeit.de\/herdentrieb\/files\/2014\/05\/Wachstumsbeitraege_BIP_14Q1.gif\" width=\"476\" height=\"389\" \/><\/p>\n<p>Etwas verbl\u00fcffend ist, dass die Lagerbest\u00e4nde au\u00dferordentlich stark aufgestockt wurden. Wenn die Zahlen stimmen, hat die Produktion viel kr\u00e4ftiger zugenommen als der Absatz. Normalerweise bedeutet das nichts Gutes f\u00fcr die kommenden Quartale \u2013 sodass wir 2014 vielleicht doch nicht auf meine Wachstumsrate von 3 Prozent plus kommen werden (ich brauchte jetzt dreimal in Folge eine Quartalszuwachsrate von gut 0,9 Prozent!).<\/p>\n<p>Fast sensationell mutet an, dass Deutschland sich weiter vom kranken Mann Europas zu seiner Konjunkturlokomotive mausert (ich gebe zu, ein ziemlich schiefes Bild). Die vergleichsweise gute Konjunktur und die anhaltende, wenn auch nur leichte Verschlechterung der preislichen Wettbewerbsf\u00e4higkeit gegen\u00fcber den europ\u00e4ischen Partnern haben dazu gef\u00fchrt, dass die Einfuhren im ersten Quartal deutlich kr\u00e4ftiger zugenommen haben als die Ausfuhren. Das, was von internationalen Organisationen wie der EU-Kommission und den Regierungen im S\u00fcden der W\u00e4hrungsunion immer wieder angemahnt wurde, ist nun eingetreten. Auch wenn der deutsche Export\u00fcberschuss nach wie vor gewaltig ist, f\u00e4llt es den anderen jetzt tendenziell leichter, ihre Schulden abzutragen. Im ersten Quartal 2007 hatte Deutschland im Warenhandel gegen\u00fcber dem Euro-Raum einen \u00dcberschuss von 29,6 Mrd. Euro \u2013 er ist bis zum ersten Quartal 2014 stetig auf 13,4 Mrd. Euro geschrumpft. Dieser von der \u00d6ffentlichkeit und den Euro-Gegnern weitgehend unbemerkte Trend d\u00fcrfte den Euro weiter stabilisieren. Das Zinsniveau, das seit der Londoner Rede von Mario Draghi vom 26. Juli 2012 auch f\u00fcr die Krisenl\u00e4nder stark r\u00fcckl\u00e4ufig ist, ist der andere, schon l\u00e4nger wirkende Faktor, der den Schuldendienst erleichtert und ein Scheitern des Euro unwahrscheinlicher macht.<\/p>\n<p>Insgesamt: ein sehr erfreulicher Vormittag.<\/p>\n","protected":false},"excerpt":{"rendered":"<p>Die detaillierten Zahlen zum deutschen Sozialprodukt im ersten Quartal, die gerade ver\u00f6ffentlicht wurden, sind besser, als ich erwartet hatte. Dabei bin ich schon ziemlich optimistisch. K\u00fcrzlich hatte ich ausgerechnet, dass unter einigen nicht unrealistischen Annahmen 2014 beim realen BIP durchaus eine Drei vor dem Komma stehen k\u00f6nnte. Die Konsensusprognose liegt bei knapp unter zwei Prozent. [&hellip;]<\/p>\n","protected":false},"author":61,"featured_media":0,"comment_status":"open","ping_status":"closed","sticky":false,"template":"","format":"standard","meta":{"_jetpack_memberships_contains_paid_content":false,"footnotes":""},"categories":[3,9],"tags":[],"class_list":["post-7397","post","type-post","status-publish","format-standard","hentry","category-der-aktuelle-rand","category-konjunktur-und-wirtschaftspolitik"],"yoast_head":"<!-- This site is optimized with the Yoast SEO plugin v21.0 - https:\/\/yoast.com\/wordpress\/plugins\/seo\/ -->\n<title>Erstes Quartal \u2013 endlich mal Wachstum! - Herdentrieb<\/title>\n<meta name=\"robots\" content=\"index, follow, max-snippet:-1, max-image-preview:large, max-video-preview:-1\" \/>\n<link rel=\"canonical\" href=\"https:\/\/blog.zeit.de\/herdentrieb\/2014\/05\/23\/erstes-quartal-endlich-mal-wachstum_7397\" \/>\n<meta property=\"og:locale\" content=\"de_DE\" \/>\n<meta property=\"og:type\" content=\"article\" \/>\n<meta property=\"og:title\" content=\"Erstes Quartal \u2013 endlich mal Wachstum! - Herdentrieb\" \/>\n<meta property=\"og:description\" content=\"Die detaillierten Zahlen zum deutschen Sozialprodukt im ersten Quartal, die gerade ver\u00f6ffentlicht wurden, sind besser, als ich erwartet hatte. Dabei bin ich schon ziemlich optimistisch. K\u00fcrzlich hatte ich ausgerechnet, dass unter einigen nicht unrealistischen Annahmen 2014 beim realen BIP durchaus eine Drei vor dem Komma stehen k\u00f6nnte. Die Konsensusprognose liegt bei knapp unter zwei Prozent. [&hellip;]\" \/>\n<meta property=\"og:url\" content=\"https:\/\/blog.zeit.de\/herdentrieb\/2014\/05\/23\/erstes-quartal-endlich-mal-wachstum_7397\" \/>\n<meta property=\"og:site_name\" content=\"Herdentrieb\" \/>\n<meta property=\"article:published_time\" content=\"2014-05-23T10:28:05+00:00\" \/>\n<meta property=\"article:modified_time\" content=\"2014-05-23T12:25:04+00:00\" \/>\n<meta property=\"og:image\" content=\"https:\/\/blog.zeit.de\/herdentrieb\/files\/2014\/05\/Ifo_Geschaeftsklima_Mai_2014.gif\" \/>\n<meta name=\"author\" content=\"Dieter Wermuth\" \/>\n<meta name=\"twitter:card\" content=\"summary_large_image\" \/>\n<meta name=\"twitter:creator\" content=\"@zeitonline\" \/>\n<meta name=\"twitter:site\" content=\"@zeitonline\" \/>\n<meta name=\"twitter:label1\" content=\"Geschrieben von\" \/>\n\t<meta name=\"twitter:data1\" content=\"Dieter Wermuth\" \/>\n\t<meta name=\"twitter:label2\" content=\"Gesch\u00e4tzte Lesezeit\" \/>\n\t<meta name=\"twitter:data2\" content=\"5\u00a0Minuten\" \/>\n<script type=\"application\/ld+json\" class=\"yoast-schema-graph\">{\"@context\":\"https:\/\/schema.org\",\"@graph\":[{\"@type\":\"WebPage\",\"@id\":\"https:\/\/blog.zeit.de\/herdentrieb\/2014\/05\/23\/erstes-quartal-endlich-mal-wachstum_7397\",\"url\":\"https:\/\/blog.zeit.de\/herdentrieb\/2014\/05\/23\/erstes-quartal-endlich-mal-wachstum_7397\",\"name\":\"Erstes Quartal \u2013 endlich mal Wachstum! - Herdentrieb\",\"isPartOf\":{\"@id\":\"https:\/\/blog.zeit.de\/herdentrieb\/#website\"},\"datePublished\":\"2014-05-23T10:28:05+00:00\",\"dateModified\":\"2014-05-23T12:25:04+00:00\",\"author\":{\"@id\":\"https:\/\/blog.zeit.de\/herdentrieb\/#\/schema\/person\/cded255e8a7893fa16565de10e59b891\"},\"breadcrumb\":{\"@id\":\"https:\/\/blog.zeit.de\/herdentrieb\/2014\/05\/23\/erstes-quartal-endlich-mal-wachstum_7397#breadcrumb\"},\"inLanguage\":\"de\",\"potentialAction\":[{\"@type\":\"ReadAction\",\"target\":[\"https:\/\/blog.zeit.de\/herdentrieb\/2014\/05\/23\/erstes-quartal-endlich-mal-wachstum_7397\"]}]},{\"@type\":\"BreadcrumbList\",\"@id\":\"https:\/\/blog.zeit.de\/herdentrieb\/2014\/05\/23\/erstes-quartal-endlich-mal-wachstum_7397#breadcrumb\",\"itemListElement\":[{\"@type\":\"ListItem\",\"position\":1,\"name\":\"Startseite\",\"item\":\"https:\/\/blog.zeit.de\/herdentrieb\"},{\"@type\":\"ListItem\",\"position\":2,\"name\":\"Erstes Quartal \u2013 endlich mal Wachstum!\"}]},{\"@type\":\"WebSite\",\"@id\":\"https:\/\/blog.zeit.de\/herdentrieb\/#website\",\"url\":\"https:\/\/blog.zeit.de\/herdentrieb\/\",\"name\":\"Herdentrieb\",\"description\":\"So funktioniert Kapitalismus. Ein Blog\",\"potentialAction\":[{\"@type\":\"SearchAction\",\"target\":{\"@type\":\"EntryPoint\",\"urlTemplate\":\"https:\/\/blog.zeit.de\/herdentrieb\/?s={search_term_string}\"},\"query-input\":\"required name=search_term_string\"}],\"inLanguage\":\"de\"},{\"@type\":\"Person\",\"@id\":\"https:\/\/blog.zeit.de\/herdentrieb\/#\/schema\/person\/cded255e8a7893fa16565de10e59b891\",\"name\":\"Dieter Wermuth\",\"image\":{\"@type\":\"ImageObject\",\"inLanguage\":\"de\",\"@id\":\"https:\/\/blog.zeit.de\/herdentrieb\/#\/schema\/person\/image\/\",\"url\":\"https:\/\/secure.gravatar.com\/avatar\/17b936dcdfff00d08ede21a6c8044f16e55bc8832ed4a15d30fdb3dcfd0adec3?s=96&d=mm&r=g\",\"contentUrl\":\"https:\/\/secure.gravatar.com\/avatar\/17b936dcdfff00d08ede21a6c8044f16e55bc8832ed4a15d30fdb3dcfd0adec3?s=96&d=mm&r=g\",\"caption\":\"Dieter Wermuth\"},\"url\":\"https:\/\/blog.zeit.de\/herdentrieb\/author\/dieter-wermuth\"}]}<\/script>\n<!-- \/ Yoast SEO plugin. -->","yoast_head_json":{"title":"Erstes Quartal \u2013 endlich mal Wachstum! - Herdentrieb","robots":{"index":"index","follow":"follow","max-snippet":"max-snippet:-1","max-image-preview":"max-image-preview:large","max-video-preview":"max-video-preview:-1"},"canonical":"https:\/\/blog.zeit.de\/herdentrieb\/2014\/05\/23\/erstes-quartal-endlich-mal-wachstum_7397","og_locale":"de_DE","og_type":"article","og_title":"Erstes Quartal \u2013 endlich mal Wachstum! - Herdentrieb","og_description":"Die detaillierten Zahlen zum deutschen Sozialprodukt im ersten Quartal, die gerade ver\u00f6ffentlicht wurden, sind besser, als ich erwartet hatte. Dabei bin ich schon ziemlich optimistisch. K\u00fcrzlich hatte ich ausgerechnet, dass unter einigen nicht unrealistischen Annahmen 2014 beim realen BIP durchaus eine Drei vor dem Komma stehen k\u00f6nnte. Die Konsensusprognose liegt bei knapp unter zwei Prozent. [&hellip;]","og_url":"https:\/\/blog.zeit.de\/herdentrieb\/2014\/05\/23\/erstes-quartal-endlich-mal-wachstum_7397","og_site_name":"Herdentrieb","article_published_time":"2014-05-23T10:28:05+00:00","article_modified_time":"2014-05-23T12:25:04+00:00","og_image":[{"url":"https:\/\/blog.zeit.de\/herdentrieb\/files\/2014\/05\/Ifo_Geschaeftsklima_Mai_2014.gif"}],"author":"Dieter Wermuth","twitter_card":"summary_large_image","twitter_creator":"@zeitonline","twitter_site":"@zeitonline","twitter_misc":{"Geschrieben von":"Dieter Wermuth","Gesch\u00e4tzte Lesezeit":"5\u00a0Minuten"},"schema":{"@context":"https:\/\/schema.org","@graph":[{"@type":"WebPage","@id":"https:\/\/blog.zeit.de\/herdentrieb\/2014\/05\/23\/erstes-quartal-endlich-mal-wachstum_7397","url":"https:\/\/blog.zeit.de\/herdentrieb\/2014\/05\/23\/erstes-quartal-endlich-mal-wachstum_7397","name":"Erstes Quartal \u2013 endlich mal Wachstum! - Herdentrieb","isPartOf":{"@id":"https:\/\/blog.zeit.de\/herdentrieb\/#website"},"datePublished":"2014-05-23T10:28:05+00:00","dateModified":"2014-05-23T12:25:04+00:00","author":{"@id":"https:\/\/blog.zeit.de\/herdentrieb\/#\/schema\/person\/cded255e8a7893fa16565de10e59b891"},"breadcrumb":{"@id":"https:\/\/blog.zeit.de\/herdentrieb\/2014\/05\/23\/erstes-quartal-endlich-mal-wachstum_7397#breadcrumb"},"inLanguage":"de","potentialAction":[{"@type":"ReadAction","target":["https:\/\/blog.zeit.de\/herdentrieb\/2014\/05\/23\/erstes-quartal-endlich-mal-wachstum_7397"]}]},{"@type":"BreadcrumbList","@id":"https:\/\/blog.zeit.de\/herdentrieb\/2014\/05\/23\/erstes-quartal-endlich-mal-wachstum_7397#breadcrumb","itemListElement":[{"@type":"ListItem","position":1,"name":"Startseite","item":"https:\/\/blog.zeit.de\/herdentrieb"},{"@type":"ListItem","position":2,"name":"Erstes Quartal \u2013 endlich mal Wachstum!"}]},{"@type":"WebSite","@id":"https:\/\/blog.zeit.de\/herdentrieb\/#website","url":"https:\/\/blog.zeit.de\/herdentrieb\/","name":"Herdentrieb","description":"So funktioniert Kapitalismus. Ein Blog","potentialAction":[{"@type":"SearchAction","target":{"@type":"EntryPoint","urlTemplate":"https:\/\/blog.zeit.de\/herdentrieb\/?s={search_term_string}"},"query-input":"required name=search_term_string"}],"inLanguage":"de"},{"@type":"Person","@id":"https:\/\/blog.zeit.de\/herdentrieb\/#\/schema\/person\/cded255e8a7893fa16565de10e59b891","name":"Dieter Wermuth","image":{"@type":"ImageObject","inLanguage":"de","@id":"https:\/\/blog.zeit.de\/herdentrieb\/#\/schema\/person\/image\/","url":"https:\/\/secure.gravatar.com\/avatar\/17b936dcdfff00d08ede21a6c8044f16e55bc8832ed4a15d30fdb3dcfd0adec3?s=96&d=mm&r=g","contentUrl":"https:\/\/secure.gravatar.com\/avatar\/17b936dcdfff00d08ede21a6c8044f16e55bc8832ed4a15d30fdb3dcfd0adec3?s=96&d=mm&r=g","caption":"Dieter Wermuth"},"url":"https:\/\/blog.zeit.de\/herdentrieb\/author\/dieter-wermuth"}]}},"jetpack_featured_media_url":"","jetpack_sharing_enabled":true,"_links":{"self":[{"href":"https:\/\/blog.zeit.de\/herdentrieb\/wp-json\/wp\/v2\/posts\/7397","targetHints":{"allow":["GET"]}}],"collection":[{"href":"https:\/\/blog.zeit.de\/herdentrieb\/wp-json\/wp\/v2\/posts"}],"about":[{"href":"https:\/\/blog.zeit.de\/herdentrieb\/wp-json\/wp\/v2\/types\/post"}],"author":[{"embeddable":true,"href":"https:\/\/blog.zeit.de\/herdentrieb\/wp-json\/wp\/v2\/users\/61"}],"replies":[{"embeddable":true,"href":"https:\/\/blog.zeit.de\/herdentrieb\/wp-json\/wp\/v2\/comments?post=7397"}],"version-history":[{"count":9,"href":"https:\/\/blog.zeit.de\/herdentrieb\/wp-json\/wp\/v2\/posts\/7397\/revisions"}],"predecessor-version":[{"id":7413,"href":"https:\/\/blog.zeit.de\/herdentrieb\/wp-json\/wp\/v2\/posts\/7397\/revisions\/7413"}],"wp:attachment":[{"href":"https:\/\/blog.zeit.de\/herdentrieb\/wp-json\/wp\/v2\/media?parent=7397"}],"wp:term":[{"taxonomy":"category","embeddable":true,"href":"https:\/\/blog.zeit.de\/herdentrieb\/wp-json\/wp\/v2\/categories?post=7397"},{"taxonomy":"post_tag","embeddable":true,"href":"https:\/\/blog.zeit.de\/herdentrieb\/wp-json\/wp\/v2\/tags?post=7397"}],"curies":[{"name":"wp","href":"https:\/\/api.w.org\/{rel}","templated":true}]}}