{"id":7803,"date":"2014-10-22T17:42:52","date_gmt":"2014-10-22T15:42:52","guid":{"rendered":"http:\/\/blog.zeit.de\/herdentrieb\/?p=7803"},"modified":"2014-10-22T22:15:05","modified_gmt":"2014-10-22T20:15:05","slug":"frankreich-spart-eben-doch","status":"publish","type":"post","link":"https:\/\/blog.zeit.de\/herdentrieb\/2014\/10\/22\/frankreich-spart-eben-doch_7803","title":{"rendered":"Frankreich spart eben doch"},"content":{"rendered":"<p>Frankreich spart doch gar nicht \u2013 diese Einsch\u00e4tzung ist in Deutschland weit verbreitet und findet sich in fast jedem Artikel \u00fcber die Franzosen. Schlie\u00dflich wird das Land erneut die europ\u00e4ischen Defizitregeln rei\u00dfen, und\u00a0au\u00dferdem ist der Staathaushalt nach wie vor Jahr f\u00fcr Jahr im Minus und die Schuldenquote steigt.<\/p>\n<p>Dieser Analyse basiert jedoch auf einem problematischen \u2013 um nicht zu sagen mangelhaftem \u2013 Verst\u00e4ndnis des Sparvorgangs auf der Ebene eines Staates. Denn Sparen bedeutet in diesem Zusammenhang, dass der Staat Ma\u00dfnahmen ergreift, die den Haushalt entlasten. Das k\u00f6nnen\u00a0Einnahmeerh\u00f6hungen sein oder Ausgabek\u00fcrzungen.<\/p>\n<p>Was passiert nun mit dem Etatdefizit? Es kommt darauf an. Es kann sich verringern, weil der Staat ja weniger ausgibt. Es kann sich aber auch erh\u00f6hen, n\u00e4mlich wenn die Ausgabek\u00fcrzung die Konjunktur einbrechen l\u00e4sst. Denn dann k\u00f6nnen die\u00a0durch das schw\u00e4chere Wachstum bedingten zus\u00e4tzlichen Ausgaben (etwa Arbeitslosenhilfe) oder geringeren Einnahmen (zum Beispiel bei den Steuern) den urspr\u00fcnglichen Sparimpuls mehr als wettmachen\u00a0und das Defizit insgesamt sogar steigen lassen.<\/p>\n<p>Wie der Etat am Ende reagiert h\u00e4ngt von verschiedenen Faktoren ab, aber in jedem Fall l\u00e4sst sich aus der Entwicklung des nominalen Defizits noch nicht ableiten, ob ein Staat spart oder nicht.<\/p>\n<p>Deshalb wurde das Konzept des strukturellen oder konjunkturbereinigten Haushaltssaldos erfunden. Es misst die Ver\u00e4nderung des Etats unter Ausschluss konjunktureller Faktoren. Das strukturelle Defizit l\u00e4sst sich leider nicht direkt beobachten, sondern muss mit Hilfe komplizierter und leider sehr unzuverl\u00e4ssiger Verfahren abgeleitet werden, doch wenn \u00fcberhaupt dann ist die Ver\u00e4nderung dieser Gr\u00f6\u00dfe ein Ma\u00df daf\u00fcr, ob ein Land spart oder nicht.<\/p>\n<p>Hier die entsprechenden Daten aus dem letzten <a href=\"http:\/\/www.imf.org\/external\/pubs\/ft\/weo\/2014\/02\/weodata\/weorept.aspx?pr.x=18&amp;pr.y=7&amp;sy=2010&amp;ey=2014&amp;scsm=1&amp;ssd=1&amp;sort=country&amp;ds=.&amp;br=1&amp;c=132&amp;s=GGXCNL_NGDP%2CGGSB_NPGDP&amp;grp=0&amp;a=\" target=\"_blank\">WEO<\/a>\u00a0des Internationalen W\u00e4hrungsfonds.<\/p>\n<p><a href=\"https:\/\/blog.zeit.de\/herdentrieb\/files\/2014\/10\/Bildschirmfoto-2014-10-22-um-17.36.09.png\"><img loading=\"lazy\" decoding=\"async\" class=\"size-full wp-image-7806\" src=\"https:\/\/blog.zeit.de\/herdentrieb\/files\/2014\/10\/Bildschirmfoto-2014-10-22-um-17.36.09.png\" alt=\"Bildschirmfoto 2014-10-22 um 17.36.09\" width=\"940\" height=\"134\" srcset=\"https:\/\/blog.zeit.de\/herdentrieb\/files\/2014\/10\/Bildschirmfoto-2014-10-22-um-17.36.09.png 940w, https:\/\/blog.zeit.de\/herdentrieb\/files\/2014\/10\/Bildschirmfoto-2014-10-22-um-17.36.09-300x42.png 300w\" sizes=\"auto, (max-width: 940px) 100vw, 940px\" \/><\/a><\/p>\n<p>Siehe da: Das nominale Defizit steigt zwar, doch Frankreich reduziert sein strukturelles Defizit seit 2010 kontinuierlich. Frankreich spart also. Das kann man gut oder schlecht finden, doch man sollte es zur Kenntnis nehmen.<\/p>\n","protected":false},"excerpt":{"rendered":"<p>Frankreich spart doch gar nicht \u2013 diese Einsch\u00e4tzung ist in Deutschland weit verbreitet und findet sich in fast jedem Artikel \u00fcber die Franzosen. Schlie\u00dflich wird das Land erneut die europ\u00e4ischen Defizitregeln rei\u00dfen, und\u00a0au\u00dferdem ist der Staathaushalt nach wie vor Jahr f\u00fcr Jahr im Minus und die Schuldenquote steigt. Dieser Analyse basiert jedoch auf einem problematischen [&hellip;]<\/p>\n","protected":false},"author":215,"featured_media":0,"comment_status":"open","ping_status":"closed","sticky":false,"template":"","format":"standard","meta":{"_jetpack_memberships_contains_paid_content":false,"footnotes":""},"categories":[3],"tags":[],"class_list":["post-7803","post","type-post","status-publish","format-standard","hentry","category-der-aktuelle-rand"],"yoast_head":"<!-- This site is optimized with the Yoast SEO plugin v21.0 - https:\/\/yoast.com\/wordpress\/plugins\/seo\/ -->\n<title>Frankreich spart eben doch - Herdentrieb<\/title>\n<meta name=\"robots\" content=\"index, follow, max-snippet:-1, max-image-preview:large, max-video-preview:-1\" \/>\n<link rel=\"canonical\" href=\"https:\/\/blog.zeit.de\/herdentrieb\/2014\/10\/22\/frankreich-spart-eben-doch_7803\" \/>\n<meta property=\"og:locale\" content=\"de_DE\" \/>\n<meta property=\"og:type\" content=\"article\" \/>\n<meta property=\"og:title\" content=\"Frankreich spart eben doch - Herdentrieb\" \/>\n<meta property=\"og:description\" content=\"Frankreich spart doch gar nicht \u2013 diese Einsch\u00e4tzung ist in Deutschland weit verbreitet und findet sich in fast jedem Artikel \u00fcber die Franzosen. Schlie\u00dflich wird das Land erneut die europ\u00e4ischen Defizitregeln rei\u00dfen, und\u00a0au\u00dferdem ist der Staathaushalt nach wie vor Jahr f\u00fcr Jahr im Minus und die Schuldenquote steigt. Dieser Analyse basiert jedoch auf einem problematischen [&hellip;]\" \/>\n<meta property=\"og:url\" content=\"https:\/\/blog.zeit.de\/herdentrieb\/2014\/10\/22\/frankreich-spart-eben-doch_7803\" \/>\n<meta property=\"og:site_name\" content=\"Herdentrieb\" \/>\n<meta property=\"article:published_time\" content=\"2014-10-22T15:42:52+00:00\" \/>\n<meta property=\"article:modified_time\" content=\"2014-10-22T20:15:05+00:00\" \/>\n<meta property=\"og:image\" content=\"https:\/\/blog.zeit.de\/herdentrieb\/files\/2014\/10\/Bildschirmfoto-2014-10-22-um-17.36.09.png\" \/>\n<meta name=\"author\" content=\"Mark Schieritz\" \/>\n<meta name=\"twitter:card\" content=\"summary_large_image\" \/>\n<meta name=\"twitter:creator\" content=\"@zeitonline\" \/>\n<meta name=\"twitter:site\" content=\"@zeitonline\" \/>\n<meta name=\"twitter:label1\" content=\"Geschrieben von\" \/>\n\t<meta name=\"twitter:data1\" content=\"Mark Schieritz\" \/>\n\t<meta name=\"twitter:label2\" content=\"Gesch\u00e4tzte Lesezeit\" \/>\n\t<meta name=\"twitter:data2\" content=\"2\u00a0Minuten\" \/>\n<script type=\"application\/ld+json\" class=\"yoast-schema-graph\">{\"@context\":\"https:\/\/schema.org\",\"@graph\":[{\"@type\":\"WebPage\",\"@id\":\"https:\/\/blog.zeit.de\/herdentrieb\/2014\/10\/22\/frankreich-spart-eben-doch_7803\",\"url\":\"https:\/\/blog.zeit.de\/herdentrieb\/2014\/10\/22\/frankreich-spart-eben-doch_7803\",\"name\":\"Frankreich spart eben doch - Herdentrieb\",\"isPartOf\":{\"@id\":\"https:\/\/blog.zeit.de\/herdentrieb\/#website\"},\"datePublished\":\"2014-10-22T15:42:52+00:00\",\"dateModified\":\"2014-10-22T20:15:05+00:00\",\"author\":{\"@id\":\"https:\/\/blog.zeit.de\/herdentrieb\/#\/schema\/person\/a2dfa95bbd4de7e06edc88db4e3d3871\"},\"breadcrumb\":{\"@id\":\"https:\/\/blog.zeit.de\/herdentrieb\/2014\/10\/22\/frankreich-spart-eben-doch_7803#breadcrumb\"},\"inLanguage\":\"de\",\"potentialAction\":[{\"@type\":\"ReadAction\",\"target\":[\"https:\/\/blog.zeit.de\/herdentrieb\/2014\/10\/22\/frankreich-spart-eben-doch_7803\"]}]},{\"@type\":\"BreadcrumbList\",\"@id\":\"https:\/\/blog.zeit.de\/herdentrieb\/2014\/10\/22\/frankreich-spart-eben-doch_7803#breadcrumb\",\"itemListElement\":[{\"@type\":\"ListItem\",\"position\":1,\"name\":\"Startseite\",\"item\":\"https:\/\/blog.zeit.de\/herdentrieb\"},{\"@type\":\"ListItem\",\"position\":2,\"name\":\"Frankreich spart eben doch\"}]},{\"@type\":\"WebSite\",\"@id\":\"https:\/\/blog.zeit.de\/herdentrieb\/#website\",\"url\":\"https:\/\/blog.zeit.de\/herdentrieb\/\",\"name\":\"Herdentrieb\",\"description\":\"So funktioniert Kapitalismus. Ein Blog\",\"potentialAction\":[{\"@type\":\"SearchAction\",\"target\":{\"@type\":\"EntryPoint\",\"urlTemplate\":\"https:\/\/blog.zeit.de\/herdentrieb\/?s={search_term_string}\"},\"query-input\":\"required name=search_term_string\"}],\"inLanguage\":\"de\"},{\"@type\":\"Person\",\"@id\":\"https:\/\/blog.zeit.de\/herdentrieb\/#\/schema\/person\/a2dfa95bbd4de7e06edc88db4e3d3871\",\"name\":\"Mark Schieritz\",\"image\":{\"@type\":\"ImageObject\",\"inLanguage\":\"de\",\"@id\":\"https:\/\/blog.zeit.de\/herdentrieb\/#\/schema\/person\/image\/\",\"url\":\"https:\/\/secure.gravatar.com\/avatar\/66e072b8ecaf6d851921c0577ca78c8c9a24223a3c3cb6df48c5d839d1b622e0?s=96&d=mm&r=g\",\"contentUrl\":\"https:\/\/secure.gravatar.com\/avatar\/66e072b8ecaf6d851921c0577ca78c8c9a24223a3c3cb6df48c5d839d1b622e0?s=96&d=mm&r=g\",\"caption\":\"Mark Schieritz\"},\"url\":\"https:\/\/blog.zeit.de\/herdentrieb\/author\/mark-schieritz\"}]}<\/script>\n<!-- \/ Yoast SEO plugin. -->","yoast_head_json":{"title":"Frankreich spart eben doch - Herdentrieb","robots":{"index":"index","follow":"follow","max-snippet":"max-snippet:-1","max-image-preview":"max-image-preview:large","max-video-preview":"max-video-preview:-1"},"canonical":"https:\/\/blog.zeit.de\/herdentrieb\/2014\/10\/22\/frankreich-spart-eben-doch_7803","og_locale":"de_DE","og_type":"article","og_title":"Frankreich spart eben doch - Herdentrieb","og_description":"Frankreich spart doch gar nicht \u2013 diese Einsch\u00e4tzung ist in Deutschland weit verbreitet und findet sich in fast jedem Artikel \u00fcber die Franzosen. Schlie\u00dflich wird das Land erneut die europ\u00e4ischen Defizitregeln rei\u00dfen, und\u00a0au\u00dferdem ist der Staathaushalt nach wie vor Jahr f\u00fcr Jahr im Minus und die Schuldenquote steigt. Dieser Analyse basiert jedoch auf einem problematischen [&hellip;]","og_url":"https:\/\/blog.zeit.de\/herdentrieb\/2014\/10\/22\/frankreich-spart-eben-doch_7803","og_site_name":"Herdentrieb","article_published_time":"2014-10-22T15:42:52+00:00","article_modified_time":"2014-10-22T20:15:05+00:00","og_image":[{"url":"https:\/\/blog.zeit.de\/herdentrieb\/files\/2014\/10\/Bildschirmfoto-2014-10-22-um-17.36.09.png"}],"author":"Mark Schieritz","twitter_card":"summary_large_image","twitter_creator":"@zeitonline","twitter_site":"@zeitonline","twitter_misc":{"Geschrieben von":"Mark Schieritz","Gesch\u00e4tzte Lesezeit":"2\u00a0Minuten"},"schema":{"@context":"https:\/\/schema.org","@graph":[{"@type":"WebPage","@id":"https:\/\/blog.zeit.de\/herdentrieb\/2014\/10\/22\/frankreich-spart-eben-doch_7803","url":"https:\/\/blog.zeit.de\/herdentrieb\/2014\/10\/22\/frankreich-spart-eben-doch_7803","name":"Frankreich spart eben doch - Herdentrieb","isPartOf":{"@id":"https:\/\/blog.zeit.de\/herdentrieb\/#website"},"datePublished":"2014-10-22T15:42:52+00:00","dateModified":"2014-10-22T20:15:05+00:00","author":{"@id":"https:\/\/blog.zeit.de\/herdentrieb\/#\/schema\/person\/a2dfa95bbd4de7e06edc88db4e3d3871"},"breadcrumb":{"@id":"https:\/\/blog.zeit.de\/herdentrieb\/2014\/10\/22\/frankreich-spart-eben-doch_7803#breadcrumb"},"inLanguage":"de","potentialAction":[{"@type":"ReadAction","target":["https:\/\/blog.zeit.de\/herdentrieb\/2014\/10\/22\/frankreich-spart-eben-doch_7803"]}]},{"@type":"BreadcrumbList","@id":"https:\/\/blog.zeit.de\/herdentrieb\/2014\/10\/22\/frankreich-spart-eben-doch_7803#breadcrumb","itemListElement":[{"@type":"ListItem","position":1,"name":"Startseite","item":"https:\/\/blog.zeit.de\/herdentrieb"},{"@type":"ListItem","position":2,"name":"Frankreich spart eben doch"}]},{"@type":"WebSite","@id":"https:\/\/blog.zeit.de\/herdentrieb\/#website","url":"https:\/\/blog.zeit.de\/herdentrieb\/","name":"Herdentrieb","description":"So funktioniert Kapitalismus. Ein Blog","potentialAction":[{"@type":"SearchAction","target":{"@type":"EntryPoint","urlTemplate":"https:\/\/blog.zeit.de\/herdentrieb\/?s={search_term_string}"},"query-input":"required name=search_term_string"}],"inLanguage":"de"},{"@type":"Person","@id":"https:\/\/blog.zeit.de\/herdentrieb\/#\/schema\/person\/a2dfa95bbd4de7e06edc88db4e3d3871","name":"Mark Schieritz","image":{"@type":"ImageObject","inLanguage":"de","@id":"https:\/\/blog.zeit.de\/herdentrieb\/#\/schema\/person\/image\/","url":"https:\/\/secure.gravatar.com\/avatar\/66e072b8ecaf6d851921c0577ca78c8c9a24223a3c3cb6df48c5d839d1b622e0?s=96&d=mm&r=g","contentUrl":"https:\/\/secure.gravatar.com\/avatar\/66e072b8ecaf6d851921c0577ca78c8c9a24223a3c3cb6df48c5d839d1b622e0?s=96&d=mm&r=g","caption":"Mark Schieritz"},"url":"https:\/\/blog.zeit.de\/herdentrieb\/author\/mark-schieritz"}]}},"jetpack_featured_media_url":"","jetpack_sharing_enabled":true,"_links":{"self":[{"href":"https:\/\/blog.zeit.de\/herdentrieb\/wp-json\/wp\/v2\/posts\/7803","targetHints":{"allow":["GET"]}}],"collection":[{"href":"https:\/\/blog.zeit.de\/herdentrieb\/wp-json\/wp\/v2\/posts"}],"about":[{"href":"https:\/\/blog.zeit.de\/herdentrieb\/wp-json\/wp\/v2\/types\/post"}],"author":[{"embeddable":true,"href":"https:\/\/blog.zeit.de\/herdentrieb\/wp-json\/wp\/v2\/users\/215"}],"replies":[{"embeddable":true,"href":"https:\/\/blog.zeit.de\/herdentrieb\/wp-json\/wp\/v2\/comments?post=7803"}],"version-history":[{"count":6,"href":"https:\/\/blog.zeit.de\/herdentrieb\/wp-json\/wp\/v2\/posts\/7803\/revisions"}],"predecessor-version":[{"id":7811,"href":"https:\/\/blog.zeit.de\/herdentrieb\/wp-json\/wp\/v2\/posts\/7803\/revisions\/7811"}],"wp:attachment":[{"href":"https:\/\/blog.zeit.de\/herdentrieb\/wp-json\/wp\/v2\/media?parent=7803"}],"wp:term":[{"taxonomy":"category","embeddable":true,"href":"https:\/\/blog.zeit.de\/herdentrieb\/wp-json\/wp\/v2\/categories?post=7803"},{"taxonomy":"post_tag","embeddable":true,"href":"https:\/\/blog.zeit.de\/herdentrieb\/wp-json\/wp\/v2\/tags?post=7803"}],"curies":[{"name":"wp","href":"https:\/\/api.w.org\/{rel}","templated":true}]}}