{"id":8125,"date":"2015-02-09T15:26:47","date_gmt":"2015-02-09T14:26:47","guid":{"rendered":"http:\/\/blog.zeit.de\/herdentrieb\/?p=8125"},"modified":"2015-02-09T19:24:37","modified_gmt":"2015-02-09T18:24:37","slug":"griechenland-verdient-die-unterstuetzung-deutschlands","status":"publish","type":"post","link":"https:\/\/blog.zeit.de\/herdentrieb\/2015\/02\/09\/griechenland-verdient-die-unterstuetzung-deutschlands_8125","title":{"rendered":"Griechenland verdient die Unterst\u00fctzung Deutschlands"},"content":{"rendered":"<p>Yanis Varoufakis, der Wirtschaftsprofessor und neue griechische Finanzminister, hat letzte Woche in Berlin bei <a title=\"externer Link\" href=\"https:\/\/www.youtube.com\/watch?v=hAORxdo5ws8\" target=\"_blank\">der Pressekonferenz<\/a> mit Wolfgang Sch\u00e4uble in einem emotionalen Statement an die Solidarit\u00e4t der Deutschen appelliert, da gerade Deutschland aus der historischen Erfahrung der 1930er Jahre wei\u00df, wie schlimm die politischen Folgen einer Wirtschaftsdepression sein k\u00f6nnen.<\/p>\n<p>Sind das nur Spr\u00fcche eines Griechen, der an &#8222;unser Geld&#8220; will? Mitnichten. Die wirtschaftliche Katastrophe Griechenlands wird hierzulande kleingeschrieben. Vergleicht man Weimar in der Weltwirtschaftskrise und Griechenland heute, sieht man schnell erschreckende \u00c4hnlichkeiten. Mehr noch: Mittlerweile ist die griechische Wirtschaft tiefer gest\u00fcrzt und die Krise dauert l\u00e4nger als die der Weimarer Republik.<!--more--><\/p>\n<p><img loading=\"lazy\" decoding=\"async\" class=\"size-full wp-image-8133\" src=\"https:\/\/blog.zeit.de\/herdentrieb\/files\/2015\/02\/DR_GR_Wirtschaftsleistung.gif\" alt=\"Abb1: Vergleich der Wirtschaftsleistung: Weimarer Republik und Griechenland\" width=\"549\" height=\"351\" \/><\/p>\n<p>Wie die Abbildung zeigt, war die Wirtschaftsleistung der Weimarer Republik seit dem Ausbruch der Weltfinanzkrise von 1929 bis 1932 um 16 Prozent gesunken \u2013 unter den von der Krise betroffenen L\u00e4ndern litten nur noch die USA unter einer vergleichbar tiefen Krise. Griechenlands Krise dauert mittlerweile schon sieben Jahre und die Wirtschaftsleistung ist noch viel st\u00e4rker gefallen als in Weimar, um ein Viertel. Wie in Weimar und in Griechenland die Krise durch eine radikale Senkung der Staatsausgaben krass verschlimmert wurde, zeigt die folgende Abbildung.<\/p>\n<p><img loading=\"lazy\" decoding=\"async\" class=\"size-full wp-image-8132\" src=\"https:\/\/blog.zeit.de\/herdentrieb\/files\/2015\/02\/DR_GR_Staatsausgaben.gif\" alt=\"Abb2: Vergleich der Staatsausgaben: Weimarer Republik und Griechenland\" width=\"549\" height=\"351\" \/><\/p>\n<p>Um ein Viertel sind in Griechenland mittlerweile die \u00f6ffentlichen Ausgaben gefallen; in Weimar bis 1932 nur um ein F\u00fcnftel. Kein Industriestaat in der Nachkriegszeit hat so sehr die Staatsausgaben gesenkt wie die Griechen. Niemand kann behaupten, die Griechen h\u00e4tten nicht gespart. Weil die etablierten Parteien von damals \u2013 Sozialdemokraten und Zentrumspartei \u2013 nichts gegen die Massenverelendung unternahmen, w\u00e4hlten die Deutschen 1933 Hitler. Der konnte sich leicht profilieren, indem er den internationalen Konsens in der Wirtschaftspolitik aufk\u00fcndigte und ab 1933 massiv die Staatst\u00e4tigkeit ausweitete. Das brachte die Deutschen wieder in Lohn und Brot und bildete die entscheidende Legitimation f\u00fcr die Naziherrschaft, die sp\u00e4ter in den Krieg f\u00fchren sollte. Die europ\u00e4ische Einigung nach dem Zweiten Weltkrieg sollte eigentlich dazu f\u00fchren, nie wieder die gleichen wirtschaftspolitischen Fehler zu begehen.<\/p>\n<p>In Griechenland heute wie in Weimar damals ist das gro\u00dfe Sparen vor allem eine Folge der hohen Auslandsschulden: Weimar war gegen\u00fcber den Franzosen, Briten und Amerikanern verschuldet; Griechenland heute gegen\u00fcber den \u00fcbrigen L\u00e4ndern der W\u00e4hrungsunion. Helfen wollte man den Deutschen so lange nicht, wie diese nicht hart sparten. Besonders die Franzosen mokierten sich \u00fcber den vermeintlichen deutschen Schlendrian. Der Wirtschaftshistoriker <a title=\"externer Link\" href=\"http:\/\/blog.fuw.ch\/nevermindthemarkets\/index.php\/35591\/als-deutschland-unter-frankreichs-diktat-litt\/\" target=\"_blank\">Tobias Straumann<\/a> hat ein sch\u00f6nes Zitat vom M\u00e4rz 1930 aus dem franz\u00f6sischen <em>Figaro<\/em> gefunden, das das Scheitern der Gro\u00dfen Koalition unter dem sozialdemokratischen Kanzler Hermann M\u00fcller kommentiert:<\/p>\n<p style=\"padding-left: 30px;\"><em>&#8222;Es sind keine un\u00fcberwindbaren materiellen Schwierigkeiten, die das Ende der Gro\u00dfen Koalition provoziert haben. Gewiss, das Budget ist schwer, das Defizit beunruhigend. Doch mit Energie w\u00e4re es m\u00f6glich, die schwere, aber keineswegs verzweifelte Situation zu heilen. Um dieses Ziel zu erreichen, m\u00fcsste man indessen ein \u00e4u\u00dferst striktes Sparprogramm auflegen, vor allem bei den Sozialversicherungen, die ein Fass ohne Boden geworden sind. Nur wollen die Sozialisten nichts vom Sparen h\u00f6ren.&#8220;<\/em><\/p>\n<p>Was heute die Deutschen \u00fcber den Rest Europas sagen, mussten sie sich damals selbst vom Rest Europas anh\u00f6ren. Wie heute in Griechenland, so wurde auch damals in Weimar der Staatshaushalt von au\u00dfen \u00fcberwacht und den Deutschen strenge Sparauflagen auferlegt. Die Freude dar\u00fcber war nicht gro\u00df.<\/p>\n<p>Dass sich die etablierten Parteien heute wie damals strikt an die Sparauflagen hielten und damit die Krise versch\u00e4rften, st\u00e4rkte die rechten und linken R\u00e4nder. Aber einen gro\u00dfen, einen zentralen Unterschied gibt es: In Griechenland hat eine linke Partei gewonnen, deren Finanzminister nicht die St\u00e4rke der eigenen Nation beschw\u00f6rt, sondern sich zu Recht auf die Idee Europas, auf die Idee der V\u00f6lkerverst\u00e4ndigung beruft. Wenn es Syriza und ihr polyglotter Finanzminister in Griechenland nicht schaffen, wird das Land weiter in der Krise verharren. Das wird zu mehr Nationalismus, zu mehr Feindschaft zwischen den Nationen Europas f\u00fchren. Kein Europ\u00e4er kann das wollen.<\/p>\n","protected":false},"excerpt":{"rendered":"<p>Yanis Varoufakis, der Wirtschaftsprofessor und neue griechische Finanzminister, hat letzte Woche in Berlin bei der Pressekonferenz mit Wolfgang Sch\u00e4uble in einem emotionalen Statement an die Solidarit\u00e4t der Deutschen appelliert, da gerade Deutschland aus der historischen Erfahrung der 1930er Jahre wei\u00df, wie schlimm die politischen Folgen einer Wirtschaftsdepression sein k\u00f6nnen. Sind das nur Spr\u00fcche eines Griechen, [&hellip;]<\/p>\n","protected":false},"author":62,"featured_media":0,"comment_status":"open","ping_status":"closed","sticky":false,"template":"","format":"standard","meta":{"_jetpack_memberships_contains_paid_content":false,"footnotes":""},"categories":[3],"tags":[],"class_list":["post-8125","post","type-post","status-publish","format-standard","hentry","category-der-aktuelle-rand"],"yoast_head":"<!-- This site is optimized with the Yoast SEO plugin v21.0 - https:\/\/yoast.com\/wordpress\/plugins\/seo\/ -->\n<title>Griechenland verdient die Unterst\u00fctzung Deutschlands<\/title>\n<meta name=\"description\" content=\"Griechenland hat Deutschlands Unterst\u00fctzung in der Finanzkrise verdient, da Deutschland selbst die Folgen einer solchen erlebt hat.\" \/>\n<meta name=\"robots\" content=\"index, follow, max-snippet:-1, max-image-preview:large, max-video-preview:-1\" \/>\n<link rel=\"canonical\" href=\"https:\/\/blog.zeit.de\/herdentrieb\/2015\/02\/09\/griechenland-verdient-die-unterstuetzung-deutschlands_8125\" \/>\n<meta property=\"og:locale\" content=\"de_DE\" \/>\n<meta property=\"og:type\" content=\"article\" \/>\n<meta property=\"og:title\" content=\"Griechenland verdient die Unterst\u00fctzung Deutschlands\" \/>\n<meta property=\"og:description\" content=\"Griechenland hat Deutschlands Unterst\u00fctzung in der Finanzkrise verdient, da Deutschland selbst die Folgen einer solchen erlebt hat.\" \/>\n<meta property=\"og:url\" content=\"https:\/\/blog.zeit.de\/herdentrieb\/2015\/02\/09\/griechenland-verdient-die-unterstuetzung-deutschlands_8125\" \/>\n<meta property=\"og:site_name\" content=\"Herdentrieb\" \/>\n<meta property=\"article:published_time\" content=\"2015-02-09T14:26:47+00:00\" \/>\n<meta property=\"article:modified_time\" content=\"2015-02-09T18:24:37+00:00\" \/>\n<meta property=\"og:image\" content=\"https:\/\/blog.zeit.de\/herdentrieb\/files\/2015\/02\/DR_GR_Wirtschaftsleistung.gif\" \/>\n<meta name=\"author\" content=\"Fabian Lindner\" \/>\n<meta name=\"twitter:card\" content=\"summary_large_image\" \/>\n<meta name=\"twitter:creator\" content=\"@zeitonline\" \/>\n<meta name=\"twitter:site\" content=\"@zeitonline\" \/>\n<meta name=\"twitter:label1\" content=\"Geschrieben von\" \/>\n\t<meta name=\"twitter:data1\" content=\"Fabian Lindner\" \/>\n\t<meta name=\"twitter:label2\" content=\"Gesch\u00e4tzte Lesezeit\" \/>\n\t<meta name=\"twitter:data2\" content=\"3\u00a0Minuten\" \/>\n<script type=\"application\/ld+json\" class=\"yoast-schema-graph\">{\"@context\":\"https:\/\/schema.org\",\"@graph\":[{\"@type\":\"WebPage\",\"@id\":\"https:\/\/blog.zeit.de\/herdentrieb\/2015\/02\/09\/griechenland-verdient-die-unterstuetzung-deutschlands_8125\",\"url\":\"https:\/\/blog.zeit.de\/herdentrieb\/2015\/02\/09\/griechenland-verdient-die-unterstuetzung-deutschlands_8125\",\"name\":\"Griechenland verdient die Unterst\u00fctzung Deutschlands\",\"isPartOf\":{\"@id\":\"https:\/\/blog.zeit.de\/herdentrieb\/#website\"},\"datePublished\":\"2015-02-09T14:26:47+00:00\",\"dateModified\":\"2015-02-09T18:24:37+00:00\",\"author\":{\"@id\":\"https:\/\/blog.zeit.de\/herdentrieb\/#\/schema\/person\/3af429f21b9864fff68b8deb3de9270a\"},\"description\":\"Griechenland hat Deutschlands Unterst\u00fctzung in der Finanzkrise verdient, da Deutschland selbst die Folgen einer solchen erlebt hat.\",\"breadcrumb\":{\"@id\":\"https:\/\/blog.zeit.de\/herdentrieb\/2015\/02\/09\/griechenland-verdient-die-unterstuetzung-deutschlands_8125#breadcrumb\"},\"inLanguage\":\"de\",\"potentialAction\":[{\"@type\":\"ReadAction\",\"target\":[\"https:\/\/blog.zeit.de\/herdentrieb\/2015\/02\/09\/griechenland-verdient-die-unterstuetzung-deutschlands_8125\"]}]},{\"@type\":\"BreadcrumbList\",\"@id\":\"https:\/\/blog.zeit.de\/herdentrieb\/2015\/02\/09\/griechenland-verdient-die-unterstuetzung-deutschlands_8125#breadcrumb\",\"itemListElement\":[{\"@type\":\"ListItem\",\"position\":1,\"name\":\"Startseite\",\"item\":\"https:\/\/blog.zeit.de\/herdentrieb\"},{\"@type\":\"ListItem\",\"position\":2,\"name\":\"Griechenland verdient die Unterst\u00fctzung Deutschlands\"}]},{\"@type\":\"WebSite\",\"@id\":\"https:\/\/blog.zeit.de\/herdentrieb\/#website\",\"url\":\"https:\/\/blog.zeit.de\/herdentrieb\/\",\"name\":\"Herdentrieb\",\"description\":\"So funktioniert Kapitalismus. Ein Blog\",\"potentialAction\":[{\"@type\":\"SearchAction\",\"target\":{\"@type\":\"EntryPoint\",\"urlTemplate\":\"https:\/\/blog.zeit.de\/herdentrieb\/?s={search_term_string}\"},\"query-input\":\"required name=search_term_string\"}],\"inLanguage\":\"de\"},{\"@type\":\"Person\",\"@id\":\"https:\/\/blog.zeit.de\/herdentrieb\/#\/schema\/person\/3af429f21b9864fff68b8deb3de9270a\",\"name\":\"Fabian Lindner\",\"image\":{\"@type\":\"ImageObject\",\"inLanguage\":\"de\",\"@id\":\"https:\/\/blog.zeit.de\/herdentrieb\/#\/schema\/person\/image\/\",\"url\":\"https:\/\/secure.gravatar.com\/avatar\/74587f2a7376ae1f53edb1a10cc73cae1d317b72717e6dcdf92030d8473fca39?s=96&d=mm&r=g\",\"contentUrl\":\"https:\/\/secure.gravatar.com\/avatar\/74587f2a7376ae1f53edb1a10cc73cae1d317b72717e6dcdf92030d8473fca39?s=96&d=mm&r=g\",\"caption\":\"Fabian Lindner\"},\"url\":\"https:\/\/blog.zeit.de\/herdentrieb\/author\/fabian-lindner\"}]}<\/script>\n<!-- \/ Yoast SEO plugin. -->","yoast_head_json":{"title":"Griechenland verdient die Unterst\u00fctzung Deutschlands","description":"Griechenland hat Deutschlands Unterst\u00fctzung in der Finanzkrise verdient, da Deutschland selbst die Folgen einer solchen erlebt hat.","robots":{"index":"index","follow":"follow","max-snippet":"max-snippet:-1","max-image-preview":"max-image-preview:large","max-video-preview":"max-video-preview:-1"},"canonical":"https:\/\/blog.zeit.de\/herdentrieb\/2015\/02\/09\/griechenland-verdient-die-unterstuetzung-deutschlands_8125","og_locale":"de_DE","og_type":"article","og_title":"Griechenland verdient die Unterst\u00fctzung Deutschlands","og_description":"Griechenland hat Deutschlands Unterst\u00fctzung in der Finanzkrise verdient, da Deutschland selbst die Folgen einer solchen erlebt hat.","og_url":"https:\/\/blog.zeit.de\/herdentrieb\/2015\/02\/09\/griechenland-verdient-die-unterstuetzung-deutschlands_8125","og_site_name":"Herdentrieb","article_published_time":"2015-02-09T14:26:47+00:00","article_modified_time":"2015-02-09T18:24:37+00:00","og_image":[{"url":"https:\/\/blog.zeit.de\/herdentrieb\/files\/2015\/02\/DR_GR_Wirtschaftsleistung.gif"}],"author":"Fabian Lindner","twitter_card":"summary_large_image","twitter_creator":"@zeitonline","twitter_site":"@zeitonline","twitter_misc":{"Geschrieben von":"Fabian Lindner","Gesch\u00e4tzte Lesezeit":"3\u00a0Minuten"},"schema":{"@context":"https:\/\/schema.org","@graph":[{"@type":"WebPage","@id":"https:\/\/blog.zeit.de\/herdentrieb\/2015\/02\/09\/griechenland-verdient-die-unterstuetzung-deutschlands_8125","url":"https:\/\/blog.zeit.de\/herdentrieb\/2015\/02\/09\/griechenland-verdient-die-unterstuetzung-deutschlands_8125","name":"Griechenland verdient die Unterst\u00fctzung Deutschlands","isPartOf":{"@id":"https:\/\/blog.zeit.de\/herdentrieb\/#website"},"datePublished":"2015-02-09T14:26:47+00:00","dateModified":"2015-02-09T18:24:37+00:00","author":{"@id":"https:\/\/blog.zeit.de\/herdentrieb\/#\/schema\/person\/3af429f21b9864fff68b8deb3de9270a"},"description":"Griechenland hat Deutschlands Unterst\u00fctzung in der Finanzkrise verdient, da Deutschland selbst die Folgen einer solchen erlebt hat.","breadcrumb":{"@id":"https:\/\/blog.zeit.de\/herdentrieb\/2015\/02\/09\/griechenland-verdient-die-unterstuetzung-deutschlands_8125#breadcrumb"},"inLanguage":"de","potentialAction":[{"@type":"ReadAction","target":["https:\/\/blog.zeit.de\/herdentrieb\/2015\/02\/09\/griechenland-verdient-die-unterstuetzung-deutschlands_8125"]}]},{"@type":"BreadcrumbList","@id":"https:\/\/blog.zeit.de\/herdentrieb\/2015\/02\/09\/griechenland-verdient-die-unterstuetzung-deutschlands_8125#breadcrumb","itemListElement":[{"@type":"ListItem","position":1,"name":"Startseite","item":"https:\/\/blog.zeit.de\/herdentrieb"},{"@type":"ListItem","position":2,"name":"Griechenland verdient die Unterst\u00fctzung Deutschlands"}]},{"@type":"WebSite","@id":"https:\/\/blog.zeit.de\/herdentrieb\/#website","url":"https:\/\/blog.zeit.de\/herdentrieb\/","name":"Herdentrieb","description":"So funktioniert Kapitalismus. Ein Blog","potentialAction":[{"@type":"SearchAction","target":{"@type":"EntryPoint","urlTemplate":"https:\/\/blog.zeit.de\/herdentrieb\/?s={search_term_string}"},"query-input":"required name=search_term_string"}],"inLanguage":"de"},{"@type":"Person","@id":"https:\/\/blog.zeit.de\/herdentrieb\/#\/schema\/person\/3af429f21b9864fff68b8deb3de9270a","name":"Fabian Lindner","image":{"@type":"ImageObject","inLanguage":"de","@id":"https:\/\/blog.zeit.de\/herdentrieb\/#\/schema\/person\/image\/","url":"https:\/\/secure.gravatar.com\/avatar\/74587f2a7376ae1f53edb1a10cc73cae1d317b72717e6dcdf92030d8473fca39?s=96&d=mm&r=g","contentUrl":"https:\/\/secure.gravatar.com\/avatar\/74587f2a7376ae1f53edb1a10cc73cae1d317b72717e6dcdf92030d8473fca39?s=96&d=mm&r=g","caption":"Fabian Lindner"},"url":"https:\/\/blog.zeit.de\/herdentrieb\/author\/fabian-lindner"}]}},"jetpack_featured_media_url":"","jetpack_sharing_enabled":true,"_links":{"self":[{"href":"https:\/\/blog.zeit.de\/herdentrieb\/wp-json\/wp\/v2\/posts\/8125","targetHints":{"allow":["GET"]}}],"collection":[{"href":"https:\/\/blog.zeit.de\/herdentrieb\/wp-json\/wp\/v2\/posts"}],"about":[{"href":"https:\/\/blog.zeit.de\/herdentrieb\/wp-json\/wp\/v2\/types\/post"}],"author":[{"embeddable":true,"href":"https:\/\/blog.zeit.de\/herdentrieb\/wp-json\/wp\/v2\/users\/62"}],"replies":[{"embeddable":true,"href":"https:\/\/blog.zeit.de\/herdentrieb\/wp-json\/wp\/v2\/comments?post=8125"}],"version-history":[{"count":8,"href":"https:\/\/blog.zeit.de\/herdentrieb\/wp-json\/wp\/v2\/posts\/8125\/revisions"}],"predecessor-version":[{"id":8139,"href":"https:\/\/blog.zeit.de\/herdentrieb\/wp-json\/wp\/v2\/posts\/8125\/revisions\/8139"}],"wp:attachment":[{"href":"https:\/\/blog.zeit.de\/herdentrieb\/wp-json\/wp\/v2\/media?parent=8125"}],"wp:term":[{"taxonomy":"category","embeddable":true,"href":"https:\/\/blog.zeit.de\/herdentrieb\/wp-json\/wp\/v2\/categories?post=8125"},{"taxonomy":"post_tag","embeddable":true,"href":"https:\/\/blog.zeit.de\/herdentrieb\/wp-json\/wp\/v2\/tags?post=8125"}],"curies":[{"name":"wp","href":"https:\/\/api.w.org\/{rel}","templated":true}]}}