{"id":8189,"date":"2015-02-20T09:09:21","date_gmt":"2015-02-20T08:09:21","guid":{"rendered":"http:\/\/blog.zeit.de\/herdentrieb\/?p=8189"},"modified":"2015-04-15T12:09:56","modified_gmt":"2015-04-15T10:09:56","slug":"der-preis-des-nein","status":"publish","type":"post","link":"https:\/\/blog.zeit.de\/herdentrieb\/2015\/02\/20\/der-preis-des-nein_8189","title":{"rendered":"Der Preis des NEIN"},"content":{"rendered":"<p>Wolfgang Sch\u00e4uble hat also NEIN gesagt, bevor die Verhandlungen \u00fcberhaupt begonnen haben, und wird daf\u00fcr in Deutschland von den \u00fcblichen Verd\u00e4chtigen gefeiert.<\/p>\n<p>Ignorieren wir f\u00fcr einen Augenblick, ob dieses NEIN inhaltlich gerechtfertigt ist oder nicht \u2013 ob also der <a href=\"http:\/\/www.zeit.de\/wirtschaft\/2015-02\/griechenland-fristverlaengerung-eurogruppe-brief\" target=\"_blank\">Brief der Griechen<\/a> tats\u00e4chliche eine Zumutung ist oder nicht.<\/p>\n<p>War das NEIN taktisch klug, weil Sch\u00e4uble damit \u2013 wie die Erziehungsbeauftragten der <em><a href=\"http:\/\/www.welt.de\/debatte\/kommentare\/article137641316\/Schaeuble-weiss-welche-Sprache-Athen-versteht.html\" target=\"_blank\">Welt<\/a><\/em> meinen \u2013 endlich die einzige Sprache w\u00e4hlt, die die Griechen verstehen?<\/p>\n<p><!--more--><\/p>\n<p>Das deutsche NEIN hat folgende Konsequenzen:<\/p>\n<ol>\n<li>Die bislang einheitliche Front der Eurogruppe br\u00f6ckelt, weil es viele L\u00e4nder gibt, die die Sache differenzierter sehen und den Aufschlag der Griechen gerne als Ausgangspunkt f\u00fcr die Verhandlungen genommen h\u00e4tten.<\/li>\n<li>Die Bundesregierung spaltet sich, weil die SPD \u2013 die bisher in der Europapolitik alles mitgemacht hat, was die Union vorlegte \u2013 einfach etwas sagen musste, wenn sie ihr Profil nicht vollends verlieren will.<\/li>\n<li>Die gesamte Republik ist f\u00fcr das Thema sensibilisiert und wird nun jedes Ergebnis, das nicht dem Wortlaut der Eurogruppe entspricht, als pers\u00f6nliche Niederlage Sch\u00e4ubles interpretieren.<\/li>\n<li>Es d\u00fcrfte noch schwerer werden, heute einen Kompromiss zu finden. Die Griechen k\u00f6nnen nun nat\u00fcrlich nicht einfach nachgeben, denn das w\u00fcrde als Kapitulation vor den Deutschen interpretiert werden.<\/li>\n<\/ol>\n<p>Wenn Sch\u00e4uble mit dem Vorschlag der Griechen nicht einverstanden ist, dann h\u00e4tte er das heute in der Eurogruppe sagen k\u00f6nnen, er h\u00e4tte vielleicht Alliierte gefunden und am Ende w\u00e4re man sich einig geworden oder Griechenland h\u00e4tte die W\u00e4hrungsunion verlassen. In jedem Fall w\u00e4re es das Ergebnis einer kollektiven Willensbildung gewesen.<\/p>\n<p>Wenn jetzt etwas schiefgeht, wird es hei\u00dfen: Deutschland hat die Griechen auf dem Gewissen. Vielleicht hat Sch\u00e4uble noch ein Ass im \u00c4rmel, aber wenn nicht, dann war das alles andere als eine diplomatische Glanzleistung.<\/p>\n","protected":false},"excerpt":{"rendered":"<p>Wolfgang Sch\u00e4uble hat also NEIN gesagt, bevor die Verhandlungen \u00fcberhaupt begonnen haben, und wird daf\u00fcr in Deutschland von den \u00fcblichen Verd\u00e4chtigen gefeiert. Ignorieren wir f\u00fcr einen Augenblick, ob dieses NEIN inhaltlich gerechtfertigt ist oder nicht \u2013 ob also der Brief der Griechen tats\u00e4chliche eine Zumutung ist oder nicht. War das NEIN taktisch klug, weil Sch\u00e4uble [&hellip;]<\/p>\n","protected":false},"author":215,"featured_media":0,"comment_status":"open","ping_status":"closed","sticky":false,"template":"","format":"standard","meta":{"_jetpack_memberships_contains_paid_content":false,"footnotes":""},"categories":[3],"tags":[],"class_list":["post-8189","post","type-post","status-publish","format-standard","hentry","category-der-aktuelle-rand"],"yoast_head":"<!-- This site is optimized with the Yoast SEO plugin v21.0 - https:\/\/yoast.com\/wordpress\/plugins\/seo\/ -->\n<title>Der Preis des NEIN - Herdentrieb<\/title>\n<meta name=\"description\" content=\"Wolfgang Sch\u00e4uble hat NEIN gesagt, bevor die Verhandlungen begonnen haben, und wird daf\u00fcr von den \u00fcblichen Verd\u00e4chtigen gefeiert.\" \/>\n<meta name=\"robots\" content=\"index, follow, max-snippet:-1, max-image-preview:large, max-video-preview:-1\" \/>\n<link rel=\"canonical\" href=\"https:\/\/blog.zeit.de\/herdentrieb\/2015\/02\/20\/der-preis-des-nein_8189\" \/>\n<meta property=\"og:locale\" content=\"de_DE\" \/>\n<meta property=\"og:type\" content=\"article\" \/>\n<meta property=\"og:title\" content=\"Der Preis des NEIN - Herdentrieb\" \/>\n<meta property=\"og:description\" content=\"Wolfgang Sch\u00e4uble hat NEIN gesagt, bevor die Verhandlungen begonnen haben, und wird daf\u00fcr von den \u00fcblichen Verd\u00e4chtigen gefeiert.\" \/>\n<meta property=\"og:url\" content=\"https:\/\/blog.zeit.de\/herdentrieb\/2015\/02\/20\/der-preis-des-nein_8189\" \/>\n<meta property=\"og:site_name\" content=\"Herdentrieb\" \/>\n<meta property=\"article:published_time\" content=\"2015-02-20T08:09:21+00:00\" \/>\n<meta property=\"article:modified_time\" content=\"2015-04-15T10:09:56+00:00\" \/>\n<meta name=\"author\" content=\"Mark Schieritz\" \/>\n<meta name=\"twitter:card\" content=\"summary_large_image\" \/>\n<meta name=\"twitter:creator\" content=\"@zeitonline\" \/>\n<meta name=\"twitter:site\" content=\"@zeitonline\" \/>\n<meta name=\"twitter:label1\" content=\"Geschrieben von\" \/>\n\t<meta name=\"twitter:data1\" content=\"Mark Schieritz\" \/>\n\t<meta name=\"twitter:label2\" content=\"Gesch\u00e4tzte Lesezeit\" \/>\n\t<meta name=\"twitter:data2\" content=\"2\u00a0Minuten\" \/>\n<script type=\"application\/ld+json\" class=\"yoast-schema-graph\">{\"@context\":\"https:\/\/schema.org\",\"@graph\":[{\"@type\":\"WebPage\",\"@id\":\"https:\/\/blog.zeit.de\/herdentrieb\/2015\/02\/20\/der-preis-des-nein_8189\",\"url\":\"https:\/\/blog.zeit.de\/herdentrieb\/2015\/02\/20\/der-preis-des-nein_8189\",\"name\":\"Der Preis des NEIN - Herdentrieb\",\"isPartOf\":{\"@id\":\"https:\/\/blog.zeit.de\/herdentrieb\/#website\"},\"datePublished\":\"2015-02-20T08:09:21+00:00\",\"dateModified\":\"2015-04-15T10:09:56+00:00\",\"author\":{\"@id\":\"https:\/\/blog.zeit.de\/herdentrieb\/#\/schema\/person\/a2dfa95bbd4de7e06edc88db4e3d3871\"},\"description\":\"Wolfgang Sch\u00e4uble hat NEIN gesagt, bevor die Verhandlungen begonnen haben, und wird daf\u00fcr von den \u00fcblichen Verd\u00e4chtigen gefeiert.\",\"breadcrumb\":{\"@id\":\"https:\/\/blog.zeit.de\/herdentrieb\/2015\/02\/20\/der-preis-des-nein_8189#breadcrumb\"},\"inLanguage\":\"de\",\"potentialAction\":[{\"@type\":\"ReadAction\",\"target\":[\"https:\/\/blog.zeit.de\/herdentrieb\/2015\/02\/20\/der-preis-des-nein_8189\"]}]},{\"@type\":\"BreadcrumbList\",\"@id\":\"https:\/\/blog.zeit.de\/herdentrieb\/2015\/02\/20\/der-preis-des-nein_8189#breadcrumb\",\"itemListElement\":[{\"@type\":\"ListItem\",\"position\":1,\"name\":\"Startseite\",\"item\":\"https:\/\/blog.zeit.de\/herdentrieb\"},{\"@type\":\"ListItem\",\"position\":2,\"name\":\"Der Preis des NEIN\"}]},{\"@type\":\"WebSite\",\"@id\":\"https:\/\/blog.zeit.de\/herdentrieb\/#website\",\"url\":\"https:\/\/blog.zeit.de\/herdentrieb\/\",\"name\":\"Herdentrieb\",\"description\":\"So funktioniert Kapitalismus. Ein Blog\",\"potentialAction\":[{\"@type\":\"SearchAction\",\"target\":{\"@type\":\"EntryPoint\",\"urlTemplate\":\"https:\/\/blog.zeit.de\/herdentrieb\/?s={search_term_string}\"},\"query-input\":\"required name=search_term_string\"}],\"inLanguage\":\"de\"},{\"@type\":\"Person\",\"@id\":\"https:\/\/blog.zeit.de\/herdentrieb\/#\/schema\/person\/a2dfa95bbd4de7e06edc88db4e3d3871\",\"name\":\"Mark Schieritz\",\"image\":{\"@type\":\"ImageObject\",\"inLanguage\":\"de\",\"@id\":\"https:\/\/blog.zeit.de\/herdentrieb\/#\/schema\/person\/image\/\",\"url\":\"https:\/\/secure.gravatar.com\/avatar\/66e072b8ecaf6d851921c0577ca78c8c9a24223a3c3cb6df48c5d839d1b622e0?s=96&d=mm&r=g\",\"contentUrl\":\"https:\/\/secure.gravatar.com\/avatar\/66e072b8ecaf6d851921c0577ca78c8c9a24223a3c3cb6df48c5d839d1b622e0?s=96&d=mm&r=g\",\"caption\":\"Mark Schieritz\"},\"url\":\"https:\/\/blog.zeit.de\/herdentrieb\/author\/mark-schieritz\"}]}<\/script>\n<!-- \/ Yoast SEO plugin. -->","yoast_head_json":{"title":"Der Preis des NEIN - Herdentrieb","description":"Wolfgang Sch\u00e4uble hat NEIN gesagt, bevor die Verhandlungen begonnen haben, und wird daf\u00fcr von den \u00fcblichen Verd\u00e4chtigen gefeiert.","robots":{"index":"index","follow":"follow","max-snippet":"max-snippet:-1","max-image-preview":"max-image-preview:large","max-video-preview":"max-video-preview:-1"},"canonical":"https:\/\/blog.zeit.de\/herdentrieb\/2015\/02\/20\/der-preis-des-nein_8189","og_locale":"de_DE","og_type":"article","og_title":"Der Preis des NEIN - Herdentrieb","og_description":"Wolfgang Sch\u00e4uble hat NEIN gesagt, bevor die Verhandlungen begonnen haben, und wird daf\u00fcr von den \u00fcblichen Verd\u00e4chtigen gefeiert.","og_url":"https:\/\/blog.zeit.de\/herdentrieb\/2015\/02\/20\/der-preis-des-nein_8189","og_site_name":"Herdentrieb","article_published_time":"2015-02-20T08:09:21+00:00","article_modified_time":"2015-04-15T10:09:56+00:00","author":"Mark Schieritz","twitter_card":"summary_large_image","twitter_creator":"@zeitonline","twitter_site":"@zeitonline","twitter_misc":{"Geschrieben von":"Mark Schieritz","Gesch\u00e4tzte Lesezeit":"2\u00a0Minuten"},"schema":{"@context":"https:\/\/schema.org","@graph":[{"@type":"WebPage","@id":"https:\/\/blog.zeit.de\/herdentrieb\/2015\/02\/20\/der-preis-des-nein_8189","url":"https:\/\/blog.zeit.de\/herdentrieb\/2015\/02\/20\/der-preis-des-nein_8189","name":"Der Preis des NEIN - Herdentrieb","isPartOf":{"@id":"https:\/\/blog.zeit.de\/herdentrieb\/#website"},"datePublished":"2015-02-20T08:09:21+00:00","dateModified":"2015-04-15T10:09:56+00:00","author":{"@id":"https:\/\/blog.zeit.de\/herdentrieb\/#\/schema\/person\/a2dfa95bbd4de7e06edc88db4e3d3871"},"description":"Wolfgang Sch\u00e4uble hat NEIN gesagt, bevor die Verhandlungen begonnen haben, und wird daf\u00fcr von den \u00fcblichen Verd\u00e4chtigen gefeiert.","breadcrumb":{"@id":"https:\/\/blog.zeit.de\/herdentrieb\/2015\/02\/20\/der-preis-des-nein_8189#breadcrumb"},"inLanguage":"de","potentialAction":[{"@type":"ReadAction","target":["https:\/\/blog.zeit.de\/herdentrieb\/2015\/02\/20\/der-preis-des-nein_8189"]}]},{"@type":"BreadcrumbList","@id":"https:\/\/blog.zeit.de\/herdentrieb\/2015\/02\/20\/der-preis-des-nein_8189#breadcrumb","itemListElement":[{"@type":"ListItem","position":1,"name":"Startseite","item":"https:\/\/blog.zeit.de\/herdentrieb"},{"@type":"ListItem","position":2,"name":"Der Preis des NEIN"}]},{"@type":"WebSite","@id":"https:\/\/blog.zeit.de\/herdentrieb\/#website","url":"https:\/\/blog.zeit.de\/herdentrieb\/","name":"Herdentrieb","description":"So funktioniert Kapitalismus. Ein Blog","potentialAction":[{"@type":"SearchAction","target":{"@type":"EntryPoint","urlTemplate":"https:\/\/blog.zeit.de\/herdentrieb\/?s={search_term_string}"},"query-input":"required name=search_term_string"}],"inLanguage":"de"},{"@type":"Person","@id":"https:\/\/blog.zeit.de\/herdentrieb\/#\/schema\/person\/a2dfa95bbd4de7e06edc88db4e3d3871","name":"Mark Schieritz","image":{"@type":"ImageObject","inLanguage":"de","@id":"https:\/\/blog.zeit.de\/herdentrieb\/#\/schema\/person\/image\/","url":"https:\/\/secure.gravatar.com\/avatar\/66e072b8ecaf6d851921c0577ca78c8c9a24223a3c3cb6df48c5d839d1b622e0?s=96&d=mm&r=g","contentUrl":"https:\/\/secure.gravatar.com\/avatar\/66e072b8ecaf6d851921c0577ca78c8c9a24223a3c3cb6df48c5d839d1b622e0?s=96&d=mm&r=g","caption":"Mark Schieritz"},"url":"https:\/\/blog.zeit.de\/herdentrieb\/author\/mark-schieritz"}]}},"jetpack_featured_media_url":"","jetpack_sharing_enabled":true,"_links":{"self":[{"href":"https:\/\/blog.zeit.de\/herdentrieb\/wp-json\/wp\/v2\/posts\/8189","targetHints":{"allow":["GET"]}}],"collection":[{"href":"https:\/\/blog.zeit.de\/herdentrieb\/wp-json\/wp\/v2\/posts"}],"about":[{"href":"https:\/\/blog.zeit.de\/herdentrieb\/wp-json\/wp\/v2\/types\/post"}],"author":[{"embeddable":true,"href":"https:\/\/blog.zeit.de\/herdentrieb\/wp-json\/wp\/v2\/users\/215"}],"replies":[{"embeddable":true,"href":"https:\/\/blog.zeit.de\/herdentrieb\/wp-json\/wp\/v2\/comments?post=8189"}],"version-history":[{"count":9,"href":"https:\/\/blog.zeit.de\/herdentrieb\/wp-json\/wp\/v2\/posts\/8189\/revisions"}],"predecessor-version":[{"id":8300,"href":"https:\/\/blog.zeit.de\/herdentrieb\/wp-json\/wp\/v2\/posts\/8189\/revisions\/8300"}],"wp:attachment":[{"href":"https:\/\/blog.zeit.de\/herdentrieb\/wp-json\/wp\/v2\/media?parent=8189"}],"wp:term":[{"taxonomy":"category","embeddable":true,"href":"https:\/\/blog.zeit.de\/herdentrieb\/wp-json\/wp\/v2\/categories?post=8189"},{"taxonomy":"post_tag","embeddable":true,"href":"https:\/\/blog.zeit.de\/herdentrieb\/wp-json\/wp\/v2\/tags?post=8189"}],"curies":[{"name":"wp","href":"https:\/\/api.w.org\/{rel}","templated":true}]}}