{"id":8201,"date":"2015-02-26T10:57:07","date_gmt":"2015-02-26T09:57:07","guid":{"rendered":"http:\/\/blog.zeit.de\/herdentrieb\/?p=8201"},"modified":"2015-02-27T10:10:13","modified_gmt":"2015-02-27T09:10:13","slug":"die-konjunktur-nimmt-fahrt-auf","status":"publish","type":"post","link":"https:\/\/blog.zeit.de\/herdentrieb\/2015\/02\/26\/die-konjunktur-nimmt-fahrt-auf_8201","title":{"rendered":"Die Konjunktur nimmt Fahrt auf"},"content":{"rendered":"<p>Wenn alle Signale auf Gr\u00fcn stehen, bewegt sich auch die <a title=\"Stat. Bundesamt\" href=\"https:\/\/www.destatis.de\/DE\/PresseService\/Presse\/Pressemitteilungen\/2015\/02\/PD15_061_811.html\" target=\"_blank\">deutsche Konjunktur<\/a>, von der das fast niemand mehr erwartet hatte. Gegen\u00fcber dem dritten Quartal war das reale BIP im vierten Quartal mit einer Verlaufsrate von etwas mehr als 2,8 Prozent gestiegen (also annualisiert oder hochgerechnet auf ein ganzes Jahr), sodass sich erstmals seit Langem die Output-L\u00fccke verringert hat. Vorlaufende Indikatoren wie die Auftragseing\u00e4nge in der Industrie oder die Ifo-Umfragen deuten darauf hin, dass der Aufschwung weitergehen wird.<!--more--><\/p>\n<p><img loading=\"lazy\" decoding=\"async\" class=\"size-full wp-image-8202\" src=\"https:\/\/blog.zeit.de\/herdentrieb\/files\/2015\/02\/ifo_Index_201502.gif\" alt=\"Grafik: ifo Gesch\u00e4ftsklima\" width=\"547\" height=\"309\" \/><\/p>\n<p>Manchmal kommt die ganze Dynamik von einem ungeplanten Aufbau der L\u00e4ger \u2013 die Produktion nimmt st\u00e4rker zu als die Nachfrage \u2013 woraufhin es in der Folge oft zu einem abgeschw\u00e4chten Anstieg oder zu einem R\u00fcckgang der Produktion kommt. Nicht so diesmal: Die Vorr\u00e4te waren gegen\u00fcber dem dritten Quartal sogar geschrumpft und hatten einen negativen Wachstumsbeitrag von 0,8 Prozentpunkten bewirkt (annualisiert auf der Basis von -0,2). Das hei\u00dft, sie werden im ersten Quartal angesichts der guten Endnachfrage vermutlich aufgef\u00fcllt werden und damit dem Output einen kr\u00e4ftigen zus\u00e4tzlichen Schub geben.<\/p>\n<p>Erfreulich auch der private Konsum \u2013 offenbar fehlt den deutschen Haushalten doch das Eine oder Andere und sie sind nicht die Konsummuffel, als die sie oft dargestellt werden. Entscheidend war wohl, dass die verf\u00fcgbaren Einkommen nominal mit einer (annualisierten) Jahresrate von 4,3 Prozent gestiegen waren; real waren es sogar 5,4 Prozent, da die Verbraucherpreise vom dritten zum vierten Quartal mit einer Jahresrate von 1,1 Prozent gesunken waren, den Benzinpreisen sei Dank.<\/p>\n<p><img loading=\"lazy\" decoding=\"async\" class=\"size-full wp-image-8203\" src=\"https:\/\/blog.zeit.de\/herdentrieb\/files\/2015\/02\/Konsum_verfEinkommen_1992-2014Q4.gif\" alt=\"Grafik: Konsumausgaben und verf\u00fcgbares Einkommen der privaten Haushalte, ggVj\" width=\"545\" height=\"320\" \/><\/p>\n<p>Im Vergleich zu diesen Zuwachsraten bei den Einkommen nimmt sich der annualisierte Anstieg der privaten Konsumausgaben von 3,0 Prozent sogar bescheiden aus, so ungewohnt kr\u00e4ftig er auch ausgefallen war. Ich vermute daher, dass die Verbraucher noch Reserven haben und die Konjunktur im Verlauf dieses Jahres weiter kr\u00e4ftig anheizen werden. Der unaufhaltsame Anstieg der Besch\u00e4ftigung \u2013 zuletzt, wie schon in den Jahren zuvor, um fast ein Prozent gegen\u00fcber dem Vorjahr \u2013 sowie die ziemlich \u00fcppige Erh\u00f6hung der <a title=\"IG Metall\" href=\"https:\/\/www.igmetall.de\/SID-E73C4130-CF31AF09\/tarifabschluss-fuer-die-metall-und-elektroindustrie-in-baden-15755.htm\" target=\"_blank\">Tarifl\u00f6hne in der Metall- und Elektroindustrie<\/a> von 3,6 Prozent nominal und etwa 4 Prozent real (<a title=\"Gesamtmetall\" href=\"http:\/\/www.gesamtmetall.de\/gesamtmetall\/meonline.nsf\/id\/NewsGIP-03-2015_Tarifabschluss-2015-DE?open\" target=\"_blank\">Jahresdurchschnitt 2015 gegen\u00fcber 2014<\/a>), die am Dienstag vereinbart wurde, weisen jedenfalls in die richtige Richtung.<\/p>\n<p><img loading=\"lazy\" decoding=\"async\" class=\"size-full wp-image-8204\" src=\"https:\/\/blog.zeit.de\/herdentrieb\/files\/2015\/02\/Tarifverdienste_nom_real_1992-201412.gif\" alt=\"Grafik: Nominale und reale Tarifverdienste in Deutschland\" width=\"548\" height=\"311\" \/><\/p>\n<p>Zudem hat sich die preisliche Wettbewerbsf\u00e4higkeit der deutschen Wirtschaft stark verbessert. Von M\u00e4rz 2014 bis heute war es zu einer Abwertung des handelsgewogenen Euro um nicht weniger als 10,7 Prozent gekommen, was genau die richtige Medizin f\u00fcr ein Land mit erheblichen Kapazit\u00e4tsreserven ist.<\/p>\n<p><img loading=\"lazy\" decoding=\"async\" class=\"size-full wp-image-8205\" src=\"https:\/\/blog.zeit.de\/herdentrieb\/files\/2015\/02\/NEER_Euro_daily_1999-150225.gif\" alt=\"Grafik: Nominaler effektiver Wechselkurs des Euro, tgl.\" width=\"549\" height=\"306\" \/><\/p>\n<p>Trotz der Abwertung sind die <a title=\"Stat. Bundesamt, 27.02.2015\" href=\"https:\/\/www.destatis.de\/DE\/PresseService\/Presse\/Pressemitteilungen\/2015\/02\/PD15_068_614.html\" target=\"_blank\">Einfuhrpreise sogar weiter gesunken<\/a>, n\u00e4mlich von Quartal zu Quartal mit einer (annualisierten) Verlaufsrate von 3,8 Prozent. Deutschland importiert also trotz des schwachen Wechselkurses Deflation und k\u00f6nnte, da es keine Inflationsrisiken gibt, eine zus\u00e4tzliche kr\u00e4ftige Abwertung gut verkraften. Aber auch so hat der reale Au\u00dfenbeitrag 0,8 Prozentpunkte zum BIP-Wachstum von 2,8 Prozent beigetragen. Dabei expandierten die realen Einfuhren mit einer Rate von nicht weniger als 4,2 Prozent und stimulierten damit die Konjunktur in den Partnerl\u00e4ndern. Ich gehe davon aus, dass sich der Effekt in den kommenden Quartalen noch verst\u00e4rken wird.<\/p>\n<p>Entt\u00e4uscht haben nach wie vor die realen Ausgaben f\u00fcr Ausr\u00fcstungen (+1,6 Prozent annualisiert). Trotz der rekordniedrigen Kreditzinsen, des schwachen Wechselkurses und des \u00fcberaus festen Aktienmarkts laufen die Investitionen nicht so, wie es nach vielen Jahren mit negativen Zuwachsraten jetzt einmal f\u00e4llig w\u00e4re.<\/p>\n<p><img loading=\"lazy\" decoding=\"async\" class=\"size-full wp-image-8206\" src=\"https:\/\/blog.zeit.de\/herdentrieb\/files\/2015\/02\/Investitionen_1991-2014Q4.gif\" alt=\"Grafik: Ausr\u00fcstungs- und Bauinvestitionen, 1991-2014Q4\" width=\"548\" height=\"307\" \/><\/p>\n<p>Die Kapazit\u00e4ten sind einfach weiterhin zu wenig ausgelastet. Es ist zu hoffen, dass die Verbraucher noch eine Weile optimistisch bleiben und den Unternehmen hohe Ums\u00e4tze bescheren \u2013 denn das ist es letztlich, was sie zu Investitionen animiert. Dann k\u00f6nnten die Ausgaben f\u00fcr Kapitalg\u00fcter der Turboeffekt werden, der f\u00fcr einen nachhaltigen und sich selbst tragenden Aufschwung n\u00f6tig ist. Nicht nur das, sie werden auch f\u00fcr ein st\u00e4rkeres Wachstum der Produktivit\u00e4t ben\u00f6tigt; sie hat sich seit Ende 2007 beunruhigenderweise gerade einmal mit durchschnittlich j\u00e4hrlich 0,4 Prozent erh\u00f6ht und war im vierten Quartal sogar etwas niedriger als ein Jahr zuvor. Der eigentliche Wachstumsmotor stottert also.<\/p>\n<p>Hilfreich w\u00e4re zudem, wenn der Staat seine betr\u00e4chtlichen finanziellen Spielr\u00e4ume nutzen w\u00fcrde. In diesem Jahr d\u00fcrfte es zum vierten Mal in Folge einen Haushalts\u00fcberschuss geben. Wann kann sich der Staat noch einmal f\u00fcr zehn Jahre zu einem Zins von 0,30 Prozent verschulden? Es ist v\u00f6llig ausgeschlossen, dass es nicht zahllose Investitionsprojekte gibt, mit denen sich gesamtgesellschaftlich eine Rendite erzielen l\u00e4sst, die deutlich \u00fcber diesem Wert liegt. Die Anleger dr\u00e4ngen dem Staat ihr Geld gewisserma\u00dfen auf und verlangen daf\u00fcr fast keine Zinsen. Mindestens f\u00fcr Investitionen in Sachkapital, aber auch f\u00fcr die Bildung muss es doch erlaubt sein, Schulden aufzunehmen. Ein solcher Kurswechsel w\u00e4re auch nicht schlecht f\u00fcr die L\u00e4nder des Euroraums, die ihre Schulden abbauen m\u00fcssen \u2013 das kann ihnen letztlich nur gelingen, wenn sie mehr exportieren als importieren. Unsere Regierung hat hier eine Verantwortung. Nichts kann den Euro so sehr stabilisieren wie eine robuste Konjunktur in Deutschland.<\/p>\n","protected":false},"excerpt":{"rendered":"<p>Wenn alle Signale auf Gr\u00fcn stehen, bewegt sich auch die deutsche Konjunktur, von der das fast niemand mehr erwartet hatte. Gegen\u00fcber dem dritten Quartal war das reale BIP im vierten Quartal mit einer Verlaufsrate von etwas mehr als 2,8 Prozent gestiegen (also annualisiert oder hochgerechnet auf ein ganzes Jahr), sodass sich erstmals seit Langem die [&hellip;]<\/p>\n","protected":false},"author":61,"featured_media":0,"comment_status":"open","ping_status":"closed","sticky":false,"template":"","format":"standard","meta":{"_jetpack_memberships_contains_paid_content":false,"footnotes":""},"categories":[9],"tags":[],"class_list":["post-8201","post","type-post","status-publish","format-standard","hentry","category-konjunktur-und-wirtschaftspolitik"],"yoast_head":"<!-- This site is optimized with the Yoast SEO plugin v21.0 - https:\/\/yoast.com\/wordpress\/plugins\/seo\/ -->\n<title>Die Konjunktur nimmt Fahrt auf - Herdentrieb<\/title>\n<meta name=\"robots\" content=\"index, follow, max-snippet:-1, max-image-preview:large, max-video-preview:-1\" \/>\n<link rel=\"canonical\" href=\"https:\/\/blog.zeit.de\/herdentrieb\/2015\/02\/26\/die-konjunktur-nimmt-fahrt-auf_8201\" \/>\n<meta property=\"og:locale\" content=\"de_DE\" \/>\n<meta property=\"og:type\" content=\"article\" \/>\n<meta property=\"og:title\" content=\"Die Konjunktur nimmt Fahrt auf - Herdentrieb\" \/>\n<meta property=\"og:description\" content=\"Wenn alle Signale auf Gr\u00fcn stehen, bewegt sich auch die deutsche Konjunktur, von der das fast niemand mehr erwartet hatte. Gegen\u00fcber dem dritten Quartal war das reale BIP im vierten Quartal mit einer Verlaufsrate von etwas mehr als 2,8 Prozent gestiegen (also annualisiert oder hochgerechnet auf ein ganzes Jahr), sodass sich erstmals seit Langem die [&hellip;]\" \/>\n<meta property=\"og:url\" content=\"https:\/\/blog.zeit.de\/herdentrieb\/2015\/02\/26\/die-konjunktur-nimmt-fahrt-auf_8201\" \/>\n<meta property=\"og:site_name\" content=\"Herdentrieb\" \/>\n<meta property=\"article:published_time\" content=\"2015-02-26T09:57:07+00:00\" \/>\n<meta property=\"article:modified_time\" content=\"2015-02-27T09:10:13+00:00\" \/>\n<meta property=\"og:image\" content=\"https:\/\/blog.zeit.de\/herdentrieb\/files\/2015\/02\/ifo_Index_201502.gif\" \/>\n<meta name=\"author\" content=\"Dieter Wermuth\" \/>\n<meta name=\"twitter:card\" content=\"summary_large_image\" \/>\n<meta name=\"twitter:creator\" content=\"@zeitonline\" \/>\n<meta name=\"twitter:site\" content=\"@zeitonline\" \/>\n<meta name=\"twitter:label1\" content=\"Geschrieben von\" \/>\n\t<meta name=\"twitter:data1\" content=\"Dieter Wermuth\" \/>\n\t<meta name=\"twitter:label2\" content=\"Gesch\u00e4tzte Lesezeit\" \/>\n\t<meta name=\"twitter:data2\" content=\"4\u00a0Minuten\" \/>\n<script type=\"application\/ld+json\" class=\"yoast-schema-graph\">{\"@context\":\"https:\/\/schema.org\",\"@graph\":[{\"@type\":\"WebPage\",\"@id\":\"https:\/\/blog.zeit.de\/herdentrieb\/2015\/02\/26\/die-konjunktur-nimmt-fahrt-auf_8201\",\"url\":\"https:\/\/blog.zeit.de\/herdentrieb\/2015\/02\/26\/die-konjunktur-nimmt-fahrt-auf_8201\",\"name\":\"Die Konjunktur nimmt Fahrt auf - Herdentrieb\",\"isPartOf\":{\"@id\":\"https:\/\/blog.zeit.de\/herdentrieb\/#website\"},\"datePublished\":\"2015-02-26T09:57:07+00:00\",\"dateModified\":\"2015-02-27T09:10:13+00:00\",\"author\":{\"@id\":\"https:\/\/blog.zeit.de\/herdentrieb\/#\/schema\/person\/cded255e8a7893fa16565de10e59b891\"},\"breadcrumb\":{\"@id\":\"https:\/\/blog.zeit.de\/herdentrieb\/2015\/02\/26\/die-konjunktur-nimmt-fahrt-auf_8201#breadcrumb\"},\"inLanguage\":\"de\",\"potentialAction\":[{\"@type\":\"ReadAction\",\"target\":[\"https:\/\/blog.zeit.de\/herdentrieb\/2015\/02\/26\/die-konjunktur-nimmt-fahrt-auf_8201\"]}]},{\"@type\":\"BreadcrumbList\",\"@id\":\"https:\/\/blog.zeit.de\/herdentrieb\/2015\/02\/26\/die-konjunktur-nimmt-fahrt-auf_8201#breadcrumb\",\"itemListElement\":[{\"@type\":\"ListItem\",\"position\":1,\"name\":\"Startseite\",\"item\":\"https:\/\/blog.zeit.de\/herdentrieb\"},{\"@type\":\"ListItem\",\"position\":2,\"name\":\"Die Konjunktur nimmt Fahrt auf\"}]},{\"@type\":\"WebSite\",\"@id\":\"https:\/\/blog.zeit.de\/herdentrieb\/#website\",\"url\":\"https:\/\/blog.zeit.de\/herdentrieb\/\",\"name\":\"Herdentrieb\",\"description\":\"So funktioniert Kapitalismus. Ein Blog\",\"potentialAction\":[{\"@type\":\"SearchAction\",\"target\":{\"@type\":\"EntryPoint\",\"urlTemplate\":\"https:\/\/blog.zeit.de\/herdentrieb\/?s={search_term_string}\"},\"query-input\":\"required name=search_term_string\"}],\"inLanguage\":\"de\"},{\"@type\":\"Person\",\"@id\":\"https:\/\/blog.zeit.de\/herdentrieb\/#\/schema\/person\/cded255e8a7893fa16565de10e59b891\",\"name\":\"Dieter Wermuth\",\"image\":{\"@type\":\"ImageObject\",\"inLanguage\":\"de\",\"@id\":\"https:\/\/blog.zeit.de\/herdentrieb\/#\/schema\/person\/image\/\",\"url\":\"https:\/\/secure.gravatar.com\/avatar\/17b936dcdfff00d08ede21a6c8044f16e55bc8832ed4a15d30fdb3dcfd0adec3?s=96&d=mm&r=g\",\"contentUrl\":\"https:\/\/secure.gravatar.com\/avatar\/17b936dcdfff00d08ede21a6c8044f16e55bc8832ed4a15d30fdb3dcfd0adec3?s=96&d=mm&r=g\",\"caption\":\"Dieter Wermuth\"},\"url\":\"https:\/\/blog.zeit.de\/herdentrieb\/author\/dieter-wermuth\"}]}<\/script>\n<!-- \/ Yoast SEO plugin. -->","yoast_head_json":{"title":"Die Konjunktur nimmt Fahrt auf - Herdentrieb","robots":{"index":"index","follow":"follow","max-snippet":"max-snippet:-1","max-image-preview":"max-image-preview:large","max-video-preview":"max-video-preview:-1"},"canonical":"https:\/\/blog.zeit.de\/herdentrieb\/2015\/02\/26\/die-konjunktur-nimmt-fahrt-auf_8201","og_locale":"de_DE","og_type":"article","og_title":"Die Konjunktur nimmt Fahrt auf - Herdentrieb","og_description":"Wenn alle Signale auf Gr\u00fcn stehen, bewegt sich auch die deutsche Konjunktur, von der das fast niemand mehr erwartet hatte. Gegen\u00fcber dem dritten Quartal war das reale BIP im vierten Quartal mit einer Verlaufsrate von etwas mehr als 2,8 Prozent gestiegen (also annualisiert oder hochgerechnet auf ein ganzes Jahr), sodass sich erstmals seit Langem die [&hellip;]","og_url":"https:\/\/blog.zeit.de\/herdentrieb\/2015\/02\/26\/die-konjunktur-nimmt-fahrt-auf_8201","og_site_name":"Herdentrieb","article_published_time":"2015-02-26T09:57:07+00:00","article_modified_time":"2015-02-27T09:10:13+00:00","og_image":[{"url":"https:\/\/blog.zeit.de\/herdentrieb\/files\/2015\/02\/ifo_Index_201502.gif"}],"author":"Dieter Wermuth","twitter_card":"summary_large_image","twitter_creator":"@zeitonline","twitter_site":"@zeitonline","twitter_misc":{"Geschrieben von":"Dieter Wermuth","Gesch\u00e4tzte Lesezeit":"4\u00a0Minuten"},"schema":{"@context":"https:\/\/schema.org","@graph":[{"@type":"WebPage","@id":"https:\/\/blog.zeit.de\/herdentrieb\/2015\/02\/26\/die-konjunktur-nimmt-fahrt-auf_8201","url":"https:\/\/blog.zeit.de\/herdentrieb\/2015\/02\/26\/die-konjunktur-nimmt-fahrt-auf_8201","name":"Die Konjunktur nimmt Fahrt auf - Herdentrieb","isPartOf":{"@id":"https:\/\/blog.zeit.de\/herdentrieb\/#website"},"datePublished":"2015-02-26T09:57:07+00:00","dateModified":"2015-02-27T09:10:13+00:00","author":{"@id":"https:\/\/blog.zeit.de\/herdentrieb\/#\/schema\/person\/cded255e8a7893fa16565de10e59b891"},"breadcrumb":{"@id":"https:\/\/blog.zeit.de\/herdentrieb\/2015\/02\/26\/die-konjunktur-nimmt-fahrt-auf_8201#breadcrumb"},"inLanguage":"de","potentialAction":[{"@type":"ReadAction","target":["https:\/\/blog.zeit.de\/herdentrieb\/2015\/02\/26\/die-konjunktur-nimmt-fahrt-auf_8201"]}]},{"@type":"BreadcrumbList","@id":"https:\/\/blog.zeit.de\/herdentrieb\/2015\/02\/26\/die-konjunktur-nimmt-fahrt-auf_8201#breadcrumb","itemListElement":[{"@type":"ListItem","position":1,"name":"Startseite","item":"https:\/\/blog.zeit.de\/herdentrieb"},{"@type":"ListItem","position":2,"name":"Die Konjunktur nimmt Fahrt auf"}]},{"@type":"WebSite","@id":"https:\/\/blog.zeit.de\/herdentrieb\/#website","url":"https:\/\/blog.zeit.de\/herdentrieb\/","name":"Herdentrieb","description":"So funktioniert Kapitalismus. Ein Blog","potentialAction":[{"@type":"SearchAction","target":{"@type":"EntryPoint","urlTemplate":"https:\/\/blog.zeit.de\/herdentrieb\/?s={search_term_string}"},"query-input":"required name=search_term_string"}],"inLanguage":"de"},{"@type":"Person","@id":"https:\/\/blog.zeit.de\/herdentrieb\/#\/schema\/person\/cded255e8a7893fa16565de10e59b891","name":"Dieter Wermuth","image":{"@type":"ImageObject","inLanguage":"de","@id":"https:\/\/blog.zeit.de\/herdentrieb\/#\/schema\/person\/image\/","url":"https:\/\/secure.gravatar.com\/avatar\/17b936dcdfff00d08ede21a6c8044f16e55bc8832ed4a15d30fdb3dcfd0adec3?s=96&d=mm&r=g","contentUrl":"https:\/\/secure.gravatar.com\/avatar\/17b936dcdfff00d08ede21a6c8044f16e55bc8832ed4a15d30fdb3dcfd0adec3?s=96&d=mm&r=g","caption":"Dieter Wermuth"},"url":"https:\/\/blog.zeit.de\/herdentrieb\/author\/dieter-wermuth"}]}},"jetpack_featured_media_url":"","jetpack_sharing_enabled":true,"_links":{"self":[{"href":"https:\/\/blog.zeit.de\/herdentrieb\/wp-json\/wp\/v2\/posts\/8201","targetHints":{"allow":["GET"]}}],"collection":[{"href":"https:\/\/blog.zeit.de\/herdentrieb\/wp-json\/wp\/v2\/posts"}],"about":[{"href":"https:\/\/blog.zeit.de\/herdentrieb\/wp-json\/wp\/v2\/types\/post"}],"author":[{"embeddable":true,"href":"https:\/\/blog.zeit.de\/herdentrieb\/wp-json\/wp\/v2\/users\/61"}],"replies":[{"embeddable":true,"href":"https:\/\/blog.zeit.de\/herdentrieb\/wp-json\/wp\/v2\/comments?post=8201"}],"version-history":[{"count":9,"href":"https:\/\/blog.zeit.de\/herdentrieb\/wp-json\/wp\/v2\/posts\/8201\/revisions"}],"predecessor-version":[{"id":8215,"href":"https:\/\/blog.zeit.de\/herdentrieb\/wp-json\/wp\/v2\/posts\/8201\/revisions\/8215"}],"wp:attachment":[{"href":"https:\/\/blog.zeit.de\/herdentrieb\/wp-json\/wp\/v2\/media?parent=8201"}],"wp:term":[{"taxonomy":"category","embeddable":true,"href":"https:\/\/blog.zeit.de\/herdentrieb\/wp-json\/wp\/v2\/categories?post=8201"},{"taxonomy":"post_tag","embeddable":true,"href":"https:\/\/blog.zeit.de\/herdentrieb\/wp-json\/wp\/v2\/tags?post=8201"}],"curies":[{"name":"wp","href":"https:\/\/api.w.org\/{rel}","templated":true}]}}