{"id":8324,"date":"2015-04-27T23:54:39","date_gmt":"2015-04-27T21:54:39","guid":{"rendered":"http:\/\/blog.zeit.de\/herdentrieb\/?p=8324"},"modified":"2015-04-28T10:10:34","modified_gmt":"2015-04-28T08:10:34","slug":"auf-wiedersehen-yanis","status":"publish","type":"post","link":"https:\/\/blog.zeit.de\/herdentrieb\/2015\/04\/27\/auf-wiedersehen-yanis_8324","title":{"rendered":"Auf Wiedersehen, Yanis"},"content":{"rendered":"<p>Ich kann mir vorstellen, dass im Bundesfinanzministerium die Sektkorken geknallt haben: Die <a href=\"http:\/\/www.sueddeutsche.de\/wirtschaft\/griechenland-tsipras-duepiert-varoufakis-1.2454591\" target=\"_blank\">Entmachtung<\/a> von Yanis Varoufakis ist ein Sieg f\u00fcr die Gl\u00e4ubiger, die ihn schon lange aus dem Weg r\u00e4umen wollten. Varoufakis bleibt zwar griechischer Finanzminister, doch in den Verhandlungen mit den Europ\u00e4ern <a href=\"http:\/\/www.zeit.de\/wirtschaft\/2015-04\/griechenland-euro-gruppe-alexis-tsipras-verhandlungen-mit-geldgebern\" target=\"_blank\">werden nun andere den Ton angeben<\/a>.<br \/>\n<!--more--><br \/>\nIch selbst habe Varoufakis seit seinem Amtsantritt mit viel Sympathie begleitet: Wir haben ihn <a href=\"http:\/\/www.zeit.de\/wirtschaft\/2015-02\/yanis-varoufakis-griechenland-finanzminister-inhalt-interview\" target=\"_blank\">f\u00fcr die <em>ZEIT und ZEIT ONLINE<\/em> interviewt<\/a>, ich habe versucht dagegenzuhalten, wenn das \u00fcbliche Griechen-Bashing in den deutschen Medien betrieben wurde.<\/p>\n<p>Dennoch muss ich sagen: Es ist eine gute Entscheidung, die Premier Tsipras da getroffen hat. Nicht weil Varoufakis falsch l\u00e4ge: Er hat in vielen Punkten die \u00f6konomische Logik auf seiner Seite. Aber der Verhandlungsraum ist kein Vortragssaal.\u00a0Ich bin mir sicher, dass auch Wolfgang Sch\u00e4uble und Angela Merkel insgeheim wissen, dass die Gedankenwelt der schw\u00e4bischen Hausfrau nicht auf einen Kontinent \u00fcbertragen werden kann.\u00a0Aber sie wissen eben auch, dass man damit in Deutschland beim W\u00e4hler keinen Blumentopf gewinnen kann.<\/p>\n<p>Varoufakis hat nicht verstanden, dass er in der Eurogruppe niemanden inhaltlich \u00fcberzeugen muss. Die Argumente sind seit Jahren ausgetauscht und auf allen Seite bekannt. Sein Job als Finanzminister ist es, Allianzen zu schmieden und Spielr\u00e4ume auszuloten.<\/p>\n<p>Die h\u00e4tte er bekommen, wenn er weniger konfrontativ aufgetreten w\u00e4re.\u00a0Denn Merkel und Sch\u00e4uble haben kein Interesse an einem griechischen Austritt. Sie glauben, dass die Deutschen von ihrer Regierung erwarten, dass Griechenland auf Kurs gebracht wird. Deshalb k\u00f6nnen sie nicht \u00f6ffentlich auf die Griechen zugehen. Aber wenn die Vertr\u00e4ge erst einmal unterschrieben sind und niemand mehr genau hinsieht, ist vieles m\u00f6glich.<\/p>\n<p>Varoufakis wollte sich auf solche Spielchen nicht einlassen. Aber wer das nicht will, hat in der Politik nichts verloren.<\/p>\n","protected":false},"excerpt":{"rendered":"<p>Ich kann mir vorstellen, dass im Bundesfinanzministerium die Sektkorken geknallt haben: Die Entmachtung von Yanis Varoufakis ist ein Sieg f\u00fcr die Gl\u00e4ubiger, die ihn schon lange aus dem Weg r\u00e4umen wollten. Varoufakis bleibt zwar griechischer Finanzminister, doch in den Verhandlungen mit den Europ\u00e4ern werden nun andere den Ton angeben.<\/p>\n","protected":false},"author":215,"featured_media":0,"comment_status":"open","ping_status":"closed","sticky":false,"template":"","format":"standard","meta":{"_jetpack_memberships_contains_paid_content":false,"footnotes":""},"categories":[3],"tags":[],"class_list":["post-8324","post","type-post","status-publish","format-standard","hentry","category-der-aktuelle-rand"],"yoast_head":"<!-- This site is optimized with the Yoast SEO plugin v21.0 - https:\/\/yoast.com\/wordpress\/plugins\/seo\/ -->\n<title>Auf Wiedersehen, Yanis - Herdentrieb<\/title>\n<meta name=\"description\" content=\"Ministerpr\u00e4sident Tsipras zieht seinen Finanzminister Yanis Varoufakis zur\u00fcck.\" \/>\n<meta name=\"robots\" content=\"index, follow, max-snippet:-1, max-image-preview:large, max-video-preview:-1\" \/>\n<link rel=\"canonical\" href=\"https:\/\/blog.zeit.de\/herdentrieb\/2015\/04\/27\/auf-wiedersehen-yanis_8324\" \/>\n<meta property=\"og:locale\" content=\"de_DE\" \/>\n<meta property=\"og:type\" content=\"article\" \/>\n<meta property=\"og:title\" content=\"Auf Wiedersehen, Yanis - Herdentrieb\" \/>\n<meta property=\"og:description\" content=\"Ministerpr\u00e4sident Tsipras zieht seinen Finanzminister Yanis Varoufakis zur\u00fcck.\" \/>\n<meta property=\"og:url\" content=\"https:\/\/blog.zeit.de\/herdentrieb\/2015\/04\/27\/auf-wiedersehen-yanis_8324\" \/>\n<meta property=\"og:site_name\" content=\"Herdentrieb\" \/>\n<meta property=\"article:published_time\" content=\"2015-04-27T21:54:39+00:00\" \/>\n<meta property=\"article:modified_time\" content=\"2015-04-28T08:10:34+00:00\" \/>\n<meta name=\"author\" content=\"Mark Schieritz\" \/>\n<meta name=\"twitter:card\" content=\"summary_large_image\" \/>\n<meta name=\"twitter:creator\" content=\"@zeitonline\" \/>\n<meta name=\"twitter:site\" content=\"@zeitonline\" \/>\n<meta name=\"twitter:label1\" content=\"Geschrieben von\" \/>\n\t<meta name=\"twitter:data1\" content=\"Mark Schieritz\" \/>\n\t<meta name=\"twitter:label2\" content=\"Gesch\u00e4tzte Lesezeit\" \/>\n\t<meta name=\"twitter:data2\" content=\"1\u00a0Minute\" \/>\n<script type=\"application\/ld+json\" class=\"yoast-schema-graph\">{\"@context\":\"https:\/\/schema.org\",\"@graph\":[{\"@type\":\"WebPage\",\"@id\":\"https:\/\/blog.zeit.de\/herdentrieb\/2015\/04\/27\/auf-wiedersehen-yanis_8324\",\"url\":\"https:\/\/blog.zeit.de\/herdentrieb\/2015\/04\/27\/auf-wiedersehen-yanis_8324\",\"name\":\"Auf Wiedersehen, Yanis - Herdentrieb\",\"isPartOf\":{\"@id\":\"https:\/\/blog.zeit.de\/herdentrieb\/#website\"},\"datePublished\":\"2015-04-27T21:54:39+00:00\",\"dateModified\":\"2015-04-28T08:10:34+00:00\",\"author\":{\"@id\":\"https:\/\/blog.zeit.de\/herdentrieb\/#\/schema\/person\/a2dfa95bbd4de7e06edc88db4e3d3871\"},\"description\":\"Ministerpr\u00e4sident Tsipras zieht seinen Finanzminister Yanis Varoufakis zur\u00fcck.\",\"breadcrumb\":{\"@id\":\"https:\/\/blog.zeit.de\/herdentrieb\/2015\/04\/27\/auf-wiedersehen-yanis_8324#breadcrumb\"},\"inLanguage\":\"de\",\"potentialAction\":[{\"@type\":\"ReadAction\",\"target\":[\"https:\/\/blog.zeit.de\/herdentrieb\/2015\/04\/27\/auf-wiedersehen-yanis_8324\"]}]},{\"@type\":\"BreadcrumbList\",\"@id\":\"https:\/\/blog.zeit.de\/herdentrieb\/2015\/04\/27\/auf-wiedersehen-yanis_8324#breadcrumb\",\"itemListElement\":[{\"@type\":\"ListItem\",\"position\":1,\"name\":\"Startseite\",\"item\":\"https:\/\/blog.zeit.de\/herdentrieb\"},{\"@type\":\"ListItem\",\"position\":2,\"name\":\"Auf Wiedersehen, Yanis\"}]},{\"@type\":\"WebSite\",\"@id\":\"https:\/\/blog.zeit.de\/herdentrieb\/#website\",\"url\":\"https:\/\/blog.zeit.de\/herdentrieb\/\",\"name\":\"Herdentrieb\",\"description\":\"So funktioniert Kapitalismus. Ein Blog\",\"potentialAction\":[{\"@type\":\"SearchAction\",\"target\":{\"@type\":\"EntryPoint\",\"urlTemplate\":\"https:\/\/blog.zeit.de\/herdentrieb\/?s={search_term_string}\"},\"query-input\":\"required name=search_term_string\"}],\"inLanguage\":\"de\"},{\"@type\":\"Person\",\"@id\":\"https:\/\/blog.zeit.de\/herdentrieb\/#\/schema\/person\/a2dfa95bbd4de7e06edc88db4e3d3871\",\"name\":\"Mark Schieritz\",\"image\":{\"@type\":\"ImageObject\",\"inLanguage\":\"de\",\"@id\":\"https:\/\/blog.zeit.de\/herdentrieb\/#\/schema\/person\/image\/\",\"url\":\"https:\/\/secure.gravatar.com\/avatar\/66e072b8ecaf6d851921c0577ca78c8c9a24223a3c3cb6df48c5d839d1b622e0?s=96&d=mm&r=g\",\"contentUrl\":\"https:\/\/secure.gravatar.com\/avatar\/66e072b8ecaf6d851921c0577ca78c8c9a24223a3c3cb6df48c5d839d1b622e0?s=96&d=mm&r=g\",\"caption\":\"Mark Schieritz\"},\"url\":\"https:\/\/blog.zeit.de\/herdentrieb\/author\/mark-schieritz\"}]}<\/script>\n<!-- \/ Yoast SEO plugin. -->","yoast_head_json":{"title":"Auf Wiedersehen, Yanis - Herdentrieb","description":"Ministerpr\u00e4sident Tsipras zieht seinen Finanzminister Yanis Varoufakis zur\u00fcck.","robots":{"index":"index","follow":"follow","max-snippet":"max-snippet:-1","max-image-preview":"max-image-preview:large","max-video-preview":"max-video-preview:-1"},"canonical":"https:\/\/blog.zeit.de\/herdentrieb\/2015\/04\/27\/auf-wiedersehen-yanis_8324","og_locale":"de_DE","og_type":"article","og_title":"Auf Wiedersehen, Yanis - Herdentrieb","og_description":"Ministerpr\u00e4sident Tsipras zieht seinen Finanzminister Yanis Varoufakis zur\u00fcck.","og_url":"https:\/\/blog.zeit.de\/herdentrieb\/2015\/04\/27\/auf-wiedersehen-yanis_8324","og_site_name":"Herdentrieb","article_published_time":"2015-04-27T21:54:39+00:00","article_modified_time":"2015-04-28T08:10:34+00:00","author":"Mark Schieritz","twitter_card":"summary_large_image","twitter_creator":"@zeitonline","twitter_site":"@zeitonline","twitter_misc":{"Geschrieben von":"Mark Schieritz","Gesch\u00e4tzte Lesezeit":"1\u00a0Minute"},"schema":{"@context":"https:\/\/schema.org","@graph":[{"@type":"WebPage","@id":"https:\/\/blog.zeit.de\/herdentrieb\/2015\/04\/27\/auf-wiedersehen-yanis_8324","url":"https:\/\/blog.zeit.de\/herdentrieb\/2015\/04\/27\/auf-wiedersehen-yanis_8324","name":"Auf Wiedersehen, Yanis - Herdentrieb","isPartOf":{"@id":"https:\/\/blog.zeit.de\/herdentrieb\/#website"},"datePublished":"2015-04-27T21:54:39+00:00","dateModified":"2015-04-28T08:10:34+00:00","author":{"@id":"https:\/\/blog.zeit.de\/herdentrieb\/#\/schema\/person\/a2dfa95bbd4de7e06edc88db4e3d3871"},"description":"Ministerpr\u00e4sident Tsipras zieht seinen Finanzminister Yanis Varoufakis zur\u00fcck.","breadcrumb":{"@id":"https:\/\/blog.zeit.de\/herdentrieb\/2015\/04\/27\/auf-wiedersehen-yanis_8324#breadcrumb"},"inLanguage":"de","potentialAction":[{"@type":"ReadAction","target":["https:\/\/blog.zeit.de\/herdentrieb\/2015\/04\/27\/auf-wiedersehen-yanis_8324"]}]},{"@type":"BreadcrumbList","@id":"https:\/\/blog.zeit.de\/herdentrieb\/2015\/04\/27\/auf-wiedersehen-yanis_8324#breadcrumb","itemListElement":[{"@type":"ListItem","position":1,"name":"Startseite","item":"https:\/\/blog.zeit.de\/herdentrieb"},{"@type":"ListItem","position":2,"name":"Auf Wiedersehen, Yanis"}]},{"@type":"WebSite","@id":"https:\/\/blog.zeit.de\/herdentrieb\/#website","url":"https:\/\/blog.zeit.de\/herdentrieb\/","name":"Herdentrieb","description":"So funktioniert Kapitalismus. Ein Blog","potentialAction":[{"@type":"SearchAction","target":{"@type":"EntryPoint","urlTemplate":"https:\/\/blog.zeit.de\/herdentrieb\/?s={search_term_string}"},"query-input":"required name=search_term_string"}],"inLanguage":"de"},{"@type":"Person","@id":"https:\/\/blog.zeit.de\/herdentrieb\/#\/schema\/person\/a2dfa95bbd4de7e06edc88db4e3d3871","name":"Mark Schieritz","image":{"@type":"ImageObject","inLanguage":"de","@id":"https:\/\/blog.zeit.de\/herdentrieb\/#\/schema\/person\/image\/","url":"https:\/\/secure.gravatar.com\/avatar\/66e072b8ecaf6d851921c0577ca78c8c9a24223a3c3cb6df48c5d839d1b622e0?s=96&d=mm&r=g","contentUrl":"https:\/\/secure.gravatar.com\/avatar\/66e072b8ecaf6d851921c0577ca78c8c9a24223a3c3cb6df48c5d839d1b622e0?s=96&d=mm&r=g","caption":"Mark Schieritz"},"url":"https:\/\/blog.zeit.de\/herdentrieb\/author\/mark-schieritz"}]}},"jetpack_featured_media_url":"","jetpack_sharing_enabled":true,"_links":{"self":[{"href":"https:\/\/blog.zeit.de\/herdentrieb\/wp-json\/wp\/v2\/posts\/8324","targetHints":{"allow":["GET"]}}],"collection":[{"href":"https:\/\/blog.zeit.de\/herdentrieb\/wp-json\/wp\/v2\/posts"}],"about":[{"href":"https:\/\/blog.zeit.de\/herdentrieb\/wp-json\/wp\/v2\/types\/post"}],"author":[{"embeddable":true,"href":"https:\/\/blog.zeit.de\/herdentrieb\/wp-json\/wp\/v2\/users\/215"}],"replies":[{"embeddable":true,"href":"https:\/\/blog.zeit.de\/herdentrieb\/wp-json\/wp\/v2\/comments?post=8324"}],"version-history":[{"count":12,"href":"https:\/\/blog.zeit.de\/herdentrieb\/wp-json\/wp\/v2\/posts\/8324\/revisions"}],"predecessor-version":[{"id":8340,"href":"https:\/\/blog.zeit.de\/herdentrieb\/wp-json\/wp\/v2\/posts\/8324\/revisions\/8340"}],"wp:attachment":[{"href":"https:\/\/blog.zeit.de\/herdentrieb\/wp-json\/wp\/v2\/media?parent=8324"}],"wp:term":[{"taxonomy":"category","embeddable":true,"href":"https:\/\/blog.zeit.de\/herdentrieb\/wp-json\/wp\/v2\/categories?post=8324"},{"taxonomy":"post_tag","embeddable":true,"href":"https:\/\/blog.zeit.de\/herdentrieb\/wp-json\/wp\/v2\/tags?post=8324"}],"curies":[{"name":"wp","href":"https:\/\/api.w.org\/{rel}","templated":true}]}}