{"id":8383,"date":"2015-05-13T10:57:07","date_gmt":"2015-05-13T08:57:07","guid":{"rendered":"http:\/\/blog.zeit.de\/herdentrieb\/?p=8383"},"modified":"2015-05-13T14:42:53","modified_gmt":"2015-05-13T12:42:53","slug":"iwf-zerschiesst-gabriels-autobahngesellschaft","status":"publish","type":"post","link":"https:\/\/blog.zeit.de\/herdentrieb\/2015\/05\/13\/iwf-zerschiesst-gabriels-autobahngesellschaft_8383","title":{"rendered":"IWF zerschiesst Gabriels Autobahngesellschaft"},"content":{"rendered":"<p>Wir erinnern uns: Eines der wichtigsten Ergebnisse der <a href=\"http:\/\/www.bmwi.de\/DE\/Mediathek\/publikationen,did=702188.html\" target=\"_blank\">Expertenkommission<\/a> zur Ankurbelung der Investitionen in Deutschland war der Vorschlag, die Autobahnen in eine eigene Gesellschaft auszulagern, die sich aus Einnahmen einer allgemeinen Maut finanziert und auch Schulden aufnehmen kann. Die Expertenkommission empfahl, diese Gesellschaft nicht dem Staatssektor zuzuordnen beziehungsweise mit einer Staatsgarantie auszustatten. Offizielle Begr\u00fcndung: Weil dann m\u00f6gliche Schulden des Vehikels auf die Schuldenbremse angerechnet werden. Den Vertretern der Finanzindustrie in dem Gremium ging es aber vor allem darum, dass die Anleihen der Gesellschaft m\u00f6glichst hohe Renditen abwerfen \u2013 und das w\u00e4re bei einer Staatsgarantie nicht der Fall, weil dann die Rendite in etwa auf dem Niveau von Bundesanleihen l\u00e4ge.<br \/>\n<!--more--><br \/>\nDer IWF hat sich in seinem <a href=\"http:\/\/www.imf.org\/external\/np\/ms\/2015\/051115.htm\" target=\"_blank\">neuesten Deutschlandbericht<\/a> mit dieser Idee auseinandergesetzt. Die \u00d6konomen des Fonds bem\u00e4ngeln, dass in Deutschland immer noch zu wenig investiert wird, und stehen deshalb den Ideen der Kommission prinzipiell aufgeschlossen gegen\u00fcber. Aber:<\/p>\n<p style=\"padding-left: 30px;\"><em>For instance, sector-specific infrastructure companies, as proposed by the Expert Commission on \u201cIncreasing Investment in Germany,\u201d would be helpful, as long as the associated fiscal risks are appropriately managed,<strong> eith<\/strong><strong>e<\/strong><strong>r by a transfer of projekt risks<\/strong><\/em> to the private sector or by <strong>including the company in the general government perimeter<\/strong>.<\/p>\n<p>Die Autobahngesellschaft w\u00e4re also nach Einsch\u00e4tzung des IWF sinnvoll, wenn die Projektrisiken auf den Privatsektor \u00fcbergehen. Das ist aber explizit nicht geplant, weil die Gesellschaft mehrheitlich oder vollst\u00e4ndigen von der \u00f6ffentlichen Hand kontrolliert werden soll und die Beteiligung des Privatsektors vor allem \u00fcber Fremdkapital erfolgt. Dann bleibt nur noch die zweite M\u00f6glichkeit, die Ansiedlung im Staatssektor, aber das will die Kommission eben auch nicht (wobei der IWF hier nicht explizit \u00fcber die Rendite argumentiert, sondern offenbar einen Schattenhaushalt f\u00fcrchtet). So lese ich zumindest diese Passage, vielleicht \u00e4u\u00dfert sich der Fonds dazu noch ausf\u00fchrlicher.<\/p>\n<p>Die Auslagerung der Autobahnen in eine eigene Gesellschaft ist an und f\u00fcr sich keine schlechte Idee. Dadurch kann beispielsweise sichergestellt werden, dass Einnahmen aus dem Verkehr tats\u00e4chlich dem Verkehr zugute kommen.\u00a0Sigmar Gabriel sollte aber dringend die Warnung des IWF ernst nehmen und das Konzept dahin gehend abwandeln, dass die Gesellschaft eine Staatsgarantie bekommt \u2013 genau wie es in \u00d6sterreich der Fall ist.\u00a0Alles andere w\u00e4re eine Verschwendung von Steuergeld, weil die Extrarendite f\u00fcr die Finanzkonzerne aus dem Steueraufkommen oder den Mautgeb\u00fchren\u00a0bezahlt werden m\u00fcsste.<\/p>\n<p>&nbsp;<\/p>\n","protected":false},"excerpt":{"rendered":"<p>Wir erinnern uns: Eines der wichtigsten Ergebnisse der Expertenkommission zur Ankurbelung der Investitionen in Deutschland war der Vorschlag, die Autobahnen in eine eigene Gesellschaft auszulagern, die sich aus Einnahmen einer allgemeinen Maut finanziert und auch Schulden aufnehmen kann. Die Expertenkommission empfahl, diese Gesellschaft nicht dem Staatssektor zuzuordnen beziehungsweise mit einer Staatsgarantie auszustatten. Offizielle Begr\u00fcndung: Weil [&hellip;]<\/p>\n","protected":false},"author":215,"featured_media":0,"comment_status":"open","ping_status":"closed","sticky":false,"template":"","format":"standard","meta":{"_jetpack_memberships_contains_paid_content":false,"footnotes":""},"categories":[3],"tags":[],"class_list":["post-8383","post","type-post","status-publish","format-standard","hentry","category-der-aktuelle-rand"],"yoast_head":"<!-- This site is optimized with the Yoast SEO plugin v21.0 - https:\/\/yoast.com\/wordpress\/plugins\/seo\/ -->\n<title>IWF zerschiesst Gabriels Autobahngesellschaft - Herdentrieb<\/title>\n<meta name=\"robots\" content=\"index, follow, max-snippet:-1, max-image-preview:large, max-video-preview:-1\" \/>\n<link rel=\"canonical\" href=\"https:\/\/blog.zeit.de\/herdentrieb\/2015\/05\/13\/iwf-zerschiesst-gabriels-autobahngesellschaft_8383\" \/>\n<meta property=\"og:locale\" content=\"de_DE\" \/>\n<meta property=\"og:type\" content=\"article\" \/>\n<meta property=\"og:title\" content=\"IWF zerschiesst Gabriels Autobahngesellschaft - Herdentrieb\" \/>\n<meta property=\"og:description\" content=\"Wir erinnern uns: Eines der wichtigsten Ergebnisse der Expertenkommission zur Ankurbelung der Investitionen in Deutschland war der Vorschlag, die Autobahnen in eine eigene Gesellschaft auszulagern, die sich aus Einnahmen einer allgemeinen Maut finanziert und auch Schulden aufnehmen kann. Die Expertenkommission empfahl, diese Gesellschaft nicht dem Staatssektor zuzuordnen beziehungsweise mit einer Staatsgarantie auszustatten. Offizielle Begr\u00fcndung: Weil [&hellip;]\" \/>\n<meta property=\"og:url\" content=\"https:\/\/blog.zeit.de\/herdentrieb\/2015\/05\/13\/iwf-zerschiesst-gabriels-autobahngesellschaft_8383\" \/>\n<meta property=\"og:site_name\" content=\"Herdentrieb\" \/>\n<meta property=\"article:published_time\" content=\"2015-05-13T08:57:07+00:00\" \/>\n<meta property=\"article:modified_time\" content=\"2015-05-13T12:42:53+00:00\" \/>\n<meta name=\"author\" content=\"Mark Schieritz\" \/>\n<meta name=\"twitter:card\" content=\"summary_large_image\" \/>\n<meta name=\"twitter:creator\" content=\"@zeitonline\" \/>\n<meta name=\"twitter:site\" content=\"@zeitonline\" \/>\n<meta name=\"twitter:label1\" content=\"Geschrieben von\" \/>\n\t<meta name=\"twitter:data1\" content=\"Mark Schieritz\" \/>\n\t<meta name=\"twitter:label2\" content=\"Gesch\u00e4tzte Lesezeit\" \/>\n\t<meta name=\"twitter:data2\" content=\"2\u00a0Minuten\" \/>\n<script type=\"application\/ld+json\" class=\"yoast-schema-graph\">{\"@context\":\"https:\/\/schema.org\",\"@graph\":[{\"@type\":\"WebPage\",\"@id\":\"https:\/\/blog.zeit.de\/herdentrieb\/2015\/05\/13\/iwf-zerschiesst-gabriels-autobahngesellschaft_8383\",\"url\":\"https:\/\/blog.zeit.de\/herdentrieb\/2015\/05\/13\/iwf-zerschiesst-gabriels-autobahngesellschaft_8383\",\"name\":\"IWF zerschiesst Gabriels Autobahngesellschaft - Herdentrieb\",\"isPartOf\":{\"@id\":\"https:\/\/blog.zeit.de\/herdentrieb\/#website\"},\"datePublished\":\"2015-05-13T08:57:07+00:00\",\"dateModified\":\"2015-05-13T12:42:53+00:00\",\"author\":{\"@id\":\"https:\/\/blog.zeit.de\/herdentrieb\/#\/schema\/person\/a2dfa95bbd4de7e06edc88db4e3d3871\"},\"breadcrumb\":{\"@id\":\"https:\/\/blog.zeit.de\/herdentrieb\/2015\/05\/13\/iwf-zerschiesst-gabriels-autobahngesellschaft_8383#breadcrumb\"},\"inLanguage\":\"de\",\"potentialAction\":[{\"@type\":\"ReadAction\",\"target\":[\"https:\/\/blog.zeit.de\/herdentrieb\/2015\/05\/13\/iwf-zerschiesst-gabriels-autobahngesellschaft_8383\"]}]},{\"@type\":\"BreadcrumbList\",\"@id\":\"https:\/\/blog.zeit.de\/herdentrieb\/2015\/05\/13\/iwf-zerschiesst-gabriels-autobahngesellschaft_8383#breadcrumb\",\"itemListElement\":[{\"@type\":\"ListItem\",\"position\":1,\"name\":\"Startseite\",\"item\":\"https:\/\/blog.zeit.de\/herdentrieb\"},{\"@type\":\"ListItem\",\"position\":2,\"name\":\"IWF zerschiesst Gabriels Autobahngesellschaft\"}]},{\"@type\":\"WebSite\",\"@id\":\"https:\/\/blog.zeit.de\/herdentrieb\/#website\",\"url\":\"https:\/\/blog.zeit.de\/herdentrieb\/\",\"name\":\"Herdentrieb\",\"description\":\"So funktioniert Kapitalismus. Ein Blog\",\"potentialAction\":[{\"@type\":\"SearchAction\",\"target\":{\"@type\":\"EntryPoint\",\"urlTemplate\":\"https:\/\/blog.zeit.de\/herdentrieb\/?s={search_term_string}\"},\"query-input\":\"required name=search_term_string\"}],\"inLanguage\":\"de\"},{\"@type\":\"Person\",\"@id\":\"https:\/\/blog.zeit.de\/herdentrieb\/#\/schema\/person\/a2dfa95bbd4de7e06edc88db4e3d3871\",\"name\":\"Mark Schieritz\",\"image\":{\"@type\":\"ImageObject\",\"inLanguage\":\"de\",\"@id\":\"https:\/\/blog.zeit.de\/herdentrieb\/#\/schema\/person\/image\/\",\"url\":\"https:\/\/secure.gravatar.com\/avatar\/66e072b8ecaf6d851921c0577ca78c8c9a24223a3c3cb6df48c5d839d1b622e0?s=96&d=mm&r=g\",\"contentUrl\":\"https:\/\/secure.gravatar.com\/avatar\/66e072b8ecaf6d851921c0577ca78c8c9a24223a3c3cb6df48c5d839d1b622e0?s=96&d=mm&r=g\",\"caption\":\"Mark Schieritz\"},\"url\":\"https:\/\/blog.zeit.de\/herdentrieb\/author\/mark-schieritz\"}]}<\/script>\n<!-- \/ Yoast SEO plugin. -->","yoast_head_json":{"title":"IWF zerschiesst Gabriels Autobahngesellschaft - Herdentrieb","robots":{"index":"index","follow":"follow","max-snippet":"max-snippet:-1","max-image-preview":"max-image-preview:large","max-video-preview":"max-video-preview:-1"},"canonical":"https:\/\/blog.zeit.de\/herdentrieb\/2015\/05\/13\/iwf-zerschiesst-gabriels-autobahngesellschaft_8383","og_locale":"de_DE","og_type":"article","og_title":"IWF zerschiesst Gabriels Autobahngesellschaft - Herdentrieb","og_description":"Wir erinnern uns: Eines der wichtigsten Ergebnisse der Expertenkommission zur Ankurbelung der Investitionen in Deutschland war der Vorschlag, die Autobahnen in eine eigene Gesellschaft auszulagern, die sich aus Einnahmen einer allgemeinen Maut finanziert und auch Schulden aufnehmen kann. Die Expertenkommission empfahl, diese Gesellschaft nicht dem Staatssektor zuzuordnen beziehungsweise mit einer Staatsgarantie auszustatten. Offizielle Begr\u00fcndung: Weil [&hellip;]","og_url":"https:\/\/blog.zeit.de\/herdentrieb\/2015\/05\/13\/iwf-zerschiesst-gabriels-autobahngesellschaft_8383","og_site_name":"Herdentrieb","article_published_time":"2015-05-13T08:57:07+00:00","article_modified_time":"2015-05-13T12:42:53+00:00","author":"Mark Schieritz","twitter_card":"summary_large_image","twitter_creator":"@zeitonline","twitter_site":"@zeitonline","twitter_misc":{"Geschrieben von":"Mark Schieritz","Gesch\u00e4tzte Lesezeit":"2\u00a0Minuten"},"schema":{"@context":"https:\/\/schema.org","@graph":[{"@type":"WebPage","@id":"https:\/\/blog.zeit.de\/herdentrieb\/2015\/05\/13\/iwf-zerschiesst-gabriels-autobahngesellschaft_8383","url":"https:\/\/blog.zeit.de\/herdentrieb\/2015\/05\/13\/iwf-zerschiesst-gabriels-autobahngesellschaft_8383","name":"IWF zerschiesst Gabriels Autobahngesellschaft - Herdentrieb","isPartOf":{"@id":"https:\/\/blog.zeit.de\/herdentrieb\/#website"},"datePublished":"2015-05-13T08:57:07+00:00","dateModified":"2015-05-13T12:42:53+00:00","author":{"@id":"https:\/\/blog.zeit.de\/herdentrieb\/#\/schema\/person\/a2dfa95bbd4de7e06edc88db4e3d3871"},"breadcrumb":{"@id":"https:\/\/blog.zeit.de\/herdentrieb\/2015\/05\/13\/iwf-zerschiesst-gabriels-autobahngesellschaft_8383#breadcrumb"},"inLanguage":"de","potentialAction":[{"@type":"ReadAction","target":["https:\/\/blog.zeit.de\/herdentrieb\/2015\/05\/13\/iwf-zerschiesst-gabriels-autobahngesellschaft_8383"]}]},{"@type":"BreadcrumbList","@id":"https:\/\/blog.zeit.de\/herdentrieb\/2015\/05\/13\/iwf-zerschiesst-gabriels-autobahngesellschaft_8383#breadcrumb","itemListElement":[{"@type":"ListItem","position":1,"name":"Startseite","item":"https:\/\/blog.zeit.de\/herdentrieb"},{"@type":"ListItem","position":2,"name":"IWF zerschiesst Gabriels Autobahngesellschaft"}]},{"@type":"WebSite","@id":"https:\/\/blog.zeit.de\/herdentrieb\/#website","url":"https:\/\/blog.zeit.de\/herdentrieb\/","name":"Herdentrieb","description":"So funktioniert Kapitalismus. Ein Blog","potentialAction":[{"@type":"SearchAction","target":{"@type":"EntryPoint","urlTemplate":"https:\/\/blog.zeit.de\/herdentrieb\/?s={search_term_string}"},"query-input":"required name=search_term_string"}],"inLanguage":"de"},{"@type":"Person","@id":"https:\/\/blog.zeit.de\/herdentrieb\/#\/schema\/person\/a2dfa95bbd4de7e06edc88db4e3d3871","name":"Mark Schieritz","image":{"@type":"ImageObject","inLanguage":"de","@id":"https:\/\/blog.zeit.de\/herdentrieb\/#\/schema\/person\/image\/","url":"https:\/\/secure.gravatar.com\/avatar\/66e072b8ecaf6d851921c0577ca78c8c9a24223a3c3cb6df48c5d839d1b622e0?s=96&d=mm&r=g","contentUrl":"https:\/\/secure.gravatar.com\/avatar\/66e072b8ecaf6d851921c0577ca78c8c9a24223a3c3cb6df48c5d839d1b622e0?s=96&d=mm&r=g","caption":"Mark Schieritz"},"url":"https:\/\/blog.zeit.de\/herdentrieb\/author\/mark-schieritz"}]}},"jetpack_featured_media_url":"","jetpack_sharing_enabled":true,"_links":{"self":[{"href":"https:\/\/blog.zeit.de\/herdentrieb\/wp-json\/wp\/v2\/posts\/8383","targetHints":{"allow":["GET"]}}],"collection":[{"href":"https:\/\/blog.zeit.de\/herdentrieb\/wp-json\/wp\/v2\/posts"}],"about":[{"href":"https:\/\/blog.zeit.de\/herdentrieb\/wp-json\/wp\/v2\/types\/post"}],"author":[{"embeddable":true,"href":"https:\/\/blog.zeit.de\/herdentrieb\/wp-json\/wp\/v2\/users\/215"}],"replies":[{"embeddable":true,"href":"https:\/\/blog.zeit.de\/herdentrieb\/wp-json\/wp\/v2\/comments?post=8383"}],"version-history":[{"count":4,"href":"https:\/\/blog.zeit.de\/herdentrieb\/wp-json\/wp\/v2\/posts\/8383\/revisions"}],"predecessor-version":[{"id":8394,"href":"https:\/\/blog.zeit.de\/herdentrieb\/wp-json\/wp\/v2\/posts\/8383\/revisions\/8394"}],"wp:attachment":[{"href":"https:\/\/blog.zeit.de\/herdentrieb\/wp-json\/wp\/v2\/media?parent=8383"}],"wp:term":[{"taxonomy":"category","embeddable":true,"href":"https:\/\/blog.zeit.de\/herdentrieb\/wp-json\/wp\/v2\/categories?post=8383"},{"taxonomy":"post_tag","embeddable":true,"href":"https:\/\/blog.zeit.de\/herdentrieb\/wp-json\/wp\/v2\/tags?post=8383"}],"curies":[{"name":"wp","href":"https:\/\/api.w.org\/{rel}","templated":true}]}}