{"id":9008,"date":"2015-11-05T17:29:34","date_gmt":"2015-11-05T16:29:34","guid":{"rendered":"http:\/\/blog.zeit.de\/herdentrieb\/?p=9008"},"modified":"2015-11-05T18:48:00","modified_gmt":"2015-11-05T17:48:00","slug":"die-null-steht-vorerst","status":"publish","type":"post","link":"https:\/\/blog.zeit.de\/herdentrieb\/2015\/11\/05\/die-null-steht-vorerst_9008","title":{"rendered":"Die Null steht (vorerst)"},"content":{"rendered":"<p>Wer auf den gro\u00dfen Paukenschlag gesetzt hatte, der wurde entt\u00e4uscht. Eine Kehrtwende in der deutschen Haushaltspolitik findet nicht statt.<\/p>\n<p style=\"padding-left: 30px;\"><em>Mithilfe des \u00dcberschusses aus diesem Jahr k\u00f6nnen wir nach heutigem Stand auch 2016 ohne neue Schulden auskommen.<\/em><\/p>\n<p>So sagte es Bundesfinanzminister Wolfgang Sch\u00e4uble heute bei der Vorstellung der <a href=\"http:\/\/www.bundesfinanzministerium.de\/Content\/DE\/Pressemitteilungen\/Finanzpolitik\/2015\/11\/2015-11-05-pm-42.html\" target=\"_blank\">Steuersch\u00e4tzung<\/a>. Das klingt angesichts st\u00e4ndig steigender Fl\u00fcchtlingszahlen und der damit verbundenen Mehrausgaben erst einmal sehr knausrig \u2013 doch die Sache ist komplizierter. Das wiederum liegt daran, dass der deutsche Staat im Geld geradezu schwimmt.<!--more--><\/p>\n<p>Allein in diesem Jahr liegt der gesamtstaatliche Haushalts\u00fcberschuss bei knapp einem Prozent des Bruttoinlandsprodukts oder rund 23\u00a0Milliarden Euro. Im kommenden Jahr f\u00e4llt\u00a0\u2013 ohne die Kosten f\u00fcr die Fl\u00fcchtlingshilfe \u2013\u00a0ein Betrag in einer \u00e4hnlichen Gr\u00f6\u00dfenordnung an. Die Steuersch\u00e4tzer gehen davon aus, dass die Steuereinnahmen im kommenden Jahr 686,2 Milliarden Euro betragen. Das ist zwar weniger als noch im Mai prognostiziert, doch das liegt nur daran, dass Steuerentlastungen wie eine Anhebung des Grundfreibetrags in Kraft treten. Ohne diese Ma\u00dfnahmen w\u00e4ren die Steuereinnahmen sogar gestiegen.<\/p>\n<p>F\u00fcr die Bew\u00e4ltigung der Fl\u00fcchtlingskrise steht also in diesem und im n\u00e4chsten Jahr ein mittlerer zweistelliger Milliardenbetrag zur Verf\u00fcgung. Das ist sehr viel Geld. Zwar w\u00e4re es grundfalsch, bei den Fl\u00fcchtlingsausgaben zu sparen. Je schneller den Menschen geholfen wird, desto gr\u00f6\u00dfer ist die Chance, dass sie in den Arbeitsmarkt integriert werden k\u00f6nnen. Doch es d\u00fcrfte schwer werden, in einem derart begrenzten Zeitraum \u00fcberhaupt viel mehr auszugeben.<\/p>\n<p>Das Hauptrisiko f\u00fcr den Haushalt ist deshalb die Zahl der Neuank\u00f6mmlinge.\u00a0In Sch\u00e4ubles Kalkulationen ist unterstellt, dass im kommenden Jahr 800.000 Menschen in Deutschland um Asyl nachsuchen. Der Zuzug m\u00fcsste also begrenzt werden.\u00a0Ob das gelingt, ist unklar \u2013 und wenn nicht, dann sind die Prognosen nat\u00fcrlich Makulatur. Und Sch\u00e4uble hat auch deutlich gemacht, dass er in diesem Fall neue Schulden nicht ausschlie\u00dft.\u00a0Allerdings: Selbst dann gibt es m\u00f6glicherweise noch Spielraum.\u00a0Die f\u00fchrenden Wirtschaftsforschungsinstitute kalkulieren mit zus\u00e4tzlichen Ausgaben in H\u00f6he von 11 Milliarden Euro f\u00fcr den Gesamtstaat. Selbst wenn dieses Geld ausgegeben wird,\u00a0bleibt nach ihren Sch\u00e4tzungen ein Puffer von 13 Milliarden Euro \u00fcbrig. Die <a href=\"http:\/\/ec.europa.eu\/economy_finance\/eu\/forecasts\/2015_autumn\/statistical_en.pdf\" target=\"_blank\">EU-Kommission<\/a> sagt in ihrer heute ver\u00f6ffentlichten Prognose sogar f\u00fcr 2017 einen gesamtstaatlichen Etat\u00fcberschuss voraus.<\/p>\n<p>Das oberste Gesetz der \u00d6konomie besagt bekanntlich, dass nichts umsonst ist. Es gilt auch hier. Wenn die Fl\u00fcchtlinge nicht gekommen w\u00e4ren, dann h\u00e4tte Sch\u00e4uble die Mittel\u00a0anderweitig ausgeben k\u00f6nnen. Er h\u00e4tte mehr Stra\u00dfen bauen, die Steuern senken oder Schulden tilgen k\u00f6nnen. Insofern hat auch die Fl\u00fcchtlingskrise ihren Preis (zumindest kurzfristig, denn langfristig werden die Fl\u00fcchtlinge, wenn sie arbeiten gehen, einen Beitrag zur Finanzierung des Staates leisten). Aber klar ist auch: Von allen Problemen, die die Fl\u00fcchtlinge mit sich bringen, ist Geld das geringste.<\/p>\n","protected":false},"excerpt":{"rendered":"<p>Wer auf den gro\u00dfen Paukenschlag gesetzt hatte, der wurde entt\u00e4uscht. Eine Kehrtwende in der deutschen Haushaltspolitik findet nicht statt. Mithilfe des \u00dcberschusses aus diesem Jahr k\u00f6nnen wir nach heutigem Stand auch 2016 ohne neue Schulden auskommen. So sagte es Bundesfinanzminister Wolfgang Sch\u00e4uble heute bei der Vorstellung der Steuersch\u00e4tzung. Das klingt angesichts st\u00e4ndig steigender Fl\u00fcchtlingszahlen und [&hellip;]<\/p>\n","protected":false},"author":215,"featured_media":0,"comment_status":"open","ping_status":"closed","sticky":false,"template":"","format":"standard","meta":{"_jetpack_memberships_contains_paid_content":false,"footnotes":""},"categories":[3],"tags":[],"class_list":["post-9008","post","type-post","status-publish","format-standard","hentry","category-der-aktuelle-rand"],"yoast_head":"<!-- This site is optimized with the Yoast SEO plugin v21.0 - https:\/\/yoast.com\/wordpress\/plugins\/seo\/ -->\n<title>Haushalt: Die Null steht (vorerst)<\/title>\n<meta name=\"description\" content=\"Wer auf den gro\u00dfen Paukenschlag gesetzt hatte, der wurde entt\u00e4uscht. Eine Kehrtwende in der deutschen Haushaltspolitik findet nicht statt.\" \/>\n<meta name=\"robots\" content=\"index, follow, max-snippet:-1, max-image-preview:large, max-video-preview:-1\" \/>\n<link rel=\"canonical\" href=\"https:\/\/blog.zeit.de\/herdentrieb\/2015\/11\/05\/die-null-steht-vorerst_9008\" \/>\n<meta property=\"og:locale\" content=\"de_DE\" \/>\n<meta property=\"og:type\" content=\"article\" \/>\n<meta property=\"og:title\" content=\"Haushalt: Die Null steht (vorerst)\" \/>\n<meta property=\"og:description\" content=\"Wer auf den gro\u00dfen Paukenschlag gesetzt hatte, der wurde entt\u00e4uscht. Eine Kehrtwende in der deutschen Haushaltspolitik findet nicht statt.\" \/>\n<meta property=\"og:url\" content=\"https:\/\/blog.zeit.de\/herdentrieb\/2015\/11\/05\/die-null-steht-vorerst_9008\" \/>\n<meta property=\"og:site_name\" content=\"Herdentrieb\" \/>\n<meta property=\"article:published_time\" content=\"2015-11-05T16:29:34+00:00\" \/>\n<meta property=\"article:modified_time\" content=\"2015-11-05T17:48:00+00:00\" \/>\n<meta name=\"author\" content=\"Mark Schieritz\" \/>\n<meta name=\"twitter:card\" content=\"summary_large_image\" \/>\n<meta name=\"twitter:creator\" content=\"@zeitonline\" \/>\n<meta name=\"twitter:site\" content=\"@zeitonline\" \/>\n<meta name=\"twitter:label1\" content=\"Geschrieben von\" \/>\n\t<meta name=\"twitter:data1\" content=\"Mark Schieritz\" \/>\n\t<meta name=\"twitter:label2\" content=\"Gesch\u00e4tzte Lesezeit\" \/>\n\t<meta name=\"twitter:data2\" content=\"2\u00a0Minuten\" \/>\n<script type=\"application\/ld+json\" class=\"yoast-schema-graph\">{\"@context\":\"https:\/\/schema.org\",\"@graph\":[{\"@type\":\"WebPage\",\"@id\":\"https:\/\/blog.zeit.de\/herdentrieb\/2015\/11\/05\/die-null-steht-vorerst_9008\",\"url\":\"https:\/\/blog.zeit.de\/herdentrieb\/2015\/11\/05\/die-null-steht-vorerst_9008\",\"name\":\"Haushalt: Die Null steht (vorerst)\",\"isPartOf\":{\"@id\":\"https:\/\/blog.zeit.de\/herdentrieb\/#website\"},\"datePublished\":\"2015-11-05T16:29:34+00:00\",\"dateModified\":\"2015-11-05T17:48:00+00:00\",\"author\":{\"@id\":\"https:\/\/blog.zeit.de\/herdentrieb\/#\/schema\/person\/a2dfa95bbd4de7e06edc88db4e3d3871\"},\"description\":\"Wer auf den gro\u00dfen Paukenschlag gesetzt hatte, der wurde entt\u00e4uscht. Eine Kehrtwende in der deutschen Haushaltspolitik findet nicht statt.\",\"breadcrumb\":{\"@id\":\"https:\/\/blog.zeit.de\/herdentrieb\/2015\/11\/05\/die-null-steht-vorerst_9008#breadcrumb\"},\"inLanguage\":\"de\",\"potentialAction\":[{\"@type\":\"ReadAction\",\"target\":[\"https:\/\/blog.zeit.de\/herdentrieb\/2015\/11\/05\/die-null-steht-vorerst_9008\"]}]},{\"@type\":\"BreadcrumbList\",\"@id\":\"https:\/\/blog.zeit.de\/herdentrieb\/2015\/11\/05\/die-null-steht-vorerst_9008#breadcrumb\",\"itemListElement\":[{\"@type\":\"ListItem\",\"position\":1,\"name\":\"Startseite\",\"item\":\"https:\/\/blog.zeit.de\/herdentrieb\"},{\"@type\":\"ListItem\",\"position\":2,\"name\":\"Die Null steht (vorerst)\"}]},{\"@type\":\"WebSite\",\"@id\":\"https:\/\/blog.zeit.de\/herdentrieb\/#website\",\"url\":\"https:\/\/blog.zeit.de\/herdentrieb\/\",\"name\":\"Herdentrieb\",\"description\":\"So funktioniert Kapitalismus. Ein Blog\",\"potentialAction\":[{\"@type\":\"SearchAction\",\"target\":{\"@type\":\"EntryPoint\",\"urlTemplate\":\"https:\/\/blog.zeit.de\/herdentrieb\/?s={search_term_string}\"},\"query-input\":\"required name=search_term_string\"}],\"inLanguage\":\"de\"},{\"@type\":\"Person\",\"@id\":\"https:\/\/blog.zeit.de\/herdentrieb\/#\/schema\/person\/a2dfa95bbd4de7e06edc88db4e3d3871\",\"name\":\"Mark Schieritz\",\"image\":{\"@type\":\"ImageObject\",\"inLanguage\":\"de\",\"@id\":\"https:\/\/blog.zeit.de\/herdentrieb\/#\/schema\/person\/image\/\",\"url\":\"https:\/\/secure.gravatar.com\/avatar\/66e072b8ecaf6d851921c0577ca78c8c9a24223a3c3cb6df48c5d839d1b622e0?s=96&d=mm&r=g\",\"contentUrl\":\"https:\/\/secure.gravatar.com\/avatar\/66e072b8ecaf6d851921c0577ca78c8c9a24223a3c3cb6df48c5d839d1b622e0?s=96&d=mm&r=g\",\"caption\":\"Mark Schieritz\"},\"url\":\"https:\/\/blog.zeit.de\/herdentrieb\/author\/mark-schieritz\"}]}<\/script>\n<!-- \/ Yoast SEO plugin. -->","yoast_head_json":{"title":"Haushalt: Die Null steht (vorerst)","description":"Wer auf den gro\u00dfen Paukenschlag gesetzt hatte, der wurde entt\u00e4uscht. Eine Kehrtwende in der deutschen Haushaltspolitik findet nicht statt.","robots":{"index":"index","follow":"follow","max-snippet":"max-snippet:-1","max-image-preview":"max-image-preview:large","max-video-preview":"max-video-preview:-1"},"canonical":"https:\/\/blog.zeit.de\/herdentrieb\/2015\/11\/05\/die-null-steht-vorerst_9008","og_locale":"de_DE","og_type":"article","og_title":"Haushalt: Die Null steht (vorerst)","og_description":"Wer auf den gro\u00dfen Paukenschlag gesetzt hatte, der wurde entt\u00e4uscht. Eine Kehrtwende in der deutschen Haushaltspolitik findet nicht statt.","og_url":"https:\/\/blog.zeit.de\/herdentrieb\/2015\/11\/05\/die-null-steht-vorerst_9008","og_site_name":"Herdentrieb","article_published_time":"2015-11-05T16:29:34+00:00","article_modified_time":"2015-11-05T17:48:00+00:00","author":"Mark Schieritz","twitter_card":"summary_large_image","twitter_creator":"@zeitonline","twitter_site":"@zeitonline","twitter_misc":{"Geschrieben von":"Mark Schieritz","Gesch\u00e4tzte Lesezeit":"2\u00a0Minuten"},"schema":{"@context":"https:\/\/schema.org","@graph":[{"@type":"WebPage","@id":"https:\/\/blog.zeit.de\/herdentrieb\/2015\/11\/05\/die-null-steht-vorerst_9008","url":"https:\/\/blog.zeit.de\/herdentrieb\/2015\/11\/05\/die-null-steht-vorerst_9008","name":"Haushalt: Die Null steht (vorerst)","isPartOf":{"@id":"https:\/\/blog.zeit.de\/herdentrieb\/#website"},"datePublished":"2015-11-05T16:29:34+00:00","dateModified":"2015-11-05T17:48:00+00:00","author":{"@id":"https:\/\/blog.zeit.de\/herdentrieb\/#\/schema\/person\/a2dfa95bbd4de7e06edc88db4e3d3871"},"description":"Wer auf den gro\u00dfen Paukenschlag gesetzt hatte, der wurde entt\u00e4uscht. Eine Kehrtwende in der deutschen Haushaltspolitik findet nicht statt.","breadcrumb":{"@id":"https:\/\/blog.zeit.de\/herdentrieb\/2015\/11\/05\/die-null-steht-vorerst_9008#breadcrumb"},"inLanguage":"de","potentialAction":[{"@type":"ReadAction","target":["https:\/\/blog.zeit.de\/herdentrieb\/2015\/11\/05\/die-null-steht-vorerst_9008"]}]},{"@type":"BreadcrumbList","@id":"https:\/\/blog.zeit.de\/herdentrieb\/2015\/11\/05\/die-null-steht-vorerst_9008#breadcrumb","itemListElement":[{"@type":"ListItem","position":1,"name":"Startseite","item":"https:\/\/blog.zeit.de\/herdentrieb"},{"@type":"ListItem","position":2,"name":"Die Null steht (vorerst)"}]},{"@type":"WebSite","@id":"https:\/\/blog.zeit.de\/herdentrieb\/#website","url":"https:\/\/blog.zeit.de\/herdentrieb\/","name":"Herdentrieb","description":"So funktioniert Kapitalismus. Ein Blog","potentialAction":[{"@type":"SearchAction","target":{"@type":"EntryPoint","urlTemplate":"https:\/\/blog.zeit.de\/herdentrieb\/?s={search_term_string}"},"query-input":"required name=search_term_string"}],"inLanguage":"de"},{"@type":"Person","@id":"https:\/\/blog.zeit.de\/herdentrieb\/#\/schema\/person\/a2dfa95bbd4de7e06edc88db4e3d3871","name":"Mark Schieritz","image":{"@type":"ImageObject","inLanguage":"de","@id":"https:\/\/blog.zeit.de\/herdentrieb\/#\/schema\/person\/image\/","url":"https:\/\/secure.gravatar.com\/avatar\/66e072b8ecaf6d851921c0577ca78c8c9a24223a3c3cb6df48c5d839d1b622e0?s=96&d=mm&r=g","contentUrl":"https:\/\/secure.gravatar.com\/avatar\/66e072b8ecaf6d851921c0577ca78c8c9a24223a3c3cb6df48c5d839d1b622e0?s=96&d=mm&r=g","caption":"Mark Schieritz"},"url":"https:\/\/blog.zeit.de\/herdentrieb\/author\/mark-schieritz"}]}},"jetpack_featured_media_url":"","jetpack_sharing_enabled":true,"_links":{"self":[{"href":"https:\/\/blog.zeit.de\/herdentrieb\/wp-json\/wp\/v2\/posts\/9008","targetHints":{"allow":["GET"]}}],"collection":[{"href":"https:\/\/blog.zeit.de\/herdentrieb\/wp-json\/wp\/v2\/posts"}],"about":[{"href":"https:\/\/blog.zeit.de\/herdentrieb\/wp-json\/wp\/v2\/types\/post"}],"author":[{"embeddable":true,"href":"https:\/\/blog.zeit.de\/herdentrieb\/wp-json\/wp\/v2\/users\/215"}],"replies":[{"embeddable":true,"href":"https:\/\/blog.zeit.de\/herdentrieb\/wp-json\/wp\/v2\/comments?post=9008"}],"version-history":[{"count":10,"href":"https:\/\/blog.zeit.de\/herdentrieb\/wp-json\/wp\/v2\/posts\/9008\/revisions"}],"predecessor-version":[{"id":9020,"href":"https:\/\/blog.zeit.de\/herdentrieb\/wp-json\/wp\/v2\/posts\/9008\/revisions\/9020"}],"wp:attachment":[{"href":"https:\/\/blog.zeit.de\/herdentrieb\/wp-json\/wp\/v2\/media?parent=9008"}],"wp:term":[{"taxonomy":"category","embeddable":true,"href":"https:\/\/blog.zeit.de\/herdentrieb\/wp-json\/wp\/v2\/categories?post=9008"},{"taxonomy":"post_tag","embeddable":true,"href":"https:\/\/blog.zeit.de\/herdentrieb\/wp-json\/wp\/v2\/tags?post=9008"}],"curies":[{"name":"wp","href":"https:\/\/api.w.org\/{rel}","templated":true}]}}