{"id":9069,"date":"2015-11-20T14:49:25","date_gmt":"2015-11-20T13:49:25","guid":{"rendered":"http:\/\/blog.zeit.de\/herdentrieb\/?p=9069"},"modified":"2015-12-10T16:08:05","modified_gmt":"2015-12-10T15:08:05","slug":"was-armut-und-terrorismus-miteinander-zu-tun-haben","status":"publish","type":"post","link":"https:\/\/blog.zeit.de\/herdentrieb\/2015\/11\/20\/was-armut-und-terrorismus-miteinander-zu-tun-haben_9069","title":{"rendered":"Was Armut und Terrorismus miteinander zu tun haben"},"content":{"rendered":"<p>In diesen Tagen des Schreckens wird h\u00e4ufig das Argument vorgebracht, der Terror sei die Reaktion auf die wirtschaftliche Ausbeutung des Nahen Ostens durch den Westen. Wer den Terror bek\u00e4mpfen will, der muss demnach f\u00fcr eine gerechtere Verteilung des Wohlstands zwischen den Nationen sorgen. Doch so einleuchtend das klingt: Es stimmt nicht.<br \/>\n<!--more--><br \/>\nDas \u00e4rmste Land der Welt ist \u2013 gemessen am <a href=\"http:\/\/data.worldbank.org\/indicator\/NY.GDP.PCAP.PP.CD\" target=\"_blank\">kaufkraftbereinigten pro-Kopf-Einkommen<\/a> \u2013 die Zentralafrikanische Republik, gefolgt von Burundi, der Demokratischen Republik Kongo und Malawi. Wie viele internationale Top-Terroristen aus diesen L\u00e4ndern haben in den vergangenen Jahren Schlagzeilen gemacht?\u00a0Anderseits entstammen sowohl die Attent\u00e4ter des 11. September als auch der Drahtzieher der Anschl\u00e4ge auf Paris aus finanziell vergleichsweise stabilen Verh\u00e4ltnissen.<\/p>\n<p>\u00d6konomisch gesprochen: Die Korrelation zwischen Einkommen und Terroraktivit\u00e4t scheint ziemlich schwach ausgepr\u00e4gt zu sein. Das best\u00e4tigen auch Studien. In einem viel beachteten <a href=\"http:\/\/www.nber.org\/papers\/w9074\" target=\"_blank\">Papier<\/a> aus dem Jahr 2002 kommen Alan Krueger und Jitka Meleckova auf der Basis einer statistischen Auswertung von Aktivit\u00e4ten der Hisbollah zu dem Ergebnis, dass Armut und politische Gewalt getrennte Ph\u00e4nomene zu sein scheinen.<\/p>\n<p style=\"padding-left: 30px;\"><em>The evidence we have assembled and reviewed suggests there is little direct connection between poverty, education and participation in terrorism and politically motivated violence. Indeed, the available evidence indicates that, compared with the relevant population, participants in Hezbollah\u2019s militant wing in the late 1980s and early 1990s were at least as likely to come from economically advantaged families and have a relatively high level of education as they were to come from impoverished families without educational opportunities. <\/em><\/p>\n<p>Der \u00d6konom\u00a0<a href=\"http:\/\/garrido.pe\/lecturasydocumentos\/PIAZZA%20(2006)%20poverty,%20terrorism%20and%20eco%20dev.pdf\" target=\"_blank\">James Piazza<\/a> hat sich Terroranschl\u00e4ge in 96 L\u00e4ndern zwischen 1986 und 2002 angeschaut und \u00fcberpr\u00fcft, inwieweit sich ein Zusammenhang mit Unterern\u00e4hrung, Arbeitslosigkeit, Ungleichheit und Inflation ergibt. Das Ergebnis weist in eine \u00e4hnliche Richtung.<\/p>\n<p style=\"padding-left: 30px;\"><em>The findings are that, contrary to popular opinion, no significant relationship between any of the measures of economic development and terrorism can be determined. Rather, variables such as population, ethno-religious diversity, increased state repression and, most significantly, the structure of party politics are found to be significant predictors of terrorism.<\/em><\/p>\n<p>Die Wahrheit ist: Die \u00d6konomie hat zu den Ursachen des Terrorismus recht wenig zu sagen \u2013 und damit k\u00f6nnen auch ihre Instrumente m\u00f6glicherweise nur bedingt zur L\u00f6sung des Problems beitragen. Vielmehr deutet einiges\u00a0darauf hin, dass eher weiche soziale und politische Faktoren den Terror erkl\u00e4ren k\u00f6nnen. So gibt es Indizien, dass die Menschen\u00a0in L\u00e4ndern mit einem h\u00f6heren Grad an Freiheitsrechten weniger anf\u00e4llig f\u00fcr <a href=\"http:\/\/www.nber.org\/digest\/may05\/w10859.html\" target=\"_blank\">terroristischen Aktivit\u00e4ten sind<\/a>.<\/p>\n<p>Das bedeutet nicht, dass der Kampf f\u00fcr eine gerechtere Welt falsch w\u00e4re. Aber eine gerechtere Welt ist nicht zwingend eine mit weniger Terrorismus. Das sollten aber an Gerechtigkeit Interessierte aushalten k\u00f6nnen. Gerechtigkeit ist ein Ziel an sich, man muss es nicht \u00fcberh\u00f6hen.<\/p>\n<p>Oder wie es ein junger Afghane gegen\u00fcber amerikanischen Forschern in folgendem\u00a0<a href=\"http:\/\/thinkprogress.org\/world\/2015\/02\/19\/3624543\/economics-of-terrorism\/\" target=\"_blank\">Satz<\/a>\u00a0zum Ausdruck brachte: \u201cI did not join the Taliban because I was poor. I joined because I was angry.\u201d<\/p>\n<p><strong>Update:\u00a0<\/strong>Saudi-Arabien \u00fcbrigens hat in den vergangenen Jahren Milliarden an \u00d6l-Renten aus dem Westen eingefahren und ist trotzdem ein Hort des Islamismus.<\/p>\n","protected":false},"excerpt":{"rendered":"<p>In diesen Tagen des Schreckens wird h\u00e4ufig das Argument vorgebracht, der Terror sei die Reaktion auf die wirtschaftliche Ausbeutung des Nahen Ostens durch den Westen. Wer den Terror bek\u00e4mpfen will, der muss demnach f\u00fcr eine gerechtere Verteilung des Wohlstands zwischen den Nationen sorgen. Doch so einleuchtend das klingt: Es stimmt nicht.<\/p>\n","protected":false},"author":215,"featured_media":0,"comment_status":"open","ping_status":"closed","sticky":false,"template":"","format":"standard","meta":{"_jetpack_memberships_contains_paid_content":false,"footnotes":""},"categories":[3],"tags":[],"class_list":["post-9069","post","type-post","status-publish","format-standard","hentry","category-der-aktuelle-rand"],"yoast_head":"<!-- This site is optimized with the Yoast SEO plugin v21.0 - https:\/\/yoast.com\/wordpress\/plugins\/seo\/ -->\n<title>Was Armut und Terrorismus miteinander zu tun haben - Herdentrieb<\/title>\n<meta name=\"robots\" content=\"index, follow, max-snippet:-1, max-image-preview:large, max-video-preview:-1\" \/>\n<link rel=\"canonical\" href=\"https:\/\/blog.zeit.de\/herdentrieb\/2015\/11\/20\/was-armut-und-terrorismus-miteinander-zu-tun-haben_9069\" \/>\n<meta property=\"og:locale\" content=\"de_DE\" \/>\n<meta property=\"og:type\" content=\"article\" \/>\n<meta property=\"og:title\" content=\"Was Armut und Terrorismus miteinander zu tun haben - Herdentrieb\" \/>\n<meta property=\"og:description\" content=\"In diesen Tagen des Schreckens wird h\u00e4ufig das Argument vorgebracht, der Terror sei die Reaktion auf die wirtschaftliche Ausbeutung des Nahen Ostens durch den Westen. Wer den Terror bek\u00e4mpfen will, der muss demnach f\u00fcr eine gerechtere Verteilung des Wohlstands zwischen den Nationen sorgen. Doch so einleuchtend das klingt: Es stimmt nicht.\" \/>\n<meta property=\"og:url\" content=\"https:\/\/blog.zeit.de\/herdentrieb\/2015\/11\/20\/was-armut-und-terrorismus-miteinander-zu-tun-haben_9069\" \/>\n<meta property=\"og:site_name\" content=\"Herdentrieb\" \/>\n<meta property=\"article:published_time\" content=\"2015-11-20T13:49:25+00:00\" \/>\n<meta property=\"article:modified_time\" content=\"2015-12-10T15:08:05+00:00\" \/>\n<meta name=\"author\" content=\"Mark Schieritz\" \/>\n<meta name=\"twitter:card\" content=\"summary_large_image\" \/>\n<meta name=\"twitter:creator\" content=\"@zeitonline\" \/>\n<meta name=\"twitter:site\" content=\"@zeitonline\" \/>\n<meta name=\"twitter:label1\" content=\"Geschrieben von\" \/>\n\t<meta name=\"twitter:data1\" content=\"Mark Schieritz\" \/>\n\t<meta name=\"twitter:label2\" content=\"Gesch\u00e4tzte Lesezeit\" \/>\n\t<meta name=\"twitter:data2\" content=\"3\u00a0Minuten\" \/>\n<script type=\"application\/ld+json\" class=\"yoast-schema-graph\">{\"@context\":\"https:\/\/schema.org\",\"@graph\":[{\"@type\":\"WebPage\",\"@id\":\"https:\/\/blog.zeit.de\/herdentrieb\/2015\/11\/20\/was-armut-und-terrorismus-miteinander-zu-tun-haben_9069\",\"url\":\"https:\/\/blog.zeit.de\/herdentrieb\/2015\/11\/20\/was-armut-und-terrorismus-miteinander-zu-tun-haben_9069\",\"name\":\"Was Armut und Terrorismus miteinander zu tun haben - Herdentrieb\",\"isPartOf\":{\"@id\":\"https:\/\/blog.zeit.de\/herdentrieb\/#website\"},\"datePublished\":\"2015-11-20T13:49:25+00:00\",\"dateModified\":\"2015-12-10T15:08:05+00:00\",\"author\":{\"@id\":\"https:\/\/blog.zeit.de\/herdentrieb\/#\/schema\/person\/a2dfa95bbd4de7e06edc88db4e3d3871\"},\"breadcrumb\":{\"@id\":\"https:\/\/blog.zeit.de\/herdentrieb\/2015\/11\/20\/was-armut-und-terrorismus-miteinander-zu-tun-haben_9069#breadcrumb\"},\"inLanguage\":\"de\",\"potentialAction\":[{\"@type\":\"ReadAction\",\"target\":[\"https:\/\/blog.zeit.de\/herdentrieb\/2015\/11\/20\/was-armut-und-terrorismus-miteinander-zu-tun-haben_9069\"]}]},{\"@type\":\"BreadcrumbList\",\"@id\":\"https:\/\/blog.zeit.de\/herdentrieb\/2015\/11\/20\/was-armut-und-terrorismus-miteinander-zu-tun-haben_9069#breadcrumb\",\"itemListElement\":[{\"@type\":\"ListItem\",\"position\":1,\"name\":\"Startseite\",\"item\":\"https:\/\/blog.zeit.de\/herdentrieb\"},{\"@type\":\"ListItem\",\"position\":2,\"name\":\"Was Armut und Terrorismus miteinander zu tun haben\"}]},{\"@type\":\"WebSite\",\"@id\":\"https:\/\/blog.zeit.de\/herdentrieb\/#website\",\"url\":\"https:\/\/blog.zeit.de\/herdentrieb\/\",\"name\":\"Herdentrieb\",\"description\":\"So funktioniert Kapitalismus. Ein Blog\",\"potentialAction\":[{\"@type\":\"SearchAction\",\"target\":{\"@type\":\"EntryPoint\",\"urlTemplate\":\"https:\/\/blog.zeit.de\/herdentrieb\/?s={search_term_string}\"},\"query-input\":\"required name=search_term_string\"}],\"inLanguage\":\"de\"},{\"@type\":\"Person\",\"@id\":\"https:\/\/blog.zeit.de\/herdentrieb\/#\/schema\/person\/a2dfa95bbd4de7e06edc88db4e3d3871\",\"name\":\"Mark Schieritz\",\"image\":{\"@type\":\"ImageObject\",\"inLanguage\":\"de\",\"@id\":\"https:\/\/blog.zeit.de\/herdentrieb\/#\/schema\/person\/image\/\",\"url\":\"https:\/\/secure.gravatar.com\/avatar\/66e072b8ecaf6d851921c0577ca78c8c9a24223a3c3cb6df48c5d839d1b622e0?s=96&d=mm&r=g\",\"contentUrl\":\"https:\/\/secure.gravatar.com\/avatar\/66e072b8ecaf6d851921c0577ca78c8c9a24223a3c3cb6df48c5d839d1b622e0?s=96&d=mm&r=g\",\"caption\":\"Mark Schieritz\"},\"url\":\"https:\/\/blog.zeit.de\/herdentrieb\/author\/mark-schieritz\"}]}<\/script>\n<!-- \/ Yoast SEO plugin. -->","yoast_head_json":{"title":"Was Armut und Terrorismus miteinander zu tun haben - Herdentrieb","robots":{"index":"index","follow":"follow","max-snippet":"max-snippet:-1","max-image-preview":"max-image-preview:large","max-video-preview":"max-video-preview:-1"},"canonical":"https:\/\/blog.zeit.de\/herdentrieb\/2015\/11\/20\/was-armut-und-terrorismus-miteinander-zu-tun-haben_9069","og_locale":"de_DE","og_type":"article","og_title":"Was Armut und Terrorismus miteinander zu tun haben - Herdentrieb","og_description":"In diesen Tagen des Schreckens wird h\u00e4ufig das Argument vorgebracht, der Terror sei die Reaktion auf die wirtschaftliche Ausbeutung des Nahen Ostens durch den Westen. Wer den Terror bek\u00e4mpfen will, der muss demnach f\u00fcr eine gerechtere Verteilung des Wohlstands zwischen den Nationen sorgen. Doch so einleuchtend das klingt: Es stimmt nicht.","og_url":"https:\/\/blog.zeit.de\/herdentrieb\/2015\/11\/20\/was-armut-und-terrorismus-miteinander-zu-tun-haben_9069","og_site_name":"Herdentrieb","article_published_time":"2015-11-20T13:49:25+00:00","article_modified_time":"2015-12-10T15:08:05+00:00","author":"Mark Schieritz","twitter_card":"summary_large_image","twitter_creator":"@zeitonline","twitter_site":"@zeitonline","twitter_misc":{"Geschrieben von":"Mark Schieritz","Gesch\u00e4tzte Lesezeit":"3\u00a0Minuten"},"schema":{"@context":"https:\/\/schema.org","@graph":[{"@type":"WebPage","@id":"https:\/\/blog.zeit.de\/herdentrieb\/2015\/11\/20\/was-armut-und-terrorismus-miteinander-zu-tun-haben_9069","url":"https:\/\/blog.zeit.de\/herdentrieb\/2015\/11\/20\/was-armut-und-terrorismus-miteinander-zu-tun-haben_9069","name":"Was Armut und Terrorismus miteinander zu tun haben - Herdentrieb","isPartOf":{"@id":"https:\/\/blog.zeit.de\/herdentrieb\/#website"},"datePublished":"2015-11-20T13:49:25+00:00","dateModified":"2015-12-10T15:08:05+00:00","author":{"@id":"https:\/\/blog.zeit.de\/herdentrieb\/#\/schema\/person\/a2dfa95bbd4de7e06edc88db4e3d3871"},"breadcrumb":{"@id":"https:\/\/blog.zeit.de\/herdentrieb\/2015\/11\/20\/was-armut-und-terrorismus-miteinander-zu-tun-haben_9069#breadcrumb"},"inLanguage":"de","potentialAction":[{"@type":"ReadAction","target":["https:\/\/blog.zeit.de\/herdentrieb\/2015\/11\/20\/was-armut-und-terrorismus-miteinander-zu-tun-haben_9069"]}]},{"@type":"BreadcrumbList","@id":"https:\/\/blog.zeit.de\/herdentrieb\/2015\/11\/20\/was-armut-und-terrorismus-miteinander-zu-tun-haben_9069#breadcrumb","itemListElement":[{"@type":"ListItem","position":1,"name":"Startseite","item":"https:\/\/blog.zeit.de\/herdentrieb"},{"@type":"ListItem","position":2,"name":"Was Armut und Terrorismus miteinander zu tun haben"}]},{"@type":"WebSite","@id":"https:\/\/blog.zeit.de\/herdentrieb\/#website","url":"https:\/\/blog.zeit.de\/herdentrieb\/","name":"Herdentrieb","description":"So funktioniert Kapitalismus. Ein Blog","potentialAction":[{"@type":"SearchAction","target":{"@type":"EntryPoint","urlTemplate":"https:\/\/blog.zeit.de\/herdentrieb\/?s={search_term_string}"},"query-input":"required name=search_term_string"}],"inLanguage":"de"},{"@type":"Person","@id":"https:\/\/blog.zeit.de\/herdentrieb\/#\/schema\/person\/a2dfa95bbd4de7e06edc88db4e3d3871","name":"Mark Schieritz","image":{"@type":"ImageObject","inLanguage":"de","@id":"https:\/\/blog.zeit.de\/herdentrieb\/#\/schema\/person\/image\/","url":"https:\/\/secure.gravatar.com\/avatar\/66e072b8ecaf6d851921c0577ca78c8c9a24223a3c3cb6df48c5d839d1b622e0?s=96&d=mm&r=g","contentUrl":"https:\/\/secure.gravatar.com\/avatar\/66e072b8ecaf6d851921c0577ca78c8c9a24223a3c3cb6df48c5d839d1b622e0?s=96&d=mm&r=g","caption":"Mark Schieritz"},"url":"https:\/\/blog.zeit.de\/herdentrieb\/author\/mark-schieritz"}]}},"jetpack_featured_media_url":"","jetpack_sharing_enabled":true,"_links":{"self":[{"href":"https:\/\/blog.zeit.de\/herdentrieb\/wp-json\/wp\/v2\/posts\/9069","targetHints":{"allow":["GET"]}}],"collection":[{"href":"https:\/\/blog.zeit.de\/herdentrieb\/wp-json\/wp\/v2\/posts"}],"about":[{"href":"https:\/\/blog.zeit.de\/herdentrieb\/wp-json\/wp\/v2\/types\/post"}],"author":[{"embeddable":true,"href":"https:\/\/blog.zeit.de\/herdentrieb\/wp-json\/wp\/v2\/users\/215"}],"replies":[{"embeddable":true,"href":"https:\/\/blog.zeit.de\/herdentrieb\/wp-json\/wp\/v2\/comments?post=9069"}],"version-history":[{"count":11,"href":"https:\/\/blog.zeit.de\/herdentrieb\/wp-json\/wp\/v2\/posts\/9069\/revisions"}],"predecessor-version":[{"id":9131,"href":"https:\/\/blog.zeit.de\/herdentrieb\/wp-json\/wp\/v2\/posts\/9069\/revisions\/9131"}],"wp:attachment":[{"href":"https:\/\/blog.zeit.de\/herdentrieb\/wp-json\/wp\/v2\/media?parent=9069"}],"wp:term":[{"taxonomy":"category","embeddable":true,"href":"https:\/\/blog.zeit.de\/herdentrieb\/wp-json\/wp\/v2\/categories?post=9069"},{"taxonomy":"post_tag","embeddable":true,"href":"https:\/\/blog.zeit.de\/herdentrieb\/wp-json\/wp\/v2\/tags?post=9069"}],"curies":[{"name":"wp","href":"https:\/\/api.w.org\/{rel}","templated":true}]}}