{"id":9232,"date":"2016-01-19T16:22:41","date_gmt":"2016-01-19T15:22:41","guid":{"rendered":"http:\/\/blog.zeit.de\/herdentrieb\/?p=9232"},"modified":"2016-01-20T10:07:24","modified_gmt":"2016-01-20T09:07:24","slug":"internationaler-wahrungsfonds-erwartet-kraftigen-anstieg-des-olpreises","status":"publish","type":"post","link":"https:\/\/blog.zeit.de\/herdentrieb\/2016\/01\/19\/internationaler-wahrungsfonds-erwartet-kraftigen-anstieg-des-olpreises_9232","title":{"rendered":"Internationaler W\u00e4hrungsfonds erwartet kr\u00e4ftigen Anstieg des \u00d6lpreises"},"content":{"rendered":"<p>Die Kommentatoren, die sich bislang zu den <a title=\"IMF WEO update January 2016\" href=\"http:\/\/www.imf.org\/external\/pubs\/ft\/weo\/2016\/update\/01\/index.htm\" target=\"_blank\">am Dienstagmorgen ver\u00f6ffentlichten Prognosen des IWF<\/a> ge\u00e4u\u00dfert haben, schreiben durchg\u00e4ngig, dass der \u00d6lpreis im Jahr 2016 sinken werde, n\u00e4mlich um 17,6 Prozent. In Wirklichkeit ist es umgekehrt: Der IWF erwartet einen Anstieg! Das kommt so:<\/p>\n<p>Im Jahr 2015 kostete ein Fass der Sorte Brent im Durchschnitt 52,40 Dollar, nach 98,94 Dollar im Jahr 2014. Das war ein R\u00fcckgang um rund 47 Prozent. Wenn der Preis 2016 noch einmal zur\u00fcckgehen soll, um die besagten 17,6 Prozent, ergibt sich ein durchschnittlicher Preis von 43,18 Dollar.<\/p>\n<p>Nur: Der heutige \u00d6lpreis liegt bereits bei 28,16 Dollar. Um auf den Durchschnittspreis von 43,18 Dollar zu kommen, muss er \u2013 einen linearen Verlauf unterstellt \u2013 am Jahresende bei 59,58 Dollar landen. Mit anderen Worten, er w\u00fcrde von heute bis Sylvester um 111,6 Prozent steigen. Ich habe dabei ber\u00fccksichtigt, dass der Durchschnittspreis in den ersten 19 Tagen des Jahres bei 31,44 Dollar lag.<\/p>\n<p>Es wird nichts mit noch billigerem \u00d6l, wenn der IWF mit seiner Prognose recht hat. Bitte nachrechnen!<\/p>\n","protected":false},"excerpt":{"rendered":"<p>Die Kommentatoren, die sich bislang zu den am Dienstagmorgen ver\u00f6ffentlichten Prognosen des IWF ge\u00e4u\u00dfert haben, schreiben durchg\u00e4ngig, dass der \u00d6lpreis im Jahr 2016 sinken werde, n\u00e4mlich um 17,6 Prozent. In Wirklichkeit ist es umgekehrt: Der IWF erwartet einen Anstieg! Das kommt so: Im Jahr 2015 kostete ein Fass der Sorte Brent im Durchschnitt 52,40 Dollar, [&hellip;]<\/p>\n","protected":false},"author":61,"featured_media":0,"comment_status":"open","ping_status":"closed","sticky":false,"template":"","format":"standard","meta":{"_jetpack_memberships_contains_paid_content":false,"footnotes":""},"categories":[3],"tags":[],"class_list":["post-9232","post","type-post","status-publish","format-standard","hentry","category-der-aktuelle-rand"],"yoast_head":"<!-- This site is optimized with the Yoast SEO plugin v21.0 - https:\/\/yoast.com\/wordpress\/plugins\/seo\/ -->\n<title>Internationaler W\u00e4hrungsfonds erwartet kr\u00e4ftigen Anstieg des \u00d6lpreises - Herdentrieb<\/title>\n<meta name=\"description\" content=\"Nach der neusten Prognose des IWF wird der \u00d6lpreis im Laufe des Jahres kr\u00e4ftig ansteigen.\" \/>\n<meta name=\"robots\" content=\"index, follow, max-snippet:-1, max-image-preview:large, max-video-preview:-1\" \/>\n<link rel=\"canonical\" href=\"https:\/\/blog.zeit.de\/herdentrieb\/2016\/01\/19\/internationaler-wahrungsfonds-erwartet-kraftigen-anstieg-des-olpreises_9232\" \/>\n<meta property=\"og:locale\" content=\"de_DE\" \/>\n<meta property=\"og:type\" content=\"article\" \/>\n<meta property=\"og:title\" content=\"Internationaler W\u00e4hrungsfonds erwartet kr\u00e4ftigen Anstieg des \u00d6lpreises - Herdentrieb\" \/>\n<meta property=\"og:description\" content=\"Nach der neusten Prognose des IWF wird der \u00d6lpreis im Laufe des Jahres kr\u00e4ftig ansteigen.\" \/>\n<meta property=\"og:url\" content=\"https:\/\/blog.zeit.de\/herdentrieb\/2016\/01\/19\/internationaler-wahrungsfonds-erwartet-kraftigen-anstieg-des-olpreises_9232\" \/>\n<meta property=\"og:site_name\" content=\"Herdentrieb\" \/>\n<meta property=\"article:published_time\" content=\"2016-01-19T15:22:41+00:00\" \/>\n<meta property=\"article:modified_time\" content=\"2016-01-20T09:07:24+00:00\" \/>\n<meta name=\"author\" content=\"Dieter Wermuth\" \/>\n<meta name=\"twitter:card\" content=\"summary_large_image\" \/>\n<meta name=\"twitter:creator\" content=\"@zeitonline\" \/>\n<meta name=\"twitter:site\" content=\"@zeitonline\" \/>\n<meta name=\"twitter:label1\" content=\"Geschrieben von\" \/>\n\t<meta name=\"twitter:data1\" content=\"Dieter Wermuth\" \/>\n\t<meta name=\"twitter:label2\" content=\"Gesch\u00e4tzte Lesezeit\" \/>\n\t<meta name=\"twitter:data2\" content=\"1\u00a0Minute\" \/>\n<script type=\"application\/ld+json\" class=\"yoast-schema-graph\">{\"@context\":\"https:\/\/schema.org\",\"@graph\":[{\"@type\":\"WebPage\",\"@id\":\"https:\/\/blog.zeit.de\/herdentrieb\/2016\/01\/19\/internationaler-wahrungsfonds-erwartet-kraftigen-anstieg-des-olpreises_9232\",\"url\":\"https:\/\/blog.zeit.de\/herdentrieb\/2016\/01\/19\/internationaler-wahrungsfonds-erwartet-kraftigen-anstieg-des-olpreises_9232\",\"name\":\"Internationaler W\u00e4hrungsfonds erwartet kr\u00e4ftigen Anstieg des \u00d6lpreises - Herdentrieb\",\"isPartOf\":{\"@id\":\"https:\/\/blog.zeit.de\/herdentrieb\/#website\"},\"datePublished\":\"2016-01-19T15:22:41+00:00\",\"dateModified\":\"2016-01-20T09:07:24+00:00\",\"author\":{\"@id\":\"https:\/\/blog.zeit.de\/herdentrieb\/#\/schema\/person\/cded255e8a7893fa16565de10e59b891\"},\"description\":\"Nach der neusten Prognose des IWF wird der \u00d6lpreis im Laufe des Jahres kr\u00e4ftig ansteigen.\",\"breadcrumb\":{\"@id\":\"https:\/\/blog.zeit.de\/herdentrieb\/2016\/01\/19\/internationaler-wahrungsfonds-erwartet-kraftigen-anstieg-des-olpreises_9232#breadcrumb\"},\"inLanguage\":\"de\",\"potentialAction\":[{\"@type\":\"ReadAction\",\"target\":[\"https:\/\/blog.zeit.de\/herdentrieb\/2016\/01\/19\/internationaler-wahrungsfonds-erwartet-kraftigen-anstieg-des-olpreises_9232\"]}]},{\"@type\":\"BreadcrumbList\",\"@id\":\"https:\/\/blog.zeit.de\/herdentrieb\/2016\/01\/19\/internationaler-wahrungsfonds-erwartet-kraftigen-anstieg-des-olpreises_9232#breadcrumb\",\"itemListElement\":[{\"@type\":\"ListItem\",\"position\":1,\"name\":\"Startseite\",\"item\":\"https:\/\/blog.zeit.de\/herdentrieb\"},{\"@type\":\"ListItem\",\"position\":2,\"name\":\"Internationaler W\u00e4hrungsfonds erwartet kr\u00e4ftigen Anstieg des \u00d6lpreises\"}]},{\"@type\":\"WebSite\",\"@id\":\"https:\/\/blog.zeit.de\/herdentrieb\/#website\",\"url\":\"https:\/\/blog.zeit.de\/herdentrieb\/\",\"name\":\"Herdentrieb\",\"description\":\"So funktioniert Kapitalismus. Ein Blog\",\"potentialAction\":[{\"@type\":\"SearchAction\",\"target\":{\"@type\":\"EntryPoint\",\"urlTemplate\":\"https:\/\/blog.zeit.de\/herdentrieb\/?s={search_term_string}\"},\"query-input\":\"required name=search_term_string\"}],\"inLanguage\":\"de\"},{\"@type\":\"Person\",\"@id\":\"https:\/\/blog.zeit.de\/herdentrieb\/#\/schema\/person\/cded255e8a7893fa16565de10e59b891\",\"name\":\"Dieter Wermuth\",\"image\":{\"@type\":\"ImageObject\",\"inLanguage\":\"de\",\"@id\":\"https:\/\/blog.zeit.de\/herdentrieb\/#\/schema\/person\/image\/\",\"url\":\"https:\/\/secure.gravatar.com\/avatar\/17b936dcdfff00d08ede21a6c8044f16e55bc8832ed4a15d30fdb3dcfd0adec3?s=96&d=mm&r=g\",\"contentUrl\":\"https:\/\/secure.gravatar.com\/avatar\/17b936dcdfff00d08ede21a6c8044f16e55bc8832ed4a15d30fdb3dcfd0adec3?s=96&d=mm&r=g\",\"caption\":\"Dieter Wermuth\"},\"url\":\"https:\/\/blog.zeit.de\/herdentrieb\/author\/dieter-wermuth\"}]}<\/script>\n<!-- \/ Yoast SEO plugin. -->","yoast_head_json":{"title":"Internationaler W\u00e4hrungsfonds erwartet kr\u00e4ftigen Anstieg des \u00d6lpreises - Herdentrieb","description":"Nach der neusten Prognose des IWF wird der \u00d6lpreis im Laufe des Jahres kr\u00e4ftig ansteigen.","robots":{"index":"index","follow":"follow","max-snippet":"max-snippet:-1","max-image-preview":"max-image-preview:large","max-video-preview":"max-video-preview:-1"},"canonical":"https:\/\/blog.zeit.de\/herdentrieb\/2016\/01\/19\/internationaler-wahrungsfonds-erwartet-kraftigen-anstieg-des-olpreises_9232","og_locale":"de_DE","og_type":"article","og_title":"Internationaler W\u00e4hrungsfonds erwartet kr\u00e4ftigen Anstieg des \u00d6lpreises - Herdentrieb","og_description":"Nach der neusten Prognose des IWF wird der \u00d6lpreis im Laufe des Jahres kr\u00e4ftig ansteigen.","og_url":"https:\/\/blog.zeit.de\/herdentrieb\/2016\/01\/19\/internationaler-wahrungsfonds-erwartet-kraftigen-anstieg-des-olpreises_9232","og_site_name":"Herdentrieb","article_published_time":"2016-01-19T15:22:41+00:00","article_modified_time":"2016-01-20T09:07:24+00:00","author":"Dieter Wermuth","twitter_card":"summary_large_image","twitter_creator":"@zeitonline","twitter_site":"@zeitonline","twitter_misc":{"Geschrieben von":"Dieter Wermuth","Gesch\u00e4tzte Lesezeit":"1\u00a0Minute"},"schema":{"@context":"https:\/\/schema.org","@graph":[{"@type":"WebPage","@id":"https:\/\/blog.zeit.de\/herdentrieb\/2016\/01\/19\/internationaler-wahrungsfonds-erwartet-kraftigen-anstieg-des-olpreises_9232","url":"https:\/\/blog.zeit.de\/herdentrieb\/2016\/01\/19\/internationaler-wahrungsfonds-erwartet-kraftigen-anstieg-des-olpreises_9232","name":"Internationaler W\u00e4hrungsfonds erwartet kr\u00e4ftigen Anstieg des \u00d6lpreises - Herdentrieb","isPartOf":{"@id":"https:\/\/blog.zeit.de\/herdentrieb\/#website"},"datePublished":"2016-01-19T15:22:41+00:00","dateModified":"2016-01-20T09:07:24+00:00","author":{"@id":"https:\/\/blog.zeit.de\/herdentrieb\/#\/schema\/person\/cded255e8a7893fa16565de10e59b891"},"description":"Nach der neusten Prognose des IWF wird der \u00d6lpreis im Laufe des Jahres kr\u00e4ftig ansteigen.","breadcrumb":{"@id":"https:\/\/blog.zeit.de\/herdentrieb\/2016\/01\/19\/internationaler-wahrungsfonds-erwartet-kraftigen-anstieg-des-olpreises_9232#breadcrumb"},"inLanguage":"de","potentialAction":[{"@type":"ReadAction","target":["https:\/\/blog.zeit.de\/herdentrieb\/2016\/01\/19\/internationaler-wahrungsfonds-erwartet-kraftigen-anstieg-des-olpreises_9232"]}]},{"@type":"BreadcrumbList","@id":"https:\/\/blog.zeit.de\/herdentrieb\/2016\/01\/19\/internationaler-wahrungsfonds-erwartet-kraftigen-anstieg-des-olpreises_9232#breadcrumb","itemListElement":[{"@type":"ListItem","position":1,"name":"Startseite","item":"https:\/\/blog.zeit.de\/herdentrieb"},{"@type":"ListItem","position":2,"name":"Internationaler W\u00e4hrungsfonds erwartet kr\u00e4ftigen Anstieg des \u00d6lpreises"}]},{"@type":"WebSite","@id":"https:\/\/blog.zeit.de\/herdentrieb\/#website","url":"https:\/\/blog.zeit.de\/herdentrieb\/","name":"Herdentrieb","description":"So funktioniert Kapitalismus. Ein Blog","potentialAction":[{"@type":"SearchAction","target":{"@type":"EntryPoint","urlTemplate":"https:\/\/blog.zeit.de\/herdentrieb\/?s={search_term_string}"},"query-input":"required name=search_term_string"}],"inLanguage":"de"},{"@type":"Person","@id":"https:\/\/blog.zeit.de\/herdentrieb\/#\/schema\/person\/cded255e8a7893fa16565de10e59b891","name":"Dieter Wermuth","image":{"@type":"ImageObject","inLanguage":"de","@id":"https:\/\/blog.zeit.de\/herdentrieb\/#\/schema\/person\/image\/","url":"https:\/\/secure.gravatar.com\/avatar\/17b936dcdfff00d08ede21a6c8044f16e55bc8832ed4a15d30fdb3dcfd0adec3?s=96&d=mm&r=g","contentUrl":"https:\/\/secure.gravatar.com\/avatar\/17b936dcdfff00d08ede21a6c8044f16e55bc8832ed4a15d30fdb3dcfd0adec3?s=96&d=mm&r=g","caption":"Dieter Wermuth"},"url":"https:\/\/blog.zeit.de\/herdentrieb\/author\/dieter-wermuth"}]}},"jetpack_featured_media_url":"","jetpack_sharing_enabled":true,"_links":{"self":[{"href":"https:\/\/blog.zeit.de\/herdentrieb\/wp-json\/wp\/v2\/posts\/9232","targetHints":{"allow":["GET"]}}],"collection":[{"href":"https:\/\/blog.zeit.de\/herdentrieb\/wp-json\/wp\/v2\/posts"}],"about":[{"href":"https:\/\/blog.zeit.de\/herdentrieb\/wp-json\/wp\/v2\/types\/post"}],"author":[{"embeddable":true,"href":"https:\/\/blog.zeit.de\/herdentrieb\/wp-json\/wp\/v2\/users\/61"}],"replies":[{"embeddable":true,"href":"https:\/\/blog.zeit.de\/herdentrieb\/wp-json\/wp\/v2\/comments?post=9232"}],"version-history":[{"count":4,"href":"https:\/\/blog.zeit.de\/herdentrieb\/wp-json\/wp\/v2\/posts\/9232\/revisions"}],"predecessor-version":[{"id":9236,"href":"https:\/\/blog.zeit.de\/herdentrieb\/wp-json\/wp\/v2\/posts\/9232\/revisions\/9236"}],"wp:attachment":[{"href":"https:\/\/blog.zeit.de\/herdentrieb\/wp-json\/wp\/v2\/media?parent=9232"}],"wp:term":[{"taxonomy":"category","embeddable":true,"href":"https:\/\/blog.zeit.de\/herdentrieb\/wp-json\/wp\/v2\/categories?post=9232"},{"taxonomy":"post_tag","embeddable":true,"href":"https:\/\/blog.zeit.de\/herdentrieb\/wp-json\/wp\/v2\/tags?post=9232"}],"curies":[{"name":"wp","href":"https:\/\/api.w.org\/{rel}","templated":true}]}}