{"id":9374,"date":"2016-02-28T02:31:55","date_gmt":"2016-02-28T01:31:55","guid":{"rendered":"http:\/\/blog.zeit.de\/herdentrieb\/?p=9374"},"modified":"2016-02-28T19:41:37","modified_gmt":"2016-02-28T18:41:37","slug":"wer-soll-fur-die-fluchtlinge-zahlen","status":"publish","type":"post","link":"https:\/\/blog.zeit.de\/herdentrieb\/2016\/02\/28\/wer-soll-fur-die-fluchtlinge-zahlen_9374","title":{"rendered":"Wer soll f\u00fcr die Fl\u00fcchtlinge zahlen?"},"content":{"rendered":"<p>Der Wahlkampf ist in vollem Gang \u2013 Sigmar Gabriel will die zus\u00e4tzlichen Ausgaben f\u00fcr die Fl\u00fcchtlinge zur Not auch mit neuen Schulden finanzieren und fordert dar\u00fcber hinaus neue Sozialprogramme f\u00fcr Deutsche, Wolfgang Sch\u00e4uble h\u00e4lt das f\u00fcr <a href=\"http:\/\/www.zeit.de\/politik\/deutschland\/2016-02\/sozialpaket-wolfgang-schauuble-sigmar-gabriel-fluechtlingskrise-kritik\">\u201eerbarmungsw\u00fcrdig\u201c<\/a> und will an anderer Stelle weniger ausgeben, um die schwarze Null zu halten.<\/p>\n<p>Diese Zuspitzung ist nat\u00fcrlich der politischen Logik\u00a0geschuldet aber davon abgesehen ber\u00fchrt sie eine sehr wichtige \u00f6konomische Grundsatzfrage: Wie sollen die Fl\u00fcchtlingskosten finanziert werden?<\/p>\n<p>Die Antwort lautet: Es kommt darauf an.<\/p>\n<p>Nach der fiskalischen Theorie soll der Staat seine Ausgaben m\u00f6glichst periodengerecht finanzieren. Das bedeutet: Die Nutznie\u00dfer einer Ausgabe sollen auch ihre Kosten tragen. Damit gibt es zwei Alternativen:<\/p>\n<p><em>1. Die Fl\u00fcchtlingsausgaben sind Investitionsausgaben.<\/em> Der Staat gibt in diesem Fall Geld f\u00fcr Bildung und Ausbildung aus, was die Fl\u00fcchtlinge dazu bef\u00e4higt einer Arbeit nachzukommen. Damit erzielen sie Einkommen und bezahlen Steuern. Sie k\u00f6nnen damit den Schuldenberg wieder abbauen, der ihretwegen aufget\u00fcrmt wurde. Die Kreditfinanzierung ist damit nicht nur unproblematisch, sondern sogar empfehlenswert \u2013 die Investition bringt eine positive Rendite.<\/p>\n<p><em>2. Die Fl\u00fcchtlingsausgaben sind Konsumausgaben.<\/em> Die Integration der Fl\u00fcchtlinge in den Arbeitsmarkt gelingt nicht \u2013 weil es nicht gelingt, die Neuank\u00f6mmlinge ausreichend zu qualifizieren oder weil sie nach drei oder vier Jahren wieder das Land verlassen. In diesem Fall fliesst kein Geld zur\u00fcck, den Aufwendungen stehen keine zuk\u00fcnftigen Ertr\u00e4ge entgegen. In dieser Variante sollten die Ausgaben generell durch Einsparungen an anderer Stelle oder h\u00f6here Steuern finanziert werden, weil sonst folgenden Generationen zus\u00e4tzliche Lasten aufgeb\u00fcrdet werden.<\/p>\n<p>Das ist zugegeben eine vereinfachte Betrachtung. Weder wurden konjunkturelle Aspekte diskutiert (man kann argumentieren, dass es in der jetzigen Situation sinnvoll ist die Staatsausgaben hochzufahren um die Nachfrage anzukurbeln) noch politische (vielleicht dient es dem sozialen Zusammenhalt, ein wenig mehr Schulden zu machen).<\/p>\n<p>Aber sie macht deutlich, dass es f\u00fcr die Frage der Finanzierung ganz entscheidend darauf ankommt, wie wir die F\u00e4higkeiten der Fl\u00fcchtlinge einsch\u00e4tzen \u2013 und wie wir uns ihre weitere Zukunft in Deutschland vorstellen: Wird es gelingen, die Neuank\u00f6mmlinge so zu qualifizieren, dass sie einen positiven Beitrag zur Finanzierung des Staates leisten? Sollen sie m\u00f6glichst dauerhaft in Deutschland bleiben oder nach Beruhigung der Lage in der Heimat wieder gehen? Erst wenn diese Fragen beantwortet sind, kann die Frage nach der richtigen Finanzierung beantwortet werden.<\/p>\n<p>Im Moment \u00fcbrigens werden die Fl\u00fcchtlingsausgaben de facto als Konsumausgaben behandelt. Das Geld kommt aus den Haushalts\u00fcbersch\u00fcssen, die ansonsten wahrscheinlich dazu verwendet worden w\u00e4ren, die Steuern zu senken oder zus\u00e4tzliche Investitionsprogramme zu verabschieden.<\/p>\n","protected":false},"excerpt":{"rendered":"<p>Der Wahlkampf ist in vollem Gang \u2013 Sigmar Gabriel will die zus\u00e4tzlichen Ausgaben f\u00fcr die Fl\u00fcchtlinge zur Not auch mit neuen Schulden finanzieren und fordert dar\u00fcber hinaus neue Sozialprogramme f\u00fcr Deutsche, Wolfgang Sch\u00e4uble h\u00e4lt das f\u00fcr \u201eerbarmungsw\u00fcrdig\u201c und will an anderer Stelle weniger ausgeben, um die schwarze Null zu halten. Diese Zuspitzung ist nat\u00fcrlich der [&hellip;]<\/p>\n","protected":false},"author":215,"featured_media":0,"comment_status":"open","ping_status":"closed","sticky":false,"template":"","format":"standard","meta":{"_jetpack_memberships_contains_paid_content":false,"footnotes":""},"categories":[3],"tags":[],"class_list":["post-9374","post","type-post","status-publish","format-standard","hentry","category-der-aktuelle-rand"],"yoast_head":"<!-- This site is optimized with the Yoast SEO plugin v21.0 - https:\/\/yoast.com\/wordpress\/plugins\/seo\/ -->\n<title>Wer soll f\u00fcr die Fl\u00fcchtlinge zahlen? - Herdentrieb<\/title>\n<meta name=\"robots\" content=\"index, follow, max-snippet:-1, max-image-preview:large, max-video-preview:-1\" \/>\n<link rel=\"canonical\" href=\"https:\/\/blog.zeit.de\/herdentrieb\/2016\/02\/28\/wer-soll-fur-die-fluchtlinge-zahlen_9374\" \/>\n<meta property=\"og:locale\" content=\"de_DE\" \/>\n<meta property=\"og:type\" content=\"article\" \/>\n<meta property=\"og:title\" content=\"Wer soll f\u00fcr die Fl\u00fcchtlinge zahlen? - Herdentrieb\" \/>\n<meta property=\"og:description\" content=\"Der Wahlkampf ist in vollem Gang \u2013 Sigmar Gabriel will die zus\u00e4tzlichen Ausgaben f\u00fcr die Fl\u00fcchtlinge zur Not auch mit neuen Schulden finanzieren und fordert dar\u00fcber hinaus neue Sozialprogramme f\u00fcr Deutsche, Wolfgang Sch\u00e4uble h\u00e4lt das f\u00fcr \u201eerbarmungsw\u00fcrdig\u201c und will an anderer Stelle weniger ausgeben, um die schwarze Null zu halten. Diese Zuspitzung ist nat\u00fcrlich der [&hellip;]\" \/>\n<meta property=\"og:url\" content=\"https:\/\/blog.zeit.de\/herdentrieb\/2016\/02\/28\/wer-soll-fur-die-fluchtlinge-zahlen_9374\" \/>\n<meta property=\"og:site_name\" content=\"Herdentrieb\" \/>\n<meta property=\"article:published_time\" content=\"2016-02-28T01:31:55+00:00\" \/>\n<meta property=\"article:modified_time\" content=\"2016-02-28T18:41:37+00:00\" \/>\n<meta name=\"author\" content=\"Mark Schieritz\" \/>\n<meta name=\"twitter:card\" content=\"summary_large_image\" \/>\n<meta name=\"twitter:creator\" content=\"@zeitonline\" \/>\n<meta name=\"twitter:site\" content=\"@zeitonline\" \/>\n<meta name=\"twitter:label1\" content=\"Geschrieben von\" \/>\n\t<meta name=\"twitter:data1\" content=\"Mark Schieritz\" \/>\n\t<meta name=\"twitter:label2\" content=\"Gesch\u00e4tzte Lesezeit\" \/>\n\t<meta name=\"twitter:data2\" content=\"2\u00a0Minuten\" \/>\n<script type=\"application\/ld+json\" class=\"yoast-schema-graph\">{\"@context\":\"https:\/\/schema.org\",\"@graph\":[{\"@type\":\"WebPage\",\"@id\":\"https:\/\/blog.zeit.de\/herdentrieb\/2016\/02\/28\/wer-soll-fur-die-fluchtlinge-zahlen_9374\",\"url\":\"https:\/\/blog.zeit.de\/herdentrieb\/2016\/02\/28\/wer-soll-fur-die-fluchtlinge-zahlen_9374\",\"name\":\"Wer soll f\u00fcr die Fl\u00fcchtlinge zahlen? - Herdentrieb\",\"isPartOf\":{\"@id\":\"https:\/\/blog.zeit.de\/herdentrieb\/#website\"},\"datePublished\":\"2016-02-28T01:31:55+00:00\",\"dateModified\":\"2016-02-28T18:41:37+00:00\",\"author\":{\"@id\":\"https:\/\/blog.zeit.de\/herdentrieb\/#\/schema\/person\/a2dfa95bbd4de7e06edc88db4e3d3871\"},\"breadcrumb\":{\"@id\":\"https:\/\/blog.zeit.de\/herdentrieb\/2016\/02\/28\/wer-soll-fur-die-fluchtlinge-zahlen_9374#breadcrumb\"},\"inLanguage\":\"de\",\"potentialAction\":[{\"@type\":\"ReadAction\",\"target\":[\"https:\/\/blog.zeit.de\/herdentrieb\/2016\/02\/28\/wer-soll-fur-die-fluchtlinge-zahlen_9374\"]}]},{\"@type\":\"BreadcrumbList\",\"@id\":\"https:\/\/blog.zeit.de\/herdentrieb\/2016\/02\/28\/wer-soll-fur-die-fluchtlinge-zahlen_9374#breadcrumb\",\"itemListElement\":[{\"@type\":\"ListItem\",\"position\":1,\"name\":\"Startseite\",\"item\":\"https:\/\/blog.zeit.de\/herdentrieb\"},{\"@type\":\"ListItem\",\"position\":2,\"name\":\"Wer soll f\u00fcr die Fl\u00fcchtlinge zahlen?\"}]},{\"@type\":\"WebSite\",\"@id\":\"https:\/\/blog.zeit.de\/herdentrieb\/#website\",\"url\":\"https:\/\/blog.zeit.de\/herdentrieb\/\",\"name\":\"Herdentrieb\",\"description\":\"So funktioniert Kapitalismus. Ein Blog\",\"potentialAction\":[{\"@type\":\"SearchAction\",\"target\":{\"@type\":\"EntryPoint\",\"urlTemplate\":\"https:\/\/blog.zeit.de\/herdentrieb\/?s={search_term_string}\"},\"query-input\":\"required name=search_term_string\"}],\"inLanguage\":\"de\"},{\"@type\":\"Person\",\"@id\":\"https:\/\/blog.zeit.de\/herdentrieb\/#\/schema\/person\/a2dfa95bbd4de7e06edc88db4e3d3871\",\"name\":\"Mark Schieritz\",\"image\":{\"@type\":\"ImageObject\",\"inLanguage\":\"de\",\"@id\":\"https:\/\/blog.zeit.de\/herdentrieb\/#\/schema\/person\/image\/\",\"url\":\"https:\/\/secure.gravatar.com\/avatar\/66e072b8ecaf6d851921c0577ca78c8c9a24223a3c3cb6df48c5d839d1b622e0?s=96&d=mm&r=g\",\"contentUrl\":\"https:\/\/secure.gravatar.com\/avatar\/66e072b8ecaf6d851921c0577ca78c8c9a24223a3c3cb6df48c5d839d1b622e0?s=96&d=mm&r=g\",\"caption\":\"Mark Schieritz\"},\"url\":\"https:\/\/blog.zeit.de\/herdentrieb\/author\/mark-schieritz\"}]}<\/script>\n<!-- \/ Yoast SEO plugin. -->","yoast_head_json":{"title":"Wer soll f\u00fcr die Fl\u00fcchtlinge zahlen? - Herdentrieb","robots":{"index":"index","follow":"follow","max-snippet":"max-snippet:-1","max-image-preview":"max-image-preview:large","max-video-preview":"max-video-preview:-1"},"canonical":"https:\/\/blog.zeit.de\/herdentrieb\/2016\/02\/28\/wer-soll-fur-die-fluchtlinge-zahlen_9374","og_locale":"de_DE","og_type":"article","og_title":"Wer soll f\u00fcr die Fl\u00fcchtlinge zahlen? - Herdentrieb","og_description":"Der Wahlkampf ist in vollem Gang \u2013 Sigmar Gabriel will die zus\u00e4tzlichen Ausgaben f\u00fcr die Fl\u00fcchtlinge zur Not auch mit neuen Schulden finanzieren und fordert dar\u00fcber hinaus neue Sozialprogramme f\u00fcr Deutsche, Wolfgang Sch\u00e4uble h\u00e4lt das f\u00fcr \u201eerbarmungsw\u00fcrdig\u201c und will an anderer Stelle weniger ausgeben, um die schwarze Null zu halten. Diese Zuspitzung ist nat\u00fcrlich der [&hellip;]","og_url":"https:\/\/blog.zeit.de\/herdentrieb\/2016\/02\/28\/wer-soll-fur-die-fluchtlinge-zahlen_9374","og_site_name":"Herdentrieb","article_published_time":"2016-02-28T01:31:55+00:00","article_modified_time":"2016-02-28T18:41:37+00:00","author":"Mark Schieritz","twitter_card":"summary_large_image","twitter_creator":"@zeitonline","twitter_site":"@zeitonline","twitter_misc":{"Geschrieben von":"Mark Schieritz","Gesch\u00e4tzte Lesezeit":"2\u00a0Minuten"},"schema":{"@context":"https:\/\/schema.org","@graph":[{"@type":"WebPage","@id":"https:\/\/blog.zeit.de\/herdentrieb\/2016\/02\/28\/wer-soll-fur-die-fluchtlinge-zahlen_9374","url":"https:\/\/blog.zeit.de\/herdentrieb\/2016\/02\/28\/wer-soll-fur-die-fluchtlinge-zahlen_9374","name":"Wer soll f\u00fcr die Fl\u00fcchtlinge zahlen? - Herdentrieb","isPartOf":{"@id":"https:\/\/blog.zeit.de\/herdentrieb\/#website"},"datePublished":"2016-02-28T01:31:55+00:00","dateModified":"2016-02-28T18:41:37+00:00","author":{"@id":"https:\/\/blog.zeit.de\/herdentrieb\/#\/schema\/person\/a2dfa95bbd4de7e06edc88db4e3d3871"},"breadcrumb":{"@id":"https:\/\/blog.zeit.de\/herdentrieb\/2016\/02\/28\/wer-soll-fur-die-fluchtlinge-zahlen_9374#breadcrumb"},"inLanguage":"de","potentialAction":[{"@type":"ReadAction","target":["https:\/\/blog.zeit.de\/herdentrieb\/2016\/02\/28\/wer-soll-fur-die-fluchtlinge-zahlen_9374"]}]},{"@type":"BreadcrumbList","@id":"https:\/\/blog.zeit.de\/herdentrieb\/2016\/02\/28\/wer-soll-fur-die-fluchtlinge-zahlen_9374#breadcrumb","itemListElement":[{"@type":"ListItem","position":1,"name":"Startseite","item":"https:\/\/blog.zeit.de\/herdentrieb"},{"@type":"ListItem","position":2,"name":"Wer soll f\u00fcr die Fl\u00fcchtlinge zahlen?"}]},{"@type":"WebSite","@id":"https:\/\/blog.zeit.de\/herdentrieb\/#website","url":"https:\/\/blog.zeit.de\/herdentrieb\/","name":"Herdentrieb","description":"So funktioniert Kapitalismus. Ein Blog","potentialAction":[{"@type":"SearchAction","target":{"@type":"EntryPoint","urlTemplate":"https:\/\/blog.zeit.de\/herdentrieb\/?s={search_term_string}"},"query-input":"required name=search_term_string"}],"inLanguage":"de"},{"@type":"Person","@id":"https:\/\/blog.zeit.de\/herdentrieb\/#\/schema\/person\/a2dfa95bbd4de7e06edc88db4e3d3871","name":"Mark Schieritz","image":{"@type":"ImageObject","inLanguage":"de","@id":"https:\/\/blog.zeit.de\/herdentrieb\/#\/schema\/person\/image\/","url":"https:\/\/secure.gravatar.com\/avatar\/66e072b8ecaf6d851921c0577ca78c8c9a24223a3c3cb6df48c5d839d1b622e0?s=96&d=mm&r=g","contentUrl":"https:\/\/secure.gravatar.com\/avatar\/66e072b8ecaf6d851921c0577ca78c8c9a24223a3c3cb6df48c5d839d1b622e0?s=96&d=mm&r=g","caption":"Mark Schieritz"},"url":"https:\/\/blog.zeit.de\/herdentrieb\/author\/mark-schieritz"}]}},"jetpack_featured_media_url":"","jetpack_sharing_enabled":true,"_links":{"self":[{"href":"https:\/\/blog.zeit.de\/herdentrieb\/wp-json\/wp\/v2\/posts\/9374","targetHints":{"allow":["GET"]}}],"collection":[{"href":"https:\/\/blog.zeit.de\/herdentrieb\/wp-json\/wp\/v2\/posts"}],"about":[{"href":"https:\/\/blog.zeit.de\/herdentrieb\/wp-json\/wp\/v2\/types\/post"}],"author":[{"embeddable":true,"href":"https:\/\/blog.zeit.de\/herdentrieb\/wp-json\/wp\/v2\/users\/215"}],"replies":[{"embeddable":true,"href":"https:\/\/blog.zeit.de\/herdentrieb\/wp-json\/wp\/v2\/comments?post=9374"}],"version-history":[{"count":5,"href":"https:\/\/blog.zeit.de\/herdentrieb\/wp-json\/wp\/v2\/posts\/9374\/revisions"}],"predecessor-version":[{"id":9379,"href":"https:\/\/blog.zeit.de\/herdentrieb\/wp-json\/wp\/v2\/posts\/9374\/revisions\/9379"}],"wp:attachment":[{"href":"https:\/\/blog.zeit.de\/herdentrieb\/wp-json\/wp\/v2\/media?parent=9374"}],"wp:term":[{"taxonomy":"category","embeddable":true,"href":"https:\/\/blog.zeit.de\/herdentrieb\/wp-json\/wp\/v2\/categories?post=9374"},{"taxonomy":"post_tag","embeddable":true,"href":"https:\/\/blog.zeit.de\/herdentrieb\/wp-json\/wp\/v2\/tags?post=9374"}],"curies":[{"name":"wp","href":"https:\/\/api.w.org\/{rel}","templated":true}]}}